{"id":23672,"date":"2015-09-01T00:00:00","date_gmt":"2015-08-31T22:00:00","guid":{"rendered":"https:\/\/lightweb.dev\/l\/svm-temp\/nyheter\/gransen-gar-vid-tva-tusen-flyktingar-till-spanien\/"},"modified":"2015-09-01T00:00:00","modified_gmt":"2015-08-31T22:00:00","slug":"gransen-gar-vid-tva-tusen-flyktingar-till-spanien","status":"publish","type":"post","link":"https:\/\/lightweb.dev\/l\/svm-temp\/nyheter\/gransen-gar-vid-tva-tusen-flyktingar-till-spanien\/","title":{"rendered":"Gr\u00e4nsen g\u00e5r vid tv\u00e5 tusen flyktingar till Spanien"},"content":{"rendered":"<p> Spanien \u00e4r f\u00f6r m\u00e4ttat av illegal invandring och pappersl\u00f6sa. Vi inser att vi m\u00e5ste g\u00f6ra en insats men v\u00e5r mottagningskapacitet \u00e4r redan mycket m\u00e4ttad eftersom vi redan m\u00e5ste ta hand om pappersl\u00f6sa invandrare, s\u00e4ger Spaniens vice regeringschef, Soraya S\u00e1enz de Santamar\u00eda, i radioprogrammet Hoy por Hoy i kanalen SER.<\/p>\n<p>N\u00e4r det g\u00e4ller flyktingkvoten s\u00e5 \u00e4r Spanien villiga att ta emot lika m\u00e5nga som Polen, uppskattningsvis 2.000 varav 1.300 kommer fr\u00e5n andra europeiska l\u00e4nder framf\u00f6r de 3.614 som Bryssel har f\u00f6reslagit.<\/p>\n<p>Enligt organisationen CEAR tog Spanien emot 0,95 procent av de 625.000 som s\u00f6kte asyl ifjol d\u00e4r majoriteten var syrier. Enligt organisationen har antalet asyls\u00f6kande varit mycket l\u00e4gre i Spanien under de senaste 15 \u00e5ren \u00e4n i andra l\u00e4nder som Tyskland. Enligt CEAR erh\u00f6ll Spanien 80.135 f\u00f6rfr\u00e5gningar medan Tyskland erh\u00f6ll 202.645.<\/p>\n<p>Santamar\u00eda vill inte kommentera inrikesminister Jorge Fern\u00e1ndez D\u00edaz uttlande om ett \u201dl\u00e4ckande hus\u201d. Metaforer \u00e4r mycket komplicerade fr\u00e5gor men helt klart \u00e4r att vi m\u00e5ste hitta l\u00f6sningar p\u00e5 asyl- och kontroll av smugglingsv\u00e4gar s\u00e4ger Santamar\u00eda.<\/p>\n<p>I samband med att regeringschefen Mariano Rajoy m\u00f6tte f\u00f6rbundskansler Angela Merkel sa Rajoy under tisdagen att Spanien kan str\u00e4cka sig till att ta emot n\u00e5got fler \u00e4n de 2.739 asyls\u00f6kande som tidigare uppgetts. <\/p>\n","protected":false},"excerpt":{"rendered":"<p>Spanien \u00e4r f\u00f6r m\u00e4ttat av illegal invandring och pappersl\u00f6sa. Vi inser att vi m\u00e5ste g\u00f6ra en insats men v\u00e5r mottagningskapacitet \u00e4r redan mycket m\u00e4ttad eftersom vi redan m\u00e5ste ta hand om pappersl\u00f6sa invandrare, s\u00e4ger Spaniens vice regeringschef, Soraya S\u00e1enz de Santamar\u00eda, i radioprogrammet Hoy por Hoy i kanalen SER. N\u00e4r det g\u00e4ller flyktingkvoten s\u00e5 \u00e4r [&hellip;]<\/p>\n","protected":false},"author":8,"featured_media":23673,"comment_status":"open","ping_status":"open","sticky":false,"template":"","format":"standard","meta":{"_et_pb_use_builder":"","_et_pb_old_content":"","_et_gb_content_width":"","footnotes":""},"categories":[395,3],"tags":[],"class_list":["post-23672","post","type-post","status-publish","format-standard","has-post-thumbnail","hentry","category-arkiv-nyheter","category-nyheter"],"yoast_head":"<!-- This site is optimized with the Yoast SEO Premium plugin v26.2 (Yoast SEO v27.5) - https:\/\/yoast.com\/product\/yoast-seo-premium-wordpress\/ -->\n<title>Gr\u00e4nsen g\u00e5r vid tv\u00e5 tusen flyktingar till Spanien - Svenska Magasinet<\/title>\n<meta name=\"robots\" content=\"noindex, follow, max-snippet:-1, max-image-preview:large, max-video-preview:-1\" \/>\n<meta property=\"og:locale\" content=\"sv_SE\" \/>\n<meta property=\"og:type\" content=\"article\" \/>\n<meta property=\"og:title\" content=\"Gr\u00e4nsen g\u00e5r vid tv\u00e5 tusen flyktingar till Spanien\" \/>\n<meta property=\"og:description\" content=\"Spanien \u00e4r f\u00f6r m\u00e4ttat av illegal invandring och pappersl\u00f6sa. Vi inser att vi m\u00e5ste g\u00f6ra en insats men v\u00e5r mottagningskapacitet \u00e4r redan mycket m\u00e4ttad eftersom vi redan m\u00e5ste ta hand om pappersl\u00f6sa invandrare, s\u00e4ger Spaniens vice regeringschef, Soraya S\u00e1enz de Santamar\u00eda, i radioprogrammet Hoy por Hoy i kanalen SER. N\u00e4r det g\u00e4ller flyktingkvoten s\u00e5 \u00e4r [&hellip;]\" \/>\n<meta property=\"og:url\" content=\"https:\/\/lightweb.dev\/l\/svm-temp\/nyheter\/gransen-gar-vid-tva-tusen-flyktingar-till-spanien\/\" \/>\n<meta property=\"og:site_name\" content=\"Svenska Magasinet\" \/>\n<meta property=\"article:publisher\" content=\"https:\/\/www.facebook.com\/svenskamagasinet\" \/>\n<meta property=\"article:published_time\" content=\"2015-08-31T22:00:00+00:00\" \/>\n<meta property=\"og:image\" content=\"https:\/\/lightweb.dev\/l\/svm-temp\/wp-content\/uploads\/2022\/06\/gransen-gar-vid-tva-tusen-flyktingar-till-spanien.png\" \/>\n\t<meta property=\"og:image:width\" content=\"356\" \/>\n\t<meta property=\"og:image:height\" content=\"200\" \/>\n\t<meta property=\"og:image:type\" content=\"image\/png\" \/>\n<meta name=\"author\" content=\"Redaktionen SvM\" \/>\n<meta name=\"twitter:card\" content=\"summary_large_image\" \/>\n<meta name=\"twitter:creator\" content=\"@SvenskaMagasine\" \/>\n<meta name=\"twitter:site\" content=\"@SvenskaMagasine\" \/>\n<script type=\"application\/ld+json\" class=\"yoast-schema-graph\">{\"@context\":\"https:\\\/\\\/schema.org\",\"@graph\":[{\"@type\":\"Article\",\"@id\":\"https:\\\/\\\/lightweb.dev\\\/l\\\/svm-temp\\\/nyheter\\\/gransen-gar-vid-tva-tusen-flyktingar-till-spanien\\\/#article\",\"isPartOf\":{\"@id\":\"https:\\\/\\\/lightweb.dev\\\/l\\\/svm-temp\\\/nyheter\\\/gransen-gar-vid-tva-tusen-flyktingar-till-spanien\\\/\"},\"author\":{\"name\":\"Redaktionen SvM\",\"@id\":\"https:\\\/\\\/lightweb.dev\\\/l\\\/svm-temp\\\/#\\\/schema\\\/person\\\/206a3bda5b607b0c25e1749191e4d837\"},\"headline\":\"Gr\u00e4nsen g\u00e5r vid tv\u00e5 tusen flyktingar till Spanien\",\"datePublished\":\"2015-08-31T22:00:00+00:00\",\"mainEntityOfPage\":{\"@id\":\"https:\\\/\\\/lightweb.dev\\\/l\\\/svm-temp\\\/nyheter\\\/gransen-gar-vid-tva-tusen-flyktingar-till-spanien\\\/\"},\"wordCount\":242,\"commentCount\":0,\"publisher\":{\"@id\":\"https:\\\/\\\/lightweb.dev\\\/l\\\/svm-temp\\\/#organization\"},\"image\":{\"@id\":\"https:\\\/\\\/lightweb.dev\\\/l\\\/svm-temp\\\/nyheter\\\/gransen-gar-vid-tva-tusen-flyktingar-till-spanien\\\/#primaryimage\"},\"thumbnailUrl\":\"https:\\\/\\\/lightweb.dev\\\/l\\\/svm-temp\\\/wp-content\\\/uploads\\\/2022\\\/06\\\/gransen-gar-vid-tva-tusen-flyktingar-till-spanien.png\",\"articleSection\":[\"Arkiv\",\"Nyheter\"],\"inLanguage\":\"sv-SE\"},{\"@type\":\"WebPage\",\"@id\":\"https:\\\/\\\/lightweb.dev\\\/l\\\/svm-temp\\\/nyheter\\\/gransen-gar-vid-tva-tusen-flyktingar-till-spanien\\\/\",\"url\":\"https:\\\/\\\/lightweb.dev\\\/l\\\/svm-temp\\\/nyheter\\\/gransen-gar-vid-tva-tusen-flyktingar-till-spanien\\\/\",\"name\":\"Gr\u00e4nsen g\u00e5r vid tv\u00e5 tusen flyktingar till Spanien - Svenska Magasinet\",\"isPartOf\":{\"@id\":\"https:\\\/\\\/lightweb.dev\\\/l\\\/svm-temp\\\/#website\"},\"primaryImageOfPage\":{\"@id\":\"https:\\\/\\\/lightweb.dev\\\/l\\\/svm-temp\\\/nyheter\\\/gransen-gar-vid-tva-tusen-flyktingar-till-spanien\\\/#primaryimage\"},\"image\":{\"@id\":\"https:\\\/\\\/lightweb.dev\\\/l\\\/svm-temp\\\/nyheter\\\/gransen-gar-vid-tva-tusen-flyktingar-till-spanien\\\/#primaryimage\"},\"thumbnailUrl\":\"https:\\\/\\\/lightweb.dev\\\/l\\\/svm-temp\\\/wp-content\\\/uploads\\\/2022\\\/06\\\/gransen-gar-vid-tva-tusen-flyktingar-till-spanien.png\",\"datePublished\":\"2015-08-31T22:00:00+00:00\",\"breadcrumb\":{\"@id\":\"https:\\\/\\\/lightweb.dev\\\/l\\\/svm-temp\\\/nyheter\\\/gransen-gar-vid-tva-tusen-flyktingar-till-spanien\\\/#breadcrumb\"},\"inLanguage\":\"sv-SE\",\"potentialAction\":[{\"@type\":\"ReadAction\",\"target\":[\"https:\\\/\\\/lightweb.dev\\\/l\\\/svm-temp\\\/nyheter\\\/gransen-gar-vid-tva-tusen-flyktingar-till-spanien\\\/\"]}]},{\"@type\":\"ImageObject\",\"inLanguage\":\"sv-SE\",\"@id\":\"https:\\\/\\\/lightweb.dev\\\/l\\\/svm-temp\\\/nyheter\\\/gransen-gar-vid-tva-tusen-flyktingar-till-spanien\\\/#primaryimage\",\"url\":\"https:\\\/\\\/lightweb.dev\\\/l\\\/svm-temp\\\/wp-content\\\/uploads\\\/2022\\\/06\\\/gransen-gar-vid-tva-tusen-flyktingar-till-spanien.png\",\"contentUrl\":\"https:\\\/\\\/lightweb.dev\\\/l\\\/svm-temp\\\/wp-content\\\/uploads\\\/2022\\\/06\\\/gransen-gar-vid-tva-tusen-flyktingar-till-spanien.png\",\"width\":356,\"height\":200},{\"@type\":\"BreadcrumbList\",\"@id\":\"https:\\\/\\\/lightweb.dev\\\/l\\\/svm-temp\\\/nyheter\\\/gransen-gar-vid-tva-tusen-flyktingar-till-spanien\\\/#breadcrumb\",\"itemListElement\":[{\"@type\":\"ListItem\",\"position\":1,\"name\":\"Hem\",\"item\":\"https:\\\/\\\/lightweb.dev\\\/l\\\/svm-temp\\\/\"},{\"@type\":\"ListItem\",\"position\":2,\"name\":\"Gr\u00e4nsen g\u00e5r vid tv\u00e5 tusen flyktingar till Spanien\"}]},{\"@type\":\"WebSite\",\"@id\":\"https:\\\/\\\/lightweb.dev\\\/l\\\/svm-temp\\\/#website\",\"url\":\"https:\\\/\\\/lightweb.dev\\\/l\\\/svm-temp\\\/\",\"name\":\"Svenska Magasinet\",\"description\":\"Dina Spanska nyheter p&aring; Svenska\",\"publisher\":{\"@id\":\"https:\\\/\\\/lightweb.dev\\\/l\\\/svm-temp\\\/#organization\"},\"potentialAction\":[{\"@type\":\"SearchAction\",\"target\":{\"@type\":\"EntryPoint\",\"urlTemplate\":\"https:\\\/\\\/lightweb.dev\\\/l\\\/svm-temp\\\/?s={search_term_string}\"},\"query-input\":{\"@type\":\"PropertyValueSpecification\",\"valueRequired\":true,\"valueName\":\"search_term_string\"}}],\"inLanguage\":\"sv-SE\"},{\"@type\":\"Organization\",\"@id\":\"https:\\\/\\\/lightweb.dev\\\/l\\\/svm-temp\\\/#organization\",\"name\":\"Melkerson y Nott SL\",\"alternateName\":\"Svenska Magasinet\",\"url\":\"https:\\\/\\\/lightweb.dev\\\/l\\\/svm-temp\\\/\",\"logo\":{\"@type\":\"ImageObject\",\"inLanguage\":\"sv-SE\",\"@id\":\"https:\\\/\\\/lightweb.dev\\\/l\\\/svm-temp\\\/#\\\/schema\\\/logo\\\/image\\\/\",\"url\":\"https:\\\/\\\/lightweb.dev\\\/l\\\/svm-temp\\\/wp-content\\\/uploads\\\/2025\\\/02\\\/SvM-logo-Xtra-Centrerad-SVART.png\",\"contentUrl\":\"https:\\\/\\\/lightweb.dev\\\/l\\\/svm-temp\\\/wp-content\\\/uploads\\\/2025\\\/02\\\/SvM-logo-Xtra-Centrerad-SVART.png\",\"width\":300,\"height\":99,\"caption\":\"Melkerson y Nott SL\"},\"image\":{\"@id\":\"https:\\\/\\\/lightweb.dev\\\/l\\\/svm-temp\\\/#\\\/schema\\\/logo\\\/image\\\/\"},\"sameAs\":[\"https:\\\/\\\/www.facebook.com\\\/svenskamagasinet\",\"https:\\\/\\\/x.com\\\/SvenskaMagasine\"]},{\"@type\":\"Person\",\"@id\":\"https:\\\/\\\/lightweb.dev\\\/l\\\/svm-temp\\\/#\\\/schema\\\/person\\\/206a3bda5b607b0c25e1749191e4d837\",\"name\":\"Redaktionen SvM\",\"description\":\"Redaktionen\",\"sameAs\":[\"https:\\\/\\\/lightweb.dev\\\/l\\\/svm-temp\"],\"url\":\"https:\\\/\\\/lightweb.dev\\\/l\\\/svm-temp\\\/reporter\\\/redaktionen\\\/\"}]}<\/script>\n<!-- \/ Yoast SEO Premium plugin. -->","yoast_head_json":{"title":"Gr\u00e4nsen g\u00e5r vid tv\u00e5 tusen flyktingar till Spanien - Svenska Magasinet","robots":{"index":"noindex","follow":"follow","max-snippet":"max-snippet:-1","max-image-preview":"max-image-preview:large","max-video-preview":"max-video-preview:-1"},"og_locale":"sv_SE","og_type":"article","og_title":"Gr\u00e4nsen g\u00e5r vid tv\u00e5 tusen flyktingar till Spanien","og_description":"Spanien \u00e4r f\u00f6r m\u00e4ttat av illegal invandring och pappersl\u00f6sa. Vi inser att vi m\u00e5ste g\u00f6ra en insats men v\u00e5r mottagningskapacitet \u00e4r redan mycket m\u00e4ttad eftersom vi redan m\u00e5ste ta hand om pappersl\u00f6sa invandrare, s\u00e4ger Spaniens vice regeringschef, Soraya S\u00e1enz de Santamar\u00eda, i radioprogrammet Hoy por Hoy i kanalen SER. N\u00e4r det g\u00e4ller flyktingkvoten s\u00e5 \u00e4r [&hellip;]","og_url":"https:\/\/lightweb.dev\/l\/svm-temp\/nyheter\/gransen-gar-vid-tva-tusen-flyktingar-till-spanien\/","og_site_name":"Svenska Magasinet","article_publisher":"https:\/\/www.facebook.com\/svenskamagasinet","article_published_time":"2015-08-31T22:00:00+00:00","og_image":[{"width":356,"height":200,"url":"https:\/\/lightweb.dev\/l\/svm-temp\/wp-content\/uploads\/2022\/06\/gransen-gar-vid-tva-tusen-flyktingar-till-spanien.png","type":"image\/png"}],"author":"Redaktionen SvM","twitter_card":"summary_large_image","twitter_creator":"@SvenskaMagasine","twitter_site":"@SvenskaMagasine","schema":{"@context":"https:\/\/schema.org","@graph":[{"@type":"Article","@id":"https:\/\/lightweb.dev\/l\/svm-temp\/nyheter\/gransen-gar-vid-tva-tusen-flyktingar-till-spanien\/#article","isPartOf":{"@id":"https:\/\/lightweb.dev\/l\/svm-temp\/nyheter\/gransen-gar-vid-tva-tusen-flyktingar-till-spanien\/"},"author":{"name":"Redaktionen SvM","@id":"https:\/\/lightweb.dev\/l\/svm-temp\/#\/schema\/person\/206a3bda5b607b0c25e1749191e4d837"},"headline":"Gr\u00e4nsen g\u00e5r vid tv\u00e5 tusen flyktingar till Spanien","datePublished":"2015-08-31T22:00:00+00:00","mainEntityOfPage":{"@id":"https:\/\/lightweb.dev\/l\/svm-temp\/nyheter\/gransen-gar-vid-tva-tusen-flyktingar-till-spanien\/"},"wordCount":242,"commentCount":0,"publisher":{"@id":"https:\/\/lightweb.dev\/l\/svm-temp\/#organization"},"image":{"@id":"https:\/\/lightweb.dev\/l\/svm-temp\/nyheter\/gransen-gar-vid-tva-tusen-flyktingar-till-spanien\/#primaryimage"},"thumbnailUrl":"https:\/\/lightweb.dev\/l\/svm-temp\/wp-content\/uploads\/2022\/06\/gransen-gar-vid-tva-tusen-flyktingar-till-spanien.png","articleSection":["Arkiv","Nyheter"],"inLanguage":"sv-SE"},{"@type":"WebPage","@id":"https:\/\/lightweb.dev\/l\/svm-temp\/nyheter\/gransen-gar-vid-tva-tusen-flyktingar-till-spanien\/","url":"https:\/\/lightweb.dev\/l\/svm-temp\/nyheter\/gransen-gar-vid-tva-tusen-flyktingar-till-spanien\/","name":"Gr\u00e4nsen g\u00e5r vid tv\u00e5 tusen flyktingar till Spanien - Svenska Magasinet","isPartOf":{"@id":"https:\/\/lightweb.dev\/l\/svm-temp\/#website"},"primaryImageOfPage":{"@id":"https:\/\/lightweb.dev\/l\/svm-temp\/nyheter\/gransen-gar-vid-tva-tusen-flyktingar-till-spanien\/#primaryimage"},"image":{"@id":"https:\/\/lightweb.dev\/l\/svm-temp\/nyheter\/gransen-gar-vid-tva-tusen-flyktingar-till-spanien\/#primaryimage"},"thumbnailUrl":"https:\/\/lightweb.dev\/l\/svm-temp\/wp-content\/uploads\/2022\/06\/gransen-gar-vid-tva-tusen-flyktingar-till-spanien.png","datePublished":"2015-08-31T22:00:00+00:00","breadcrumb":{"@id":"https:\/\/lightweb.dev\/l\/svm-temp\/nyheter\/gransen-gar-vid-tva-tusen-flyktingar-till-spanien\/#breadcrumb"},"inLanguage":"sv-SE","potentialAction":[{"@type":"ReadAction","target":["https:\/\/lightweb.dev\/l\/svm-temp\/nyheter\/gransen-gar-vid-tva-tusen-flyktingar-till-spanien\/"]}]},{"@type":"ImageObject","inLanguage":"sv-SE","@id":"https:\/\/lightweb.dev\/l\/svm-temp\/nyheter\/gransen-gar-vid-tva-tusen-flyktingar-till-spanien\/#primaryimage","url":"https:\/\/lightweb.dev\/l\/svm-temp\/wp-content\/uploads\/2022\/06\/gransen-gar-vid-tva-tusen-flyktingar-till-spanien.png","contentUrl":"https:\/\/lightweb.dev\/l\/svm-temp\/wp-content\/uploads\/2022\/06\/gransen-gar-vid-tva-tusen-flyktingar-till-spanien.png","width":356,"height":200},{"@type":"BreadcrumbList","@id":"https:\/\/lightweb.dev\/l\/svm-temp\/nyheter\/gransen-gar-vid-tva-tusen-flyktingar-till-spanien\/#breadcrumb","itemListElement":[{"@type":"ListItem","position":1,"name":"Hem","item":"https:\/\/lightweb.dev\/l\/svm-temp\/"},{"@type":"ListItem","position":2,"name":"Gr\u00e4nsen g\u00e5r vid tv\u00e5 tusen flyktingar till Spanien"}]},{"@type":"WebSite","@id":"https:\/\/lightweb.dev\/l\/svm-temp\/#website","url":"https:\/\/lightweb.dev\/l\/svm-temp\/","name":"Svenska Magasinet","description":"Dina Spanska nyheter p&aring; Svenska","publisher":{"@id":"https:\/\/lightweb.dev\/l\/svm-temp\/#organization"},"potentialAction":[{"@type":"SearchAction","target":{"@type":"EntryPoint","urlTemplate":"https:\/\/lightweb.dev\/l\/svm-temp\/?s={search_term_string}"},"query-input":{"@type":"PropertyValueSpecification","valueRequired":true,"valueName":"search_term_string"}}],"inLanguage":"sv-SE"},{"@type":"Organization","@id":"https:\/\/lightweb.dev\/l\/svm-temp\/#organization","name":"Melkerson y Nott SL","alternateName":"Svenska Magasinet","url":"https:\/\/lightweb.dev\/l\/svm-temp\/","logo":{"@type":"ImageObject","inLanguage":"sv-SE","@id":"https:\/\/lightweb.dev\/l\/svm-temp\/#\/schema\/logo\/image\/","url":"https:\/\/lightweb.dev\/l\/svm-temp\/wp-content\/uploads\/2025\/02\/SvM-logo-Xtra-Centrerad-SVART.png","contentUrl":"https:\/\/lightweb.dev\/l\/svm-temp\/wp-content\/uploads\/2025\/02\/SvM-logo-Xtra-Centrerad-SVART.png","width":300,"height":99,"caption":"Melkerson y Nott SL"},"image":{"@id":"https:\/\/lightweb.dev\/l\/svm-temp\/#\/schema\/logo\/image\/"},"sameAs":["https:\/\/www.facebook.com\/svenskamagasinet","https:\/\/x.com\/SvenskaMagasine"]},{"@type":"Person","@id":"https:\/\/lightweb.dev\/l\/svm-temp\/#\/schema\/person\/206a3bda5b607b0c25e1749191e4d837","name":"Redaktionen SvM","description":"Redaktionen","sameAs":["https:\/\/lightweb.dev\/l\/svm-temp"],"url":"https:\/\/lightweb.dev\/l\/svm-temp\/reporter\/redaktionen\/"}]}},"_links":{"self":[{"href":"https:\/\/lightweb.dev\/l\/svm-temp\/wp-json\/wp\/v2\/posts\/23672","targetHints":{"allow":["GET"]}}],"collection":[{"href":"https:\/\/lightweb.dev\/l\/svm-temp\/wp-json\/wp\/v2\/posts"}],"about":[{"href":"https:\/\/lightweb.dev\/l\/svm-temp\/wp-json\/wp\/v2\/types\/post"}],"author":[{"embeddable":true,"href":"https:\/\/lightweb.dev\/l\/svm-temp\/wp-json\/wp\/v2\/users\/8"}],"replies":[{"embeddable":true,"href":"https:\/\/lightweb.dev\/l\/svm-temp\/wp-json\/wp\/v2\/comments?post=23672"}],"version-history":[{"count":0,"href":"https:\/\/lightweb.dev\/l\/svm-temp\/wp-json\/wp\/v2\/posts\/23672\/revisions"}],"wp:featuredmedia":[{"embeddable":true,"href":"https:\/\/lightweb.dev\/l\/svm-temp\/wp-json\/wp\/v2\/media\/23673"}],"wp:attachment":[{"href":"https:\/\/lightweb.dev\/l\/svm-temp\/wp-json\/wp\/v2\/media?parent=23672"}],"wp:term":[{"taxonomy":"category","embeddable":true,"href":"https:\/\/lightweb.dev\/l\/svm-temp\/wp-json\/wp\/v2\/categories?post=23672"},{"taxonomy":"post_tag","embeddable":true,"href":"https:\/\/lightweb.dev\/l\/svm-temp\/wp-json\/wp\/v2\/tags?post=23672"}],"curies":[{"name":"wp","href":"https:\/\/api.w.org\/{rel}","templated":true}]}}