{"id":23676,"date":"2015-09-01T00:00:00","date_gmt":"2015-08-31T22:00:00","guid":{"rendered":"https:\/\/lightweb.dev\/l\/svm-temp\/nyheter\/doms-till-dagsboter-efter-att-ha-barrikaderat-sig-med-hagelgevar\/"},"modified":"2015-09-01T00:00:00","modified_gmt":"2015-08-31T22:00:00","slug":"doms-till-dagsboter-efter-att-ha-barrikaderat-sig-med-hagelgevar","status":"publish","type":"post","link":"https:\/\/lightweb.dev\/l\/svm-temp\/nyheter\/doms-till-dagsboter-efter-att-ha-barrikaderat-sig-med-hagelgevar\/","title":{"rendered":"D\u00f6ms till dagsb\u00f6ter efter att ha barrikaderat sig med hagelgev\u00e4r"},"content":{"rendered":"<p> Gustavo S\u00e1nchez Pastor, 37, som \u00f6verl\u00e4mnade sig sj\u00e4lv till spansk nationalpolis i Torre del Mar ig\u00e5r efter att under fem timmar barrikaderat sig i en bar med ett hagelgev\u00e4r har idag d\u00f6mts till b\u00f6ter f\u00f6r att ha st\u00f6rt allm\u00e4n ordning och s\u00e4kerhet. Mannen d\u00f6ms till dagsb\u00f6ter a sex euro \u00e5tta m\u00e5nader och en dag.<\/p>\n<p>Domslutet kom p\u00e5 tisdagen i samband med en snabbr\u00e4tteg\u00e5ng vid en domstol i V\u00e9lez M\u00e1laga. Det var under g\u00e5rdagen som mannen bev\u00e4pnad med ett hagelgev\u00e4r under fem timmar barrikaderade sig i en bar i fastigheten Puerto Rico p\u00e5 calle Duque de Ahumada 28 i Torre del Mar.<\/p>\n<p>Mannens f\u00f6r\u00e4ldrar \u00e4ger sedan 1970-talet en l\u00e4genhet och en av de butiker som ligger i bottenv\u00e5ningen i fastigheten. F\u00f6r n\u00e4rvarande arrenderas caf\u00e9 Lamia av en marockansk familj.<\/p>\n<p>Enligt uppgifter till Diario SUR ska mannen ha st\u00e4llt till med scenen f\u00f6r att f\u00e5 uppm\u00e4rksamhet d\u00e5 grannar har orsakat vissa problem i samband med en terrass. <\/p>\n","protected":false},"excerpt":{"rendered":"<p>Gustavo S\u00e1nchez Pastor, 37, som \u00f6verl\u00e4mnade sig sj\u00e4lv till spansk nationalpolis i Torre del Mar ig\u00e5r efter att under fem timmar barrikaderat sig i en bar med ett hagelgev\u00e4r har idag d\u00f6mts till b\u00f6ter f\u00f6r att ha st\u00f6rt allm\u00e4n ordning och s\u00e4kerhet. Mannen d\u00f6ms till dagsb\u00f6ter a sex euro \u00e5tta m\u00e5nader och en dag. Domslutet [&hellip;]<\/p>\n","protected":false},"author":8,"featured_media":23677,"comment_status":"open","ping_status":"open","sticky":false,"template":"","format":"standard","meta":{"_et_pb_use_builder":"","_et_pb_old_content":"","_et_gb_content_width":"","footnotes":""},"categories":[395,3],"tags":[],"class_list":["post-23676","post","type-post","status-publish","format-standard","has-post-thumbnail","hentry","category-arkiv-nyheter","category-nyheter"],"yoast_head":"<!-- This site is optimized with the Yoast SEO Premium plugin v26.2 (Yoast SEO v27.5) - https:\/\/yoast.com\/product\/yoast-seo-premium-wordpress\/ -->\n<title>D\u00f6ms till dagsb\u00f6ter efter att ha barrikaderat sig med hagelgev\u00e4r - Svenska Magasinet<\/title>\n<meta name=\"robots\" content=\"noindex, follow, max-snippet:-1, max-image-preview:large, max-video-preview:-1\" \/>\n<meta property=\"og:locale\" content=\"sv_SE\" \/>\n<meta property=\"og:type\" content=\"article\" \/>\n<meta property=\"og:title\" content=\"D\u00f6ms till dagsb\u00f6ter efter att ha barrikaderat sig med hagelgev\u00e4r\" \/>\n<meta property=\"og:description\" content=\"Gustavo S\u00e1nchez Pastor, 37, som \u00f6verl\u00e4mnade sig sj\u00e4lv till spansk nationalpolis i Torre del Mar ig\u00e5r efter att under fem timmar barrikaderat sig i en bar med ett hagelgev\u00e4r har idag d\u00f6mts till b\u00f6ter f\u00f6r att ha st\u00f6rt allm\u00e4n ordning och s\u00e4kerhet. Mannen d\u00f6ms till dagsb\u00f6ter a sex euro \u00e5tta m\u00e5nader och en dag. Domslutet [&hellip;]\" \/>\n<meta property=\"og:url\" content=\"https:\/\/lightweb.dev\/l\/svm-temp\/nyheter\/doms-till-dagsboter-efter-att-ha-barrikaderat-sig-med-hagelgevar\/\" \/>\n<meta property=\"og:site_name\" content=\"Svenska Magasinet\" \/>\n<meta property=\"article:publisher\" content=\"https:\/\/www.facebook.com\/svenskamagasinet\" \/>\n<meta property=\"article:published_time\" content=\"2015-08-31T22:00:00+00:00\" \/>\n<meta property=\"og:image\" content=\"https:\/\/lightweb.dev\/l\/svm-temp\/wp-content\/uploads\/2022\/06\/doms-till-dagsboter-efter-att-ha-barrikaderat-sig-med-hagelgevar.png\" \/>\n\t<meta property=\"og:image:width\" content=\"299\" \/>\n\t<meta property=\"og:image:height\" content=\"200\" \/>\n\t<meta property=\"og:image:type\" content=\"image\/png\" \/>\n<meta name=\"author\" content=\"Redaktionen SvM\" \/>\n<meta name=\"twitter:card\" content=\"summary_large_image\" \/>\n<meta name=\"twitter:creator\" content=\"@SvenskaMagasine\" \/>\n<meta name=\"twitter:site\" content=\"@SvenskaMagasine\" \/>\n<script type=\"application\/ld+json\" class=\"yoast-schema-graph\">{\"@context\":\"https:\\\/\\\/schema.org\",\"@graph\":[{\"@type\":\"Article\",\"@id\":\"https:\\\/\\\/lightweb.dev\\\/l\\\/svm-temp\\\/nyheter\\\/doms-till-dagsboter-efter-att-ha-barrikaderat-sig-med-hagelgevar\\\/#article\",\"isPartOf\":{\"@id\":\"https:\\\/\\\/lightweb.dev\\\/l\\\/svm-temp\\\/nyheter\\\/doms-till-dagsboter-efter-att-ha-barrikaderat-sig-med-hagelgevar\\\/\"},\"author\":{\"name\":\"Redaktionen SvM\",\"@id\":\"https:\\\/\\\/lightweb.dev\\\/l\\\/svm-temp\\\/#\\\/schema\\\/person\\\/206a3bda5b607b0c25e1749191e4d837\"},\"headline\":\"D\u00f6ms till dagsb\u00f6ter efter att ha barrikaderat sig med hagelgev\u00e4r\",\"datePublished\":\"2015-08-31T22:00:00+00:00\",\"mainEntityOfPage\":{\"@id\":\"https:\\\/\\\/lightweb.dev\\\/l\\\/svm-temp\\\/nyheter\\\/doms-till-dagsboter-efter-att-ha-barrikaderat-sig-med-hagelgevar\\\/\"},\"wordCount\":196,\"commentCount\":0,\"publisher\":{\"@id\":\"https:\\\/\\\/lightweb.dev\\\/l\\\/svm-temp\\\/#organization\"},\"image\":{\"@id\":\"https:\\\/\\\/lightweb.dev\\\/l\\\/svm-temp\\\/nyheter\\\/doms-till-dagsboter-efter-att-ha-barrikaderat-sig-med-hagelgevar\\\/#primaryimage\"},\"thumbnailUrl\":\"https:\\\/\\\/lightweb.dev\\\/l\\\/svm-temp\\\/wp-content\\\/uploads\\\/2022\\\/06\\\/doms-till-dagsboter-efter-att-ha-barrikaderat-sig-med-hagelgevar.png\",\"articleSection\":[\"Arkiv\",\"Nyheter\"],\"inLanguage\":\"sv-SE\"},{\"@type\":\"WebPage\",\"@id\":\"https:\\\/\\\/lightweb.dev\\\/l\\\/svm-temp\\\/nyheter\\\/doms-till-dagsboter-efter-att-ha-barrikaderat-sig-med-hagelgevar\\\/\",\"url\":\"https:\\\/\\\/lightweb.dev\\\/l\\\/svm-temp\\\/nyheter\\\/doms-till-dagsboter-efter-att-ha-barrikaderat-sig-med-hagelgevar\\\/\",\"name\":\"D\u00f6ms till dagsb\u00f6ter efter att ha barrikaderat sig med hagelgev\u00e4r - Svenska Magasinet\",\"isPartOf\":{\"@id\":\"https:\\\/\\\/lightweb.dev\\\/l\\\/svm-temp\\\/#website\"},\"primaryImageOfPage\":{\"@id\":\"https:\\\/\\\/lightweb.dev\\\/l\\\/svm-temp\\\/nyheter\\\/doms-till-dagsboter-efter-att-ha-barrikaderat-sig-med-hagelgevar\\\/#primaryimage\"},\"image\":{\"@id\":\"https:\\\/\\\/lightweb.dev\\\/l\\\/svm-temp\\\/nyheter\\\/doms-till-dagsboter-efter-att-ha-barrikaderat-sig-med-hagelgevar\\\/#primaryimage\"},\"thumbnailUrl\":\"https:\\\/\\\/lightweb.dev\\\/l\\\/svm-temp\\\/wp-content\\\/uploads\\\/2022\\\/06\\\/doms-till-dagsboter-efter-att-ha-barrikaderat-sig-med-hagelgevar.png\",\"datePublished\":\"2015-08-31T22:00:00+00:00\",\"breadcrumb\":{\"@id\":\"https:\\\/\\\/lightweb.dev\\\/l\\\/svm-temp\\\/nyheter\\\/doms-till-dagsboter-efter-att-ha-barrikaderat-sig-med-hagelgevar\\\/#breadcrumb\"},\"inLanguage\":\"sv-SE\",\"potentialAction\":[{\"@type\":\"ReadAction\",\"target\":[\"https:\\\/\\\/lightweb.dev\\\/l\\\/svm-temp\\\/nyheter\\\/doms-till-dagsboter-efter-att-ha-barrikaderat-sig-med-hagelgevar\\\/\"]}]},{\"@type\":\"ImageObject\",\"inLanguage\":\"sv-SE\",\"@id\":\"https:\\\/\\\/lightweb.dev\\\/l\\\/svm-temp\\\/nyheter\\\/doms-till-dagsboter-efter-att-ha-barrikaderat-sig-med-hagelgevar\\\/#primaryimage\",\"url\":\"https:\\\/\\\/lightweb.dev\\\/l\\\/svm-temp\\\/wp-content\\\/uploads\\\/2022\\\/06\\\/doms-till-dagsboter-efter-att-ha-barrikaderat-sig-med-hagelgevar.png\",\"contentUrl\":\"https:\\\/\\\/lightweb.dev\\\/l\\\/svm-temp\\\/wp-content\\\/uploads\\\/2022\\\/06\\\/doms-till-dagsboter-efter-att-ha-barrikaderat-sig-med-hagelgevar.png\",\"width\":299,\"height\":200},{\"@type\":\"BreadcrumbList\",\"@id\":\"https:\\\/\\\/lightweb.dev\\\/l\\\/svm-temp\\\/nyheter\\\/doms-till-dagsboter-efter-att-ha-barrikaderat-sig-med-hagelgevar\\\/#breadcrumb\",\"itemListElement\":[{\"@type\":\"ListItem\",\"position\":1,\"name\":\"Hem\",\"item\":\"https:\\\/\\\/lightweb.dev\\\/l\\\/svm-temp\\\/\"},{\"@type\":\"ListItem\",\"position\":2,\"name\":\"D\u00f6ms till dagsb\u00f6ter efter att ha barrikaderat sig med hagelgev\u00e4r\"}]},{\"@type\":\"WebSite\",\"@id\":\"https:\\\/\\\/lightweb.dev\\\/l\\\/svm-temp\\\/#website\",\"url\":\"https:\\\/\\\/lightweb.dev\\\/l\\\/svm-temp\\\/\",\"name\":\"Svenska Magasinet\",\"description\":\"Dina Spanska nyheter p&aring; Svenska\",\"publisher\":{\"@id\":\"https:\\\/\\\/lightweb.dev\\\/l\\\/svm-temp\\\/#organization\"},\"potentialAction\":[{\"@type\":\"SearchAction\",\"target\":{\"@type\":\"EntryPoint\",\"urlTemplate\":\"https:\\\/\\\/lightweb.dev\\\/l\\\/svm-temp\\\/?s={search_term_string}\"},\"query-input\":{\"@type\":\"PropertyValueSpecification\",\"valueRequired\":true,\"valueName\":\"search_term_string\"}}],\"inLanguage\":\"sv-SE\"},{\"@type\":\"Organization\",\"@id\":\"https:\\\/\\\/lightweb.dev\\\/l\\\/svm-temp\\\/#organization\",\"name\":\"Melkerson y Nott SL\",\"alternateName\":\"Svenska Magasinet\",\"url\":\"https:\\\/\\\/lightweb.dev\\\/l\\\/svm-temp\\\/\",\"logo\":{\"@type\":\"ImageObject\",\"inLanguage\":\"sv-SE\",\"@id\":\"https:\\\/\\\/lightweb.dev\\\/l\\\/svm-temp\\\/#\\\/schema\\\/logo\\\/image\\\/\",\"url\":\"https:\\\/\\\/lightweb.dev\\\/l\\\/svm-temp\\\/wp-content\\\/uploads\\\/2025\\\/02\\\/SvM-logo-Xtra-Centrerad-SVART.png\",\"contentUrl\":\"https:\\\/\\\/lightweb.dev\\\/l\\\/svm-temp\\\/wp-content\\\/uploads\\\/2025\\\/02\\\/SvM-logo-Xtra-Centrerad-SVART.png\",\"width\":300,\"height\":99,\"caption\":\"Melkerson y Nott SL\"},\"image\":{\"@id\":\"https:\\\/\\\/lightweb.dev\\\/l\\\/svm-temp\\\/#\\\/schema\\\/logo\\\/image\\\/\"},\"sameAs\":[\"https:\\\/\\\/www.facebook.com\\\/svenskamagasinet\",\"https:\\\/\\\/x.com\\\/SvenskaMagasine\"]},{\"@type\":\"Person\",\"@id\":\"https:\\\/\\\/lightweb.dev\\\/l\\\/svm-temp\\\/#\\\/schema\\\/person\\\/206a3bda5b607b0c25e1749191e4d837\",\"name\":\"Redaktionen SvM\",\"description\":\"Redaktionen\",\"sameAs\":[\"https:\\\/\\\/lightweb.dev\\\/l\\\/svm-temp\"],\"url\":\"https:\\\/\\\/lightweb.dev\\\/l\\\/svm-temp\\\/reporter\\\/redaktionen\\\/\"}]}<\/script>\n<!-- \/ Yoast SEO Premium plugin. -->","yoast_head_json":{"title":"D\u00f6ms till dagsb\u00f6ter efter att ha barrikaderat sig med hagelgev\u00e4r - Svenska Magasinet","robots":{"index":"noindex","follow":"follow","max-snippet":"max-snippet:-1","max-image-preview":"max-image-preview:large","max-video-preview":"max-video-preview:-1"},"og_locale":"sv_SE","og_type":"article","og_title":"D\u00f6ms till dagsb\u00f6ter efter att ha barrikaderat sig med hagelgev\u00e4r","og_description":"Gustavo S\u00e1nchez Pastor, 37, som \u00f6verl\u00e4mnade sig sj\u00e4lv till spansk nationalpolis i Torre del Mar ig\u00e5r efter att under fem timmar barrikaderat sig i en bar med ett hagelgev\u00e4r har idag d\u00f6mts till b\u00f6ter f\u00f6r att ha st\u00f6rt allm\u00e4n ordning och s\u00e4kerhet. Mannen d\u00f6ms till dagsb\u00f6ter a sex euro \u00e5tta m\u00e5nader och en dag. Domslutet [&hellip;]","og_url":"https:\/\/lightweb.dev\/l\/svm-temp\/nyheter\/doms-till-dagsboter-efter-att-ha-barrikaderat-sig-med-hagelgevar\/","og_site_name":"Svenska Magasinet","article_publisher":"https:\/\/www.facebook.com\/svenskamagasinet","article_published_time":"2015-08-31T22:00:00+00:00","og_image":[{"width":299,"height":200,"url":"https:\/\/lightweb.dev\/l\/svm-temp\/wp-content\/uploads\/2022\/06\/doms-till-dagsboter-efter-att-ha-barrikaderat-sig-med-hagelgevar.png","type":"image\/png"}],"author":"Redaktionen SvM","twitter_card":"summary_large_image","twitter_creator":"@SvenskaMagasine","twitter_site":"@SvenskaMagasine","schema":{"@context":"https:\/\/schema.org","@graph":[{"@type":"Article","@id":"https:\/\/lightweb.dev\/l\/svm-temp\/nyheter\/doms-till-dagsboter-efter-att-ha-barrikaderat-sig-med-hagelgevar\/#article","isPartOf":{"@id":"https:\/\/lightweb.dev\/l\/svm-temp\/nyheter\/doms-till-dagsboter-efter-att-ha-barrikaderat-sig-med-hagelgevar\/"},"author":{"name":"Redaktionen SvM","@id":"https:\/\/lightweb.dev\/l\/svm-temp\/#\/schema\/person\/206a3bda5b607b0c25e1749191e4d837"},"headline":"D\u00f6ms till dagsb\u00f6ter efter att ha barrikaderat sig med hagelgev\u00e4r","datePublished":"2015-08-31T22:00:00+00:00","mainEntityOfPage":{"@id":"https:\/\/lightweb.dev\/l\/svm-temp\/nyheter\/doms-till-dagsboter-efter-att-ha-barrikaderat-sig-med-hagelgevar\/"},"wordCount":196,"commentCount":0,"publisher":{"@id":"https:\/\/lightweb.dev\/l\/svm-temp\/#organization"},"image":{"@id":"https:\/\/lightweb.dev\/l\/svm-temp\/nyheter\/doms-till-dagsboter-efter-att-ha-barrikaderat-sig-med-hagelgevar\/#primaryimage"},"thumbnailUrl":"https:\/\/lightweb.dev\/l\/svm-temp\/wp-content\/uploads\/2022\/06\/doms-till-dagsboter-efter-att-ha-barrikaderat-sig-med-hagelgevar.png","articleSection":["Arkiv","Nyheter"],"inLanguage":"sv-SE"},{"@type":"WebPage","@id":"https:\/\/lightweb.dev\/l\/svm-temp\/nyheter\/doms-till-dagsboter-efter-att-ha-barrikaderat-sig-med-hagelgevar\/","url":"https:\/\/lightweb.dev\/l\/svm-temp\/nyheter\/doms-till-dagsboter-efter-att-ha-barrikaderat-sig-med-hagelgevar\/","name":"D\u00f6ms till dagsb\u00f6ter efter att ha barrikaderat sig med hagelgev\u00e4r - Svenska Magasinet","isPartOf":{"@id":"https:\/\/lightweb.dev\/l\/svm-temp\/#website"},"primaryImageOfPage":{"@id":"https:\/\/lightweb.dev\/l\/svm-temp\/nyheter\/doms-till-dagsboter-efter-att-ha-barrikaderat-sig-med-hagelgevar\/#primaryimage"},"image":{"@id":"https:\/\/lightweb.dev\/l\/svm-temp\/nyheter\/doms-till-dagsboter-efter-att-ha-barrikaderat-sig-med-hagelgevar\/#primaryimage"},"thumbnailUrl":"https:\/\/lightweb.dev\/l\/svm-temp\/wp-content\/uploads\/2022\/06\/doms-till-dagsboter-efter-att-ha-barrikaderat-sig-med-hagelgevar.png","datePublished":"2015-08-31T22:00:00+00:00","breadcrumb":{"@id":"https:\/\/lightweb.dev\/l\/svm-temp\/nyheter\/doms-till-dagsboter-efter-att-ha-barrikaderat-sig-med-hagelgevar\/#breadcrumb"},"inLanguage":"sv-SE","potentialAction":[{"@type":"ReadAction","target":["https:\/\/lightweb.dev\/l\/svm-temp\/nyheter\/doms-till-dagsboter-efter-att-ha-barrikaderat-sig-med-hagelgevar\/"]}]},{"@type":"ImageObject","inLanguage":"sv-SE","@id":"https:\/\/lightweb.dev\/l\/svm-temp\/nyheter\/doms-till-dagsboter-efter-att-ha-barrikaderat-sig-med-hagelgevar\/#primaryimage","url":"https:\/\/lightweb.dev\/l\/svm-temp\/wp-content\/uploads\/2022\/06\/doms-till-dagsboter-efter-att-ha-barrikaderat-sig-med-hagelgevar.png","contentUrl":"https:\/\/lightweb.dev\/l\/svm-temp\/wp-content\/uploads\/2022\/06\/doms-till-dagsboter-efter-att-ha-barrikaderat-sig-med-hagelgevar.png","width":299,"height":200},{"@type":"BreadcrumbList","@id":"https:\/\/lightweb.dev\/l\/svm-temp\/nyheter\/doms-till-dagsboter-efter-att-ha-barrikaderat-sig-med-hagelgevar\/#breadcrumb","itemListElement":[{"@type":"ListItem","position":1,"name":"Hem","item":"https:\/\/lightweb.dev\/l\/svm-temp\/"},{"@type":"ListItem","position":2,"name":"D\u00f6ms till dagsb\u00f6ter efter att ha barrikaderat sig med hagelgev\u00e4r"}]},{"@type":"WebSite","@id":"https:\/\/lightweb.dev\/l\/svm-temp\/#website","url":"https:\/\/lightweb.dev\/l\/svm-temp\/","name":"Svenska Magasinet","description":"Dina Spanska nyheter p&aring; Svenska","publisher":{"@id":"https:\/\/lightweb.dev\/l\/svm-temp\/#organization"},"potentialAction":[{"@type":"SearchAction","target":{"@type":"EntryPoint","urlTemplate":"https:\/\/lightweb.dev\/l\/svm-temp\/?s={search_term_string}"},"query-input":{"@type":"PropertyValueSpecification","valueRequired":true,"valueName":"search_term_string"}}],"inLanguage":"sv-SE"},{"@type":"Organization","@id":"https:\/\/lightweb.dev\/l\/svm-temp\/#organization","name":"Melkerson y Nott SL","alternateName":"Svenska Magasinet","url":"https:\/\/lightweb.dev\/l\/svm-temp\/","logo":{"@type":"ImageObject","inLanguage":"sv-SE","@id":"https:\/\/lightweb.dev\/l\/svm-temp\/#\/schema\/logo\/image\/","url":"https:\/\/lightweb.dev\/l\/svm-temp\/wp-content\/uploads\/2025\/02\/SvM-logo-Xtra-Centrerad-SVART.png","contentUrl":"https:\/\/lightweb.dev\/l\/svm-temp\/wp-content\/uploads\/2025\/02\/SvM-logo-Xtra-Centrerad-SVART.png","width":300,"height":99,"caption":"Melkerson y Nott SL"},"image":{"@id":"https:\/\/lightweb.dev\/l\/svm-temp\/#\/schema\/logo\/image\/"},"sameAs":["https:\/\/www.facebook.com\/svenskamagasinet","https:\/\/x.com\/SvenskaMagasine"]},{"@type":"Person","@id":"https:\/\/lightweb.dev\/l\/svm-temp\/#\/schema\/person\/206a3bda5b607b0c25e1749191e4d837","name":"Redaktionen SvM","description":"Redaktionen","sameAs":["https:\/\/lightweb.dev\/l\/svm-temp"],"url":"https:\/\/lightweb.dev\/l\/svm-temp\/reporter\/redaktionen\/"}]}},"_links":{"self":[{"href":"https:\/\/lightweb.dev\/l\/svm-temp\/wp-json\/wp\/v2\/posts\/23676","targetHints":{"allow":["GET"]}}],"collection":[{"href":"https:\/\/lightweb.dev\/l\/svm-temp\/wp-json\/wp\/v2\/posts"}],"about":[{"href":"https:\/\/lightweb.dev\/l\/svm-temp\/wp-json\/wp\/v2\/types\/post"}],"author":[{"embeddable":true,"href":"https:\/\/lightweb.dev\/l\/svm-temp\/wp-json\/wp\/v2\/users\/8"}],"replies":[{"embeddable":true,"href":"https:\/\/lightweb.dev\/l\/svm-temp\/wp-json\/wp\/v2\/comments?post=23676"}],"version-history":[{"count":0,"href":"https:\/\/lightweb.dev\/l\/svm-temp\/wp-json\/wp\/v2\/posts\/23676\/revisions"}],"wp:featuredmedia":[{"embeddable":true,"href":"https:\/\/lightweb.dev\/l\/svm-temp\/wp-json\/wp\/v2\/media\/23677"}],"wp:attachment":[{"href":"https:\/\/lightweb.dev\/l\/svm-temp\/wp-json\/wp\/v2\/media?parent=23676"}],"wp:term":[{"taxonomy":"category","embeddable":true,"href":"https:\/\/lightweb.dev\/l\/svm-temp\/wp-json\/wp\/v2\/categories?post=23676"},{"taxonomy":"post_tag","embeddable":true,"href":"https:\/\/lightweb.dev\/l\/svm-temp\/wp-json\/wp\/v2\/tags?post=23676"}],"curies":[{"name":"wp","href":"https:\/\/api.w.org\/{rel}","templated":true}]}}