{"id":23678,"date":"2015-08-31T00:00:00","date_gmt":"2015-08-30T22:00:00","guid":{"rendered":"https:\/\/lightweb.dev\/l\/svm-temp\/nyheter\/kontroll-av-resenarer-och-bagage-utokas-pa-tag\/"},"modified":"2015-08-31T00:00:00","modified_gmt":"2015-08-30T22:00:00","slug":"kontroll-av-resenarer-och-bagage-utokas-pa-tag","status":"publish","type":"post","link":"https:\/\/lightweb.dev\/l\/svm-temp\/nyheter\/kontroll-av-resenarer-och-bagage-utokas-pa-tag\/","title":{"rendered":"Kontroll av resen\u00e4rer och bagage ut\u00f6kas p\u00e5 t\u00e5g"},"content":{"rendered":"<p> Nio l\u00e4nder d\u00e4ribland Spanien har beslutat att ut\u00f6ka kontrollen av resen\u00e4rer och bagage p\u00e5 t\u00e5g. N\u00e4r det g\u00e4ller l\u00e4ngre t\u00e5gresor \u00f6ver nationsgr\u00e4nser kommer \u00f6vervakningen att ut\u00f6kas med identitetskontroller.<\/p>\n<p>Det \u00e4r slutsatsen efter det m\u00f6te som h\u00f6lls i helgen d\u00e4r inrikes- och transportministrar fr\u00e5n nio l\u00e4nder m\u00f6ttes i Paris. De nya kontrollerna inf\u00f6rs p\u00e5 grund av terrorhotet. Identitetskontroller av passagerare ska ut\u00f6kas liksom bagagekontroll. \u00c4ven s\u00e4kerhetsstyrkor kommer i h\u00f6gre grad \u00e4n tidigare att patrullera p\u00e5 l\u00e5nglinjer.<\/p>\n<p>\u201dVi ska bli b\u00e4ttre och effektivare p\u00e5 att uppt\u00e4cka hot. Den fria r\u00f6rligheten av m\u00e4nniskor kan utg\u00f6ra ett hot mot v\u00e5ra medborgares s\u00e4kerhet d\u00e4rf\u00f6r \u00e4r det n\u00f6dv\u00e4ndigt att genomf\u00f6ra samordnade operationer och inf\u00f6ra kontroller\u201d sa den franske inrikesministern Bernard Cazeneuve enligt nyhetsbyr\u00e5n Europa Press.<\/p>\n<p>Samtidigt ska informationsutbytet mellan l\u00e4nderna ut\u00f6kas. Det finns \u00e4ven ett akut behov av att uppr\u00e4tta ett register \u00f6ver europeiska passagerare.<\/p>\n<p>2004 miste \u00f6ver 190 m\u00e4nniskor livet vid terrorattentat i Madrid. Islamska fundamentalister hade placerat ut bomber p\u00e5 flera pendelt\u00e5g i den spanska huvudstaden. <\/p>\n","protected":false},"excerpt":{"rendered":"<p>Nio l\u00e4nder d\u00e4ribland Spanien har beslutat att ut\u00f6ka kontrollen av resen\u00e4rer och bagage p\u00e5 t\u00e5g. N\u00e4r det g\u00e4ller l\u00e4ngre t\u00e5gresor \u00f6ver nationsgr\u00e4nser kommer \u00f6vervakningen att ut\u00f6kas med identitetskontroller. Det \u00e4r slutsatsen efter det m\u00f6te som h\u00f6lls i helgen d\u00e4r inrikes- och transportministrar fr\u00e5n nio l\u00e4nder m\u00f6ttes i Paris. De nya kontrollerna inf\u00f6rs p\u00e5 grund av [&hellip;]<\/p>\n","protected":false},"author":8,"featured_media":23679,"comment_status":"open","ping_status":"open","sticky":false,"template":"","format":"standard","meta":{"_et_pb_use_builder":"","_et_pb_old_content":"","_et_gb_content_width":"","footnotes":""},"categories":[395,3],"tags":[],"class_list":["post-23678","post","type-post","status-publish","format-standard","has-post-thumbnail","hentry","category-arkiv-nyheter","category-nyheter"],"yoast_head":"<!-- This site is optimized with the Yoast SEO Premium plugin v26.2 (Yoast SEO v27.5) - https:\/\/yoast.com\/product\/yoast-seo-premium-wordpress\/ -->\n<title>Kontroll av resen\u00e4rer och bagage ut\u00f6kas p\u00e5 t\u00e5g - Svenska Magasinet<\/title>\n<meta name=\"robots\" content=\"noindex, follow, max-snippet:-1, max-image-preview:large, max-video-preview:-1\" \/>\n<meta property=\"og:locale\" content=\"sv_SE\" \/>\n<meta property=\"og:type\" content=\"article\" \/>\n<meta property=\"og:title\" content=\"Kontroll av resen\u00e4rer och bagage ut\u00f6kas p\u00e5 t\u00e5g\" \/>\n<meta property=\"og:description\" content=\"Nio l\u00e4nder d\u00e4ribland Spanien har beslutat att ut\u00f6ka kontrollen av resen\u00e4rer och bagage p\u00e5 t\u00e5g. N\u00e4r det g\u00e4ller l\u00e4ngre t\u00e5gresor \u00f6ver nationsgr\u00e4nser kommer \u00f6vervakningen att ut\u00f6kas med identitetskontroller. Det \u00e4r slutsatsen efter det m\u00f6te som h\u00f6lls i helgen d\u00e4r inrikes- och transportministrar fr\u00e5n nio l\u00e4nder m\u00f6ttes i Paris. De nya kontrollerna inf\u00f6rs p\u00e5 grund av [&hellip;]\" \/>\n<meta property=\"og:url\" content=\"https:\/\/lightweb.dev\/l\/svm-temp\/nyheter\/kontroll-av-resenarer-och-bagage-utokas-pa-tag\/\" \/>\n<meta property=\"og:site_name\" content=\"Svenska Magasinet\" \/>\n<meta property=\"article:publisher\" content=\"https:\/\/www.facebook.com\/svenskamagasinet\" \/>\n<meta property=\"article:published_time\" content=\"2015-08-30T22:00:00+00:00\" \/>\n<meta property=\"og:image\" content=\"https:\/\/lightweb.dev\/l\/svm-temp\/wp-content\/uploads\/2022\/06\/kontroll-av-resenarer-och-bagage-utokas-pa-tag.png\" \/>\n\t<meta property=\"og:image:width\" content=\"321\" \/>\n\t<meta property=\"og:image:height\" content=\"200\" \/>\n\t<meta property=\"og:image:type\" content=\"image\/png\" \/>\n<meta name=\"author\" content=\"Redaktionen SvM\" \/>\n<meta name=\"twitter:card\" content=\"summary_large_image\" \/>\n<meta name=\"twitter:creator\" content=\"@SvenskaMagasine\" \/>\n<meta name=\"twitter:site\" content=\"@SvenskaMagasine\" \/>\n<script type=\"application\/ld+json\" class=\"yoast-schema-graph\">{\"@context\":\"https:\\\/\\\/schema.org\",\"@graph\":[{\"@type\":\"Article\",\"@id\":\"https:\\\/\\\/lightweb.dev\\\/l\\\/svm-temp\\\/nyheter\\\/kontroll-av-resenarer-och-bagage-utokas-pa-tag\\\/#article\",\"isPartOf\":{\"@id\":\"https:\\\/\\\/lightweb.dev\\\/l\\\/svm-temp\\\/nyheter\\\/kontroll-av-resenarer-och-bagage-utokas-pa-tag\\\/\"},\"author\":{\"name\":\"Redaktionen SvM\",\"@id\":\"https:\\\/\\\/lightweb.dev\\\/l\\\/svm-temp\\\/#\\\/schema\\\/person\\\/206a3bda5b607b0c25e1749191e4d837\"},\"headline\":\"Kontroll av resen\u00e4rer och bagage ut\u00f6kas p\u00e5 t\u00e5g\",\"datePublished\":\"2015-08-30T22:00:00+00:00\",\"mainEntityOfPage\":{\"@id\":\"https:\\\/\\\/lightweb.dev\\\/l\\\/svm-temp\\\/nyheter\\\/kontroll-av-resenarer-och-bagage-utokas-pa-tag\\\/\"},\"wordCount\":212,\"commentCount\":0,\"publisher\":{\"@id\":\"https:\\\/\\\/lightweb.dev\\\/l\\\/svm-temp\\\/#organization\"},\"image\":{\"@id\":\"https:\\\/\\\/lightweb.dev\\\/l\\\/svm-temp\\\/nyheter\\\/kontroll-av-resenarer-och-bagage-utokas-pa-tag\\\/#primaryimage\"},\"thumbnailUrl\":\"https:\\\/\\\/lightweb.dev\\\/l\\\/svm-temp\\\/wp-content\\\/uploads\\\/2022\\\/06\\\/kontroll-av-resenarer-och-bagage-utokas-pa-tag.png\",\"articleSection\":[\"Arkiv\",\"Nyheter\"],\"inLanguage\":\"sv-SE\"},{\"@type\":\"WebPage\",\"@id\":\"https:\\\/\\\/lightweb.dev\\\/l\\\/svm-temp\\\/nyheter\\\/kontroll-av-resenarer-och-bagage-utokas-pa-tag\\\/\",\"url\":\"https:\\\/\\\/lightweb.dev\\\/l\\\/svm-temp\\\/nyheter\\\/kontroll-av-resenarer-och-bagage-utokas-pa-tag\\\/\",\"name\":\"Kontroll av resen\u00e4rer och bagage ut\u00f6kas p\u00e5 t\u00e5g - Svenska Magasinet\",\"isPartOf\":{\"@id\":\"https:\\\/\\\/lightweb.dev\\\/l\\\/svm-temp\\\/#website\"},\"primaryImageOfPage\":{\"@id\":\"https:\\\/\\\/lightweb.dev\\\/l\\\/svm-temp\\\/nyheter\\\/kontroll-av-resenarer-och-bagage-utokas-pa-tag\\\/#primaryimage\"},\"image\":{\"@id\":\"https:\\\/\\\/lightweb.dev\\\/l\\\/svm-temp\\\/nyheter\\\/kontroll-av-resenarer-och-bagage-utokas-pa-tag\\\/#primaryimage\"},\"thumbnailUrl\":\"https:\\\/\\\/lightweb.dev\\\/l\\\/svm-temp\\\/wp-content\\\/uploads\\\/2022\\\/06\\\/kontroll-av-resenarer-och-bagage-utokas-pa-tag.png\",\"datePublished\":\"2015-08-30T22:00:00+00:00\",\"breadcrumb\":{\"@id\":\"https:\\\/\\\/lightweb.dev\\\/l\\\/svm-temp\\\/nyheter\\\/kontroll-av-resenarer-och-bagage-utokas-pa-tag\\\/#breadcrumb\"},\"inLanguage\":\"sv-SE\",\"potentialAction\":[{\"@type\":\"ReadAction\",\"target\":[\"https:\\\/\\\/lightweb.dev\\\/l\\\/svm-temp\\\/nyheter\\\/kontroll-av-resenarer-och-bagage-utokas-pa-tag\\\/\"]}]},{\"@type\":\"ImageObject\",\"inLanguage\":\"sv-SE\",\"@id\":\"https:\\\/\\\/lightweb.dev\\\/l\\\/svm-temp\\\/nyheter\\\/kontroll-av-resenarer-och-bagage-utokas-pa-tag\\\/#primaryimage\",\"url\":\"https:\\\/\\\/lightweb.dev\\\/l\\\/svm-temp\\\/wp-content\\\/uploads\\\/2022\\\/06\\\/kontroll-av-resenarer-och-bagage-utokas-pa-tag.png\",\"contentUrl\":\"https:\\\/\\\/lightweb.dev\\\/l\\\/svm-temp\\\/wp-content\\\/uploads\\\/2022\\\/06\\\/kontroll-av-resenarer-och-bagage-utokas-pa-tag.png\",\"width\":321,\"height\":200},{\"@type\":\"BreadcrumbList\",\"@id\":\"https:\\\/\\\/lightweb.dev\\\/l\\\/svm-temp\\\/nyheter\\\/kontroll-av-resenarer-och-bagage-utokas-pa-tag\\\/#breadcrumb\",\"itemListElement\":[{\"@type\":\"ListItem\",\"position\":1,\"name\":\"Hem\",\"item\":\"https:\\\/\\\/lightweb.dev\\\/l\\\/svm-temp\\\/\"},{\"@type\":\"ListItem\",\"position\":2,\"name\":\"Kontroll av resen\u00e4rer och bagage ut\u00f6kas p\u00e5 t\u00e5g\"}]},{\"@type\":\"WebSite\",\"@id\":\"https:\\\/\\\/lightweb.dev\\\/l\\\/svm-temp\\\/#website\",\"url\":\"https:\\\/\\\/lightweb.dev\\\/l\\\/svm-temp\\\/\",\"name\":\"Svenska Magasinet\",\"description\":\"Dina Spanska nyheter p&aring; Svenska\",\"publisher\":{\"@id\":\"https:\\\/\\\/lightweb.dev\\\/l\\\/svm-temp\\\/#organization\"},\"potentialAction\":[{\"@type\":\"SearchAction\",\"target\":{\"@type\":\"EntryPoint\",\"urlTemplate\":\"https:\\\/\\\/lightweb.dev\\\/l\\\/svm-temp\\\/?s={search_term_string}\"},\"query-input\":{\"@type\":\"PropertyValueSpecification\",\"valueRequired\":true,\"valueName\":\"search_term_string\"}}],\"inLanguage\":\"sv-SE\"},{\"@type\":\"Organization\",\"@id\":\"https:\\\/\\\/lightweb.dev\\\/l\\\/svm-temp\\\/#organization\",\"name\":\"Melkerson y Nott SL\",\"alternateName\":\"Svenska Magasinet\",\"url\":\"https:\\\/\\\/lightweb.dev\\\/l\\\/svm-temp\\\/\",\"logo\":{\"@type\":\"ImageObject\",\"inLanguage\":\"sv-SE\",\"@id\":\"https:\\\/\\\/lightweb.dev\\\/l\\\/svm-temp\\\/#\\\/schema\\\/logo\\\/image\\\/\",\"url\":\"https:\\\/\\\/lightweb.dev\\\/l\\\/svm-temp\\\/wp-content\\\/uploads\\\/2025\\\/02\\\/SvM-logo-Xtra-Centrerad-SVART.png\",\"contentUrl\":\"https:\\\/\\\/lightweb.dev\\\/l\\\/svm-temp\\\/wp-content\\\/uploads\\\/2025\\\/02\\\/SvM-logo-Xtra-Centrerad-SVART.png\",\"width\":300,\"height\":99,\"caption\":\"Melkerson y Nott SL\"},\"image\":{\"@id\":\"https:\\\/\\\/lightweb.dev\\\/l\\\/svm-temp\\\/#\\\/schema\\\/logo\\\/image\\\/\"},\"sameAs\":[\"https:\\\/\\\/www.facebook.com\\\/svenskamagasinet\",\"https:\\\/\\\/x.com\\\/SvenskaMagasine\"]},{\"@type\":\"Person\",\"@id\":\"https:\\\/\\\/lightweb.dev\\\/l\\\/svm-temp\\\/#\\\/schema\\\/person\\\/206a3bda5b607b0c25e1749191e4d837\",\"name\":\"Redaktionen SvM\",\"description\":\"Redaktionen\",\"sameAs\":[\"https:\\\/\\\/lightweb.dev\\\/l\\\/svm-temp\"],\"url\":\"https:\\\/\\\/lightweb.dev\\\/l\\\/svm-temp\\\/reporter\\\/redaktionen\\\/\"}]}<\/script>\n<!-- \/ Yoast SEO Premium plugin. -->","yoast_head_json":{"title":"Kontroll av resen\u00e4rer och bagage ut\u00f6kas p\u00e5 t\u00e5g - Svenska Magasinet","robots":{"index":"noindex","follow":"follow","max-snippet":"max-snippet:-1","max-image-preview":"max-image-preview:large","max-video-preview":"max-video-preview:-1"},"og_locale":"sv_SE","og_type":"article","og_title":"Kontroll av resen\u00e4rer och bagage ut\u00f6kas p\u00e5 t\u00e5g","og_description":"Nio l\u00e4nder d\u00e4ribland Spanien har beslutat att ut\u00f6ka kontrollen av resen\u00e4rer och bagage p\u00e5 t\u00e5g. N\u00e4r det g\u00e4ller l\u00e4ngre t\u00e5gresor \u00f6ver nationsgr\u00e4nser kommer \u00f6vervakningen att ut\u00f6kas med identitetskontroller. Det \u00e4r slutsatsen efter det m\u00f6te som h\u00f6lls i helgen d\u00e4r inrikes- och transportministrar fr\u00e5n nio l\u00e4nder m\u00f6ttes i Paris. De nya kontrollerna inf\u00f6rs p\u00e5 grund av [&hellip;]","og_url":"https:\/\/lightweb.dev\/l\/svm-temp\/nyheter\/kontroll-av-resenarer-och-bagage-utokas-pa-tag\/","og_site_name":"Svenska Magasinet","article_publisher":"https:\/\/www.facebook.com\/svenskamagasinet","article_published_time":"2015-08-30T22:00:00+00:00","og_image":[{"width":321,"height":200,"url":"https:\/\/lightweb.dev\/l\/svm-temp\/wp-content\/uploads\/2022\/06\/kontroll-av-resenarer-och-bagage-utokas-pa-tag.png","type":"image\/png"}],"author":"Redaktionen SvM","twitter_card":"summary_large_image","twitter_creator":"@SvenskaMagasine","twitter_site":"@SvenskaMagasine","schema":{"@context":"https:\/\/schema.org","@graph":[{"@type":"Article","@id":"https:\/\/lightweb.dev\/l\/svm-temp\/nyheter\/kontroll-av-resenarer-och-bagage-utokas-pa-tag\/#article","isPartOf":{"@id":"https:\/\/lightweb.dev\/l\/svm-temp\/nyheter\/kontroll-av-resenarer-och-bagage-utokas-pa-tag\/"},"author":{"name":"Redaktionen SvM","@id":"https:\/\/lightweb.dev\/l\/svm-temp\/#\/schema\/person\/206a3bda5b607b0c25e1749191e4d837"},"headline":"Kontroll av resen\u00e4rer och bagage ut\u00f6kas p\u00e5 t\u00e5g","datePublished":"2015-08-30T22:00:00+00:00","mainEntityOfPage":{"@id":"https:\/\/lightweb.dev\/l\/svm-temp\/nyheter\/kontroll-av-resenarer-och-bagage-utokas-pa-tag\/"},"wordCount":212,"commentCount":0,"publisher":{"@id":"https:\/\/lightweb.dev\/l\/svm-temp\/#organization"},"image":{"@id":"https:\/\/lightweb.dev\/l\/svm-temp\/nyheter\/kontroll-av-resenarer-och-bagage-utokas-pa-tag\/#primaryimage"},"thumbnailUrl":"https:\/\/lightweb.dev\/l\/svm-temp\/wp-content\/uploads\/2022\/06\/kontroll-av-resenarer-och-bagage-utokas-pa-tag.png","articleSection":["Arkiv","Nyheter"],"inLanguage":"sv-SE"},{"@type":"WebPage","@id":"https:\/\/lightweb.dev\/l\/svm-temp\/nyheter\/kontroll-av-resenarer-och-bagage-utokas-pa-tag\/","url":"https:\/\/lightweb.dev\/l\/svm-temp\/nyheter\/kontroll-av-resenarer-och-bagage-utokas-pa-tag\/","name":"Kontroll av resen\u00e4rer och bagage ut\u00f6kas p\u00e5 t\u00e5g - Svenska Magasinet","isPartOf":{"@id":"https:\/\/lightweb.dev\/l\/svm-temp\/#website"},"primaryImageOfPage":{"@id":"https:\/\/lightweb.dev\/l\/svm-temp\/nyheter\/kontroll-av-resenarer-och-bagage-utokas-pa-tag\/#primaryimage"},"image":{"@id":"https:\/\/lightweb.dev\/l\/svm-temp\/nyheter\/kontroll-av-resenarer-och-bagage-utokas-pa-tag\/#primaryimage"},"thumbnailUrl":"https:\/\/lightweb.dev\/l\/svm-temp\/wp-content\/uploads\/2022\/06\/kontroll-av-resenarer-och-bagage-utokas-pa-tag.png","datePublished":"2015-08-30T22:00:00+00:00","breadcrumb":{"@id":"https:\/\/lightweb.dev\/l\/svm-temp\/nyheter\/kontroll-av-resenarer-och-bagage-utokas-pa-tag\/#breadcrumb"},"inLanguage":"sv-SE","potentialAction":[{"@type":"ReadAction","target":["https:\/\/lightweb.dev\/l\/svm-temp\/nyheter\/kontroll-av-resenarer-och-bagage-utokas-pa-tag\/"]}]},{"@type":"ImageObject","inLanguage":"sv-SE","@id":"https:\/\/lightweb.dev\/l\/svm-temp\/nyheter\/kontroll-av-resenarer-och-bagage-utokas-pa-tag\/#primaryimage","url":"https:\/\/lightweb.dev\/l\/svm-temp\/wp-content\/uploads\/2022\/06\/kontroll-av-resenarer-och-bagage-utokas-pa-tag.png","contentUrl":"https:\/\/lightweb.dev\/l\/svm-temp\/wp-content\/uploads\/2022\/06\/kontroll-av-resenarer-och-bagage-utokas-pa-tag.png","width":321,"height":200},{"@type":"BreadcrumbList","@id":"https:\/\/lightweb.dev\/l\/svm-temp\/nyheter\/kontroll-av-resenarer-och-bagage-utokas-pa-tag\/#breadcrumb","itemListElement":[{"@type":"ListItem","position":1,"name":"Hem","item":"https:\/\/lightweb.dev\/l\/svm-temp\/"},{"@type":"ListItem","position":2,"name":"Kontroll av resen\u00e4rer och bagage ut\u00f6kas p\u00e5 t\u00e5g"}]},{"@type":"WebSite","@id":"https:\/\/lightweb.dev\/l\/svm-temp\/#website","url":"https:\/\/lightweb.dev\/l\/svm-temp\/","name":"Svenska Magasinet","description":"Dina Spanska nyheter p&aring; Svenska","publisher":{"@id":"https:\/\/lightweb.dev\/l\/svm-temp\/#organization"},"potentialAction":[{"@type":"SearchAction","target":{"@type":"EntryPoint","urlTemplate":"https:\/\/lightweb.dev\/l\/svm-temp\/?s={search_term_string}"},"query-input":{"@type":"PropertyValueSpecification","valueRequired":true,"valueName":"search_term_string"}}],"inLanguage":"sv-SE"},{"@type":"Organization","@id":"https:\/\/lightweb.dev\/l\/svm-temp\/#organization","name":"Melkerson y Nott SL","alternateName":"Svenska Magasinet","url":"https:\/\/lightweb.dev\/l\/svm-temp\/","logo":{"@type":"ImageObject","inLanguage":"sv-SE","@id":"https:\/\/lightweb.dev\/l\/svm-temp\/#\/schema\/logo\/image\/","url":"https:\/\/lightweb.dev\/l\/svm-temp\/wp-content\/uploads\/2025\/02\/SvM-logo-Xtra-Centrerad-SVART.png","contentUrl":"https:\/\/lightweb.dev\/l\/svm-temp\/wp-content\/uploads\/2025\/02\/SvM-logo-Xtra-Centrerad-SVART.png","width":300,"height":99,"caption":"Melkerson y Nott SL"},"image":{"@id":"https:\/\/lightweb.dev\/l\/svm-temp\/#\/schema\/logo\/image\/"},"sameAs":["https:\/\/www.facebook.com\/svenskamagasinet","https:\/\/x.com\/SvenskaMagasine"]},{"@type":"Person","@id":"https:\/\/lightweb.dev\/l\/svm-temp\/#\/schema\/person\/206a3bda5b607b0c25e1749191e4d837","name":"Redaktionen SvM","description":"Redaktionen","sameAs":["https:\/\/lightweb.dev\/l\/svm-temp"],"url":"https:\/\/lightweb.dev\/l\/svm-temp\/reporter\/redaktionen\/"}]}},"_links":{"self":[{"href":"https:\/\/lightweb.dev\/l\/svm-temp\/wp-json\/wp\/v2\/posts\/23678","targetHints":{"allow":["GET"]}}],"collection":[{"href":"https:\/\/lightweb.dev\/l\/svm-temp\/wp-json\/wp\/v2\/posts"}],"about":[{"href":"https:\/\/lightweb.dev\/l\/svm-temp\/wp-json\/wp\/v2\/types\/post"}],"author":[{"embeddable":true,"href":"https:\/\/lightweb.dev\/l\/svm-temp\/wp-json\/wp\/v2\/users\/8"}],"replies":[{"embeddable":true,"href":"https:\/\/lightweb.dev\/l\/svm-temp\/wp-json\/wp\/v2\/comments?post=23678"}],"version-history":[{"count":0,"href":"https:\/\/lightweb.dev\/l\/svm-temp\/wp-json\/wp\/v2\/posts\/23678\/revisions"}],"wp:featuredmedia":[{"embeddable":true,"href":"https:\/\/lightweb.dev\/l\/svm-temp\/wp-json\/wp\/v2\/media\/23679"}],"wp:attachment":[{"href":"https:\/\/lightweb.dev\/l\/svm-temp\/wp-json\/wp\/v2\/media?parent=23678"}],"wp:term":[{"taxonomy":"category","embeddable":true,"href":"https:\/\/lightweb.dev\/l\/svm-temp\/wp-json\/wp\/v2\/categories?post=23678"},{"taxonomy":"post_tag","embeddable":true,"href":"https:\/\/lightweb.dev\/l\/svm-temp\/wp-json\/wp\/v2\/tags?post=23678"}],"curies":[{"name":"wp","href":"https:\/\/api.w.org\/{rel}","templated":true}]}}