{"id":23688,"date":"2015-08-31T00:00:00","date_gmt":"2015-08-30T22:00:00","guid":{"rendered":"https:\/\/lightweb.dev\/l\/svm-temp\/nyheter\/flera-doda-och-skadade-nar-fyrverkerifabrik-exploderade\/"},"modified":"2015-08-31T00:00:00","modified_gmt":"2015-08-30T22:00:00","slug":"flera-doda-och-skadade-nar-fyrverkerifabrik-exploderade","status":"publish","type":"post","link":"https:\/\/lightweb.dev\/l\/svm-temp\/nyheter\/flera-doda-och-skadade-nar-fyrverkerifabrik-exploderade\/","title":{"rendered":"Flera d\u00f6da och skadade n\u00e4r fyrverkerifabrik exploderade"},"content":{"rendered":"<p> Sex personer omkom och sex personer skadades varav tre allvarligt n\u00e4r de lokaler som \u00e4gs av ett f\u00f6retag inom fyrverkeribranschen exploderade utanf\u00f6r Zaragoza vid middagstid p\u00e5 m\u00e5ndagen. Den person som tidigare rapporterats saknad har hittats d\u00f6d uppger dagstidningen ABC.<\/p>\n<p>Explosionen som h\u00f6rdes \u00f6ver ett stort omr\u00e5de skapade stor oro. H\u00e4ndelsen intr\u00e4ffade i de lokaler som f\u00f6retaget Pirotecnia Zaragozana har i Garrapinillos (bilden) som ligger nio kilometer fr\u00e5n Zaragoza, n\u00e4ra flygplatsen.<\/p>\n<p>Flera personer ska vara allvarligt skadade medan en person \u00e5drog sig lindriga skador uppger nyhetsbyr\u00e5n EFE. Guardia Civil har sp\u00e4rrat av omr\u00e5det och brandf\u00f6rsvaret \u00e4r p\u00e5 plats. Det \u00e4r ett komplicerat arbete d\u00e5 det finns risk f\u00f6r ytterligare explosioner.<\/p>\n<p>Vad som har orsaken explosionen \u00e4r i nul\u00e4get oklart.<\/p>\n<p>(Uppdaterad 1\/9\/2015) <\/p>\n","protected":false},"excerpt":{"rendered":"<p>Sex personer omkom och sex personer skadades varav tre allvarligt n\u00e4r de lokaler som \u00e4gs av ett f\u00f6retag inom fyrverkeribranschen exploderade utanf\u00f6r Zaragoza vid middagstid p\u00e5 m\u00e5ndagen. Den person som tidigare rapporterats saknad har hittats d\u00f6d uppger dagstidningen ABC. Explosionen som h\u00f6rdes \u00f6ver ett stort omr\u00e5de skapade stor oro. H\u00e4ndelsen intr\u00e4ffade i de lokaler som [&hellip;]<\/p>\n","protected":false},"author":8,"featured_media":23689,"comment_status":"open","ping_status":"open","sticky":false,"template":"","format":"standard","meta":{"_et_pb_use_builder":"","_et_pb_old_content":"","_et_gb_content_width":"","footnotes":""},"categories":[395,3],"tags":[],"class_list":["post-23688","post","type-post","status-publish","format-standard","has-post-thumbnail","hentry","category-arkiv-nyheter","category-nyheter"],"yoast_head":"<!-- This site is optimized with the Yoast SEO Premium plugin v26.2 (Yoast SEO v27.5) - https:\/\/yoast.com\/product\/yoast-seo-premium-wordpress\/ -->\n<title>Flera d\u00f6da och skadade n\u00e4r fyrverkerifabrik exploderade - Svenska Magasinet<\/title>\n<meta name=\"robots\" content=\"noindex, follow, max-snippet:-1, max-image-preview:large, max-video-preview:-1\" \/>\n<meta property=\"og:locale\" content=\"sv_SE\" \/>\n<meta property=\"og:type\" content=\"article\" \/>\n<meta property=\"og:title\" content=\"Flera d\u00f6da och skadade n\u00e4r fyrverkerifabrik exploderade\" \/>\n<meta property=\"og:description\" content=\"Sex personer omkom och sex personer skadades varav tre allvarligt n\u00e4r de lokaler som \u00e4gs av ett f\u00f6retag inom fyrverkeribranschen exploderade utanf\u00f6r Zaragoza vid middagstid p\u00e5 m\u00e5ndagen. Den person som tidigare rapporterats saknad har hittats d\u00f6d uppger dagstidningen ABC. Explosionen som h\u00f6rdes \u00f6ver ett stort omr\u00e5de skapade stor oro. H\u00e4ndelsen intr\u00e4ffade i de lokaler som [&hellip;]\" \/>\n<meta property=\"og:url\" content=\"https:\/\/lightweb.dev\/l\/svm-temp\/nyheter\/flera-doda-och-skadade-nar-fyrverkerifabrik-exploderade\/\" \/>\n<meta property=\"og:site_name\" content=\"Svenska Magasinet\" \/>\n<meta property=\"article:publisher\" content=\"https:\/\/www.facebook.com\/svenskamagasinet\" \/>\n<meta property=\"article:published_time\" content=\"2015-08-30T22:00:00+00:00\" \/>\n<meta property=\"og:image\" content=\"https:\/\/lightweb.dev\/l\/svm-temp\/wp-content\/uploads\/2022\/06\/flera-doda-och-skadade-nar-fyrverkerifabrik-exploderade.png\" \/>\n\t<meta property=\"og:image:width\" content=\"356\" \/>\n\t<meta property=\"og:image:height\" content=\"200\" \/>\n\t<meta property=\"og:image:type\" content=\"image\/png\" \/>\n<meta name=\"author\" content=\"Redaktionen SvM\" \/>\n<meta name=\"twitter:card\" content=\"summary_large_image\" \/>\n<meta name=\"twitter:creator\" content=\"@SvenskaMagasine\" \/>\n<meta name=\"twitter:site\" content=\"@SvenskaMagasine\" \/>\n<script type=\"application\/ld+json\" class=\"yoast-schema-graph\">{\"@context\":\"https:\\\/\\\/schema.org\",\"@graph\":[{\"@type\":\"Article\",\"@id\":\"https:\\\/\\\/lightweb.dev\\\/l\\\/svm-temp\\\/nyheter\\\/flera-doda-och-skadade-nar-fyrverkerifabrik-exploderade\\\/#article\",\"isPartOf\":{\"@id\":\"https:\\\/\\\/lightweb.dev\\\/l\\\/svm-temp\\\/nyheter\\\/flera-doda-och-skadade-nar-fyrverkerifabrik-exploderade\\\/\"},\"author\":{\"name\":\"Redaktionen SvM\",\"@id\":\"https:\\\/\\\/lightweb.dev\\\/l\\\/svm-temp\\\/#\\\/schema\\\/person\\\/206a3bda5b607b0c25e1749191e4d837\"},\"headline\":\"Flera d\u00f6da och skadade n\u00e4r fyrverkerifabrik exploderade\",\"datePublished\":\"2015-08-30T22:00:00+00:00\",\"mainEntityOfPage\":{\"@id\":\"https:\\\/\\\/lightweb.dev\\\/l\\\/svm-temp\\\/nyheter\\\/flera-doda-och-skadade-nar-fyrverkerifabrik-exploderade\\\/\"},\"wordCount\":146,\"commentCount\":0,\"publisher\":{\"@id\":\"https:\\\/\\\/lightweb.dev\\\/l\\\/svm-temp\\\/#organization\"},\"image\":{\"@id\":\"https:\\\/\\\/lightweb.dev\\\/l\\\/svm-temp\\\/nyheter\\\/flera-doda-och-skadade-nar-fyrverkerifabrik-exploderade\\\/#primaryimage\"},\"thumbnailUrl\":\"https:\\\/\\\/lightweb.dev\\\/l\\\/svm-temp\\\/wp-content\\\/uploads\\\/2022\\\/06\\\/flera-doda-och-skadade-nar-fyrverkerifabrik-exploderade.png\",\"articleSection\":[\"Arkiv\",\"Nyheter\"],\"inLanguage\":\"sv-SE\"},{\"@type\":\"WebPage\",\"@id\":\"https:\\\/\\\/lightweb.dev\\\/l\\\/svm-temp\\\/nyheter\\\/flera-doda-och-skadade-nar-fyrverkerifabrik-exploderade\\\/\",\"url\":\"https:\\\/\\\/lightweb.dev\\\/l\\\/svm-temp\\\/nyheter\\\/flera-doda-och-skadade-nar-fyrverkerifabrik-exploderade\\\/\",\"name\":\"Flera d\u00f6da och skadade n\u00e4r fyrverkerifabrik exploderade - Svenska Magasinet\",\"isPartOf\":{\"@id\":\"https:\\\/\\\/lightweb.dev\\\/l\\\/svm-temp\\\/#website\"},\"primaryImageOfPage\":{\"@id\":\"https:\\\/\\\/lightweb.dev\\\/l\\\/svm-temp\\\/nyheter\\\/flera-doda-och-skadade-nar-fyrverkerifabrik-exploderade\\\/#primaryimage\"},\"image\":{\"@id\":\"https:\\\/\\\/lightweb.dev\\\/l\\\/svm-temp\\\/nyheter\\\/flera-doda-och-skadade-nar-fyrverkerifabrik-exploderade\\\/#primaryimage\"},\"thumbnailUrl\":\"https:\\\/\\\/lightweb.dev\\\/l\\\/svm-temp\\\/wp-content\\\/uploads\\\/2022\\\/06\\\/flera-doda-och-skadade-nar-fyrverkerifabrik-exploderade.png\",\"datePublished\":\"2015-08-30T22:00:00+00:00\",\"breadcrumb\":{\"@id\":\"https:\\\/\\\/lightweb.dev\\\/l\\\/svm-temp\\\/nyheter\\\/flera-doda-och-skadade-nar-fyrverkerifabrik-exploderade\\\/#breadcrumb\"},\"inLanguage\":\"sv-SE\",\"potentialAction\":[{\"@type\":\"ReadAction\",\"target\":[\"https:\\\/\\\/lightweb.dev\\\/l\\\/svm-temp\\\/nyheter\\\/flera-doda-och-skadade-nar-fyrverkerifabrik-exploderade\\\/\"]}]},{\"@type\":\"ImageObject\",\"inLanguage\":\"sv-SE\",\"@id\":\"https:\\\/\\\/lightweb.dev\\\/l\\\/svm-temp\\\/nyheter\\\/flera-doda-och-skadade-nar-fyrverkerifabrik-exploderade\\\/#primaryimage\",\"url\":\"https:\\\/\\\/lightweb.dev\\\/l\\\/svm-temp\\\/wp-content\\\/uploads\\\/2022\\\/06\\\/flera-doda-och-skadade-nar-fyrverkerifabrik-exploderade.png\",\"contentUrl\":\"https:\\\/\\\/lightweb.dev\\\/l\\\/svm-temp\\\/wp-content\\\/uploads\\\/2022\\\/06\\\/flera-doda-och-skadade-nar-fyrverkerifabrik-exploderade.png\",\"width\":356,\"height\":200},{\"@type\":\"BreadcrumbList\",\"@id\":\"https:\\\/\\\/lightweb.dev\\\/l\\\/svm-temp\\\/nyheter\\\/flera-doda-och-skadade-nar-fyrverkerifabrik-exploderade\\\/#breadcrumb\",\"itemListElement\":[{\"@type\":\"ListItem\",\"position\":1,\"name\":\"Hem\",\"item\":\"https:\\\/\\\/lightweb.dev\\\/l\\\/svm-temp\\\/\"},{\"@type\":\"ListItem\",\"position\":2,\"name\":\"Flera d\u00f6da och skadade n\u00e4r fyrverkerifabrik exploderade\"}]},{\"@type\":\"WebSite\",\"@id\":\"https:\\\/\\\/lightweb.dev\\\/l\\\/svm-temp\\\/#website\",\"url\":\"https:\\\/\\\/lightweb.dev\\\/l\\\/svm-temp\\\/\",\"name\":\"Svenska Magasinet\",\"description\":\"Dina Spanska nyheter p&aring; Svenska\",\"publisher\":{\"@id\":\"https:\\\/\\\/lightweb.dev\\\/l\\\/svm-temp\\\/#organization\"},\"potentialAction\":[{\"@type\":\"SearchAction\",\"target\":{\"@type\":\"EntryPoint\",\"urlTemplate\":\"https:\\\/\\\/lightweb.dev\\\/l\\\/svm-temp\\\/?s={search_term_string}\"},\"query-input\":{\"@type\":\"PropertyValueSpecification\",\"valueRequired\":true,\"valueName\":\"search_term_string\"}}],\"inLanguage\":\"sv-SE\"},{\"@type\":\"Organization\",\"@id\":\"https:\\\/\\\/lightweb.dev\\\/l\\\/svm-temp\\\/#organization\",\"name\":\"Melkerson y Nott SL\",\"alternateName\":\"Svenska Magasinet\",\"url\":\"https:\\\/\\\/lightweb.dev\\\/l\\\/svm-temp\\\/\",\"logo\":{\"@type\":\"ImageObject\",\"inLanguage\":\"sv-SE\",\"@id\":\"https:\\\/\\\/lightweb.dev\\\/l\\\/svm-temp\\\/#\\\/schema\\\/logo\\\/image\\\/\",\"url\":\"https:\\\/\\\/lightweb.dev\\\/l\\\/svm-temp\\\/wp-content\\\/uploads\\\/2025\\\/02\\\/SvM-logo-Xtra-Centrerad-SVART.png\",\"contentUrl\":\"https:\\\/\\\/lightweb.dev\\\/l\\\/svm-temp\\\/wp-content\\\/uploads\\\/2025\\\/02\\\/SvM-logo-Xtra-Centrerad-SVART.png\",\"width\":300,\"height\":99,\"caption\":\"Melkerson y Nott SL\"},\"image\":{\"@id\":\"https:\\\/\\\/lightweb.dev\\\/l\\\/svm-temp\\\/#\\\/schema\\\/logo\\\/image\\\/\"},\"sameAs\":[\"https:\\\/\\\/www.facebook.com\\\/svenskamagasinet\",\"https:\\\/\\\/x.com\\\/SvenskaMagasine\"]},{\"@type\":\"Person\",\"@id\":\"https:\\\/\\\/lightweb.dev\\\/l\\\/svm-temp\\\/#\\\/schema\\\/person\\\/206a3bda5b607b0c25e1749191e4d837\",\"name\":\"Redaktionen SvM\",\"description\":\"Redaktionen\",\"sameAs\":[\"https:\\\/\\\/lightweb.dev\\\/l\\\/svm-temp\"],\"url\":\"https:\\\/\\\/lightweb.dev\\\/l\\\/svm-temp\\\/reporter\\\/redaktionen\\\/\"}]}<\/script>\n<!-- \/ Yoast SEO Premium plugin. -->","yoast_head_json":{"title":"Flera d\u00f6da och skadade n\u00e4r fyrverkerifabrik exploderade - Svenska Magasinet","robots":{"index":"noindex","follow":"follow","max-snippet":"max-snippet:-1","max-image-preview":"max-image-preview:large","max-video-preview":"max-video-preview:-1"},"og_locale":"sv_SE","og_type":"article","og_title":"Flera d\u00f6da och skadade n\u00e4r fyrverkerifabrik exploderade","og_description":"Sex personer omkom och sex personer skadades varav tre allvarligt n\u00e4r de lokaler som \u00e4gs av ett f\u00f6retag inom fyrverkeribranschen exploderade utanf\u00f6r Zaragoza vid middagstid p\u00e5 m\u00e5ndagen. Den person som tidigare rapporterats saknad har hittats d\u00f6d uppger dagstidningen ABC. Explosionen som h\u00f6rdes \u00f6ver ett stort omr\u00e5de skapade stor oro. H\u00e4ndelsen intr\u00e4ffade i de lokaler som [&hellip;]","og_url":"https:\/\/lightweb.dev\/l\/svm-temp\/nyheter\/flera-doda-och-skadade-nar-fyrverkerifabrik-exploderade\/","og_site_name":"Svenska Magasinet","article_publisher":"https:\/\/www.facebook.com\/svenskamagasinet","article_published_time":"2015-08-30T22:00:00+00:00","og_image":[{"width":356,"height":200,"url":"https:\/\/lightweb.dev\/l\/svm-temp\/wp-content\/uploads\/2022\/06\/flera-doda-och-skadade-nar-fyrverkerifabrik-exploderade.png","type":"image\/png"}],"author":"Redaktionen SvM","twitter_card":"summary_large_image","twitter_creator":"@SvenskaMagasine","twitter_site":"@SvenskaMagasine","schema":{"@context":"https:\/\/schema.org","@graph":[{"@type":"Article","@id":"https:\/\/lightweb.dev\/l\/svm-temp\/nyheter\/flera-doda-och-skadade-nar-fyrverkerifabrik-exploderade\/#article","isPartOf":{"@id":"https:\/\/lightweb.dev\/l\/svm-temp\/nyheter\/flera-doda-och-skadade-nar-fyrverkerifabrik-exploderade\/"},"author":{"name":"Redaktionen SvM","@id":"https:\/\/lightweb.dev\/l\/svm-temp\/#\/schema\/person\/206a3bda5b607b0c25e1749191e4d837"},"headline":"Flera d\u00f6da och skadade n\u00e4r fyrverkerifabrik exploderade","datePublished":"2015-08-30T22:00:00+00:00","mainEntityOfPage":{"@id":"https:\/\/lightweb.dev\/l\/svm-temp\/nyheter\/flera-doda-och-skadade-nar-fyrverkerifabrik-exploderade\/"},"wordCount":146,"commentCount":0,"publisher":{"@id":"https:\/\/lightweb.dev\/l\/svm-temp\/#organization"},"image":{"@id":"https:\/\/lightweb.dev\/l\/svm-temp\/nyheter\/flera-doda-och-skadade-nar-fyrverkerifabrik-exploderade\/#primaryimage"},"thumbnailUrl":"https:\/\/lightweb.dev\/l\/svm-temp\/wp-content\/uploads\/2022\/06\/flera-doda-och-skadade-nar-fyrverkerifabrik-exploderade.png","articleSection":["Arkiv","Nyheter"],"inLanguage":"sv-SE"},{"@type":"WebPage","@id":"https:\/\/lightweb.dev\/l\/svm-temp\/nyheter\/flera-doda-och-skadade-nar-fyrverkerifabrik-exploderade\/","url":"https:\/\/lightweb.dev\/l\/svm-temp\/nyheter\/flera-doda-och-skadade-nar-fyrverkerifabrik-exploderade\/","name":"Flera d\u00f6da och skadade n\u00e4r fyrverkerifabrik exploderade - Svenska Magasinet","isPartOf":{"@id":"https:\/\/lightweb.dev\/l\/svm-temp\/#website"},"primaryImageOfPage":{"@id":"https:\/\/lightweb.dev\/l\/svm-temp\/nyheter\/flera-doda-och-skadade-nar-fyrverkerifabrik-exploderade\/#primaryimage"},"image":{"@id":"https:\/\/lightweb.dev\/l\/svm-temp\/nyheter\/flera-doda-och-skadade-nar-fyrverkerifabrik-exploderade\/#primaryimage"},"thumbnailUrl":"https:\/\/lightweb.dev\/l\/svm-temp\/wp-content\/uploads\/2022\/06\/flera-doda-och-skadade-nar-fyrverkerifabrik-exploderade.png","datePublished":"2015-08-30T22:00:00+00:00","breadcrumb":{"@id":"https:\/\/lightweb.dev\/l\/svm-temp\/nyheter\/flera-doda-och-skadade-nar-fyrverkerifabrik-exploderade\/#breadcrumb"},"inLanguage":"sv-SE","potentialAction":[{"@type":"ReadAction","target":["https:\/\/lightweb.dev\/l\/svm-temp\/nyheter\/flera-doda-och-skadade-nar-fyrverkerifabrik-exploderade\/"]}]},{"@type":"ImageObject","inLanguage":"sv-SE","@id":"https:\/\/lightweb.dev\/l\/svm-temp\/nyheter\/flera-doda-och-skadade-nar-fyrverkerifabrik-exploderade\/#primaryimage","url":"https:\/\/lightweb.dev\/l\/svm-temp\/wp-content\/uploads\/2022\/06\/flera-doda-och-skadade-nar-fyrverkerifabrik-exploderade.png","contentUrl":"https:\/\/lightweb.dev\/l\/svm-temp\/wp-content\/uploads\/2022\/06\/flera-doda-och-skadade-nar-fyrverkerifabrik-exploderade.png","width":356,"height":200},{"@type":"BreadcrumbList","@id":"https:\/\/lightweb.dev\/l\/svm-temp\/nyheter\/flera-doda-och-skadade-nar-fyrverkerifabrik-exploderade\/#breadcrumb","itemListElement":[{"@type":"ListItem","position":1,"name":"Hem","item":"https:\/\/lightweb.dev\/l\/svm-temp\/"},{"@type":"ListItem","position":2,"name":"Flera d\u00f6da och skadade n\u00e4r fyrverkerifabrik exploderade"}]},{"@type":"WebSite","@id":"https:\/\/lightweb.dev\/l\/svm-temp\/#website","url":"https:\/\/lightweb.dev\/l\/svm-temp\/","name":"Svenska Magasinet","description":"Dina Spanska nyheter p&aring; Svenska","publisher":{"@id":"https:\/\/lightweb.dev\/l\/svm-temp\/#organization"},"potentialAction":[{"@type":"SearchAction","target":{"@type":"EntryPoint","urlTemplate":"https:\/\/lightweb.dev\/l\/svm-temp\/?s={search_term_string}"},"query-input":{"@type":"PropertyValueSpecification","valueRequired":true,"valueName":"search_term_string"}}],"inLanguage":"sv-SE"},{"@type":"Organization","@id":"https:\/\/lightweb.dev\/l\/svm-temp\/#organization","name":"Melkerson y Nott SL","alternateName":"Svenska Magasinet","url":"https:\/\/lightweb.dev\/l\/svm-temp\/","logo":{"@type":"ImageObject","inLanguage":"sv-SE","@id":"https:\/\/lightweb.dev\/l\/svm-temp\/#\/schema\/logo\/image\/","url":"https:\/\/lightweb.dev\/l\/svm-temp\/wp-content\/uploads\/2025\/02\/SvM-logo-Xtra-Centrerad-SVART.png","contentUrl":"https:\/\/lightweb.dev\/l\/svm-temp\/wp-content\/uploads\/2025\/02\/SvM-logo-Xtra-Centrerad-SVART.png","width":300,"height":99,"caption":"Melkerson y Nott SL"},"image":{"@id":"https:\/\/lightweb.dev\/l\/svm-temp\/#\/schema\/logo\/image\/"},"sameAs":["https:\/\/www.facebook.com\/svenskamagasinet","https:\/\/x.com\/SvenskaMagasine"]},{"@type":"Person","@id":"https:\/\/lightweb.dev\/l\/svm-temp\/#\/schema\/person\/206a3bda5b607b0c25e1749191e4d837","name":"Redaktionen SvM","description":"Redaktionen","sameAs":["https:\/\/lightweb.dev\/l\/svm-temp"],"url":"https:\/\/lightweb.dev\/l\/svm-temp\/reporter\/redaktionen\/"}]}},"_links":{"self":[{"href":"https:\/\/lightweb.dev\/l\/svm-temp\/wp-json\/wp\/v2\/posts\/23688","targetHints":{"allow":["GET"]}}],"collection":[{"href":"https:\/\/lightweb.dev\/l\/svm-temp\/wp-json\/wp\/v2\/posts"}],"about":[{"href":"https:\/\/lightweb.dev\/l\/svm-temp\/wp-json\/wp\/v2\/types\/post"}],"author":[{"embeddable":true,"href":"https:\/\/lightweb.dev\/l\/svm-temp\/wp-json\/wp\/v2\/users\/8"}],"replies":[{"embeddable":true,"href":"https:\/\/lightweb.dev\/l\/svm-temp\/wp-json\/wp\/v2\/comments?post=23688"}],"version-history":[{"count":0,"href":"https:\/\/lightweb.dev\/l\/svm-temp\/wp-json\/wp\/v2\/posts\/23688\/revisions"}],"wp:featuredmedia":[{"embeddable":true,"href":"https:\/\/lightweb.dev\/l\/svm-temp\/wp-json\/wp\/v2\/media\/23689"}],"wp:attachment":[{"href":"https:\/\/lightweb.dev\/l\/svm-temp\/wp-json\/wp\/v2\/media?parent=23688"}],"wp:term":[{"taxonomy":"category","embeddable":true,"href":"https:\/\/lightweb.dev\/l\/svm-temp\/wp-json\/wp\/v2\/categories?post=23688"},{"taxonomy":"post_tag","embeddable":true,"href":"https:\/\/lightweb.dev\/l\/svm-temp\/wp-json\/wp\/v2\/tags?post=23688"}],"curies":[{"name":"wp","href":"https:\/\/api.w.org\/{rel}","templated":true}]}}