{"id":23694,"date":"2015-08-28T00:00:00","date_gmt":"2015-08-27T22:00:00","guid":{"rendered":"https:\/\/lightweb.dev\/l\/svm-temp\/nyheter\/fem-svagrar-har-anslutit-sig-till-is-tva-har-mist-livet\/"},"modified":"2015-08-28T00:00:00","modified_gmt":"2015-08-27T22:00:00","slug":"fem-svagrar-har-anslutit-sig-till-is-tva-har-mist-livet","status":"publish","type":"post","link":"https:\/\/lightweb.dev\/l\/svm-temp\/nyheter\/fem-svagrar-har-anslutit-sig-till-is-tva-har-mist-livet\/","title":{"rendered":"Fem sv\u00e5grar har anslutit sig till IS \u2013 tv\u00e5 har mist livet"},"content":{"rendered":"<p> Den marockanske medborgaren Abdeladim Achriaa som greps i Madridf\u00f6rorten San Mart\u00edn de la Vega i tisdags har h\u00e4ktats och har inga m\u00f6jligheter att bli fri mot borgen. Den 30-\u00e5rige mannen som \u00e4r gift och har tre barn ska enligt domaren Juan Pablo Gonz\u00e1lez vid en domstol i Madrid som handhar terrorbrott vara samordnare f\u00f6r en marockansk filial som rekryterat personer till att tj\u00e4nstg\u00f6ra f\u00f6r islamiska staten IS.<\/p>\n<p>Abdeladim har arbetat i ett callcenter i San Mart\u00edn de la Vega som har 19.000 inv\u00e5nare f\u00f6r bara 300 euro i m\u00e5naden. P\u00e5 sin fritid har han monterat upp parabolantenner f\u00f6r att tj\u00e4na extra. P\u00e5 grund av sin sv\u00e5ra familjesituation har han ocks\u00e5 f\u00e5tt ekonomiskt st\u00f6d fr\u00e5n staten.<\/p>\n<p>Inte mindre \u00e4n fem sv\u00e5grar till mannen har rest till Syrien och Irak f\u00f6r att krig med IS. Tv\u00e5 av dem har mist livet i strider, enligt spanska r\u00e4ttsliga k\u00e4llor. Det \u00e4r br\u00f6derna Abdessamad, Sadik, Abderrahman, Ismail och Abdelhak Azaoum.<\/p>\n<p>I polisf\u00f6rh\u00f6r har mannen nekat till anklagelserna och enligt f\u00f6rsvarsadvokaten s\u00e4ger han att \u201dislam inte \u00e4r v\u00e5ldsamt och inte d\u00f6dar br\u00f6der\u201d.<\/p>\n<p>I mannens bostad har polisen funnit material som kan kopplas till IS. Enligt domaren Juan Pablo Gonz\u00e1lez st\u00e5r Abdeladim Achriaa bakom Facebook-profilen \u201dsalami Jihadi\u201d som har profiler kopplade till IS. <\/p>\n","protected":false},"excerpt":{"rendered":"<p>Den marockanske medborgaren Abdeladim Achriaa som greps i Madridf\u00f6rorten San Mart\u00edn de la Vega i tisdags har h\u00e4ktats och har inga m\u00f6jligheter att bli fri mot borgen. Den 30-\u00e5rige mannen som \u00e4r gift och har tre barn ska enligt domaren Juan Pablo Gonz\u00e1lez vid en domstol i Madrid som handhar terrorbrott vara samordnare f\u00f6r en [&hellip;]<\/p>\n","protected":false},"author":8,"featured_media":23695,"comment_status":"open","ping_status":"open","sticky":false,"template":"","format":"standard","meta":{"_et_pb_use_builder":"","_et_pb_old_content":"","_et_gb_content_width":"","footnotes":""},"categories":[395,3],"tags":[],"class_list":["post-23694","post","type-post","status-publish","format-standard","has-post-thumbnail","hentry","category-arkiv-nyheter","category-nyheter"],"yoast_head":"<!-- This site is optimized with the Yoast SEO Premium plugin v26.2 (Yoast SEO v27.5) - https:\/\/yoast.com\/product\/yoast-seo-premium-wordpress\/ -->\n<title>Fem sv\u00e5grar har anslutit sig till IS \u2013 tv\u00e5 har mist livet - Svenska Magasinet<\/title>\n<meta name=\"robots\" content=\"noindex, follow, max-snippet:-1, max-image-preview:large, max-video-preview:-1\" \/>\n<meta property=\"og:locale\" content=\"sv_SE\" \/>\n<meta property=\"og:type\" content=\"article\" \/>\n<meta property=\"og:title\" content=\"Fem sv\u00e5grar har anslutit sig till IS \u2013 tv\u00e5 har mist livet\" \/>\n<meta property=\"og:description\" content=\"Den marockanske medborgaren Abdeladim Achriaa som greps i Madridf\u00f6rorten San Mart\u00edn de la Vega i tisdags har h\u00e4ktats och har inga m\u00f6jligheter att bli fri mot borgen. Den 30-\u00e5rige mannen som \u00e4r gift och har tre barn ska enligt domaren Juan Pablo Gonz\u00e1lez vid en domstol i Madrid som handhar terrorbrott vara samordnare f\u00f6r en [&hellip;]\" \/>\n<meta property=\"og:url\" content=\"https:\/\/lightweb.dev\/l\/svm-temp\/nyheter\/fem-svagrar-har-anslutit-sig-till-is-tva-har-mist-livet\/\" \/>\n<meta property=\"og:site_name\" content=\"Svenska Magasinet\" \/>\n<meta property=\"article:publisher\" content=\"https:\/\/www.facebook.com\/svenskamagasinet\" \/>\n<meta property=\"article:published_time\" content=\"2015-08-27T22:00:00+00:00\" \/>\n<meta property=\"og:image\" content=\"https:\/\/lightweb.dev\/l\/svm-temp\/wp-content\/uploads\/2022\/06\/fem-svagrar-har-anslutit-sig-till-is-tva-har-mist-livet.png\" \/>\n\t<meta property=\"og:image:width\" content=\"356\" \/>\n\t<meta property=\"og:image:height\" content=\"200\" \/>\n\t<meta property=\"og:image:type\" content=\"image\/png\" \/>\n<meta name=\"author\" content=\"Redaktionen SvM\" \/>\n<meta name=\"twitter:card\" content=\"summary_large_image\" \/>\n<meta name=\"twitter:creator\" content=\"@SvenskaMagasine\" \/>\n<meta name=\"twitter:site\" content=\"@SvenskaMagasine\" \/>\n<script type=\"application\/ld+json\" class=\"yoast-schema-graph\">{\"@context\":\"https:\\\/\\\/schema.org\",\"@graph\":[{\"@type\":\"Article\",\"@id\":\"https:\\\/\\\/lightweb.dev\\\/l\\\/svm-temp\\\/nyheter\\\/fem-svagrar-har-anslutit-sig-till-is-tva-har-mist-livet\\\/#article\",\"isPartOf\":{\"@id\":\"https:\\\/\\\/lightweb.dev\\\/l\\\/svm-temp\\\/nyheter\\\/fem-svagrar-har-anslutit-sig-till-is-tva-har-mist-livet\\\/\"},\"author\":{\"name\":\"Redaktionen SvM\",\"@id\":\"https:\\\/\\\/lightweb.dev\\\/l\\\/svm-temp\\\/#\\\/schema\\\/person\\\/206a3bda5b607b0c25e1749191e4d837\"},\"headline\":\"Fem sv\u00e5grar har anslutit sig till IS \u2013 tv\u00e5 har mist livet\",\"datePublished\":\"2015-08-27T22:00:00+00:00\",\"mainEntityOfPage\":{\"@id\":\"https:\\\/\\\/lightweb.dev\\\/l\\\/svm-temp\\\/nyheter\\\/fem-svagrar-har-anslutit-sig-till-is-tva-har-mist-livet\\\/\"},\"wordCount\":250,\"commentCount\":0,\"publisher\":{\"@id\":\"https:\\\/\\\/lightweb.dev\\\/l\\\/svm-temp\\\/#organization\"},\"image\":{\"@id\":\"https:\\\/\\\/lightweb.dev\\\/l\\\/svm-temp\\\/nyheter\\\/fem-svagrar-har-anslutit-sig-till-is-tva-har-mist-livet\\\/#primaryimage\"},\"thumbnailUrl\":\"https:\\\/\\\/lightweb.dev\\\/l\\\/svm-temp\\\/wp-content\\\/uploads\\\/2022\\\/06\\\/fem-svagrar-har-anslutit-sig-till-is-tva-har-mist-livet.png\",\"articleSection\":[\"Arkiv\",\"Nyheter\"],\"inLanguage\":\"sv-SE\"},{\"@type\":\"WebPage\",\"@id\":\"https:\\\/\\\/lightweb.dev\\\/l\\\/svm-temp\\\/nyheter\\\/fem-svagrar-har-anslutit-sig-till-is-tva-har-mist-livet\\\/\",\"url\":\"https:\\\/\\\/lightweb.dev\\\/l\\\/svm-temp\\\/nyheter\\\/fem-svagrar-har-anslutit-sig-till-is-tva-har-mist-livet\\\/\",\"name\":\"Fem sv\u00e5grar har anslutit sig till IS \u2013 tv\u00e5 har mist livet - Svenska Magasinet\",\"isPartOf\":{\"@id\":\"https:\\\/\\\/lightweb.dev\\\/l\\\/svm-temp\\\/#website\"},\"primaryImageOfPage\":{\"@id\":\"https:\\\/\\\/lightweb.dev\\\/l\\\/svm-temp\\\/nyheter\\\/fem-svagrar-har-anslutit-sig-till-is-tva-har-mist-livet\\\/#primaryimage\"},\"image\":{\"@id\":\"https:\\\/\\\/lightweb.dev\\\/l\\\/svm-temp\\\/nyheter\\\/fem-svagrar-har-anslutit-sig-till-is-tva-har-mist-livet\\\/#primaryimage\"},\"thumbnailUrl\":\"https:\\\/\\\/lightweb.dev\\\/l\\\/svm-temp\\\/wp-content\\\/uploads\\\/2022\\\/06\\\/fem-svagrar-har-anslutit-sig-till-is-tva-har-mist-livet.png\",\"datePublished\":\"2015-08-27T22:00:00+00:00\",\"breadcrumb\":{\"@id\":\"https:\\\/\\\/lightweb.dev\\\/l\\\/svm-temp\\\/nyheter\\\/fem-svagrar-har-anslutit-sig-till-is-tva-har-mist-livet\\\/#breadcrumb\"},\"inLanguage\":\"sv-SE\",\"potentialAction\":[{\"@type\":\"ReadAction\",\"target\":[\"https:\\\/\\\/lightweb.dev\\\/l\\\/svm-temp\\\/nyheter\\\/fem-svagrar-har-anslutit-sig-till-is-tva-har-mist-livet\\\/\"]}]},{\"@type\":\"ImageObject\",\"inLanguage\":\"sv-SE\",\"@id\":\"https:\\\/\\\/lightweb.dev\\\/l\\\/svm-temp\\\/nyheter\\\/fem-svagrar-har-anslutit-sig-till-is-tva-har-mist-livet\\\/#primaryimage\",\"url\":\"https:\\\/\\\/lightweb.dev\\\/l\\\/svm-temp\\\/wp-content\\\/uploads\\\/2022\\\/06\\\/fem-svagrar-har-anslutit-sig-till-is-tva-har-mist-livet.png\",\"contentUrl\":\"https:\\\/\\\/lightweb.dev\\\/l\\\/svm-temp\\\/wp-content\\\/uploads\\\/2022\\\/06\\\/fem-svagrar-har-anslutit-sig-till-is-tva-har-mist-livet.png\",\"width\":356,\"height\":200},{\"@type\":\"BreadcrumbList\",\"@id\":\"https:\\\/\\\/lightweb.dev\\\/l\\\/svm-temp\\\/nyheter\\\/fem-svagrar-har-anslutit-sig-till-is-tva-har-mist-livet\\\/#breadcrumb\",\"itemListElement\":[{\"@type\":\"ListItem\",\"position\":1,\"name\":\"Hem\",\"item\":\"https:\\\/\\\/lightweb.dev\\\/l\\\/svm-temp\\\/\"},{\"@type\":\"ListItem\",\"position\":2,\"name\":\"Fem sv\u00e5grar har anslutit sig till IS \u2013 tv\u00e5 har mist livet\"}]},{\"@type\":\"WebSite\",\"@id\":\"https:\\\/\\\/lightweb.dev\\\/l\\\/svm-temp\\\/#website\",\"url\":\"https:\\\/\\\/lightweb.dev\\\/l\\\/svm-temp\\\/\",\"name\":\"Svenska Magasinet\",\"description\":\"Dina Spanska nyheter p&aring; Svenska\",\"publisher\":{\"@id\":\"https:\\\/\\\/lightweb.dev\\\/l\\\/svm-temp\\\/#organization\"},\"potentialAction\":[{\"@type\":\"SearchAction\",\"target\":{\"@type\":\"EntryPoint\",\"urlTemplate\":\"https:\\\/\\\/lightweb.dev\\\/l\\\/svm-temp\\\/?s={search_term_string}\"},\"query-input\":{\"@type\":\"PropertyValueSpecification\",\"valueRequired\":true,\"valueName\":\"search_term_string\"}}],\"inLanguage\":\"sv-SE\"},{\"@type\":\"Organization\",\"@id\":\"https:\\\/\\\/lightweb.dev\\\/l\\\/svm-temp\\\/#organization\",\"name\":\"Melkerson y Nott SL\",\"alternateName\":\"Svenska Magasinet\",\"url\":\"https:\\\/\\\/lightweb.dev\\\/l\\\/svm-temp\\\/\",\"logo\":{\"@type\":\"ImageObject\",\"inLanguage\":\"sv-SE\",\"@id\":\"https:\\\/\\\/lightweb.dev\\\/l\\\/svm-temp\\\/#\\\/schema\\\/logo\\\/image\\\/\",\"url\":\"https:\\\/\\\/lightweb.dev\\\/l\\\/svm-temp\\\/wp-content\\\/uploads\\\/2025\\\/02\\\/SvM-logo-Xtra-Centrerad-SVART.png\",\"contentUrl\":\"https:\\\/\\\/lightweb.dev\\\/l\\\/svm-temp\\\/wp-content\\\/uploads\\\/2025\\\/02\\\/SvM-logo-Xtra-Centrerad-SVART.png\",\"width\":300,\"height\":99,\"caption\":\"Melkerson y Nott SL\"},\"image\":{\"@id\":\"https:\\\/\\\/lightweb.dev\\\/l\\\/svm-temp\\\/#\\\/schema\\\/logo\\\/image\\\/\"},\"sameAs\":[\"https:\\\/\\\/www.facebook.com\\\/svenskamagasinet\",\"https:\\\/\\\/x.com\\\/SvenskaMagasine\"]},{\"@type\":\"Person\",\"@id\":\"https:\\\/\\\/lightweb.dev\\\/l\\\/svm-temp\\\/#\\\/schema\\\/person\\\/206a3bda5b607b0c25e1749191e4d837\",\"name\":\"Redaktionen SvM\",\"description\":\"Redaktionen\",\"sameAs\":[\"https:\\\/\\\/lightweb.dev\\\/l\\\/svm-temp\"],\"url\":\"https:\\\/\\\/lightweb.dev\\\/l\\\/svm-temp\\\/reporter\\\/redaktionen\\\/\"}]}<\/script>\n<!-- \/ Yoast SEO Premium plugin. -->","yoast_head_json":{"title":"Fem sv\u00e5grar har anslutit sig till IS \u2013 tv\u00e5 har mist livet - Svenska Magasinet","robots":{"index":"noindex","follow":"follow","max-snippet":"max-snippet:-1","max-image-preview":"max-image-preview:large","max-video-preview":"max-video-preview:-1"},"og_locale":"sv_SE","og_type":"article","og_title":"Fem sv\u00e5grar har anslutit sig till IS \u2013 tv\u00e5 har mist livet","og_description":"Den marockanske medborgaren Abdeladim Achriaa som greps i Madridf\u00f6rorten San Mart\u00edn de la Vega i tisdags har h\u00e4ktats och har inga m\u00f6jligheter att bli fri mot borgen. Den 30-\u00e5rige mannen som \u00e4r gift och har tre barn ska enligt domaren Juan Pablo Gonz\u00e1lez vid en domstol i Madrid som handhar terrorbrott vara samordnare f\u00f6r en [&hellip;]","og_url":"https:\/\/lightweb.dev\/l\/svm-temp\/nyheter\/fem-svagrar-har-anslutit-sig-till-is-tva-har-mist-livet\/","og_site_name":"Svenska Magasinet","article_publisher":"https:\/\/www.facebook.com\/svenskamagasinet","article_published_time":"2015-08-27T22:00:00+00:00","og_image":[{"width":356,"height":200,"url":"https:\/\/lightweb.dev\/l\/svm-temp\/wp-content\/uploads\/2022\/06\/fem-svagrar-har-anslutit-sig-till-is-tva-har-mist-livet.png","type":"image\/png"}],"author":"Redaktionen SvM","twitter_card":"summary_large_image","twitter_creator":"@SvenskaMagasine","twitter_site":"@SvenskaMagasine","schema":{"@context":"https:\/\/schema.org","@graph":[{"@type":"Article","@id":"https:\/\/lightweb.dev\/l\/svm-temp\/nyheter\/fem-svagrar-har-anslutit-sig-till-is-tva-har-mist-livet\/#article","isPartOf":{"@id":"https:\/\/lightweb.dev\/l\/svm-temp\/nyheter\/fem-svagrar-har-anslutit-sig-till-is-tva-har-mist-livet\/"},"author":{"name":"Redaktionen SvM","@id":"https:\/\/lightweb.dev\/l\/svm-temp\/#\/schema\/person\/206a3bda5b607b0c25e1749191e4d837"},"headline":"Fem sv\u00e5grar har anslutit sig till IS \u2013 tv\u00e5 har mist livet","datePublished":"2015-08-27T22:00:00+00:00","mainEntityOfPage":{"@id":"https:\/\/lightweb.dev\/l\/svm-temp\/nyheter\/fem-svagrar-har-anslutit-sig-till-is-tva-har-mist-livet\/"},"wordCount":250,"commentCount":0,"publisher":{"@id":"https:\/\/lightweb.dev\/l\/svm-temp\/#organization"},"image":{"@id":"https:\/\/lightweb.dev\/l\/svm-temp\/nyheter\/fem-svagrar-har-anslutit-sig-till-is-tva-har-mist-livet\/#primaryimage"},"thumbnailUrl":"https:\/\/lightweb.dev\/l\/svm-temp\/wp-content\/uploads\/2022\/06\/fem-svagrar-har-anslutit-sig-till-is-tva-har-mist-livet.png","articleSection":["Arkiv","Nyheter"],"inLanguage":"sv-SE"},{"@type":"WebPage","@id":"https:\/\/lightweb.dev\/l\/svm-temp\/nyheter\/fem-svagrar-har-anslutit-sig-till-is-tva-har-mist-livet\/","url":"https:\/\/lightweb.dev\/l\/svm-temp\/nyheter\/fem-svagrar-har-anslutit-sig-till-is-tva-har-mist-livet\/","name":"Fem sv\u00e5grar har anslutit sig till IS \u2013 tv\u00e5 har mist livet - Svenska Magasinet","isPartOf":{"@id":"https:\/\/lightweb.dev\/l\/svm-temp\/#website"},"primaryImageOfPage":{"@id":"https:\/\/lightweb.dev\/l\/svm-temp\/nyheter\/fem-svagrar-har-anslutit-sig-till-is-tva-har-mist-livet\/#primaryimage"},"image":{"@id":"https:\/\/lightweb.dev\/l\/svm-temp\/nyheter\/fem-svagrar-har-anslutit-sig-till-is-tva-har-mist-livet\/#primaryimage"},"thumbnailUrl":"https:\/\/lightweb.dev\/l\/svm-temp\/wp-content\/uploads\/2022\/06\/fem-svagrar-har-anslutit-sig-till-is-tva-har-mist-livet.png","datePublished":"2015-08-27T22:00:00+00:00","breadcrumb":{"@id":"https:\/\/lightweb.dev\/l\/svm-temp\/nyheter\/fem-svagrar-har-anslutit-sig-till-is-tva-har-mist-livet\/#breadcrumb"},"inLanguage":"sv-SE","potentialAction":[{"@type":"ReadAction","target":["https:\/\/lightweb.dev\/l\/svm-temp\/nyheter\/fem-svagrar-har-anslutit-sig-till-is-tva-har-mist-livet\/"]}]},{"@type":"ImageObject","inLanguage":"sv-SE","@id":"https:\/\/lightweb.dev\/l\/svm-temp\/nyheter\/fem-svagrar-har-anslutit-sig-till-is-tva-har-mist-livet\/#primaryimage","url":"https:\/\/lightweb.dev\/l\/svm-temp\/wp-content\/uploads\/2022\/06\/fem-svagrar-har-anslutit-sig-till-is-tva-har-mist-livet.png","contentUrl":"https:\/\/lightweb.dev\/l\/svm-temp\/wp-content\/uploads\/2022\/06\/fem-svagrar-har-anslutit-sig-till-is-tva-har-mist-livet.png","width":356,"height":200},{"@type":"BreadcrumbList","@id":"https:\/\/lightweb.dev\/l\/svm-temp\/nyheter\/fem-svagrar-har-anslutit-sig-till-is-tva-har-mist-livet\/#breadcrumb","itemListElement":[{"@type":"ListItem","position":1,"name":"Hem","item":"https:\/\/lightweb.dev\/l\/svm-temp\/"},{"@type":"ListItem","position":2,"name":"Fem sv\u00e5grar har anslutit sig till IS \u2013 tv\u00e5 har mist livet"}]},{"@type":"WebSite","@id":"https:\/\/lightweb.dev\/l\/svm-temp\/#website","url":"https:\/\/lightweb.dev\/l\/svm-temp\/","name":"Svenska Magasinet","description":"Dina Spanska nyheter p&aring; Svenska","publisher":{"@id":"https:\/\/lightweb.dev\/l\/svm-temp\/#organization"},"potentialAction":[{"@type":"SearchAction","target":{"@type":"EntryPoint","urlTemplate":"https:\/\/lightweb.dev\/l\/svm-temp\/?s={search_term_string}"},"query-input":{"@type":"PropertyValueSpecification","valueRequired":true,"valueName":"search_term_string"}}],"inLanguage":"sv-SE"},{"@type":"Organization","@id":"https:\/\/lightweb.dev\/l\/svm-temp\/#organization","name":"Melkerson y Nott SL","alternateName":"Svenska Magasinet","url":"https:\/\/lightweb.dev\/l\/svm-temp\/","logo":{"@type":"ImageObject","inLanguage":"sv-SE","@id":"https:\/\/lightweb.dev\/l\/svm-temp\/#\/schema\/logo\/image\/","url":"https:\/\/lightweb.dev\/l\/svm-temp\/wp-content\/uploads\/2025\/02\/SvM-logo-Xtra-Centrerad-SVART.png","contentUrl":"https:\/\/lightweb.dev\/l\/svm-temp\/wp-content\/uploads\/2025\/02\/SvM-logo-Xtra-Centrerad-SVART.png","width":300,"height":99,"caption":"Melkerson y Nott SL"},"image":{"@id":"https:\/\/lightweb.dev\/l\/svm-temp\/#\/schema\/logo\/image\/"},"sameAs":["https:\/\/www.facebook.com\/svenskamagasinet","https:\/\/x.com\/SvenskaMagasine"]},{"@type":"Person","@id":"https:\/\/lightweb.dev\/l\/svm-temp\/#\/schema\/person\/206a3bda5b607b0c25e1749191e4d837","name":"Redaktionen SvM","description":"Redaktionen","sameAs":["https:\/\/lightweb.dev\/l\/svm-temp"],"url":"https:\/\/lightweb.dev\/l\/svm-temp\/reporter\/redaktionen\/"}]}},"_links":{"self":[{"href":"https:\/\/lightweb.dev\/l\/svm-temp\/wp-json\/wp\/v2\/posts\/23694","targetHints":{"allow":["GET"]}}],"collection":[{"href":"https:\/\/lightweb.dev\/l\/svm-temp\/wp-json\/wp\/v2\/posts"}],"about":[{"href":"https:\/\/lightweb.dev\/l\/svm-temp\/wp-json\/wp\/v2\/types\/post"}],"author":[{"embeddable":true,"href":"https:\/\/lightweb.dev\/l\/svm-temp\/wp-json\/wp\/v2\/users\/8"}],"replies":[{"embeddable":true,"href":"https:\/\/lightweb.dev\/l\/svm-temp\/wp-json\/wp\/v2\/comments?post=23694"}],"version-history":[{"count":0,"href":"https:\/\/lightweb.dev\/l\/svm-temp\/wp-json\/wp\/v2\/posts\/23694\/revisions"}],"wp:featuredmedia":[{"embeddable":true,"href":"https:\/\/lightweb.dev\/l\/svm-temp\/wp-json\/wp\/v2\/media\/23695"}],"wp:attachment":[{"href":"https:\/\/lightweb.dev\/l\/svm-temp\/wp-json\/wp\/v2\/media?parent=23694"}],"wp:term":[{"taxonomy":"category","embeddable":true,"href":"https:\/\/lightweb.dev\/l\/svm-temp\/wp-json\/wp\/v2\/categories?post=23694"},{"taxonomy":"post_tag","embeddable":true,"href":"https:\/\/lightweb.dev\/l\/svm-temp\/wp-json\/wp\/v2\/tags?post=23694"}],"curies":[{"name":"wp","href":"https:\/\/api.w.org\/{rel}","templated":true}]}}