{"id":23700,"date":"2015-08-27T00:00:00","date_gmt":"2015-08-26T22:00:00","guid":{"rendered":"https:\/\/lightweb.dev\/l\/svm-temp\/nyheter\/terrorhot-och-invandringskris-diskuteras-vid-tva-kommande-moten\/"},"modified":"2015-08-27T00:00:00","modified_gmt":"2015-08-26T22:00:00","slug":"terrorhot-och-invandringskris-diskuteras-vid-tva-kommande-moten","status":"publish","type":"post","link":"https:\/\/lightweb.dev\/l\/svm-temp\/nyheter\/terrorhot-och-invandringskris-diskuteras-vid-tva-kommande-moten\/","title":{"rendered":"Terrorhot och invandringskris diskuteras vid tv\u00e5 kommande m\u00f6ten"},"content":{"rendered":"<p> Under 72 timmar kommer Spanien inrikesminister Jorge Fern\u00e1ndez D\u00edaz medverka vid tv\u00e5 m\u00f6ten i Frankrike och Marocko d\u00e4r terrorhotet och den illegala invandringen kommer diskuteras. Det meddelar inrikesdepartementet i ett pressmeddelande.<\/p>\n<p>Till m\u00f6tet i Frankrike f\u00f6ljer Spaniens Utvecklingsminister Ana Pastor och till m\u00f6tet i Marocko medverkar f\u00f6rsvarsminister Pedro Moren\u00e9s.<\/p>\n<p>Det f\u00f6rsta m\u00f6tet blir p\u00e5 l\u00f6rdag i Paris, ett m\u00f6te som den franske inrikesministern Bernard Cazeneuve \u00e4r initiativtagare till. M\u00f6tet kommer att handla om gr\u00e4ns\u00f6verskridande samarbetet mot terrorism och hur s\u00e4kerheten p\u00e5 Europas j\u00e4rnv\u00e4gsn\u00e4t kan ut\u00f6kas.<\/p>\n<p>Nio l\u00e4nder deltar vid m\u00f6tet i Paris som kommer efter det misslyckade attentatet i Frankrike ombord p\u00e5 h\u00f6ghastighetst\u00e5g Thalys mellan Paris och Amsterdam.<\/p>\n<p>P\u00e5 m\u00e5ndag reser inrikesminister Fern\u00e1ndez D\u00edaz till Rabat tillsammans med f\u00f6rsvarsministern Pedro Moren\u00e9s f\u00f6r ett m\u00f6te med sina marockanska motparter f\u00f6r att ta itu med de risker och terrorhot som f\u00f6ljer med jihadism och illegal invandring.<\/p>\n<p>Enligt k\u00e4llor i inrikesdepartementet \u00e4r detta tv\u00e5 mycket aktuella fr\u00e5gor som direkt ber\u00f6r l\u00e4nderna p\u00e5 b\u00e5da sidor om Gibraltar sund och speciellt nu n\u00e4r vi ser en allvarlig migrationskris i Medelhavet. <\/p>\n","protected":false},"excerpt":{"rendered":"<p>Under 72 timmar kommer Spanien inrikesminister Jorge Fern\u00e1ndez D\u00edaz medverka vid tv\u00e5 m\u00f6ten i Frankrike och Marocko d\u00e4r terrorhotet och den illegala invandringen kommer diskuteras. Det meddelar inrikesdepartementet i ett pressmeddelande. Till m\u00f6tet i Frankrike f\u00f6ljer Spaniens Utvecklingsminister Ana Pastor och till m\u00f6tet i Marocko medverkar f\u00f6rsvarsminister Pedro Moren\u00e9s. Det f\u00f6rsta m\u00f6tet blir p\u00e5 l\u00f6rdag [&hellip;]<\/p>\n","protected":false},"author":8,"featured_media":23701,"comment_status":"open","ping_status":"open","sticky":false,"template":"","format":"standard","meta":{"_et_pb_use_builder":"","_et_pb_old_content":"","_et_gb_content_width":"","footnotes":""},"categories":[395,3],"tags":[],"class_list":["post-23700","post","type-post","status-publish","format-standard","has-post-thumbnail","hentry","category-arkiv-nyheter","category-nyheter"],"yoast_head":"<!-- This site is optimized with the Yoast SEO Premium plugin v26.2 (Yoast SEO v27.5) - https:\/\/yoast.com\/product\/yoast-seo-premium-wordpress\/ -->\n<title>Terrorhot och invandringskris diskuteras vid tv\u00e5 kommande m\u00f6ten - Svenska Magasinet<\/title>\n<meta name=\"robots\" content=\"noindex, follow, max-snippet:-1, max-image-preview:large, max-video-preview:-1\" \/>\n<meta property=\"og:locale\" content=\"sv_SE\" \/>\n<meta property=\"og:type\" content=\"article\" \/>\n<meta property=\"og:title\" content=\"Terrorhot och invandringskris diskuteras vid tv\u00e5 kommande m\u00f6ten\" \/>\n<meta property=\"og:description\" content=\"Under 72 timmar kommer Spanien inrikesminister Jorge Fern\u00e1ndez D\u00edaz medverka vid tv\u00e5 m\u00f6ten i Frankrike och Marocko d\u00e4r terrorhotet och den illegala invandringen kommer diskuteras. Det meddelar inrikesdepartementet i ett pressmeddelande. Till m\u00f6tet i Frankrike f\u00f6ljer Spaniens Utvecklingsminister Ana Pastor och till m\u00f6tet i Marocko medverkar f\u00f6rsvarsminister Pedro Moren\u00e9s. Det f\u00f6rsta m\u00f6tet blir p\u00e5 l\u00f6rdag [&hellip;]\" \/>\n<meta property=\"og:url\" content=\"https:\/\/lightweb.dev\/l\/svm-temp\/nyheter\/terrorhot-och-invandringskris-diskuteras-vid-tva-kommande-moten\/\" \/>\n<meta property=\"og:site_name\" content=\"Svenska Magasinet\" \/>\n<meta property=\"article:publisher\" content=\"https:\/\/www.facebook.com\/svenskamagasinet\" \/>\n<meta property=\"article:published_time\" content=\"2015-08-26T22:00:00+00:00\" \/>\n<meta property=\"og:image\" content=\"https:\/\/lightweb.dev\/l\/svm-temp\/wp-content\/uploads\/2022\/06\/terrorhot-och-invandringskris-diskuteras-vid-tva-kommande-moten.png\" \/>\n\t<meta property=\"og:image:width\" content=\"356\" \/>\n\t<meta property=\"og:image:height\" content=\"200\" \/>\n\t<meta property=\"og:image:type\" content=\"image\/png\" \/>\n<meta name=\"author\" content=\"Redaktionen SvM\" \/>\n<meta name=\"twitter:card\" content=\"summary_large_image\" \/>\n<meta name=\"twitter:creator\" content=\"@SvenskaMagasine\" \/>\n<meta name=\"twitter:site\" content=\"@SvenskaMagasine\" \/>\n<script type=\"application\/ld+json\" class=\"yoast-schema-graph\">{\"@context\":\"https:\\\/\\\/schema.org\",\"@graph\":[{\"@type\":\"Article\",\"@id\":\"https:\\\/\\\/lightweb.dev\\\/l\\\/svm-temp\\\/nyheter\\\/terrorhot-och-invandringskris-diskuteras-vid-tva-kommande-moten\\\/#article\",\"isPartOf\":{\"@id\":\"https:\\\/\\\/lightweb.dev\\\/l\\\/svm-temp\\\/nyheter\\\/terrorhot-och-invandringskris-diskuteras-vid-tva-kommande-moten\\\/\"},\"author\":{\"name\":\"Redaktionen SvM\",\"@id\":\"https:\\\/\\\/lightweb.dev\\\/l\\\/svm-temp\\\/#\\\/schema\\\/person\\\/206a3bda5b607b0c25e1749191e4d837\"},\"headline\":\"Terrorhot och invandringskris diskuteras vid tv\u00e5 kommande m\u00f6ten\",\"datePublished\":\"2015-08-26T22:00:00+00:00\",\"mainEntityOfPage\":{\"@id\":\"https:\\\/\\\/lightweb.dev\\\/l\\\/svm-temp\\\/nyheter\\\/terrorhot-och-invandringskris-diskuteras-vid-tva-kommande-moten\\\/\"},\"wordCount\":223,\"commentCount\":0,\"publisher\":{\"@id\":\"https:\\\/\\\/lightweb.dev\\\/l\\\/svm-temp\\\/#organization\"},\"image\":{\"@id\":\"https:\\\/\\\/lightweb.dev\\\/l\\\/svm-temp\\\/nyheter\\\/terrorhot-och-invandringskris-diskuteras-vid-tva-kommande-moten\\\/#primaryimage\"},\"thumbnailUrl\":\"https:\\\/\\\/lightweb.dev\\\/l\\\/svm-temp\\\/wp-content\\\/uploads\\\/2022\\\/06\\\/terrorhot-och-invandringskris-diskuteras-vid-tva-kommande-moten.png\",\"articleSection\":[\"Arkiv\",\"Nyheter\"],\"inLanguage\":\"sv-SE\"},{\"@type\":\"WebPage\",\"@id\":\"https:\\\/\\\/lightweb.dev\\\/l\\\/svm-temp\\\/nyheter\\\/terrorhot-och-invandringskris-diskuteras-vid-tva-kommande-moten\\\/\",\"url\":\"https:\\\/\\\/lightweb.dev\\\/l\\\/svm-temp\\\/nyheter\\\/terrorhot-och-invandringskris-diskuteras-vid-tva-kommande-moten\\\/\",\"name\":\"Terrorhot och invandringskris diskuteras vid tv\u00e5 kommande m\u00f6ten - Svenska Magasinet\",\"isPartOf\":{\"@id\":\"https:\\\/\\\/lightweb.dev\\\/l\\\/svm-temp\\\/#website\"},\"primaryImageOfPage\":{\"@id\":\"https:\\\/\\\/lightweb.dev\\\/l\\\/svm-temp\\\/nyheter\\\/terrorhot-och-invandringskris-diskuteras-vid-tva-kommande-moten\\\/#primaryimage\"},\"image\":{\"@id\":\"https:\\\/\\\/lightweb.dev\\\/l\\\/svm-temp\\\/nyheter\\\/terrorhot-och-invandringskris-diskuteras-vid-tva-kommande-moten\\\/#primaryimage\"},\"thumbnailUrl\":\"https:\\\/\\\/lightweb.dev\\\/l\\\/svm-temp\\\/wp-content\\\/uploads\\\/2022\\\/06\\\/terrorhot-och-invandringskris-diskuteras-vid-tva-kommande-moten.png\",\"datePublished\":\"2015-08-26T22:00:00+00:00\",\"breadcrumb\":{\"@id\":\"https:\\\/\\\/lightweb.dev\\\/l\\\/svm-temp\\\/nyheter\\\/terrorhot-och-invandringskris-diskuteras-vid-tva-kommande-moten\\\/#breadcrumb\"},\"inLanguage\":\"sv-SE\",\"potentialAction\":[{\"@type\":\"ReadAction\",\"target\":[\"https:\\\/\\\/lightweb.dev\\\/l\\\/svm-temp\\\/nyheter\\\/terrorhot-och-invandringskris-diskuteras-vid-tva-kommande-moten\\\/\"]}]},{\"@type\":\"ImageObject\",\"inLanguage\":\"sv-SE\",\"@id\":\"https:\\\/\\\/lightweb.dev\\\/l\\\/svm-temp\\\/nyheter\\\/terrorhot-och-invandringskris-diskuteras-vid-tva-kommande-moten\\\/#primaryimage\",\"url\":\"https:\\\/\\\/lightweb.dev\\\/l\\\/svm-temp\\\/wp-content\\\/uploads\\\/2022\\\/06\\\/terrorhot-och-invandringskris-diskuteras-vid-tva-kommande-moten.png\",\"contentUrl\":\"https:\\\/\\\/lightweb.dev\\\/l\\\/svm-temp\\\/wp-content\\\/uploads\\\/2022\\\/06\\\/terrorhot-och-invandringskris-diskuteras-vid-tva-kommande-moten.png\",\"width\":356,\"height\":200},{\"@type\":\"BreadcrumbList\",\"@id\":\"https:\\\/\\\/lightweb.dev\\\/l\\\/svm-temp\\\/nyheter\\\/terrorhot-och-invandringskris-diskuteras-vid-tva-kommande-moten\\\/#breadcrumb\",\"itemListElement\":[{\"@type\":\"ListItem\",\"position\":1,\"name\":\"Hem\",\"item\":\"https:\\\/\\\/lightweb.dev\\\/l\\\/svm-temp\\\/\"},{\"@type\":\"ListItem\",\"position\":2,\"name\":\"Terrorhot och invandringskris diskuteras vid tv\u00e5 kommande m\u00f6ten\"}]},{\"@type\":\"WebSite\",\"@id\":\"https:\\\/\\\/lightweb.dev\\\/l\\\/svm-temp\\\/#website\",\"url\":\"https:\\\/\\\/lightweb.dev\\\/l\\\/svm-temp\\\/\",\"name\":\"Svenska Magasinet\",\"description\":\"Dina Spanska nyheter p&aring; Svenska\",\"publisher\":{\"@id\":\"https:\\\/\\\/lightweb.dev\\\/l\\\/svm-temp\\\/#organization\"},\"potentialAction\":[{\"@type\":\"SearchAction\",\"target\":{\"@type\":\"EntryPoint\",\"urlTemplate\":\"https:\\\/\\\/lightweb.dev\\\/l\\\/svm-temp\\\/?s={search_term_string}\"},\"query-input\":{\"@type\":\"PropertyValueSpecification\",\"valueRequired\":true,\"valueName\":\"search_term_string\"}}],\"inLanguage\":\"sv-SE\"},{\"@type\":\"Organization\",\"@id\":\"https:\\\/\\\/lightweb.dev\\\/l\\\/svm-temp\\\/#organization\",\"name\":\"Melkerson y Nott SL\",\"alternateName\":\"Svenska Magasinet\",\"url\":\"https:\\\/\\\/lightweb.dev\\\/l\\\/svm-temp\\\/\",\"logo\":{\"@type\":\"ImageObject\",\"inLanguage\":\"sv-SE\",\"@id\":\"https:\\\/\\\/lightweb.dev\\\/l\\\/svm-temp\\\/#\\\/schema\\\/logo\\\/image\\\/\",\"url\":\"https:\\\/\\\/lightweb.dev\\\/l\\\/svm-temp\\\/wp-content\\\/uploads\\\/2025\\\/02\\\/SvM-logo-Xtra-Centrerad-SVART.png\",\"contentUrl\":\"https:\\\/\\\/lightweb.dev\\\/l\\\/svm-temp\\\/wp-content\\\/uploads\\\/2025\\\/02\\\/SvM-logo-Xtra-Centrerad-SVART.png\",\"width\":300,\"height\":99,\"caption\":\"Melkerson y Nott SL\"},\"image\":{\"@id\":\"https:\\\/\\\/lightweb.dev\\\/l\\\/svm-temp\\\/#\\\/schema\\\/logo\\\/image\\\/\"},\"sameAs\":[\"https:\\\/\\\/www.facebook.com\\\/svenskamagasinet\",\"https:\\\/\\\/x.com\\\/SvenskaMagasine\"]},{\"@type\":\"Person\",\"@id\":\"https:\\\/\\\/lightweb.dev\\\/l\\\/svm-temp\\\/#\\\/schema\\\/person\\\/206a3bda5b607b0c25e1749191e4d837\",\"name\":\"Redaktionen SvM\",\"description\":\"Redaktionen\",\"sameAs\":[\"https:\\\/\\\/lightweb.dev\\\/l\\\/svm-temp\"],\"url\":\"https:\\\/\\\/lightweb.dev\\\/l\\\/svm-temp\\\/reporter\\\/redaktionen\\\/\"}]}<\/script>\n<!-- \/ Yoast SEO Premium plugin. -->","yoast_head_json":{"title":"Terrorhot och invandringskris diskuteras vid tv\u00e5 kommande m\u00f6ten - Svenska Magasinet","robots":{"index":"noindex","follow":"follow","max-snippet":"max-snippet:-1","max-image-preview":"max-image-preview:large","max-video-preview":"max-video-preview:-1"},"og_locale":"sv_SE","og_type":"article","og_title":"Terrorhot och invandringskris diskuteras vid tv\u00e5 kommande m\u00f6ten","og_description":"Under 72 timmar kommer Spanien inrikesminister Jorge Fern\u00e1ndez D\u00edaz medverka vid tv\u00e5 m\u00f6ten i Frankrike och Marocko d\u00e4r terrorhotet och den illegala invandringen kommer diskuteras. Det meddelar inrikesdepartementet i ett pressmeddelande. Till m\u00f6tet i Frankrike f\u00f6ljer Spaniens Utvecklingsminister Ana Pastor och till m\u00f6tet i Marocko medverkar f\u00f6rsvarsminister Pedro Moren\u00e9s. Det f\u00f6rsta m\u00f6tet blir p\u00e5 l\u00f6rdag [&hellip;]","og_url":"https:\/\/lightweb.dev\/l\/svm-temp\/nyheter\/terrorhot-och-invandringskris-diskuteras-vid-tva-kommande-moten\/","og_site_name":"Svenska Magasinet","article_publisher":"https:\/\/www.facebook.com\/svenskamagasinet","article_published_time":"2015-08-26T22:00:00+00:00","og_image":[{"width":356,"height":200,"url":"https:\/\/lightweb.dev\/l\/svm-temp\/wp-content\/uploads\/2022\/06\/terrorhot-och-invandringskris-diskuteras-vid-tva-kommande-moten.png","type":"image\/png"}],"author":"Redaktionen SvM","twitter_card":"summary_large_image","twitter_creator":"@SvenskaMagasine","twitter_site":"@SvenskaMagasine","schema":{"@context":"https:\/\/schema.org","@graph":[{"@type":"Article","@id":"https:\/\/lightweb.dev\/l\/svm-temp\/nyheter\/terrorhot-och-invandringskris-diskuteras-vid-tva-kommande-moten\/#article","isPartOf":{"@id":"https:\/\/lightweb.dev\/l\/svm-temp\/nyheter\/terrorhot-och-invandringskris-diskuteras-vid-tva-kommande-moten\/"},"author":{"name":"Redaktionen SvM","@id":"https:\/\/lightweb.dev\/l\/svm-temp\/#\/schema\/person\/206a3bda5b607b0c25e1749191e4d837"},"headline":"Terrorhot och invandringskris diskuteras vid tv\u00e5 kommande m\u00f6ten","datePublished":"2015-08-26T22:00:00+00:00","mainEntityOfPage":{"@id":"https:\/\/lightweb.dev\/l\/svm-temp\/nyheter\/terrorhot-och-invandringskris-diskuteras-vid-tva-kommande-moten\/"},"wordCount":223,"commentCount":0,"publisher":{"@id":"https:\/\/lightweb.dev\/l\/svm-temp\/#organization"},"image":{"@id":"https:\/\/lightweb.dev\/l\/svm-temp\/nyheter\/terrorhot-och-invandringskris-diskuteras-vid-tva-kommande-moten\/#primaryimage"},"thumbnailUrl":"https:\/\/lightweb.dev\/l\/svm-temp\/wp-content\/uploads\/2022\/06\/terrorhot-och-invandringskris-diskuteras-vid-tva-kommande-moten.png","articleSection":["Arkiv","Nyheter"],"inLanguage":"sv-SE"},{"@type":"WebPage","@id":"https:\/\/lightweb.dev\/l\/svm-temp\/nyheter\/terrorhot-och-invandringskris-diskuteras-vid-tva-kommande-moten\/","url":"https:\/\/lightweb.dev\/l\/svm-temp\/nyheter\/terrorhot-och-invandringskris-diskuteras-vid-tva-kommande-moten\/","name":"Terrorhot och invandringskris diskuteras vid tv\u00e5 kommande m\u00f6ten - Svenska Magasinet","isPartOf":{"@id":"https:\/\/lightweb.dev\/l\/svm-temp\/#website"},"primaryImageOfPage":{"@id":"https:\/\/lightweb.dev\/l\/svm-temp\/nyheter\/terrorhot-och-invandringskris-diskuteras-vid-tva-kommande-moten\/#primaryimage"},"image":{"@id":"https:\/\/lightweb.dev\/l\/svm-temp\/nyheter\/terrorhot-och-invandringskris-diskuteras-vid-tva-kommande-moten\/#primaryimage"},"thumbnailUrl":"https:\/\/lightweb.dev\/l\/svm-temp\/wp-content\/uploads\/2022\/06\/terrorhot-och-invandringskris-diskuteras-vid-tva-kommande-moten.png","datePublished":"2015-08-26T22:00:00+00:00","breadcrumb":{"@id":"https:\/\/lightweb.dev\/l\/svm-temp\/nyheter\/terrorhot-och-invandringskris-diskuteras-vid-tva-kommande-moten\/#breadcrumb"},"inLanguage":"sv-SE","potentialAction":[{"@type":"ReadAction","target":["https:\/\/lightweb.dev\/l\/svm-temp\/nyheter\/terrorhot-och-invandringskris-diskuteras-vid-tva-kommande-moten\/"]}]},{"@type":"ImageObject","inLanguage":"sv-SE","@id":"https:\/\/lightweb.dev\/l\/svm-temp\/nyheter\/terrorhot-och-invandringskris-diskuteras-vid-tva-kommande-moten\/#primaryimage","url":"https:\/\/lightweb.dev\/l\/svm-temp\/wp-content\/uploads\/2022\/06\/terrorhot-och-invandringskris-diskuteras-vid-tva-kommande-moten.png","contentUrl":"https:\/\/lightweb.dev\/l\/svm-temp\/wp-content\/uploads\/2022\/06\/terrorhot-och-invandringskris-diskuteras-vid-tva-kommande-moten.png","width":356,"height":200},{"@type":"BreadcrumbList","@id":"https:\/\/lightweb.dev\/l\/svm-temp\/nyheter\/terrorhot-och-invandringskris-diskuteras-vid-tva-kommande-moten\/#breadcrumb","itemListElement":[{"@type":"ListItem","position":1,"name":"Hem","item":"https:\/\/lightweb.dev\/l\/svm-temp\/"},{"@type":"ListItem","position":2,"name":"Terrorhot och invandringskris diskuteras vid tv\u00e5 kommande m\u00f6ten"}]},{"@type":"WebSite","@id":"https:\/\/lightweb.dev\/l\/svm-temp\/#website","url":"https:\/\/lightweb.dev\/l\/svm-temp\/","name":"Svenska Magasinet","description":"Dina Spanska nyheter p&aring; Svenska","publisher":{"@id":"https:\/\/lightweb.dev\/l\/svm-temp\/#organization"},"potentialAction":[{"@type":"SearchAction","target":{"@type":"EntryPoint","urlTemplate":"https:\/\/lightweb.dev\/l\/svm-temp\/?s={search_term_string}"},"query-input":{"@type":"PropertyValueSpecification","valueRequired":true,"valueName":"search_term_string"}}],"inLanguage":"sv-SE"},{"@type":"Organization","@id":"https:\/\/lightweb.dev\/l\/svm-temp\/#organization","name":"Melkerson y Nott SL","alternateName":"Svenska Magasinet","url":"https:\/\/lightweb.dev\/l\/svm-temp\/","logo":{"@type":"ImageObject","inLanguage":"sv-SE","@id":"https:\/\/lightweb.dev\/l\/svm-temp\/#\/schema\/logo\/image\/","url":"https:\/\/lightweb.dev\/l\/svm-temp\/wp-content\/uploads\/2025\/02\/SvM-logo-Xtra-Centrerad-SVART.png","contentUrl":"https:\/\/lightweb.dev\/l\/svm-temp\/wp-content\/uploads\/2025\/02\/SvM-logo-Xtra-Centrerad-SVART.png","width":300,"height":99,"caption":"Melkerson y Nott SL"},"image":{"@id":"https:\/\/lightweb.dev\/l\/svm-temp\/#\/schema\/logo\/image\/"},"sameAs":["https:\/\/www.facebook.com\/svenskamagasinet","https:\/\/x.com\/SvenskaMagasine"]},{"@type":"Person","@id":"https:\/\/lightweb.dev\/l\/svm-temp\/#\/schema\/person\/206a3bda5b607b0c25e1749191e4d837","name":"Redaktionen SvM","description":"Redaktionen","sameAs":["https:\/\/lightweb.dev\/l\/svm-temp"],"url":"https:\/\/lightweb.dev\/l\/svm-temp\/reporter\/redaktionen\/"}]}},"_links":{"self":[{"href":"https:\/\/lightweb.dev\/l\/svm-temp\/wp-json\/wp\/v2\/posts\/23700","targetHints":{"allow":["GET"]}}],"collection":[{"href":"https:\/\/lightweb.dev\/l\/svm-temp\/wp-json\/wp\/v2\/posts"}],"about":[{"href":"https:\/\/lightweb.dev\/l\/svm-temp\/wp-json\/wp\/v2\/types\/post"}],"author":[{"embeddable":true,"href":"https:\/\/lightweb.dev\/l\/svm-temp\/wp-json\/wp\/v2\/users\/8"}],"replies":[{"embeddable":true,"href":"https:\/\/lightweb.dev\/l\/svm-temp\/wp-json\/wp\/v2\/comments?post=23700"}],"version-history":[{"count":0,"href":"https:\/\/lightweb.dev\/l\/svm-temp\/wp-json\/wp\/v2\/posts\/23700\/revisions"}],"wp:featuredmedia":[{"embeddable":true,"href":"https:\/\/lightweb.dev\/l\/svm-temp\/wp-json\/wp\/v2\/media\/23701"}],"wp:attachment":[{"href":"https:\/\/lightweb.dev\/l\/svm-temp\/wp-json\/wp\/v2\/media?parent=23700"}],"wp:term":[{"taxonomy":"category","embeddable":true,"href":"https:\/\/lightweb.dev\/l\/svm-temp\/wp-json\/wp\/v2\/categories?post=23700"},{"taxonomy":"post_tag","embeddable":true,"href":"https:\/\/lightweb.dev\/l\/svm-temp\/wp-json\/wp\/v2\/tags?post=23700"}],"curies":[{"name":"wp","href":"https:\/\/api.w.org\/{rel}","templated":true}]}}