{"id":23704,"date":"2015-08-27T00:00:00","date_gmt":"2015-08-26T22:00:00","guid":{"rendered":"https:\/\/lightweb.dev\/l\/svm-temp\/nyheter\/barnen-till-omkomna-mamman-fortsatt-pa-sjukhus-i-madrid\/"},"modified":"2015-08-27T00:00:00","modified_gmt":"2015-08-26T22:00:00","slug":"barnen-till-omkomna-mamman-fortsatt-pa-sjukhus-i-madrid","status":"publish","type":"post","link":"https:\/\/lightweb.dev\/l\/svm-temp\/nyheter\/barnen-till-omkomna-mamman-fortsatt-pa-sjukhus-i-madrid\/","title":{"rendered":"Barnen till omkomna mamman fortsatt p\u00e5 sjukhus i Madrid"},"content":{"rendered":"<p> Barnen till den omkomna 51-\u00e5riga mamman, samtliga bosatta i s\u00f6dra Sverige, som frontalkrockade i Madrid tidigt i s\u00f6ndags morse v\u00e5rdas \u00e4nnu p\u00e5 ett sjukhus i Madrid. Enligt uppgifter i spanska medier hade mamman tillsammans med sina tre barn varit p\u00e5 semester i Nordafrika varifr\u00e5n de kommer och var p\u00e5 v\u00e4g tillbaka till Sverige. Av Ola Josefsson<\/p>\n<p>&#8211; Vi kan bekr\u00e4fta att barnen v\u00e5rdas p\u00e5 sjukhus i Madrid och deras tillst\u00e5nd uppges vara stabilt. Familjens anh\u00f6riga \u00e4r underr\u00e4ttade, s\u00e4ger Johan Tegel vid UD:s pressjour till Svenska Magasinet.<\/p>\n<p>Som Svenska Magasinet ber\u00e4ttade i m\u00e5ndags intr\u00e4ffade den v\u00e5ldsamma frontalkollisionen strax efter klockan 7 p\u00e5 s\u00f6ndagsmorgonen utmed A-4:an i j\u00e4mnh\u00f6jd med Pinto s\u00f6der om Madrid.<\/p>\n<p>En 30-\u00e5rig rum\u00e4nsk medborgare hade l\u00e5nat en Renault Laguna av en person bosatt i Madridf\u00f6rorten Getafe. Mannen som beskrivs som en sj\u00e4lvmordsf\u00f6rare k\u00f6rde mot trafiken under fem kilometer och kraschade med familjen, bosatt i s\u00f6dra Sverige.<\/p>\n<p>\u201dMannen verkade totalt f\u00f6rvirrad och k\u00f6rde p\u00e5 mittlinjen mellan de tv\u00e5 k\u00f6rf\u00e4lten utan att byta k\u00f6rfil\u201d s\u00e4ger \u00f6gonvittnet Santiago Peloche till dagstidningen El Mundo.<br \/>\n\u201dJag fick m\u00f6te med sj\u00e4lvmordsf\u00f6raren bara n\u00e5gra sekunder tidigare och t\u00e4nkte; att snart s\u00e5 sm\u00e4ller det\u201d.<\/p>\n<p>Den 30-\u00e5rige mannen satt sv\u00e5rt inkl\u00e4md i den kraschade bilen och avled p\u00e5 platsen. Genom att r\u00e4ddningstj\u00e4nsten hittade mannens rum\u00e4nska k\u00f6rkort i kl\u00e4derna kunde han identifieras.<\/p>\n<p>F\u00f6rutom 30-\u00e5ringen avled senare mamman av sv\u00e5ra skallskador p\u00e5 Universitetssjukhuset i Getafe. Kvinnans tv\u00e5 d\u00f6ttrar, 26 och 13 \u00e5r, samt sonen, 22 \u00e5r, v\u00e5rdas p\u00e5 Universitetssjukhuset 12 Oktober i Madrid.<\/p>\n<p>Guardia Civil har tillsatt en utredning kring h\u00e4ndelsen. Med hj\u00e4lp av filmer fr\u00e5n v\u00e4gkameror har man en bra bild \u00f6ver h\u00e4ndelsef\u00f6rloppet och hur l\u00e4nge mannen k\u00f6rde mot trafiken.<\/p>\n<p>(Foto: Comunidad de Madrid)<\/p>\n<p>Misst\u00e4nkt sj\u00e4lvmordsf\u00f6rare kraschade med svensk familj i Madrid \u2013 tv\u00e5 d\u00f6da<\/p>\n","protected":false},"excerpt":{"rendered":"<p>Barnen till den omkomna 51-\u00e5riga mamman, samtliga bosatta i s\u00f6dra Sverige, som frontalkrockade i Madrid tidigt i s\u00f6ndags morse v\u00e5rdas \u00e4nnu p\u00e5 ett sjukhus i Madrid. Enligt uppgifter i spanska medier hade mamman tillsammans med sina tre barn varit p\u00e5 semester i Nordafrika varifr\u00e5n de kommer och var p\u00e5 v\u00e4g tillbaka till Sverige. Av Ola [&hellip;]<\/p>\n","protected":false},"author":8,"featured_media":23705,"comment_status":"open","ping_status":"open","sticky":false,"template":"","format":"standard","meta":{"_et_pb_use_builder":"","_et_pb_old_content":"","_et_gb_content_width":"","footnotes":""},"categories":[395,3],"tags":[],"class_list":["post-23704","post","type-post","status-publish","format-standard","has-post-thumbnail","hentry","category-arkiv-nyheter","category-nyheter"],"yoast_head":"<!-- This site is optimized with the Yoast SEO Premium plugin v26.2 (Yoast SEO v27.5) - https:\/\/yoast.com\/product\/yoast-seo-premium-wordpress\/ -->\n<title>Barnen till omkomna mamman fortsatt p\u00e5 sjukhus i Madrid - Svenska Magasinet<\/title>\n<meta name=\"robots\" content=\"noindex, follow, max-snippet:-1, max-image-preview:large, max-video-preview:-1\" \/>\n<meta property=\"og:locale\" content=\"sv_SE\" \/>\n<meta property=\"og:type\" content=\"article\" \/>\n<meta property=\"og:title\" content=\"Barnen till omkomna mamman fortsatt p\u00e5 sjukhus i Madrid\" \/>\n<meta property=\"og:description\" content=\"Barnen till den omkomna 51-\u00e5riga mamman, samtliga bosatta i s\u00f6dra Sverige, som frontalkrockade i Madrid tidigt i s\u00f6ndags morse v\u00e5rdas \u00e4nnu p\u00e5 ett sjukhus i Madrid. Enligt uppgifter i spanska medier hade mamman tillsammans med sina tre barn varit p\u00e5 semester i Nordafrika varifr\u00e5n de kommer och var p\u00e5 v\u00e4g tillbaka till Sverige. Av Ola [&hellip;]\" \/>\n<meta property=\"og:url\" content=\"https:\/\/lightweb.dev\/l\/svm-temp\/nyheter\/barnen-till-omkomna-mamman-fortsatt-pa-sjukhus-i-madrid\/\" \/>\n<meta property=\"og:site_name\" content=\"Svenska Magasinet\" \/>\n<meta property=\"article:publisher\" content=\"https:\/\/www.facebook.com\/svenskamagasinet\" \/>\n<meta property=\"article:published_time\" content=\"2015-08-26T22:00:00+00:00\" \/>\n<meta property=\"og:image\" content=\"https:\/\/lightweb.dev\/l\/svm-temp\/wp-content\/uploads\/2022\/06\/barnen-till-omkomna-mamman-fortsatt-pa-sjukhus-i-madrid.png\" \/>\n\t<meta property=\"og:image:width\" content=\"280\" \/>\n\t<meta property=\"og:image:height\" content=\"206\" \/>\n\t<meta property=\"og:image:type\" content=\"image\/png\" \/>\n<meta name=\"author\" content=\"Redaktionen SvM\" \/>\n<meta name=\"twitter:card\" content=\"summary_large_image\" \/>\n<meta name=\"twitter:creator\" content=\"@SvenskaMagasine\" \/>\n<meta name=\"twitter:site\" content=\"@SvenskaMagasine\" \/>\n<script type=\"application\/ld+json\" class=\"yoast-schema-graph\">{\"@context\":\"https:\\\/\\\/schema.org\",\"@graph\":[{\"@type\":\"Article\",\"@id\":\"https:\\\/\\\/lightweb.dev\\\/l\\\/svm-temp\\\/nyheter\\\/barnen-till-omkomna-mamman-fortsatt-pa-sjukhus-i-madrid\\\/#article\",\"isPartOf\":{\"@id\":\"https:\\\/\\\/lightweb.dev\\\/l\\\/svm-temp\\\/nyheter\\\/barnen-till-omkomna-mamman-fortsatt-pa-sjukhus-i-madrid\\\/\"},\"author\":{\"name\":\"Redaktionen SvM\",\"@id\":\"https:\\\/\\\/lightweb.dev\\\/l\\\/svm-temp\\\/#\\\/schema\\\/person\\\/206a3bda5b607b0c25e1749191e4d837\"},\"headline\":\"Barnen till omkomna mamman fortsatt p\u00e5 sjukhus i Madrid\",\"datePublished\":\"2015-08-26T22:00:00+00:00\",\"mainEntityOfPage\":{\"@id\":\"https:\\\/\\\/lightweb.dev\\\/l\\\/svm-temp\\\/nyheter\\\/barnen-till-omkomna-mamman-fortsatt-pa-sjukhus-i-madrid\\\/\"},\"wordCount\":356,\"commentCount\":0,\"publisher\":{\"@id\":\"https:\\\/\\\/lightweb.dev\\\/l\\\/svm-temp\\\/#organization\"},\"image\":{\"@id\":\"https:\\\/\\\/lightweb.dev\\\/l\\\/svm-temp\\\/nyheter\\\/barnen-till-omkomna-mamman-fortsatt-pa-sjukhus-i-madrid\\\/#primaryimage\"},\"thumbnailUrl\":\"https:\\\/\\\/lightweb.dev\\\/l\\\/svm-temp\\\/wp-content\\\/uploads\\\/2022\\\/06\\\/barnen-till-omkomna-mamman-fortsatt-pa-sjukhus-i-madrid.png\",\"articleSection\":[\"Arkiv\",\"Nyheter\"],\"inLanguage\":\"sv-SE\"},{\"@type\":\"WebPage\",\"@id\":\"https:\\\/\\\/lightweb.dev\\\/l\\\/svm-temp\\\/nyheter\\\/barnen-till-omkomna-mamman-fortsatt-pa-sjukhus-i-madrid\\\/\",\"url\":\"https:\\\/\\\/lightweb.dev\\\/l\\\/svm-temp\\\/nyheter\\\/barnen-till-omkomna-mamman-fortsatt-pa-sjukhus-i-madrid\\\/\",\"name\":\"Barnen till omkomna mamman fortsatt p\u00e5 sjukhus i Madrid - Svenska Magasinet\",\"isPartOf\":{\"@id\":\"https:\\\/\\\/lightweb.dev\\\/l\\\/svm-temp\\\/#website\"},\"primaryImageOfPage\":{\"@id\":\"https:\\\/\\\/lightweb.dev\\\/l\\\/svm-temp\\\/nyheter\\\/barnen-till-omkomna-mamman-fortsatt-pa-sjukhus-i-madrid\\\/#primaryimage\"},\"image\":{\"@id\":\"https:\\\/\\\/lightweb.dev\\\/l\\\/svm-temp\\\/nyheter\\\/barnen-till-omkomna-mamman-fortsatt-pa-sjukhus-i-madrid\\\/#primaryimage\"},\"thumbnailUrl\":\"https:\\\/\\\/lightweb.dev\\\/l\\\/svm-temp\\\/wp-content\\\/uploads\\\/2022\\\/06\\\/barnen-till-omkomna-mamman-fortsatt-pa-sjukhus-i-madrid.png\",\"datePublished\":\"2015-08-26T22:00:00+00:00\",\"breadcrumb\":{\"@id\":\"https:\\\/\\\/lightweb.dev\\\/l\\\/svm-temp\\\/nyheter\\\/barnen-till-omkomna-mamman-fortsatt-pa-sjukhus-i-madrid\\\/#breadcrumb\"},\"inLanguage\":\"sv-SE\",\"potentialAction\":[{\"@type\":\"ReadAction\",\"target\":[\"https:\\\/\\\/lightweb.dev\\\/l\\\/svm-temp\\\/nyheter\\\/barnen-till-omkomna-mamman-fortsatt-pa-sjukhus-i-madrid\\\/\"]}]},{\"@type\":\"ImageObject\",\"inLanguage\":\"sv-SE\",\"@id\":\"https:\\\/\\\/lightweb.dev\\\/l\\\/svm-temp\\\/nyheter\\\/barnen-till-omkomna-mamman-fortsatt-pa-sjukhus-i-madrid\\\/#primaryimage\",\"url\":\"https:\\\/\\\/lightweb.dev\\\/l\\\/svm-temp\\\/wp-content\\\/uploads\\\/2022\\\/06\\\/barnen-till-omkomna-mamman-fortsatt-pa-sjukhus-i-madrid.png\",\"contentUrl\":\"https:\\\/\\\/lightweb.dev\\\/l\\\/svm-temp\\\/wp-content\\\/uploads\\\/2022\\\/06\\\/barnen-till-omkomna-mamman-fortsatt-pa-sjukhus-i-madrid.png\",\"width\":280,\"height\":206},{\"@type\":\"BreadcrumbList\",\"@id\":\"https:\\\/\\\/lightweb.dev\\\/l\\\/svm-temp\\\/nyheter\\\/barnen-till-omkomna-mamman-fortsatt-pa-sjukhus-i-madrid\\\/#breadcrumb\",\"itemListElement\":[{\"@type\":\"ListItem\",\"position\":1,\"name\":\"Hem\",\"item\":\"https:\\\/\\\/lightweb.dev\\\/l\\\/svm-temp\\\/\"},{\"@type\":\"ListItem\",\"position\":2,\"name\":\"Barnen till omkomna mamman fortsatt p\u00e5 sjukhus i Madrid\"}]},{\"@type\":\"WebSite\",\"@id\":\"https:\\\/\\\/lightweb.dev\\\/l\\\/svm-temp\\\/#website\",\"url\":\"https:\\\/\\\/lightweb.dev\\\/l\\\/svm-temp\\\/\",\"name\":\"Svenska Magasinet\",\"description\":\"Dina Spanska nyheter p&aring; Svenska\",\"publisher\":{\"@id\":\"https:\\\/\\\/lightweb.dev\\\/l\\\/svm-temp\\\/#organization\"},\"potentialAction\":[{\"@type\":\"SearchAction\",\"target\":{\"@type\":\"EntryPoint\",\"urlTemplate\":\"https:\\\/\\\/lightweb.dev\\\/l\\\/svm-temp\\\/?s={search_term_string}\"},\"query-input\":{\"@type\":\"PropertyValueSpecification\",\"valueRequired\":true,\"valueName\":\"search_term_string\"}}],\"inLanguage\":\"sv-SE\"},{\"@type\":\"Organization\",\"@id\":\"https:\\\/\\\/lightweb.dev\\\/l\\\/svm-temp\\\/#organization\",\"name\":\"Melkerson y Nott SL\",\"alternateName\":\"Svenska Magasinet\",\"url\":\"https:\\\/\\\/lightweb.dev\\\/l\\\/svm-temp\\\/\",\"logo\":{\"@type\":\"ImageObject\",\"inLanguage\":\"sv-SE\",\"@id\":\"https:\\\/\\\/lightweb.dev\\\/l\\\/svm-temp\\\/#\\\/schema\\\/logo\\\/image\\\/\",\"url\":\"https:\\\/\\\/lightweb.dev\\\/l\\\/svm-temp\\\/wp-content\\\/uploads\\\/2025\\\/02\\\/SvM-logo-Xtra-Centrerad-SVART.png\",\"contentUrl\":\"https:\\\/\\\/lightweb.dev\\\/l\\\/svm-temp\\\/wp-content\\\/uploads\\\/2025\\\/02\\\/SvM-logo-Xtra-Centrerad-SVART.png\",\"width\":300,\"height\":99,\"caption\":\"Melkerson y Nott SL\"},\"image\":{\"@id\":\"https:\\\/\\\/lightweb.dev\\\/l\\\/svm-temp\\\/#\\\/schema\\\/logo\\\/image\\\/\"},\"sameAs\":[\"https:\\\/\\\/www.facebook.com\\\/svenskamagasinet\",\"https:\\\/\\\/x.com\\\/SvenskaMagasine\"]},{\"@type\":\"Person\",\"@id\":\"https:\\\/\\\/lightweb.dev\\\/l\\\/svm-temp\\\/#\\\/schema\\\/person\\\/206a3bda5b607b0c25e1749191e4d837\",\"name\":\"Redaktionen SvM\",\"description\":\"Redaktionen\",\"sameAs\":[\"https:\\\/\\\/lightweb.dev\\\/l\\\/svm-temp\"],\"url\":\"https:\\\/\\\/lightweb.dev\\\/l\\\/svm-temp\\\/reporter\\\/redaktionen\\\/\"}]}<\/script>\n<!-- \/ Yoast SEO Premium plugin. -->","yoast_head_json":{"title":"Barnen till omkomna mamman fortsatt p\u00e5 sjukhus i Madrid - Svenska Magasinet","robots":{"index":"noindex","follow":"follow","max-snippet":"max-snippet:-1","max-image-preview":"max-image-preview:large","max-video-preview":"max-video-preview:-1"},"og_locale":"sv_SE","og_type":"article","og_title":"Barnen till omkomna mamman fortsatt p\u00e5 sjukhus i Madrid","og_description":"Barnen till den omkomna 51-\u00e5riga mamman, samtliga bosatta i s\u00f6dra Sverige, som frontalkrockade i Madrid tidigt i s\u00f6ndags morse v\u00e5rdas \u00e4nnu p\u00e5 ett sjukhus i Madrid. Enligt uppgifter i spanska medier hade mamman tillsammans med sina tre barn varit p\u00e5 semester i Nordafrika varifr\u00e5n de kommer och var p\u00e5 v\u00e4g tillbaka till Sverige. Av Ola [&hellip;]","og_url":"https:\/\/lightweb.dev\/l\/svm-temp\/nyheter\/barnen-till-omkomna-mamman-fortsatt-pa-sjukhus-i-madrid\/","og_site_name":"Svenska Magasinet","article_publisher":"https:\/\/www.facebook.com\/svenskamagasinet","article_published_time":"2015-08-26T22:00:00+00:00","og_image":[{"width":280,"height":206,"url":"https:\/\/lightweb.dev\/l\/svm-temp\/wp-content\/uploads\/2022\/06\/barnen-till-omkomna-mamman-fortsatt-pa-sjukhus-i-madrid.png","type":"image\/png"}],"author":"Redaktionen SvM","twitter_card":"summary_large_image","twitter_creator":"@SvenskaMagasine","twitter_site":"@SvenskaMagasine","schema":{"@context":"https:\/\/schema.org","@graph":[{"@type":"Article","@id":"https:\/\/lightweb.dev\/l\/svm-temp\/nyheter\/barnen-till-omkomna-mamman-fortsatt-pa-sjukhus-i-madrid\/#article","isPartOf":{"@id":"https:\/\/lightweb.dev\/l\/svm-temp\/nyheter\/barnen-till-omkomna-mamman-fortsatt-pa-sjukhus-i-madrid\/"},"author":{"name":"Redaktionen SvM","@id":"https:\/\/lightweb.dev\/l\/svm-temp\/#\/schema\/person\/206a3bda5b607b0c25e1749191e4d837"},"headline":"Barnen till omkomna mamman fortsatt p\u00e5 sjukhus i Madrid","datePublished":"2015-08-26T22:00:00+00:00","mainEntityOfPage":{"@id":"https:\/\/lightweb.dev\/l\/svm-temp\/nyheter\/barnen-till-omkomna-mamman-fortsatt-pa-sjukhus-i-madrid\/"},"wordCount":356,"commentCount":0,"publisher":{"@id":"https:\/\/lightweb.dev\/l\/svm-temp\/#organization"},"image":{"@id":"https:\/\/lightweb.dev\/l\/svm-temp\/nyheter\/barnen-till-omkomna-mamman-fortsatt-pa-sjukhus-i-madrid\/#primaryimage"},"thumbnailUrl":"https:\/\/lightweb.dev\/l\/svm-temp\/wp-content\/uploads\/2022\/06\/barnen-till-omkomna-mamman-fortsatt-pa-sjukhus-i-madrid.png","articleSection":["Arkiv","Nyheter"],"inLanguage":"sv-SE"},{"@type":"WebPage","@id":"https:\/\/lightweb.dev\/l\/svm-temp\/nyheter\/barnen-till-omkomna-mamman-fortsatt-pa-sjukhus-i-madrid\/","url":"https:\/\/lightweb.dev\/l\/svm-temp\/nyheter\/barnen-till-omkomna-mamman-fortsatt-pa-sjukhus-i-madrid\/","name":"Barnen till omkomna mamman fortsatt p\u00e5 sjukhus i Madrid - Svenska Magasinet","isPartOf":{"@id":"https:\/\/lightweb.dev\/l\/svm-temp\/#website"},"primaryImageOfPage":{"@id":"https:\/\/lightweb.dev\/l\/svm-temp\/nyheter\/barnen-till-omkomna-mamman-fortsatt-pa-sjukhus-i-madrid\/#primaryimage"},"image":{"@id":"https:\/\/lightweb.dev\/l\/svm-temp\/nyheter\/barnen-till-omkomna-mamman-fortsatt-pa-sjukhus-i-madrid\/#primaryimage"},"thumbnailUrl":"https:\/\/lightweb.dev\/l\/svm-temp\/wp-content\/uploads\/2022\/06\/barnen-till-omkomna-mamman-fortsatt-pa-sjukhus-i-madrid.png","datePublished":"2015-08-26T22:00:00+00:00","breadcrumb":{"@id":"https:\/\/lightweb.dev\/l\/svm-temp\/nyheter\/barnen-till-omkomna-mamman-fortsatt-pa-sjukhus-i-madrid\/#breadcrumb"},"inLanguage":"sv-SE","potentialAction":[{"@type":"ReadAction","target":["https:\/\/lightweb.dev\/l\/svm-temp\/nyheter\/barnen-till-omkomna-mamman-fortsatt-pa-sjukhus-i-madrid\/"]}]},{"@type":"ImageObject","inLanguage":"sv-SE","@id":"https:\/\/lightweb.dev\/l\/svm-temp\/nyheter\/barnen-till-omkomna-mamman-fortsatt-pa-sjukhus-i-madrid\/#primaryimage","url":"https:\/\/lightweb.dev\/l\/svm-temp\/wp-content\/uploads\/2022\/06\/barnen-till-omkomna-mamman-fortsatt-pa-sjukhus-i-madrid.png","contentUrl":"https:\/\/lightweb.dev\/l\/svm-temp\/wp-content\/uploads\/2022\/06\/barnen-till-omkomna-mamman-fortsatt-pa-sjukhus-i-madrid.png","width":280,"height":206},{"@type":"BreadcrumbList","@id":"https:\/\/lightweb.dev\/l\/svm-temp\/nyheter\/barnen-till-omkomna-mamman-fortsatt-pa-sjukhus-i-madrid\/#breadcrumb","itemListElement":[{"@type":"ListItem","position":1,"name":"Hem","item":"https:\/\/lightweb.dev\/l\/svm-temp\/"},{"@type":"ListItem","position":2,"name":"Barnen till omkomna mamman fortsatt p\u00e5 sjukhus i Madrid"}]},{"@type":"WebSite","@id":"https:\/\/lightweb.dev\/l\/svm-temp\/#website","url":"https:\/\/lightweb.dev\/l\/svm-temp\/","name":"Svenska Magasinet","description":"Dina Spanska nyheter p&aring; Svenska","publisher":{"@id":"https:\/\/lightweb.dev\/l\/svm-temp\/#organization"},"potentialAction":[{"@type":"SearchAction","target":{"@type":"EntryPoint","urlTemplate":"https:\/\/lightweb.dev\/l\/svm-temp\/?s={search_term_string}"},"query-input":{"@type":"PropertyValueSpecification","valueRequired":true,"valueName":"search_term_string"}}],"inLanguage":"sv-SE"},{"@type":"Organization","@id":"https:\/\/lightweb.dev\/l\/svm-temp\/#organization","name":"Melkerson y Nott SL","alternateName":"Svenska Magasinet","url":"https:\/\/lightweb.dev\/l\/svm-temp\/","logo":{"@type":"ImageObject","inLanguage":"sv-SE","@id":"https:\/\/lightweb.dev\/l\/svm-temp\/#\/schema\/logo\/image\/","url":"https:\/\/lightweb.dev\/l\/svm-temp\/wp-content\/uploads\/2025\/02\/SvM-logo-Xtra-Centrerad-SVART.png","contentUrl":"https:\/\/lightweb.dev\/l\/svm-temp\/wp-content\/uploads\/2025\/02\/SvM-logo-Xtra-Centrerad-SVART.png","width":300,"height":99,"caption":"Melkerson y Nott SL"},"image":{"@id":"https:\/\/lightweb.dev\/l\/svm-temp\/#\/schema\/logo\/image\/"},"sameAs":["https:\/\/www.facebook.com\/svenskamagasinet","https:\/\/x.com\/SvenskaMagasine"]},{"@type":"Person","@id":"https:\/\/lightweb.dev\/l\/svm-temp\/#\/schema\/person\/206a3bda5b607b0c25e1749191e4d837","name":"Redaktionen SvM","description":"Redaktionen","sameAs":["https:\/\/lightweb.dev\/l\/svm-temp"],"url":"https:\/\/lightweb.dev\/l\/svm-temp\/reporter\/redaktionen\/"}]}},"_links":{"self":[{"href":"https:\/\/lightweb.dev\/l\/svm-temp\/wp-json\/wp\/v2\/posts\/23704","targetHints":{"allow":["GET"]}}],"collection":[{"href":"https:\/\/lightweb.dev\/l\/svm-temp\/wp-json\/wp\/v2\/posts"}],"about":[{"href":"https:\/\/lightweb.dev\/l\/svm-temp\/wp-json\/wp\/v2\/types\/post"}],"author":[{"embeddable":true,"href":"https:\/\/lightweb.dev\/l\/svm-temp\/wp-json\/wp\/v2\/users\/8"}],"replies":[{"embeddable":true,"href":"https:\/\/lightweb.dev\/l\/svm-temp\/wp-json\/wp\/v2\/comments?post=23704"}],"version-history":[{"count":0,"href":"https:\/\/lightweb.dev\/l\/svm-temp\/wp-json\/wp\/v2\/posts\/23704\/revisions"}],"wp:featuredmedia":[{"embeddable":true,"href":"https:\/\/lightweb.dev\/l\/svm-temp\/wp-json\/wp\/v2\/media\/23705"}],"wp:attachment":[{"href":"https:\/\/lightweb.dev\/l\/svm-temp\/wp-json\/wp\/v2\/media?parent=23704"}],"wp:term":[{"taxonomy":"category","embeddable":true,"href":"https:\/\/lightweb.dev\/l\/svm-temp\/wp-json\/wp\/v2\/categories?post=23704"},{"taxonomy":"post_tag","embeddable":true,"href":"https:\/\/lightweb.dev\/l\/svm-temp\/wp-json\/wp\/v2\/tags?post=23704"}],"curies":[{"name":"wp","href":"https:\/\/api.w.org\/{rel}","templated":true}]}}