{"id":23712,"date":"2015-08-26T00:00:00","date_gmt":"2015-08-25T22:00:00","guid":{"rendered":"https:\/\/lightweb.dev\/l\/svm-temp\/nyheter\/nerja-svensk-fangade-oanmald-gaskontrollant-med-kameran\/"},"modified":"2015-08-26T00:00:00","modified_gmt":"2015-08-25T22:00:00","slug":"nerja-svensk-fangade-oanmald-gaskontrollant-med-kameran","status":"publish","type":"post","link":"https:\/\/lightweb.dev\/l\/svm-temp\/nyheter\/nerja-svensk-fangade-oanmald-gaskontrollant-med-kameran\/","title":{"rendered":"Nerja-svensk f\u00e5ngade oanm\u00e4ld gaskontrollant med kameran"},"content":{"rendered":"<p> Ig\u00e5r ber\u00e4ttade Svenska Magasinet om hur utl\u00e4nningsavdelningen i Nerja kommun varnar f\u00f6r falska gaskontrollanter som har observerats i bostadsomr\u00e5dena Algarrobo och San Juan de Capistrano. Det \u00e4r inte f\u00f6rsta g\u00e5ngen som gasskojare \u00e4r i farten. Av Ola Josefsson<\/p>\n<p>&#8211; F\u00f6rra \u00e5ret hade vi en gaskontrollant som gick runt och kollade. N\u00e4r han skulle ha 120 euro kontant gick det upp ett ljus att det inte var korrekt. Jag tog fram mobilen och d\u00e5 stack han direkt, ber\u00e4ttar en svensk man f\u00f6r Svenska Magasinet.<\/p>\n<p>Den svenske mannen har en bostad i omr\u00e5det som har f\u00e5tt p\u00e5h\u00e4lsningar av oanm\u00e4lda gaskontrollanter \u00e4nnu en g\u00e5ng. Och de oanm\u00e4lda gaskontrollanterna \u00e4r tydligtvis mycket envisa.<\/p>\n<p>&#8211; I april i \u00e5r kom han tillbaka och jag k\u00e4nde igen honom. Det \u00e4r bra att ni tar tag i detta och sprider information s\u00e5 alla blir varnade.<\/p>\n<p>De oanm\u00e4lda gaskontrollanterna uppger sig vara ute f\u00f6r att g\u00f6ra \u00f6versyn av hush\u00e5llens gasinstallationer. Nerja kommun uppmanar boende att ringa polisen p\u00e5 952 52 1545. <\/p>\n<p>Ibland har gaskontrollanterna framf\u00f6rts hot att om de inte blir insl\u00e4ppta kommer de att ogiltigf\u00f6rklara installationerna och st\u00e4nga gasen. Dessutom tar de ut extrema h\u00f6ga priser fr\u00e5n 120 till 240 euro vid en enkel kontroll som i verkligheten kostar mellan 50 till 63 euro.<\/p>\n<p>\u201dS\u00e4g nej och sl\u00e4pp inte in dem i ditt hus\u201d uppmanar utl\u00e4nningsavdelningen vid Nerja kommun.<\/p>\n<p>En \u00f6versyn av gasinstallationer g\u00f6rs vart femte \u00e5r och som bostads\u00e4gare best\u00e4mmer du sj\u00e4lv vilket f\u00f6retag du vill anlita. Du ringer dem och bokar tid. Gaskontrollanter som pl\u00f6tsligt dyker upp ska aldrig sl\u00e4ppas in.<\/p>\n<p>I exempelvis Nerja finns tv\u00e5 gasbolag som g\u00f6r \u00f6versyn:<br \/>\nRepsol (orange beh\u00e5llare) 952 406 904 och Cepsa (silverbeh\u00e5llare) 952 52 1593.<\/p>\n","protected":false},"excerpt":{"rendered":"<p>Ig\u00e5r ber\u00e4ttade Svenska Magasinet om hur utl\u00e4nningsavdelningen i Nerja kommun varnar f\u00f6r falska gaskontrollanter som har observerats i bostadsomr\u00e5dena Algarrobo och San Juan de Capistrano. Det \u00e4r inte f\u00f6rsta g\u00e5ngen som gasskojare \u00e4r i farten. Av Ola Josefsson &#8211; F\u00f6rra \u00e5ret hade vi en gaskontrollant som gick runt och kollade. N\u00e4r han skulle ha 120 [&hellip;]<\/p>\n","protected":false},"author":8,"featured_media":23713,"comment_status":"open","ping_status":"open","sticky":false,"template":"","format":"standard","meta":{"_et_pb_use_builder":"","_et_pb_old_content":"","_et_gb_content_width":"","footnotes":""},"categories":[395,3],"tags":[],"class_list":["post-23712","post","type-post","status-publish","format-standard","has-post-thumbnail","hentry","category-arkiv-nyheter","category-nyheter"],"yoast_head":"<!-- This site is optimized with the Yoast SEO Premium plugin v26.2 (Yoast SEO v27.5) - https:\/\/yoast.com\/product\/yoast-seo-premium-wordpress\/ -->\n<title>Nerja-svensk f\u00e5ngade oanm\u00e4ld gaskontrollant med kameran - Svenska Magasinet<\/title>\n<meta name=\"robots\" content=\"noindex, follow, max-snippet:-1, max-image-preview:large, max-video-preview:-1\" \/>\n<meta property=\"og:locale\" content=\"sv_SE\" \/>\n<meta property=\"og:type\" content=\"article\" \/>\n<meta property=\"og:title\" content=\"Nerja-svensk f\u00e5ngade oanm\u00e4ld gaskontrollant med kameran\" \/>\n<meta property=\"og:description\" content=\"Ig\u00e5r ber\u00e4ttade Svenska Magasinet om hur utl\u00e4nningsavdelningen i Nerja kommun varnar f\u00f6r falska gaskontrollanter som har observerats i bostadsomr\u00e5dena Algarrobo och San Juan de Capistrano. Det \u00e4r inte f\u00f6rsta g\u00e5ngen som gasskojare \u00e4r i farten. Av Ola Josefsson &#8211; F\u00f6rra \u00e5ret hade vi en gaskontrollant som gick runt och kollade. N\u00e4r han skulle ha 120 [&hellip;]\" \/>\n<meta property=\"og:url\" content=\"https:\/\/lightweb.dev\/l\/svm-temp\/nyheter\/nerja-svensk-fangade-oanmald-gaskontrollant-med-kameran\/\" \/>\n<meta property=\"og:site_name\" content=\"Svenska Magasinet\" \/>\n<meta property=\"article:publisher\" content=\"https:\/\/www.facebook.com\/svenskamagasinet\" \/>\n<meta property=\"article:published_time\" content=\"2015-08-25T22:00:00+00:00\" \/>\n<meta property=\"og:image\" content=\"https:\/\/lightweb.dev\/l\/svm-temp\/wp-content\/uploads\/2022\/06\/nerjasvensk-fangade-oanmald-gaskontrollant-med-kameran.png\" \/>\n\t<meta property=\"og:image:width\" content=\"280\" \/>\n\t<meta property=\"og:image:height\" content=\"373\" \/>\n\t<meta property=\"og:image:type\" content=\"image\/png\" \/>\n<meta name=\"author\" content=\"Redaktionen SvM\" \/>\n<meta name=\"twitter:card\" content=\"summary_large_image\" \/>\n<meta name=\"twitter:creator\" content=\"@SvenskaMagasine\" \/>\n<meta name=\"twitter:site\" content=\"@SvenskaMagasine\" \/>\n<script type=\"application\/ld+json\" class=\"yoast-schema-graph\">{\"@context\":\"https:\\\/\\\/schema.org\",\"@graph\":[{\"@type\":\"Article\",\"@id\":\"https:\\\/\\\/lightweb.dev\\\/l\\\/svm-temp\\\/nyheter\\\/nerja-svensk-fangade-oanmald-gaskontrollant-med-kameran\\\/#article\",\"isPartOf\":{\"@id\":\"https:\\\/\\\/lightweb.dev\\\/l\\\/svm-temp\\\/nyheter\\\/nerja-svensk-fangade-oanmald-gaskontrollant-med-kameran\\\/\"},\"author\":{\"name\":\"Redaktionen SvM\",\"@id\":\"https:\\\/\\\/lightweb.dev\\\/l\\\/svm-temp\\\/#\\\/schema\\\/person\\\/206a3bda5b607b0c25e1749191e4d837\"},\"headline\":\"Nerja-svensk f\u00e5ngade oanm\u00e4ld gaskontrollant med kameran\",\"datePublished\":\"2015-08-25T22:00:00+00:00\",\"mainEntityOfPage\":{\"@id\":\"https:\\\/\\\/lightweb.dev\\\/l\\\/svm-temp\\\/nyheter\\\/nerja-svensk-fangade-oanmald-gaskontrollant-med-kameran\\\/\"},\"wordCount\":313,\"commentCount\":0,\"publisher\":{\"@id\":\"https:\\\/\\\/lightweb.dev\\\/l\\\/svm-temp\\\/#organization\"},\"image\":{\"@id\":\"https:\\\/\\\/lightweb.dev\\\/l\\\/svm-temp\\\/nyheter\\\/nerja-svensk-fangade-oanmald-gaskontrollant-med-kameran\\\/#primaryimage\"},\"thumbnailUrl\":\"https:\\\/\\\/lightweb.dev\\\/l\\\/svm-temp\\\/wp-content\\\/uploads\\\/2022\\\/06\\\/nerjasvensk-fangade-oanmald-gaskontrollant-med-kameran.png\",\"articleSection\":[\"Arkiv\",\"Nyheter\"],\"inLanguage\":\"sv-SE\"},{\"@type\":\"WebPage\",\"@id\":\"https:\\\/\\\/lightweb.dev\\\/l\\\/svm-temp\\\/nyheter\\\/nerja-svensk-fangade-oanmald-gaskontrollant-med-kameran\\\/\",\"url\":\"https:\\\/\\\/lightweb.dev\\\/l\\\/svm-temp\\\/nyheter\\\/nerja-svensk-fangade-oanmald-gaskontrollant-med-kameran\\\/\",\"name\":\"Nerja-svensk f\u00e5ngade oanm\u00e4ld gaskontrollant med kameran - Svenska Magasinet\",\"isPartOf\":{\"@id\":\"https:\\\/\\\/lightweb.dev\\\/l\\\/svm-temp\\\/#website\"},\"primaryImageOfPage\":{\"@id\":\"https:\\\/\\\/lightweb.dev\\\/l\\\/svm-temp\\\/nyheter\\\/nerja-svensk-fangade-oanmald-gaskontrollant-med-kameran\\\/#primaryimage\"},\"image\":{\"@id\":\"https:\\\/\\\/lightweb.dev\\\/l\\\/svm-temp\\\/nyheter\\\/nerja-svensk-fangade-oanmald-gaskontrollant-med-kameran\\\/#primaryimage\"},\"thumbnailUrl\":\"https:\\\/\\\/lightweb.dev\\\/l\\\/svm-temp\\\/wp-content\\\/uploads\\\/2022\\\/06\\\/nerjasvensk-fangade-oanmald-gaskontrollant-med-kameran.png\",\"datePublished\":\"2015-08-25T22:00:00+00:00\",\"breadcrumb\":{\"@id\":\"https:\\\/\\\/lightweb.dev\\\/l\\\/svm-temp\\\/nyheter\\\/nerja-svensk-fangade-oanmald-gaskontrollant-med-kameran\\\/#breadcrumb\"},\"inLanguage\":\"sv-SE\",\"potentialAction\":[{\"@type\":\"ReadAction\",\"target\":[\"https:\\\/\\\/lightweb.dev\\\/l\\\/svm-temp\\\/nyheter\\\/nerja-svensk-fangade-oanmald-gaskontrollant-med-kameran\\\/\"]}]},{\"@type\":\"ImageObject\",\"inLanguage\":\"sv-SE\",\"@id\":\"https:\\\/\\\/lightweb.dev\\\/l\\\/svm-temp\\\/nyheter\\\/nerja-svensk-fangade-oanmald-gaskontrollant-med-kameran\\\/#primaryimage\",\"url\":\"https:\\\/\\\/lightweb.dev\\\/l\\\/svm-temp\\\/wp-content\\\/uploads\\\/2022\\\/06\\\/nerjasvensk-fangade-oanmald-gaskontrollant-med-kameran.png\",\"contentUrl\":\"https:\\\/\\\/lightweb.dev\\\/l\\\/svm-temp\\\/wp-content\\\/uploads\\\/2022\\\/06\\\/nerjasvensk-fangade-oanmald-gaskontrollant-med-kameran.png\",\"width\":280,\"height\":373},{\"@type\":\"BreadcrumbList\",\"@id\":\"https:\\\/\\\/lightweb.dev\\\/l\\\/svm-temp\\\/nyheter\\\/nerja-svensk-fangade-oanmald-gaskontrollant-med-kameran\\\/#breadcrumb\",\"itemListElement\":[{\"@type\":\"ListItem\",\"position\":1,\"name\":\"Hem\",\"item\":\"https:\\\/\\\/lightweb.dev\\\/l\\\/svm-temp\\\/\"},{\"@type\":\"ListItem\",\"position\":2,\"name\":\"Nerja-svensk f\u00e5ngade oanm\u00e4ld gaskontrollant med kameran\"}]},{\"@type\":\"WebSite\",\"@id\":\"https:\\\/\\\/lightweb.dev\\\/l\\\/svm-temp\\\/#website\",\"url\":\"https:\\\/\\\/lightweb.dev\\\/l\\\/svm-temp\\\/\",\"name\":\"Svenska Magasinet\",\"description\":\"Dina Spanska nyheter p&aring; Svenska\",\"publisher\":{\"@id\":\"https:\\\/\\\/lightweb.dev\\\/l\\\/svm-temp\\\/#organization\"},\"potentialAction\":[{\"@type\":\"SearchAction\",\"target\":{\"@type\":\"EntryPoint\",\"urlTemplate\":\"https:\\\/\\\/lightweb.dev\\\/l\\\/svm-temp\\\/?s={search_term_string}\"},\"query-input\":{\"@type\":\"PropertyValueSpecification\",\"valueRequired\":true,\"valueName\":\"search_term_string\"}}],\"inLanguage\":\"sv-SE\"},{\"@type\":\"Organization\",\"@id\":\"https:\\\/\\\/lightweb.dev\\\/l\\\/svm-temp\\\/#organization\",\"name\":\"Melkerson y Nott SL\",\"alternateName\":\"Svenska Magasinet\",\"url\":\"https:\\\/\\\/lightweb.dev\\\/l\\\/svm-temp\\\/\",\"logo\":{\"@type\":\"ImageObject\",\"inLanguage\":\"sv-SE\",\"@id\":\"https:\\\/\\\/lightweb.dev\\\/l\\\/svm-temp\\\/#\\\/schema\\\/logo\\\/image\\\/\",\"url\":\"https:\\\/\\\/lightweb.dev\\\/l\\\/svm-temp\\\/wp-content\\\/uploads\\\/2025\\\/02\\\/SvM-logo-Xtra-Centrerad-SVART.png\",\"contentUrl\":\"https:\\\/\\\/lightweb.dev\\\/l\\\/svm-temp\\\/wp-content\\\/uploads\\\/2025\\\/02\\\/SvM-logo-Xtra-Centrerad-SVART.png\",\"width\":300,\"height\":99,\"caption\":\"Melkerson y Nott SL\"},\"image\":{\"@id\":\"https:\\\/\\\/lightweb.dev\\\/l\\\/svm-temp\\\/#\\\/schema\\\/logo\\\/image\\\/\"},\"sameAs\":[\"https:\\\/\\\/www.facebook.com\\\/svenskamagasinet\",\"https:\\\/\\\/x.com\\\/SvenskaMagasine\"]},{\"@type\":\"Person\",\"@id\":\"https:\\\/\\\/lightweb.dev\\\/l\\\/svm-temp\\\/#\\\/schema\\\/person\\\/206a3bda5b607b0c25e1749191e4d837\",\"name\":\"Redaktionen SvM\",\"description\":\"Redaktionen\",\"sameAs\":[\"https:\\\/\\\/lightweb.dev\\\/l\\\/svm-temp\"],\"url\":\"https:\\\/\\\/lightweb.dev\\\/l\\\/svm-temp\\\/reporter\\\/redaktionen\\\/\"}]}<\/script>\n<!-- \/ Yoast SEO Premium plugin. -->","yoast_head_json":{"title":"Nerja-svensk f\u00e5ngade oanm\u00e4ld gaskontrollant med kameran - Svenska Magasinet","robots":{"index":"noindex","follow":"follow","max-snippet":"max-snippet:-1","max-image-preview":"max-image-preview:large","max-video-preview":"max-video-preview:-1"},"og_locale":"sv_SE","og_type":"article","og_title":"Nerja-svensk f\u00e5ngade oanm\u00e4ld gaskontrollant med kameran","og_description":"Ig\u00e5r ber\u00e4ttade Svenska Magasinet om hur utl\u00e4nningsavdelningen i Nerja kommun varnar f\u00f6r falska gaskontrollanter som har observerats i bostadsomr\u00e5dena Algarrobo och San Juan de Capistrano. Det \u00e4r inte f\u00f6rsta g\u00e5ngen som gasskojare \u00e4r i farten. Av Ola Josefsson &#8211; F\u00f6rra \u00e5ret hade vi en gaskontrollant som gick runt och kollade. N\u00e4r han skulle ha 120 [&hellip;]","og_url":"https:\/\/lightweb.dev\/l\/svm-temp\/nyheter\/nerja-svensk-fangade-oanmald-gaskontrollant-med-kameran\/","og_site_name":"Svenska Magasinet","article_publisher":"https:\/\/www.facebook.com\/svenskamagasinet","article_published_time":"2015-08-25T22:00:00+00:00","og_image":[{"width":280,"height":373,"url":"https:\/\/lightweb.dev\/l\/svm-temp\/wp-content\/uploads\/2022\/06\/nerjasvensk-fangade-oanmald-gaskontrollant-med-kameran.png","type":"image\/png"}],"author":"Redaktionen SvM","twitter_card":"summary_large_image","twitter_creator":"@SvenskaMagasine","twitter_site":"@SvenskaMagasine","schema":{"@context":"https:\/\/schema.org","@graph":[{"@type":"Article","@id":"https:\/\/lightweb.dev\/l\/svm-temp\/nyheter\/nerja-svensk-fangade-oanmald-gaskontrollant-med-kameran\/#article","isPartOf":{"@id":"https:\/\/lightweb.dev\/l\/svm-temp\/nyheter\/nerja-svensk-fangade-oanmald-gaskontrollant-med-kameran\/"},"author":{"name":"Redaktionen SvM","@id":"https:\/\/lightweb.dev\/l\/svm-temp\/#\/schema\/person\/206a3bda5b607b0c25e1749191e4d837"},"headline":"Nerja-svensk f\u00e5ngade oanm\u00e4ld gaskontrollant med kameran","datePublished":"2015-08-25T22:00:00+00:00","mainEntityOfPage":{"@id":"https:\/\/lightweb.dev\/l\/svm-temp\/nyheter\/nerja-svensk-fangade-oanmald-gaskontrollant-med-kameran\/"},"wordCount":313,"commentCount":0,"publisher":{"@id":"https:\/\/lightweb.dev\/l\/svm-temp\/#organization"},"image":{"@id":"https:\/\/lightweb.dev\/l\/svm-temp\/nyheter\/nerja-svensk-fangade-oanmald-gaskontrollant-med-kameran\/#primaryimage"},"thumbnailUrl":"https:\/\/lightweb.dev\/l\/svm-temp\/wp-content\/uploads\/2022\/06\/nerjasvensk-fangade-oanmald-gaskontrollant-med-kameran.png","articleSection":["Arkiv","Nyheter"],"inLanguage":"sv-SE"},{"@type":"WebPage","@id":"https:\/\/lightweb.dev\/l\/svm-temp\/nyheter\/nerja-svensk-fangade-oanmald-gaskontrollant-med-kameran\/","url":"https:\/\/lightweb.dev\/l\/svm-temp\/nyheter\/nerja-svensk-fangade-oanmald-gaskontrollant-med-kameran\/","name":"Nerja-svensk f\u00e5ngade oanm\u00e4ld gaskontrollant med kameran - Svenska Magasinet","isPartOf":{"@id":"https:\/\/lightweb.dev\/l\/svm-temp\/#website"},"primaryImageOfPage":{"@id":"https:\/\/lightweb.dev\/l\/svm-temp\/nyheter\/nerja-svensk-fangade-oanmald-gaskontrollant-med-kameran\/#primaryimage"},"image":{"@id":"https:\/\/lightweb.dev\/l\/svm-temp\/nyheter\/nerja-svensk-fangade-oanmald-gaskontrollant-med-kameran\/#primaryimage"},"thumbnailUrl":"https:\/\/lightweb.dev\/l\/svm-temp\/wp-content\/uploads\/2022\/06\/nerjasvensk-fangade-oanmald-gaskontrollant-med-kameran.png","datePublished":"2015-08-25T22:00:00+00:00","breadcrumb":{"@id":"https:\/\/lightweb.dev\/l\/svm-temp\/nyheter\/nerja-svensk-fangade-oanmald-gaskontrollant-med-kameran\/#breadcrumb"},"inLanguage":"sv-SE","potentialAction":[{"@type":"ReadAction","target":["https:\/\/lightweb.dev\/l\/svm-temp\/nyheter\/nerja-svensk-fangade-oanmald-gaskontrollant-med-kameran\/"]}]},{"@type":"ImageObject","inLanguage":"sv-SE","@id":"https:\/\/lightweb.dev\/l\/svm-temp\/nyheter\/nerja-svensk-fangade-oanmald-gaskontrollant-med-kameran\/#primaryimage","url":"https:\/\/lightweb.dev\/l\/svm-temp\/wp-content\/uploads\/2022\/06\/nerjasvensk-fangade-oanmald-gaskontrollant-med-kameran.png","contentUrl":"https:\/\/lightweb.dev\/l\/svm-temp\/wp-content\/uploads\/2022\/06\/nerjasvensk-fangade-oanmald-gaskontrollant-med-kameran.png","width":280,"height":373},{"@type":"BreadcrumbList","@id":"https:\/\/lightweb.dev\/l\/svm-temp\/nyheter\/nerja-svensk-fangade-oanmald-gaskontrollant-med-kameran\/#breadcrumb","itemListElement":[{"@type":"ListItem","position":1,"name":"Hem","item":"https:\/\/lightweb.dev\/l\/svm-temp\/"},{"@type":"ListItem","position":2,"name":"Nerja-svensk f\u00e5ngade oanm\u00e4ld gaskontrollant med kameran"}]},{"@type":"WebSite","@id":"https:\/\/lightweb.dev\/l\/svm-temp\/#website","url":"https:\/\/lightweb.dev\/l\/svm-temp\/","name":"Svenska Magasinet","description":"Dina Spanska nyheter p&aring; Svenska","publisher":{"@id":"https:\/\/lightweb.dev\/l\/svm-temp\/#organization"},"potentialAction":[{"@type":"SearchAction","target":{"@type":"EntryPoint","urlTemplate":"https:\/\/lightweb.dev\/l\/svm-temp\/?s={search_term_string}"},"query-input":{"@type":"PropertyValueSpecification","valueRequired":true,"valueName":"search_term_string"}}],"inLanguage":"sv-SE"},{"@type":"Organization","@id":"https:\/\/lightweb.dev\/l\/svm-temp\/#organization","name":"Melkerson y Nott SL","alternateName":"Svenska Magasinet","url":"https:\/\/lightweb.dev\/l\/svm-temp\/","logo":{"@type":"ImageObject","inLanguage":"sv-SE","@id":"https:\/\/lightweb.dev\/l\/svm-temp\/#\/schema\/logo\/image\/","url":"https:\/\/lightweb.dev\/l\/svm-temp\/wp-content\/uploads\/2025\/02\/SvM-logo-Xtra-Centrerad-SVART.png","contentUrl":"https:\/\/lightweb.dev\/l\/svm-temp\/wp-content\/uploads\/2025\/02\/SvM-logo-Xtra-Centrerad-SVART.png","width":300,"height":99,"caption":"Melkerson y Nott SL"},"image":{"@id":"https:\/\/lightweb.dev\/l\/svm-temp\/#\/schema\/logo\/image\/"},"sameAs":["https:\/\/www.facebook.com\/svenskamagasinet","https:\/\/x.com\/SvenskaMagasine"]},{"@type":"Person","@id":"https:\/\/lightweb.dev\/l\/svm-temp\/#\/schema\/person\/206a3bda5b607b0c25e1749191e4d837","name":"Redaktionen SvM","description":"Redaktionen","sameAs":["https:\/\/lightweb.dev\/l\/svm-temp"],"url":"https:\/\/lightweb.dev\/l\/svm-temp\/reporter\/redaktionen\/"}]}},"_links":{"self":[{"href":"https:\/\/lightweb.dev\/l\/svm-temp\/wp-json\/wp\/v2\/posts\/23712","targetHints":{"allow":["GET"]}}],"collection":[{"href":"https:\/\/lightweb.dev\/l\/svm-temp\/wp-json\/wp\/v2\/posts"}],"about":[{"href":"https:\/\/lightweb.dev\/l\/svm-temp\/wp-json\/wp\/v2\/types\/post"}],"author":[{"embeddable":true,"href":"https:\/\/lightweb.dev\/l\/svm-temp\/wp-json\/wp\/v2\/users\/8"}],"replies":[{"embeddable":true,"href":"https:\/\/lightweb.dev\/l\/svm-temp\/wp-json\/wp\/v2\/comments?post=23712"}],"version-history":[{"count":0,"href":"https:\/\/lightweb.dev\/l\/svm-temp\/wp-json\/wp\/v2\/posts\/23712\/revisions"}],"wp:featuredmedia":[{"embeddable":true,"href":"https:\/\/lightweb.dev\/l\/svm-temp\/wp-json\/wp\/v2\/media\/23713"}],"wp:attachment":[{"href":"https:\/\/lightweb.dev\/l\/svm-temp\/wp-json\/wp\/v2\/media?parent=23712"}],"wp:term":[{"taxonomy":"category","embeddable":true,"href":"https:\/\/lightweb.dev\/l\/svm-temp\/wp-json\/wp\/v2\/categories?post=23712"},{"taxonomy":"post_tag","embeddable":true,"href":"https:\/\/lightweb.dev\/l\/svm-temp\/wp-json\/wp\/v2\/tags?post=23712"}],"curies":[{"name":"wp","href":"https:\/\/api.w.org\/{rel}","templated":true}]}}