{"id":23714,"date":"2015-08-26T00:00:00","date_gmt":"2015-08-25T22:00:00","guid":{"rendered":"https:\/\/lightweb.dev\/l\/svm-temp\/nyheter\/financial-times-ledare-spaniens-reformer-en-lektion-for-euro-omradet\/"},"modified":"2015-08-26T00:00:00","modified_gmt":"2015-08-25T22:00:00","slug":"financial-times-ledare-spaniens-reformer-en-lektion-for-euro-omradet","status":"publish","type":"post","link":"https:\/\/lightweb.dev\/l\/svm-temp\/nyheter\/financial-times-ledare-spaniens-reformer-en-lektion-for-euro-omradet\/","title":{"rendered":"Financial Times ledare: \u201dSpaniens reformer \u2013 en lektion f\u00f6r euro-omr\u00e5det\u201d"},"content":{"rendered":"<p> V\u00e4rldens mest prestigefyllda aff\u00e4rstidning ber\u00f6mmer Spanien f\u00f6r reformarbetet och skriver att man ger hela euro-omr\u00e5det en lektion i vad de borde g\u00f6ra. Tidningen g\u00f6r en positiv bed\u00f6mning av det arbete som Rajoy-regeringen har gjort.<\/p>\n<p>I en ledare p\u00e5 onsdagen lyfter Financial Times fram Spanien som \u201dett av de snabbast v\u00e4xande l\u00e4nder\u201d i euroomr\u00e5det med en uppskattad tillv\u00e4xt p\u00e5 3 procent i \u00e5r. Den spanska \u00e5terh\u00e4mtningen \u201d\u00e4r en lektion &#8211; inte bara f\u00f6r Grekland &#8211; utan f\u00f6r hela euroomr\u00e5det\u201d.<\/p>\n<p>Tidningen ber\u00f6mmer Spaniens arbetsmarknadsreformer liksom reformerna av banksystemet och s\u00e4nkningen av f\u00f6retagens sociala utgifter fr\u00e5n 30 procent till 25 procent n\u00e4sta \u00e5r.<\/p>\n<p>Financial Times \u00e4r ocks\u00e5 medvetna om  att en del av \u00e4ran f\u00f6r den ekonomiska \u00e5terh\u00e4mtningen beror p\u00e5 externa faktorer som en starkare euro som har gynnat exporten samt ett sjunkande oljepris.<\/p>\n<p>Trots \u00e5terh\u00e4mtningen \u00e4r l\u00e4get f\u00f6r Rajoy-regeringen oklart inf\u00f6r det allm\u00e4nna valet som troligtvis kommer att h\u00e5llas den 13 december. Opinionsunders\u00f6kningar visar att avst\u00e5ndet till socialistpartiet \u00e4r knappt och samtidigt konstaterar Financial Times framv\u00e4xten av nya partier som kan splittrat den politiska kartan vilket g\u00f6r det sv\u00e5rare f\u00f6r Partido Popular att f\u00e5 f\u00f6rl\u00e4ngt mandat.<\/p>\n<p>Tidningen varnar f\u00f6r risken att det inte blir en klar vinnare efter det allm\u00e4nna valet vilket skulle leda till politisk instabilitet och \u00e4ventyra den ekonomiska \u00e5terh\u00e4mtningen.<\/p>\n<p>Kataloniens regionalval i september kan ocks\u00e5 komma att orsaka en konstitutionell r\u00f6ra skriver den brittiska aff\u00e4rstidningen. <\/p>\n","protected":false},"excerpt":{"rendered":"<p>V\u00e4rldens mest prestigefyllda aff\u00e4rstidning ber\u00f6mmer Spanien f\u00f6r reformarbetet och skriver att man ger hela euro-omr\u00e5det en lektion i vad de borde g\u00f6ra. Tidningen g\u00f6r en positiv bed\u00f6mning av det arbete som Rajoy-regeringen har gjort. I en ledare p\u00e5 onsdagen lyfter Financial Times fram Spanien som \u201dett av de snabbast v\u00e4xande l\u00e4nder\u201d i euroomr\u00e5det med en [&hellip;]<\/p>\n","protected":false},"author":8,"featured_media":23715,"comment_status":"open","ping_status":"open","sticky":false,"template":"","format":"standard","meta":{"_et_pb_use_builder":"","_et_pb_old_content":"","_et_gb_content_width":"","footnotes":""},"categories":[395,3],"tags":[],"class_list":["post-23714","post","type-post","status-publish","format-standard","has-post-thumbnail","hentry","category-arkiv-nyheter","category-nyheter"],"yoast_head":"<!-- This site is optimized with the Yoast SEO Premium plugin v26.2 (Yoast SEO v27.5) - https:\/\/yoast.com\/product\/yoast-seo-premium-wordpress\/ -->\n<title>Financial Times ledare: \u201dSpaniens reformer \u2013 en lektion f\u00f6r euro-omr\u00e5det\u201d - Svenska Magasinet<\/title>\n<meta name=\"robots\" content=\"noindex, follow, max-snippet:-1, max-image-preview:large, max-video-preview:-1\" \/>\n<meta property=\"og:locale\" content=\"sv_SE\" \/>\n<meta property=\"og:type\" content=\"article\" \/>\n<meta property=\"og:title\" content=\"Financial Times ledare: \u201dSpaniens reformer \u2013 en lektion f\u00f6r euro-omr\u00e5det\u201d\" \/>\n<meta property=\"og:description\" content=\"V\u00e4rldens mest prestigefyllda aff\u00e4rstidning ber\u00f6mmer Spanien f\u00f6r reformarbetet och skriver att man ger hela euro-omr\u00e5det en lektion i vad de borde g\u00f6ra. Tidningen g\u00f6r en positiv bed\u00f6mning av det arbete som Rajoy-regeringen har gjort. I en ledare p\u00e5 onsdagen lyfter Financial Times fram Spanien som \u201dett av de snabbast v\u00e4xande l\u00e4nder\u201d i euroomr\u00e5det med en [&hellip;]\" \/>\n<meta property=\"og:url\" content=\"https:\/\/lightweb.dev\/l\/svm-temp\/nyheter\/financial-times-ledare-spaniens-reformer-en-lektion-for-euro-omradet\/\" \/>\n<meta property=\"og:site_name\" content=\"Svenska Magasinet\" \/>\n<meta property=\"article:publisher\" content=\"https:\/\/www.facebook.com\/svenskamagasinet\" \/>\n<meta property=\"article:published_time\" content=\"2015-08-25T22:00:00+00:00\" \/>\n<meta property=\"og:image\" content=\"https:\/\/lightweb.dev\/l\/svm-temp\/wp-content\/uploads\/2022\/06\/financial-times-ledare-spaniens-reformer-en-lektion-for-euroomradet.png\" \/>\n\t<meta property=\"og:image:width\" content=\"322\" \/>\n\t<meta property=\"og:image:height\" content=\"200\" \/>\n\t<meta property=\"og:image:type\" content=\"image\/png\" \/>\n<meta name=\"author\" content=\"Redaktionen SvM\" \/>\n<meta name=\"twitter:card\" content=\"summary_large_image\" \/>\n<meta name=\"twitter:creator\" content=\"@SvenskaMagasine\" \/>\n<meta name=\"twitter:site\" content=\"@SvenskaMagasine\" \/>\n<script type=\"application\/ld+json\" class=\"yoast-schema-graph\">{\"@context\":\"https:\\\/\\\/schema.org\",\"@graph\":[{\"@type\":\"Article\",\"@id\":\"https:\\\/\\\/lightweb.dev\\\/l\\\/svm-temp\\\/nyheter\\\/financial-times-ledare-spaniens-reformer-en-lektion-for-euro-omradet\\\/#article\",\"isPartOf\":{\"@id\":\"https:\\\/\\\/lightweb.dev\\\/l\\\/svm-temp\\\/nyheter\\\/financial-times-ledare-spaniens-reformer-en-lektion-for-euro-omradet\\\/\"},\"author\":{\"name\":\"Redaktionen SvM\",\"@id\":\"https:\\\/\\\/lightweb.dev\\\/l\\\/svm-temp\\\/#\\\/schema\\\/person\\\/206a3bda5b607b0c25e1749191e4d837\"},\"headline\":\"Financial Times ledare: \u201dSpaniens reformer \u2013 en lektion f\u00f6r euro-omr\u00e5det\u201d\",\"datePublished\":\"2015-08-25T22:00:00+00:00\",\"mainEntityOfPage\":{\"@id\":\"https:\\\/\\\/lightweb.dev\\\/l\\\/svm-temp\\\/nyheter\\\/financial-times-ledare-spaniens-reformer-en-lektion-for-euro-omradet\\\/\"},\"wordCount\":275,\"commentCount\":0,\"publisher\":{\"@id\":\"https:\\\/\\\/lightweb.dev\\\/l\\\/svm-temp\\\/#organization\"},\"image\":{\"@id\":\"https:\\\/\\\/lightweb.dev\\\/l\\\/svm-temp\\\/nyheter\\\/financial-times-ledare-spaniens-reformer-en-lektion-for-euro-omradet\\\/#primaryimage\"},\"thumbnailUrl\":\"https:\\\/\\\/lightweb.dev\\\/l\\\/svm-temp\\\/wp-content\\\/uploads\\\/2022\\\/06\\\/financial-times-ledare-spaniens-reformer-en-lektion-for-euroomradet.png\",\"articleSection\":[\"Arkiv\",\"Nyheter\"],\"inLanguage\":\"sv-SE\"},{\"@type\":\"WebPage\",\"@id\":\"https:\\\/\\\/lightweb.dev\\\/l\\\/svm-temp\\\/nyheter\\\/financial-times-ledare-spaniens-reformer-en-lektion-for-euro-omradet\\\/\",\"url\":\"https:\\\/\\\/lightweb.dev\\\/l\\\/svm-temp\\\/nyheter\\\/financial-times-ledare-spaniens-reformer-en-lektion-for-euro-omradet\\\/\",\"name\":\"Financial Times ledare: \u201dSpaniens reformer \u2013 en lektion f\u00f6r euro-omr\u00e5det\u201d - Svenska Magasinet\",\"isPartOf\":{\"@id\":\"https:\\\/\\\/lightweb.dev\\\/l\\\/svm-temp\\\/#website\"},\"primaryImageOfPage\":{\"@id\":\"https:\\\/\\\/lightweb.dev\\\/l\\\/svm-temp\\\/nyheter\\\/financial-times-ledare-spaniens-reformer-en-lektion-for-euro-omradet\\\/#primaryimage\"},\"image\":{\"@id\":\"https:\\\/\\\/lightweb.dev\\\/l\\\/svm-temp\\\/nyheter\\\/financial-times-ledare-spaniens-reformer-en-lektion-for-euro-omradet\\\/#primaryimage\"},\"thumbnailUrl\":\"https:\\\/\\\/lightweb.dev\\\/l\\\/svm-temp\\\/wp-content\\\/uploads\\\/2022\\\/06\\\/financial-times-ledare-spaniens-reformer-en-lektion-for-euroomradet.png\",\"datePublished\":\"2015-08-25T22:00:00+00:00\",\"breadcrumb\":{\"@id\":\"https:\\\/\\\/lightweb.dev\\\/l\\\/svm-temp\\\/nyheter\\\/financial-times-ledare-spaniens-reformer-en-lektion-for-euro-omradet\\\/#breadcrumb\"},\"inLanguage\":\"sv-SE\",\"potentialAction\":[{\"@type\":\"ReadAction\",\"target\":[\"https:\\\/\\\/lightweb.dev\\\/l\\\/svm-temp\\\/nyheter\\\/financial-times-ledare-spaniens-reformer-en-lektion-for-euro-omradet\\\/\"]}]},{\"@type\":\"ImageObject\",\"inLanguage\":\"sv-SE\",\"@id\":\"https:\\\/\\\/lightweb.dev\\\/l\\\/svm-temp\\\/nyheter\\\/financial-times-ledare-spaniens-reformer-en-lektion-for-euro-omradet\\\/#primaryimage\",\"url\":\"https:\\\/\\\/lightweb.dev\\\/l\\\/svm-temp\\\/wp-content\\\/uploads\\\/2022\\\/06\\\/financial-times-ledare-spaniens-reformer-en-lektion-for-euroomradet.png\",\"contentUrl\":\"https:\\\/\\\/lightweb.dev\\\/l\\\/svm-temp\\\/wp-content\\\/uploads\\\/2022\\\/06\\\/financial-times-ledare-spaniens-reformer-en-lektion-for-euroomradet.png\",\"width\":322,\"height\":200},{\"@type\":\"BreadcrumbList\",\"@id\":\"https:\\\/\\\/lightweb.dev\\\/l\\\/svm-temp\\\/nyheter\\\/financial-times-ledare-spaniens-reformer-en-lektion-for-euro-omradet\\\/#breadcrumb\",\"itemListElement\":[{\"@type\":\"ListItem\",\"position\":1,\"name\":\"Hem\",\"item\":\"https:\\\/\\\/lightweb.dev\\\/l\\\/svm-temp\\\/\"},{\"@type\":\"ListItem\",\"position\":2,\"name\":\"Financial Times ledare: \u201dSpaniens reformer \u2013 en lektion f\u00f6r euro-omr\u00e5det\u201d\"}]},{\"@type\":\"WebSite\",\"@id\":\"https:\\\/\\\/lightweb.dev\\\/l\\\/svm-temp\\\/#website\",\"url\":\"https:\\\/\\\/lightweb.dev\\\/l\\\/svm-temp\\\/\",\"name\":\"Svenska Magasinet\",\"description\":\"Dina Spanska nyheter p&aring; Svenska\",\"publisher\":{\"@id\":\"https:\\\/\\\/lightweb.dev\\\/l\\\/svm-temp\\\/#organization\"},\"potentialAction\":[{\"@type\":\"SearchAction\",\"target\":{\"@type\":\"EntryPoint\",\"urlTemplate\":\"https:\\\/\\\/lightweb.dev\\\/l\\\/svm-temp\\\/?s={search_term_string}\"},\"query-input\":{\"@type\":\"PropertyValueSpecification\",\"valueRequired\":true,\"valueName\":\"search_term_string\"}}],\"inLanguage\":\"sv-SE\"},{\"@type\":\"Organization\",\"@id\":\"https:\\\/\\\/lightweb.dev\\\/l\\\/svm-temp\\\/#organization\",\"name\":\"Melkerson y Nott SL\",\"alternateName\":\"Svenska Magasinet\",\"url\":\"https:\\\/\\\/lightweb.dev\\\/l\\\/svm-temp\\\/\",\"logo\":{\"@type\":\"ImageObject\",\"inLanguage\":\"sv-SE\",\"@id\":\"https:\\\/\\\/lightweb.dev\\\/l\\\/svm-temp\\\/#\\\/schema\\\/logo\\\/image\\\/\",\"url\":\"https:\\\/\\\/lightweb.dev\\\/l\\\/svm-temp\\\/wp-content\\\/uploads\\\/2025\\\/02\\\/SvM-logo-Xtra-Centrerad-SVART.png\",\"contentUrl\":\"https:\\\/\\\/lightweb.dev\\\/l\\\/svm-temp\\\/wp-content\\\/uploads\\\/2025\\\/02\\\/SvM-logo-Xtra-Centrerad-SVART.png\",\"width\":300,\"height\":99,\"caption\":\"Melkerson y Nott SL\"},\"image\":{\"@id\":\"https:\\\/\\\/lightweb.dev\\\/l\\\/svm-temp\\\/#\\\/schema\\\/logo\\\/image\\\/\"},\"sameAs\":[\"https:\\\/\\\/www.facebook.com\\\/svenskamagasinet\",\"https:\\\/\\\/x.com\\\/SvenskaMagasine\"]},{\"@type\":\"Person\",\"@id\":\"https:\\\/\\\/lightweb.dev\\\/l\\\/svm-temp\\\/#\\\/schema\\\/person\\\/206a3bda5b607b0c25e1749191e4d837\",\"name\":\"Redaktionen SvM\",\"description\":\"Redaktionen\",\"sameAs\":[\"https:\\\/\\\/lightweb.dev\\\/l\\\/svm-temp\"],\"url\":\"https:\\\/\\\/lightweb.dev\\\/l\\\/svm-temp\\\/reporter\\\/redaktionen\\\/\"}]}<\/script>\n<!-- \/ Yoast SEO Premium plugin. -->","yoast_head_json":{"title":"Financial Times ledare: \u201dSpaniens reformer \u2013 en lektion f\u00f6r euro-omr\u00e5det\u201d - Svenska Magasinet","robots":{"index":"noindex","follow":"follow","max-snippet":"max-snippet:-1","max-image-preview":"max-image-preview:large","max-video-preview":"max-video-preview:-1"},"og_locale":"sv_SE","og_type":"article","og_title":"Financial Times ledare: \u201dSpaniens reformer \u2013 en lektion f\u00f6r euro-omr\u00e5det\u201d","og_description":"V\u00e4rldens mest prestigefyllda aff\u00e4rstidning ber\u00f6mmer Spanien f\u00f6r reformarbetet och skriver att man ger hela euro-omr\u00e5det en lektion i vad de borde g\u00f6ra. Tidningen g\u00f6r en positiv bed\u00f6mning av det arbete som Rajoy-regeringen har gjort. I en ledare p\u00e5 onsdagen lyfter Financial Times fram Spanien som \u201dett av de snabbast v\u00e4xande l\u00e4nder\u201d i euroomr\u00e5det med en [&hellip;]","og_url":"https:\/\/lightweb.dev\/l\/svm-temp\/nyheter\/financial-times-ledare-spaniens-reformer-en-lektion-for-euro-omradet\/","og_site_name":"Svenska Magasinet","article_publisher":"https:\/\/www.facebook.com\/svenskamagasinet","article_published_time":"2015-08-25T22:00:00+00:00","og_image":[{"width":322,"height":200,"url":"https:\/\/lightweb.dev\/l\/svm-temp\/wp-content\/uploads\/2022\/06\/financial-times-ledare-spaniens-reformer-en-lektion-for-euroomradet.png","type":"image\/png"}],"author":"Redaktionen SvM","twitter_card":"summary_large_image","twitter_creator":"@SvenskaMagasine","twitter_site":"@SvenskaMagasine","schema":{"@context":"https:\/\/schema.org","@graph":[{"@type":"Article","@id":"https:\/\/lightweb.dev\/l\/svm-temp\/nyheter\/financial-times-ledare-spaniens-reformer-en-lektion-for-euro-omradet\/#article","isPartOf":{"@id":"https:\/\/lightweb.dev\/l\/svm-temp\/nyheter\/financial-times-ledare-spaniens-reformer-en-lektion-for-euro-omradet\/"},"author":{"name":"Redaktionen SvM","@id":"https:\/\/lightweb.dev\/l\/svm-temp\/#\/schema\/person\/206a3bda5b607b0c25e1749191e4d837"},"headline":"Financial Times ledare: \u201dSpaniens reformer \u2013 en lektion f\u00f6r euro-omr\u00e5det\u201d","datePublished":"2015-08-25T22:00:00+00:00","mainEntityOfPage":{"@id":"https:\/\/lightweb.dev\/l\/svm-temp\/nyheter\/financial-times-ledare-spaniens-reformer-en-lektion-for-euro-omradet\/"},"wordCount":275,"commentCount":0,"publisher":{"@id":"https:\/\/lightweb.dev\/l\/svm-temp\/#organization"},"image":{"@id":"https:\/\/lightweb.dev\/l\/svm-temp\/nyheter\/financial-times-ledare-spaniens-reformer-en-lektion-for-euro-omradet\/#primaryimage"},"thumbnailUrl":"https:\/\/lightweb.dev\/l\/svm-temp\/wp-content\/uploads\/2022\/06\/financial-times-ledare-spaniens-reformer-en-lektion-for-euroomradet.png","articleSection":["Arkiv","Nyheter"],"inLanguage":"sv-SE"},{"@type":"WebPage","@id":"https:\/\/lightweb.dev\/l\/svm-temp\/nyheter\/financial-times-ledare-spaniens-reformer-en-lektion-for-euro-omradet\/","url":"https:\/\/lightweb.dev\/l\/svm-temp\/nyheter\/financial-times-ledare-spaniens-reformer-en-lektion-for-euro-omradet\/","name":"Financial Times ledare: \u201dSpaniens reformer \u2013 en lektion f\u00f6r euro-omr\u00e5det\u201d - Svenska Magasinet","isPartOf":{"@id":"https:\/\/lightweb.dev\/l\/svm-temp\/#website"},"primaryImageOfPage":{"@id":"https:\/\/lightweb.dev\/l\/svm-temp\/nyheter\/financial-times-ledare-spaniens-reformer-en-lektion-for-euro-omradet\/#primaryimage"},"image":{"@id":"https:\/\/lightweb.dev\/l\/svm-temp\/nyheter\/financial-times-ledare-spaniens-reformer-en-lektion-for-euro-omradet\/#primaryimage"},"thumbnailUrl":"https:\/\/lightweb.dev\/l\/svm-temp\/wp-content\/uploads\/2022\/06\/financial-times-ledare-spaniens-reformer-en-lektion-for-euroomradet.png","datePublished":"2015-08-25T22:00:00+00:00","breadcrumb":{"@id":"https:\/\/lightweb.dev\/l\/svm-temp\/nyheter\/financial-times-ledare-spaniens-reformer-en-lektion-for-euro-omradet\/#breadcrumb"},"inLanguage":"sv-SE","potentialAction":[{"@type":"ReadAction","target":["https:\/\/lightweb.dev\/l\/svm-temp\/nyheter\/financial-times-ledare-spaniens-reformer-en-lektion-for-euro-omradet\/"]}]},{"@type":"ImageObject","inLanguage":"sv-SE","@id":"https:\/\/lightweb.dev\/l\/svm-temp\/nyheter\/financial-times-ledare-spaniens-reformer-en-lektion-for-euro-omradet\/#primaryimage","url":"https:\/\/lightweb.dev\/l\/svm-temp\/wp-content\/uploads\/2022\/06\/financial-times-ledare-spaniens-reformer-en-lektion-for-euroomradet.png","contentUrl":"https:\/\/lightweb.dev\/l\/svm-temp\/wp-content\/uploads\/2022\/06\/financial-times-ledare-spaniens-reformer-en-lektion-for-euroomradet.png","width":322,"height":200},{"@type":"BreadcrumbList","@id":"https:\/\/lightweb.dev\/l\/svm-temp\/nyheter\/financial-times-ledare-spaniens-reformer-en-lektion-for-euro-omradet\/#breadcrumb","itemListElement":[{"@type":"ListItem","position":1,"name":"Hem","item":"https:\/\/lightweb.dev\/l\/svm-temp\/"},{"@type":"ListItem","position":2,"name":"Financial Times ledare: \u201dSpaniens reformer \u2013 en lektion f\u00f6r euro-omr\u00e5det\u201d"}]},{"@type":"WebSite","@id":"https:\/\/lightweb.dev\/l\/svm-temp\/#website","url":"https:\/\/lightweb.dev\/l\/svm-temp\/","name":"Svenska Magasinet","description":"Dina Spanska nyheter p&aring; Svenska","publisher":{"@id":"https:\/\/lightweb.dev\/l\/svm-temp\/#organization"},"potentialAction":[{"@type":"SearchAction","target":{"@type":"EntryPoint","urlTemplate":"https:\/\/lightweb.dev\/l\/svm-temp\/?s={search_term_string}"},"query-input":{"@type":"PropertyValueSpecification","valueRequired":true,"valueName":"search_term_string"}}],"inLanguage":"sv-SE"},{"@type":"Organization","@id":"https:\/\/lightweb.dev\/l\/svm-temp\/#organization","name":"Melkerson y Nott SL","alternateName":"Svenska Magasinet","url":"https:\/\/lightweb.dev\/l\/svm-temp\/","logo":{"@type":"ImageObject","inLanguage":"sv-SE","@id":"https:\/\/lightweb.dev\/l\/svm-temp\/#\/schema\/logo\/image\/","url":"https:\/\/lightweb.dev\/l\/svm-temp\/wp-content\/uploads\/2025\/02\/SvM-logo-Xtra-Centrerad-SVART.png","contentUrl":"https:\/\/lightweb.dev\/l\/svm-temp\/wp-content\/uploads\/2025\/02\/SvM-logo-Xtra-Centrerad-SVART.png","width":300,"height":99,"caption":"Melkerson y Nott SL"},"image":{"@id":"https:\/\/lightweb.dev\/l\/svm-temp\/#\/schema\/logo\/image\/"},"sameAs":["https:\/\/www.facebook.com\/svenskamagasinet","https:\/\/x.com\/SvenskaMagasine"]},{"@type":"Person","@id":"https:\/\/lightweb.dev\/l\/svm-temp\/#\/schema\/person\/206a3bda5b607b0c25e1749191e4d837","name":"Redaktionen SvM","description":"Redaktionen","sameAs":["https:\/\/lightweb.dev\/l\/svm-temp"],"url":"https:\/\/lightweb.dev\/l\/svm-temp\/reporter\/redaktionen\/"}]}},"_links":{"self":[{"href":"https:\/\/lightweb.dev\/l\/svm-temp\/wp-json\/wp\/v2\/posts\/23714","targetHints":{"allow":["GET"]}}],"collection":[{"href":"https:\/\/lightweb.dev\/l\/svm-temp\/wp-json\/wp\/v2\/posts"}],"about":[{"href":"https:\/\/lightweb.dev\/l\/svm-temp\/wp-json\/wp\/v2\/types\/post"}],"author":[{"embeddable":true,"href":"https:\/\/lightweb.dev\/l\/svm-temp\/wp-json\/wp\/v2\/users\/8"}],"replies":[{"embeddable":true,"href":"https:\/\/lightweb.dev\/l\/svm-temp\/wp-json\/wp\/v2\/comments?post=23714"}],"version-history":[{"count":0,"href":"https:\/\/lightweb.dev\/l\/svm-temp\/wp-json\/wp\/v2\/posts\/23714\/revisions"}],"wp:featuredmedia":[{"embeddable":true,"href":"https:\/\/lightweb.dev\/l\/svm-temp\/wp-json\/wp\/v2\/media\/23715"}],"wp:attachment":[{"href":"https:\/\/lightweb.dev\/l\/svm-temp\/wp-json\/wp\/v2\/media?parent=23714"}],"wp:term":[{"taxonomy":"category","embeddable":true,"href":"https:\/\/lightweb.dev\/l\/svm-temp\/wp-json\/wp\/v2\/categories?post=23714"},{"taxonomy":"post_tag","embeddable":true,"href":"https:\/\/lightweb.dev\/l\/svm-temp\/wp-json\/wp\/v2\/tags?post=23714"}],"curies":[{"name":"wp","href":"https:\/\/api.w.org\/{rel}","templated":true}]}}