{"id":23716,"date":"2015-08-25T00:00:00","date_gmt":"2015-08-24T22:00:00","guid":{"rendered":"https:\/\/lightweb.dev\/l\/svm-temp\/nyheter\/brittisk-turist-somnade-pa-bage-over-tyska-bron-ville-vara-fri-som-en-fagel\/"},"modified":"2015-08-25T00:00:00","modified_gmt":"2015-08-24T22:00:00","slug":"brittisk-turist-somnade-pa-bage-over-tyska-bron-ville-vara-fri-som-en-fagel","status":"publish","type":"post","link":"https:\/\/lightweb.dev\/l\/svm-temp\/nyheter\/brittisk-turist-somnade-pa-bage-over-tyska-bron-ville-vara-fri-som-en-fagel\/","title":{"rendered":"Brittisk turist somnade p\u00e5 b\u00e5ge \u00f6ver Tyska bron &#8211; &#8221;ville vara fri som en f\u00e5gel&#8221;"},"content":{"rendered":"<p> Spansk polis f\u00e5r g\u00f6ra det m\u00e4rkliga ingripandet efter det andra. Titta p\u00e5 bilden intill och du ser en person som ligger p\u00e5 den 40 centimeter breda b\u00e5gen \u00f6ver bron Puente de los Alemanes i centrala M\u00e1laga \u2013 och sover!<\/p>\n<p>Det var en lokal taxichauff\u00f6r som larmade lokalpolisen om den 40-\u00e5rige brittiske turisten som hade tagit sig n\u00e5gra st\u00e4nkare och festat loss p\u00e5 ferian i M\u00e1laga natten mot l\u00f6rdagen.<\/p>\n<p>Och polisen v\u00e5gade inte v\u00e4cka honom med risk f\u00f6r att han skulle falla och skada sig. I st\u00e4llet tillkallades brandk\u00e5ren som fick fira ned den sovande britten i en korg skriver Diario SUR.<\/p>\n<p>N\u00e4r polisen f\u00f6rs\u00f6kte prata med mannen s\u00e5 bara mumlade han.<\/p>\n<p>F\u00f6rbipasserande tog bild p\u00e5 h\u00e4ndelsen som har cirkulerat p\u00e5 sociala n\u00e4tverk. Den brittiske turisten som bodde (!) p\u00e5 ett vandrarhem p\u00e5 calle Larios i M\u00e1laga kallas nu f\u00f6r \u201dSpiderman\u201d och \u201del ninja del Puente\u201d.<\/p>\n<p>Den brittiske turisten f\u00f6rklarade senare sitt beteende med att han ville k\u00e4nna sig fri som en f\u00e5gel.<\/p>\n<p>Mannen riskerar att d\u00f6mas f\u00f6r f\u00f6rargelsev\u00e4ckande beteende och innehav av droger skriver tidningen.<\/p>\n<p>I regel brukar berusade turister sova ruset av sig p\u00e5 bron eller under bron. Men att turist l\u00e4gger sig p\u00e5 den smala b\u00e5gen \u00f6ver bron har aldrig tidigare intr\u00e4ffat&#8230;<\/p>\n<p>(Foto: Twitter)<\/p>\n<p>(Uppdaterad 26\/8\/2015) <\/p>\n","protected":false},"excerpt":{"rendered":"<p>Spansk polis f\u00e5r g\u00f6ra det m\u00e4rkliga ingripandet efter det andra. Titta p\u00e5 bilden intill och du ser en person som ligger p\u00e5 den 40 centimeter breda b\u00e5gen \u00f6ver bron Puente de los Alemanes i centrala M\u00e1laga \u2013 och sover! Det var en lokal taxichauff\u00f6r som larmade lokalpolisen om den 40-\u00e5rige brittiske turisten som hade tagit [&hellip;]<\/p>\n","protected":false},"author":8,"featured_media":23717,"comment_status":"open","ping_status":"open","sticky":false,"template":"","format":"standard","meta":{"_et_pb_use_builder":"","_et_pb_old_content":"","_et_gb_content_width":"","footnotes":""},"categories":[395,3],"tags":[],"class_list":["post-23716","post","type-post","status-publish","format-standard","has-post-thumbnail","hentry","category-arkiv-nyheter","category-nyheter"],"yoast_head":"<!-- This site is optimized with the Yoast SEO Premium plugin v26.2 (Yoast SEO v27.5) - https:\/\/yoast.com\/product\/yoast-seo-premium-wordpress\/ -->\n<title>Brittisk turist somnade p\u00e5 b\u00e5ge \u00f6ver Tyska bron - &quot;ville vara fri som en f\u00e5gel&quot; - Svenska Magasinet<\/title>\n<meta name=\"robots\" content=\"noindex, follow, max-snippet:-1, max-image-preview:large, max-video-preview:-1\" \/>\n<meta property=\"og:locale\" content=\"sv_SE\" \/>\n<meta property=\"og:type\" content=\"article\" \/>\n<meta property=\"og:title\" content=\"Brittisk turist somnade p\u00e5 b\u00e5ge \u00f6ver Tyska bron - &quot;ville vara fri som en f\u00e5gel&quot;\" \/>\n<meta property=\"og:description\" content=\"Spansk polis f\u00e5r g\u00f6ra det m\u00e4rkliga ingripandet efter det andra. Titta p\u00e5 bilden intill och du ser en person som ligger p\u00e5 den 40 centimeter breda b\u00e5gen \u00f6ver bron Puente de los Alemanes i centrala M\u00e1laga \u2013 och sover! Det var en lokal taxichauff\u00f6r som larmade lokalpolisen om den 40-\u00e5rige brittiske turisten som hade tagit [&hellip;]\" \/>\n<meta property=\"og:url\" content=\"https:\/\/lightweb.dev\/l\/svm-temp\/nyheter\/brittisk-turist-somnade-pa-bage-over-tyska-bron-ville-vara-fri-som-en-fagel\/\" \/>\n<meta property=\"og:site_name\" content=\"Svenska Magasinet\" \/>\n<meta property=\"article:publisher\" content=\"https:\/\/www.facebook.com\/svenskamagasinet\" \/>\n<meta property=\"article:published_time\" content=\"2015-08-24T22:00:00+00:00\" \/>\n<meta property=\"og:image\" content=\"https:\/\/lightweb.dev\/l\/svm-temp\/wp-content\/uploads\/2022\/06\/brittisk-turist-somnade-pa-bage-over-tyska-bron-ville-vara-fri-som-en-fagel.png\" \/>\n\t<meta property=\"og:image:width\" content=\"280\" \/>\n\t<meta property=\"og:image:height\" content=\"330\" \/>\n\t<meta property=\"og:image:type\" content=\"image\/png\" \/>\n<meta name=\"author\" content=\"Redaktionen SvM\" \/>\n<meta name=\"twitter:card\" content=\"summary_large_image\" \/>\n<meta name=\"twitter:creator\" content=\"@SvenskaMagasine\" \/>\n<meta name=\"twitter:site\" content=\"@SvenskaMagasine\" \/>\n<script type=\"application\/ld+json\" class=\"yoast-schema-graph\">{\"@context\":\"https:\\\/\\\/schema.org\",\"@graph\":[{\"@type\":\"Article\",\"@id\":\"https:\\\/\\\/lightweb.dev\\\/l\\\/svm-temp\\\/nyheter\\\/brittisk-turist-somnade-pa-bage-over-tyska-bron-ville-vara-fri-som-en-fagel\\\/#article\",\"isPartOf\":{\"@id\":\"https:\\\/\\\/lightweb.dev\\\/l\\\/svm-temp\\\/nyheter\\\/brittisk-turist-somnade-pa-bage-over-tyska-bron-ville-vara-fri-som-en-fagel\\\/\"},\"author\":{\"name\":\"Redaktionen SvM\",\"@id\":\"https:\\\/\\\/lightweb.dev\\\/l\\\/svm-temp\\\/#\\\/schema\\\/person\\\/206a3bda5b607b0c25e1749191e4d837\"},\"headline\":\"Brittisk turist somnade p\u00e5 b\u00e5ge \u00f6ver Tyska bron &#8211; &#8221;ville vara fri som en f\u00e5gel&#8221;\",\"datePublished\":\"2015-08-24T22:00:00+00:00\",\"mainEntityOfPage\":{\"@id\":\"https:\\\/\\\/lightweb.dev\\\/l\\\/svm-temp\\\/nyheter\\\/brittisk-turist-somnade-pa-bage-over-tyska-bron-ville-vara-fri-som-en-fagel\\\/\"},\"wordCount\":255,\"commentCount\":0,\"publisher\":{\"@id\":\"https:\\\/\\\/lightweb.dev\\\/l\\\/svm-temp\\\/#organization\"},\"image\":{\"@id\":\"https:\\\/\\\/lightweb.dev\\\/l\\\/svm-temp\\\/nyheter\\\/brittisk-turist-somnade-pa-bage-over-tyska-bron-ville-vara-fri-som-en-fagel\\\/#primaryimage\"},\"thumbnailUrl\":\"https:\\\/\\\/lightweb.dev\\\/l\\\/svm-temp\\\/wp-content\\\/uploads\\\/2022\\\/06\\\/brittisk-turist-somnade-pa-bage-over-tyska-bron-ville-vara-fri-som-en-fagel.png\",\"articleSection\":[\"Arkiv\",\"Nyheter\"],\"inLanguage\":\"sv-SE\"},{\"@type\":\"WebPage\",\"@id\":\"https:\\\/\\\/lightweb.dev\\\/l\\\/svm-temp\\\/nyheter\\\/brittisk-turist-somnade-pa-bage-over-tyska-bron-ville-vara-fri-som-en-fagel\\\/\",\"url\":\"https:\\\/\\\/lightweb.dev\\\/l\\\/svm-temp\\\/nyheter\\\/brittisk-turist-somnade-pa-bage-over-tyska-bron-ville-vara-fri-som-en-fagel\\\/\",\"name\":\"Brittisk turist somnade p\u00e5 b\u00e5ge \u00f6ver Tyska bron - \\\"ville vara fri som en f\u00e5gel\\\" - Svenska Magasinet\",\"isPartOf\":{\"@id\":\"https:\\\/\\\/lightweb.dev\\\/l\\\/svm-temp\\\/#website\"},\"primaryImageOfPage\":{\"@id\":\"https:\\\/\\\/lightweb.dev\\\/l\\\/svm-temp\\\/nyheter\\\/brittisk-turist-somnade-pa-bage-over-tyska-bron-ville-vara-fri-som-en-fagel\\\/#primaryimage\"},\"image\":{\"@id\":\"https:\\\/\\\/lightweb.dev\\\/l\\\/svm-temp\\\/nyheter\\\/brittisk-turist-somnade-pa-bage-over-tyska-bron-ville-vara-fri-som-en-fagel\\\/#primaryimage\"},\"thumbnailUrl\":\"https:\\\/\\\/lightweb.dev\\\/l\\\/svm-temp\\\/wp-content\\\/uploads\\\/2022\\\/06\\\/brittisk-turist-somnade-pa-bage-over-tyska-bron-ville-vara-fri-som-en-fagel.png\",\"datePublished\":\"2015-08-24T22:00:00+00:00\",\"breadcrumb\":{\"@id\":\"https:\\\/\\\/lightweb.dev\\\/l\\\/svm-temp\\\/nyheter\\\/brittisk-turist-somnade-pa-bage-over-tyska-bron-ville-vara-fri-som-en-fagel\\\/#breadcrumb\"},\"inLanguage\":\"sv-SE\",\"potentialAction\":[{\"@type\":\"ReadAction\",\"target\":[\"https:\\\/\\\/lightweb.dev\\\/l\\\/svm-temp\\\/nyheter\\\/brittisk-turist-somnade-pa-bage-over-tyska-bron-ville-vara-fri-som-en-fagel\\\/\"]}]},{\"@type\":\"ImageObject\",\"inLanguage\":\"sv-SE\",\"@id\":\"https:\\\/\\\/lightweb.dev\\\/l\\\/svm-temp\\\/nyheter\\\/brittisk-turist-somnade-pa-bage-over-tyska-bron-ville-vara-fri-som-en-fagel\\\/#primaryimage\",\"url\":\"https:\\\/\\\/lightweb.dev\\\/l\\\/svm-temp\\\/wp-content\\\/uploads\\\/2022\\\/06\\\/brittisk-turist-somnade-pa-bage-over-tyska-bron-ville-vara-fri-som-en-fagel.png\",\"contentUrl\":\"https:\\\/\\\/lightweb.dev\\\/l\\\/svm-temp\\\/wp-content\\\/uploads\\\/2022\\\/06\\\/brittisk-turist-somnade-pa-bage-over-tyska-bron-ville-vara-fri-som-en-fagel.png\",\"width\":280,\"height\":330},{\"@type\":\"BreadcrumbList\",\"@id\":\"https:\\\/\\\/lightweb.dev\\\/l\\\/svm-temp\\\/nyheter\\\/brittisk-turist-somnade-pa-bage-over-tyska-bron-ville-vara-fri-som-en-fagel\\\/#breadcrumb\",\"itemListElement\":[{\"@type\":\"ListItem\",\"position\":1,\"name\":\"Hem\",\"item\":\"https:\\\/\\\/lightweb.dev\\\/l\\\/svm-temp\\\/\"},{\"@type\":\"ListItem\",\"position\":2,\"name\":\"Brittisk turist somnade p\u00e5 b\u00e5ge \u00f6ver Tyska bron &#8211; &#8221;ville vara fri som en f\u00e5gel&#8221;\"}]},{\"@type\":\"WebSite\",\"@id\":\"https:\\\/\\\/lightweb.dev\\\/l\\\/svm-temp\\\/#website\",\"url\":\"https:\\\/\\\/lightweb.dev\\\/l\\\/svm-temp\\\/\",\"name\":\"Svenska Magasinet\",\"description\":\"Dina Spanska nyheter p&aring; Svenska\",\"publisher\":{\"@id\":\"https:\\\/\\\/lightweb.dev\\\/l\\\/svm-temp\\\/#organization\"},\"potentialAction\":[{\"@type\":\"SearchAction\",\"target\":{\"@type\":\"EntryPoint\",\"urlTemplate\":\"https:\\\/\\\/lightweb.dev\\\/l\\\/svm-temp\\\/?s={search_term_string}\"},\"query-input\":{\"@type\":\"PropertyValueSpecification\",\"valueRequired\":true,\"valueName\":\"search_term_string\"}}],\"inLanguage\":\"sv-SE\"},{\"@type\":\"Organization\",\"@id\":\"https:\\\/\\\/lightweb.dev\\\/l\\\/svm-temp\\\/#organization\",\"name\":\"Melkerson y Nott SL\",\"alternateName\":\"Svenska Magasinet\",\"url\":\"https:\\\/\\\/lightweb.dev\\\/l\\\/svm-temp\\\/\",\"logo\":{\"@type\":\"ImageObject\",\"inLanguage\":\"sv-SE\",\"@id\":\"https:\\\/\\\/lightweb.dev\\\/l\\\/svm-temp\\\/#\\\/schema\\\/logo\\\/image\\\/\",\"url\":\"https:\\\/\\\/lightweb.dev\\\/l\\\/svm-temp\\\/wp-content\\\/uploads\\\/2025\\\/02\\\/SvM-logo-Xtra-Centrerad-SVART.png\",\"contentUrl\":\"https:\\\/\\\/lightweb.dev\\\/l\\\/svm-temp\\\/wp-content\\\/uploads\\\/2025\\\/02\\\/SvM-logo-Xtra-Centrerad-SVART.png\",\"width\":300,\"height\":99,\"caption\":\"Melkerson y Nott SL\"},\"image\":{\"@id\":\"https:\\\/\\\/lightweb.dev\\\/l\\\/svm-temp\\\/#\\\/schema\\\/logo\\\/image\\\/\"},\"sameAs\":[\"https:\\\/\\\/www.facebook.com\\\/svenskamagasinet\",\"https:\\\/\\\/x.com\\\/SvenskaMagasine\"]},{\"@type\":\"Person\",\"@id\":\"https:\\\/\\\/lightweb.dev\\\/l\\\/svm-temp\\\/#\\\/schema\\\/person\\\/206a3bda5b607b0c25e1749191e4d837\",\"name\":\"Redaktionen SvM\",\"description\":\"Redaktionen\",\"sameAs\":[\"https:\\\/\\\/lightweb.dev\\\/l\\\/svm-temp\"],\"url\":\"https:\\\/\\\/lightweb.dev\\\/l\\\/svm-temp\\\/reporter\\\/redaktionen\\\/\"}]}<\/script>\n<!-- \/ Yoast SEO Premium plugin. -->","yoast_head_json":{"title":"Brittisk turist somnade p\u00e5 b\u00e5ge \u00f6ver Tyska bron - \"ville vara fri som en f\u00e5gel\" - Svenska Magasinet","robots":{"index":"noindex","follow":"follow","max-snippet":"max-snippet:-1","max-image-preview":"max-image-preview:large","max-video-preview":"max-video-preview:-1"},"og_locale":"sv_SE","og_type":"article","og_title":"Brittisk turist somnade p\u00e5 b\u00e5ge \u00f6ver Tyska bron - \"ville vara fri som en f\u00e5gel\"","og_description":"Spansk polis f\u00e5r g\u00f6ra det m\u00e4rkliga ingripandet efter det andra. Titta p\u00e5 bilden intill och du ser en person som ligger p\u00e5 den 40 centimeter breda b\u00e5gen \u00f6ver bron Puente de los Alemanes i centrala M\u00e1laga \u2013 och sover! Det var en lokal taxichauff\u00f6r som larmade lokalpolisen om den 40-\u00e5rige brittiske turisten som hade tagit [&hellip;]","og_url":"https:\/\/lightweb.dev\/l\/svm-temp\/nyheter\/brittisk-turist-somnade-pa-bage-over-tyska-bron-ville-vara-fri-som-en-fagel\/","og_site_name":"Svenska Magasinet","article_publisher":"https:\/\/www.facebook.com\/svenskamagasinet","article_published_time":"2015-08-24T22:00:00+00:00","og_image":[{"width":280,"height":330,"url":"https:\/\/lightweb.dev\/l\/svm-temp\/wp-content\/uploads\/2022\/06\/brittisk-turist-somnade-pa-bage-over-tyska-bron-ville-vara-fri-som-en-fagel.png","type":"image\/png"}],"author":"Redaktionen SvM","twitter_card":"summary_large_image","twitter_creator":"@SvenskaMagasine","twitter_site":"@SvenskaMagasine","schema":{"@context":"https:\/\/schema.org","@graph":[{"@type":"Article","@id":"https:\/\/lightweb.dev\/l\/svm-temp\/nyheter\/brittisk-turist-somnade-pa-bage-over-tyska-bron-ville-vara-fri-som-en-fagel\/#article","isPartOf":{"@id":"https:\/\/lightweb.dev\/l\/svm-temp\/nyheter\/brittisk-turist-somnade-pa-bage-over-tyska-bron-ville-vara-fri-som-en-fagel\/"},"author":{"name":"Redaktionen SvM","@id":"https:\/\/lightweb.dev\/l\/svm-temp\/#\/schema\/person\/206a3bda5b607b0c25e1749191e4d837"},"headline":"Brittisk turist somnade p\u00e5 b\u00e5ge \u00f6ver Tyska bron &#8211; &#8221;ville vara fri som en f\u00e5gel&#8221;","datePublished":"2015-08-24T22:00:00+00:00","mainEntityOfPage":{"@id":"https:\/\/lightweb.dev\/l\/svm-temp\/nyheter\/brittisk-turist-somnade-pa-bage-over-tyska-bron-ville-vara-fri-som-en-fagel\/"},"wordCount":255,"commentCount":0,"publisher":{"@id":"https:\/\/lightweb.dev\/l\/svm-temp\/#organization"},"image":{"@id":"https:\/\/lightweb.dev\/l\/svm-temp\/nyheter\/brittisk-turist-somnade-pa-bage-over-tyska-bron-ville-vara-fri-som-en-fagel\/#primaryimage"},"thumbnailUrl":"https:\/\/lightweb.dev\/l\/svm-temp\/wp-content\/uploads\/2022\/06\/brittisk-turist-somnade-pa-bage-over-tyska-bron-ville-vara-fri-som-en-fagel.png","articleSection":["Arkiv","Nyheter"],"inLanguage":"sv-SE"},{"@type":"WebPage","@id":"https:\/\/lightweb.dev\/l\/svm-temp\/nyheter\/brittisk-turist-somnade-pa-bage-over-tyska-bron-ville-vara-fri-som-en-fagel\/","url":"https:\/\/lightweb.dev\/l\/svm-temp\/nyheter\/brittisk-turist-somnade-pa-bage-over-tyska-bron-ville-vara-fri-som-en-fagel\/","name":"Brittisk turist somnade p\u00e5 b\u00e5ge \u00f6ver Tyska bron - \"ville vara fri som en f\u00e5gel\" - Svenska Magasinet","isPartOf":{"@id":"https:\/\/lightweb.dev\/l\/svm-temp\/#website"},"primaryImageOfPage":{"@id":"https:\/\/lightweb.dev\/l\/svm-temp\/nyheter\/brittisk-turist-somnade-pa-bage-over-tyska-bron-ville-vara-fri-som-en-fagel\/#primaryimage"},"image":{"@id":"https:\/\/lightweb.dev\/l\/svm-temp\/nyheter\/brittisk-turist-somnade-pa-bage-over-tyska-bron-ville-vara-fri-som-en-fagel\/#primaryimage"},"thumbnailUrl":"https:\/\/lightweb.dev\/l\/svm-temp\/wp-content\/uploads\/2022\/06\/brittisk-turist-somnade-pa-bage-over-tyska-bron-ville-vara-fri-som-en-fagel.png","datePublished":"2015-08-24T22:00:00+00:00","breadcrumb":{"@id":"https:\/\/lightweb.dev\/l\/svm-temp\/nyheter\/brittisk-turist-somnade-pa-bage-over-tyska-bron-ville-vara-fri-som-en-fagel\/#breadcrumb"},"inLanguage":"sv-SE","potentialAction":[{"@type":"ReadAction","target":["https:\/\/lightweb.dev\/l\/svm-temp\/nyheter\/brittisk-turist-somnade-pa-bage-over-tyska-bron-ville-vara-fri-som-en-fagel\/"]}]},{"@type":"ImageObject","inLanguage":"sv-SE","@id":"https:\/\/lightweb.dev\/l\/svm-temp\/nyheter\/brittisk-turist-somnade-pa-bage-over-tyska-bron-ville-vara-fri-som-en-fagel\/#primaryimage","url":"https:\/\/lightweb.dev\/l\/svm-temp\/wp-content\/uploads\/2022\/06\/brittisk-turist-somnade-pa-bage-over-tyska-bron-ville-vara-fri-som-en-fagel.png","contentUrl":"https:\/\/lightweb.dev\/l\/svm-temp\/wp-content\/uploads\/2022\/06\/brittisk-turist-somnade-pa-bage-over-tyska-bron-ville-vara-fri-som-en-fagel.png","width":280,"height":330},{"@type":"BreadcrumbList","@id":"https:\/\/lightweb.dev\/l\/svm-temp\/nyheter\/brittisk-turist-somnade-pa-bage-over-tyska-bron-ville-vara-fri-som-en-fagel\/#breadcrumb","itemListElement":[{"@type":"ListItem","position":1,"name":"Hem","item":"https:\/\/lightweb.dev\/l\/svm-temp\/"},{"@type":"ListItem","position":2,"name":"Brittisk turist somnade p\u00e5 b\u00e5ge \u00f6ver Tyska bron &#8211; &#8221;ville vara fri som en f\u00e5gel&#8221;"}]},{"@type":"WebSite","@id":"https:\/\/lightweb.dev\/l\/svm-temp\/#website","url":"https:\/\/lightweb.dev\/l\/svm-temp\/","name":"Svenska Magasinet","description":"Dina Spanska nyheter p&aring; Svenska","publisher":{"@id":"https:\/\/lightweb.dev\/l\/svm-temp\/#organization"},"potentialAction":[{"@type":"SearchAction","target":{"@type":"EntryPoint","urlTemplate":"https:\/\/lightweb.dev\/l\/svm-temp\/?s={search_term_string}"},"query-input":{"@type":"PropertyValueSpecification","valueRequired":true,"valueName":"search_term_string"}}],"inLanguage":"sv-SE"},{"@type":"Organization","@id":"https:\/\/lightweb.dev\/l\/svm-temp\/#organization","name":"Melkerson y Nott SL","alternateName":"Svenska Magasinet","url":"https:\/\/lightweb.dev\/l\/svm-temp\/","logo":{"@type":"ImageObject","inLanguage":"sv-SE","@id":"https:\/\/lightweb.dev\/l\/svm-temp\/#\/schema\/logo\/image\/","url":"https:\/\/lightweb.dev\/l\/svm-temp\/wp-content\/uploads\/2025\/02\/SvM-logo-Xtra-Centrerad-SVART.png","contentUrl":"https:\/\/lightweb.dev\/l\/svm-temp\/wp-content\/uploads\/2025\/02\/SvM-logo-Xtra-Centrerad-SVART.png","width":300,"height":99,"caption":"Melkerson y Nott SL"},"image":{"@id":"https:\/\/lightweb.dev\/l\/svm-temp\/#\/schema\/logo\/image\/"},"sameAs":["https:\/\/www.facebook.com\/svenskamagasinet","https:\/\/x.com\/SvenskaMagasine"]},{"@type":"Person","@id":"https:\/\/lightweb.dev\/l\/svm-temp\/#\/schema\/person\/206a3bda5b607b0c25e1749191e4d837","name":"Redaktionen SvM","description":"Redaktionen","sameAs":["https:\/\/lightweb.dev\/l\/svm-temp"],"url":"https:\/\/lightweb.dev\/l\/svm-temp\/reporter\/redaktionen\/"}]}},"_links":{"self":[{"href":"https:\/\/lightweb.dev\/l\/svm-temp\/wp-json\/wp\/v2\/posts\/23716","targetHints":{"allow":["GET"]}}],"collection":[{"href":"https:\/\/lightweb.dev\/l\/svm-temp\/wp-json\/wp\/v2\/posts"}],"about":[{"href":"https:\/\/lightweb.dev\/l\/svm-temp\/wp-json\/wp\/v2\/types\/post"}],"author":[{"embeddable":true,"href":"https:\/\/lightweb.dev\/l\/svm-temp\/wp-json\/wp\/v2\/users\/8"}],"replies":[{"embeddable":true,"href":"https:\/\/lightweb.dev\/l\/svm-temp\/wp-json\/wp\/v2\/comments?post=23716"}],"version-history":[{"count":0,"href":"https:\/\/lightweb.dev\/l\/svm-temp\/wp-json\/wp\/v2\/posts\/23716\/revisions"}],"wp:featuredmedia":[{"embeddable":true,"href":"https:\/\/lightweb.dev\/l\/svm-temp\/wp-json\/wp\/v2\/media\/23717"}],"wp:attachment":[{"href":"https:\/\/lightweb.dev\/l\/svm-temp\/wp-json\/wp\/v2\/media?parent=23716"}],"wp:term":[{"taxonomy":"category","embeddable":true,"href":"https:\/\/lightweb.dev\/l\/svm-temp\/wp-json\/wp\/v2\/categories?post=23716"},{"taxonomy":"post_tag","embeddable":true,"href":"https:\/\/lightweb.dev\/l\/svm-temp\/wp-json\/wp\/v2\/tags?post=23716"}],"curies":[{"name":"wp","href":"https:\/\/api.w.org\/{rel}","templated":true}]}}