{"id":23720,"date":"2015-08-25T00:00:00","date_gmt":"2015-08-24T22:00:00","guid":{"rendered":"https:\/\/lightweb.dev\/l\/svm-temp\/nyheter\/35-nyfodda-kameleonter-tre-centimeter-och-ett-gram-stora\/"},"modified":"2015-08-25T00:00:00","modified_gmt":"2015-08-24T22:00:00","slug":"35-nyfodda-kameleonter-tre-centimeter-och-ett-gram-stora","status":"publish","type":"post","link":"https:\/\/lightweb.dev\/l\/svm-temp\/nyheter\/35-nyfodda-kameleonter-tre-centimeter-och-ett-gram-stora\/","title":{"rendered":"35 nyf\u00f6dda kameleonter \u2013 tre centimeter och ett gram stora"},"content":{"rendered":"<p> I ett kontrollcentrum f\u00f6r biologisk m\u00e5ngfald i M\u00e1laga har 35 kameleonter f\u00f6tts. Mamma r\u00e4ddades ifjol i Churriana efter att ha f\u00e5tt allvarliga skador orsakade av en katt.<\/p>\n<p>Under den senare tiden innan kl\u00e4ckning har \u00e4ggen bevarats p\u00e5 kontrollcentret i M\u00e1laga. Samtliga \u00e4gg kl\u00e4cktes i en sandl\u00e5da vid kontrollcentret och teknikerna talar om en hundra procent framg\u00e5ng. Kameleonterna h\u00e4lsa \u00e4r tillfredsst\u00e4llande och de b\u00f6rjar visa sin riktiga kamouflagef\u00e4rg.<\/p>\n<p>Kameleontungarna \u00e4r tre centimeter stora och v\u00e4ger ett gram. Totalt har 139 kameleonter f\u00f6tts vid centret i M\u00e1laga sedan 2013. <\/p>\n<p>Efter tv\u00e5 m\u00e5nader s\u00e4tts de nyf\u00f6dda ut i naturparken vid flodmynningen av R\u00edo Guadalhorce. <\/p>\n","protected":false},"excerpt":{"rendered":"<p>I ett kontrollcentrum f\u00f6r biologisk m\u00e5ngfald i M\u00e1laga har 35 kameleonter f\u00f6tts. Mamma r\u00e4ddades ifjol i Churriana efter att ha f\u00e5tt allvarliga skador orsakade av en katt. Under den senare tiden innan kl\u00e4ckning har \u00e4ggen bevarats p\u00e5 kontrollcentret i M\u00e1laga. Samtliga \u00e4gg kl\u00e4cktes i en sandl\u00e5da vid kontrollcentret och teknikerna talar om en hundra procent [&hellip;]<\/p>\n","protected":false},"author":8,"featured_media":23721,"comment_status":"open","ping_status":"open","sticky":false,"template":"","format":"standard","meta":{"_et_pb_use_builder":"","_et_pb_old_content":"","_et_gb_content_width":"","footnotes":""},"categories":[395,3],"tags":[],"class_list":["post-23720","post","type-post","status-publish","format-standard","has-post-thumbnail","hentry","category-arkiv-nyheter","category-nyheter"],"yoast_head":"<!-- This site is optimized with the Yoast SEO Premium plugin v26.2 (Yoast SEO v27.5) - https:\/\/yoast.com\/product\/yoast-seo-premium-wordpress\/ -->\n<title>35 nyf\u00f6dda kameleonter \u2013 tre centimeter och ett gram stora - Svenska Magasinet<\/title>\n<meta name=\"robots\" content=\"noindex, follow, max-snippet:-1, max-image-preview:large, max-video-preview:-1\" \/>\n<meta property=\"og:locale\" content=\"sv_SE\" \/>\n<meta property=\"og:type\" content=\"article\" \/>\n<meta property=\"og:title\" content=\"35 nyf\u00f6dda kameleonter \u2013 tre centimeter och ett gram stora\" \/>\n<meta property=\"og:description\" content=\"I ett kontrollcentrum f\u00f6r biologisk m\u00e5ngfald i M\u00e1laga har 35 kameleonter f\u00f6tts. Mamma r\u00e4ddades ifjol i Churriana efter att ha f\u00e5tt allvarliga skador orsakade av en katt. Under den senare tiden innan kl\u00e4ckning har \u00e4ggen bevarats p\u00e5 kontrollcentret i M\u00e1laga. Samtliga \u00e4gg kl\u00e4cktes i en sandl\u00e5da vid kontrollcentret och teknikerna talar om en hundra procent [&hellip;]\" \/>\n<meta property=\"og:url\" content=\"https:\/\/lightweb.dev\/l\/svm-temp\/nyheter\/35-nyfodda-kameleonter-tre-centimeter-och-ett-gram-stora\/\" \/>\n<meta property=\"og:site_name\" content=\"Svenska Magasinet\" \/>\n<meta property=\"article:publisher\" content=\"https:\/\/www.facebook.com\/svenskamagasinet\" \/>\n<meta property=\"article:published_time\" content=\"2015-08-24T22:00:00+00:00\" \/>\n<meta property=\"og:image\" content=\"https:\/\/lightweb.dev\/l\/svm-temp\/wp-content\/uploads\/2022\/06\/35-nyfodda-kameleonter-tre-centimeter-och-ett-gram-stora.png\" \/>\n\t<meta property=\"og:image:width\" content=\"280\" \/>\n\t<meta property=\"og:image:height\" content=\"200\" \/>\n\t<meta property=\"og:image:type\" content=\"image\/png\" \/>\n<meta name=\"author\" content=\"Redaktionen SvM\" \/>\n<meta name=\"twitter:card\" content=\"summary_large_image\" \/>\n<meta name=\"twitter:creator\" content=\"@SvenskaMagasine\" \/>\n<meta name=\"twitter:site\" content=\"@SvenskaMagasine\" \/>\n<script type=\"application\/ld+json\" class=\"yoast-schema-graph\">{\"@context\":\"https:\\\/\\\/schema.org\",\"@graph\":[{\"@type\":\"Article\",\"@id\":\"https:\\\/\\\/lightweb.dev\\\/l\\\/svm-temp\\\/nyheter\\\/35-nyfodda-kameleonter-tre-centimeter-och-ett-gram-stora\\\/#article\",\"isPartOf\":{\"@id\":\"https:\\\/\\\/lightweb.dev\\\/l\\\/svm-temp\\\/nyheter\\\/35-nyfodda-kameleonter-tre-centimeter-och-ett-gram-stora\\\/\"},\"author\":{\"name\":\"Redaktionen SvM\",\"@id\":\"https:\\\/\\\/lightweb.dev\\\/l\\\/svm-temp\\\/#\\\/schema\\\/person\\\/206a3bda5b607b0c25e1749191e4d837\"},\"headline\":\"35 nyf\u00f6dda kameleonter \u2013 tre centimeter och ett gram stora\",\"datePublished\":\"2015-08-24T22:00:00+00:00\",\"mainEntityOfPage\":{\"@id\":\"https:\\\/\\\/lightweb.dev\\\/l\\\/svm-temp\\\/nyheter\\\/35-nyfodda-kameleonter-tre-centimeter-och-ett-gram-stora\\\/\"},\"wordCount\":129,\"commentCount\":0,\"publisher\":{\"@id\":\"https:\\\/\\\/lightweb.dev\\\/l\\\/svm-temp\\\/#organization\"},\"image\":{\"@id\":\"https:\\\/\\\/lightweb.dev\\\/l\\\/svm-temp\\\/nyheter\\\/35-nyfodda-kameleonter-tre-centimeter-och-ett-gram-stora\\\/#primaryimage\"},\"thumbnailUrl\":\"https:\\\/\\\/lightweb.dev\\\/l\\\/svm-temp\\\/wp-content\\\/uploads\\\/2022\\\/06\\\/35-nyfodda-kameleonter-tre-centimeter-och-ett-gram-stora.png\",\"articleSection\":[\"Arkiv\",\"Nyheter\"],\"inLanguage\":\"sv-SE\"},{\"@type\":\"WebPage\",\"@id\":\"https:\\\/\\\/lightweb.dev\\\/l\\\/svm-temp\\\/nyheter\\\/35-nyfodda-kameleonter-tre-centimeter-och-ett-gram-stora\\\/\",\"url\":\"https:\\\/\\\/lightweb.dev\\\/l\\\/svm-temp\\\/nyheter\\\/35-nyfodda-kameleonter-tre-centimeter-och-ett-gram-stora\\\/\",\"name\":\"35 nyf\u00f6dda kameleonter \u2013 tre centimeter och ett gram stora - Svenska Magasinet\",\"isPartOf\":{\"@id\":\"https:\\\/\\\/lightweb.dev\\\/l\\\/svm-temp\\\/#website\"},\"primaryImageOfPage\":{\"@id\":\"https:\\\/\\\/lightweb.dev\\\/l\\\/svm-temp\\\/nyheter\\\/35-nyfodda-kameleonter-tre-centimeter-och-ett-gram-stora\\\/#primaryimage\"},\"image\":{\"@id\":\"https:\\\/\\\/lightweb.dev\\\/l\\\/svm-temp\\\/nyheter\\\/35-nyfodda-kameleonter-tre-centimeter-och-ett-gram-stora\\\/#primaryimage\"},\"thumbnailUrl\":\"https:\\\/\\\/lightweb.dev\\\/l\\\/svm-temp\\\/wp-content\\\/uploads\\\/2022\\\/06\\\/35-nyfodda-kameleonter-tre-centimeter-och-ett-gram-stora.png\",\"datePublished\":\"2015-08-24T22:00:00+00:00\",\"breadcrumb\":{\"@id\":\"https:\\\/\\\/lightweb.dev\\\/l\\\/svm-temp\\\/nyheter\\\/35-nyfodda-kameleonter-tre-centimeter-och-ett-gram-stora\\\/#breadcrumb\"},\"inLanguage\":\"sv-SE\",\"potentialAction\":[{\"@type\":\"ReadAction\",\"target\":[\"https:\\\/\\\/lightweb.dev\\\/l\\\/svm-temp\\\/nyheter\\\/35-nyfodda-kameleonter-tre-centimeter-och-ett-gram-stora\\\/\"]}]},{\"@type\":\"ImageObject\",\"inLanguage\":\"sv-SE\",\"@id\":\"https:\\\/\\\/lightweb.dev\\\/l\\\/svm-temp\\\/nyheter\\\/35-nyfodda-kameleonter-tre-centimeter-och-ett-gram-stora\\\/#primaryimage\",\"url\":\"https:\\\/\\\/lightweb.dev\\\/l\\\/svm-temp\\\/wp-content\\\/uploads\\\/2022\\\/06\\\/35-nyfodda-kameleonter-tre-centimeter-och-ett-gram-stora.png\",\"contentUrl\":\"https:\\\/\\\/lightweb.dev\\\/l\\\/svm-temp\\\/wp-content\\\/uploads\\\/2022\\\/06\\\/35-nyfodda-kameleonter-tre-centimeter-och-ett-gram-stora.png\",\"width\":280,\"height\":200},{\"@type\":\"BreadcrumbList\",\"@id\":\"https:\\\/\\\/lightweb.dev\\\/l\\\/svm-temp\\\/nyheter\\\/35-nyfodda-kameleonter-tre-centimeter-och-ett-gram-stora\\\/#breadcrumb\",\"itemListElement\":[{\"@type\":\"ListItem\",\"position\":1,\"name\":\"Hem\",\"item\":\"https:\\\/\\\/lightweb.dev\\\/l\\\/svm-temp\\\/\"},{\"@type\":\"ListItem\",\"position\":2,\"name\":\"35 nyf\u00f6dda kameleonter \u2013 tre centimeter och ett gram stora\"}]},{\"@type\":\"WebSite\",\"@id\":\"https:\\\/\\\/lightweb.dev\\\/l\\\/svm-temp\\\/#website\",\"url\":\"https:\\\/\\\/lightweb.dev\\\/l\\\/svm-temp\\\/\",\"name\":\"Svenska Magasinet\",\"description\":\"Dina Spanska nyheter p&aring; Svenska\",\"publisher\":{\"@id\":\"https:\\\/\\\/lightweb.dev\\\/l\\\/svm-temp\\\/#organization\"},\"potentialAction\":[{\"@type\":\"SearchAction\",\"target\":{\"@type\":\"EntryPoint\",\"urlTemplate\":\"https:\\\/\\\/lightweb.dev\\\/l\\\/svm-temp\\\/?s={search_term_string}\"},\"query-input\":{\"@type\":\"PropertyValueSpecification\",\"valueRequired\":true,\"valueName\":\"search_term_string\"}}],\"inLanguage\":\"sv-SE\"},{\"@type\":\"Organization\",\"@id\":\"https:\\\/\\\/lightweb.dev\\\/l\\\/svm-temp\\\/#organization\",\"name\":\"Melkerson y Nott SL\",\"alternateName\":\"Svenska Magasinet\",\"url\":\"https:\\\/\\\/lightweb.dev\\\/l\\\/svm-temp\\\/\",\"logo\":{\"@type\":\"ImageObject\",\"inLanguage\":\"sv-SE\",\"@id\":\"https:\\\/\\\/lightweb.dev\\\/l\\\/svm-temp\\\/#\\\/schema\\\/logo\\\/image\\\/\",\"url\":\"https:\\\/\\\/lightweb.dev\\\/l\\\/svm-temp\\\/wp-content\\\/uploads\\\/2025\\\/02\\\/SvM-logo-Xtra-Centrerad-SVART.png\",\"contentUrl\":\"https:\\\/\\\/lightweb.dev\\\/l\\\/svm-temp\\\/wp-content\\\/uploads\\\/2025\\\/02\\\/SvM-logo-Xtra-Centrerad-SVART.png\",\"width\":300,\"height\":99,\"caption\":\"Melkerson y Nott SL\"},\"image\":{\"@id\":\"https:\\\/\\\/lightweb.dev\\\/l\\\/svm-temp\\\/#\\\/schema\\\/logo\\\/image\\\/\"},\"sameAs\":[\"https:\\\/\\\/www.facebook.com\\\/svenskamagasinet\",\"https:\\\/\\\/x.com\\\/SvenskaMagasine\"]},{\"@type\":\"Person\",\"@id\":\"https:\\\/\\\/lightweb.dev\\\/l\\\/svm-temp\\\/#\\\/schema\\\/person\\\/206a3bda5b607b0c25e1749191e4d837\",\"name\":\"Redaktionen SvM\",\"description\":\"Redaktionen\",\"sameAs\":[\"https:\\\/\\\/lightweb.dev\\\/l\\\/svm-temp\"],\"url\":\"https:\\\/\\\/lightweb.dev\\\/l\\\/svm-temp\\\/reporter\\\/redaktionen\\\/\"}]}<\/script>\n<!-- \/ Yoast SEO Premium plugin. -->","yoast_head_json":{"title":"35 nyf\u00f6dda kameleonter \u2013 tre centimeter och ett gram stora - Svenska Magasinet","robots":{"index":"noindex","follow":"follow","max-snippet":"max-snippet:-1","max-image-preview":"max-image-preview:large","max-video-preview":"max-video-preview:-1"},"og_locale":"sv_SE","og_type":"article","og_title":"35 nyf\u00f6dda kameleonter \u2013 tre centimeter och ett gram stora","og_description":"I ett kontrollcentrum f\u00f6r biologisk m\u00e5ngfald i M\u00e1laga har 35 kameleonter f\u00f6tts. Mamma r\u00e4ddades ifjol i Churriana efter att ha f\u00e5tt allvarliga skador orsakade av en katt. Under den senare tiden innan kl\u00e4ckning har \u00e4ggen bevarats p\u00e5 kontrollcentret i M\u00e1laga. Samtliga \u00e4gg kl\u00e4cktes i en sandl\u00e5da vid kontrollcentret och teknikerna talar om en hundra procent [&hellip;]","og_url":"https:\/\/lightweb.dev\/l\/svm-temp\/nyheter\/35-nyfodda-kameleonter-tre-centimeter-och-ett-gram-stora\/","og_site_name":"Svenska Magasinet","article_publisher":"https:\/\/www.facebook.com\/svenskamagasinet","article_published_time":"2015-08-24T22:00:00+00:00","og_image":[{"width":280,"height":200,"url":"https:\/\/lightweb.dev\/l\/svm-temp\/wp-content\/uploads\/2022\/06\/35-nyfodda-kameleonter-tre-centimeter-och-ett-gram-stora.png","type":"image\/png"}],"author":"Redaktionen SvM","twitter_card":"summary_large_image","twitter_creator":"@SvenskaMagasine","twitter_site":"@SvenskaMagasine","schema":{"@context":"https:\/\/schema.org","@graph":[{"@type":"Article","@id":"https:\/\/lightweb.dev\/l\/svm-temp\/nyheter\/35-nyfodda-kameleonter-tre-centimeter-och-ett-gram-stora\/#article","isPartOf":{"@id":"https:\/\/lightweb.dev\/l\/svm-temp\/nyheter\/35-nyfodda-kameleonter-tre-centimeter-och-ett-gram-stora\/"},"author":{"name":"Redaktionen SvM","@id":"https:\/\/lightweb.dev\/l\/svm-temp\/#\/schema\/person\/206a3bda5b607b0c25e1749191e4d837"},"headline":"35 nyf\u00f6dda kameleonter \u2013 tre centimeter och ett gram stora","datePublished":"2015-08-24T22:00:00+00:00","mainEntityOfPage":{"@id":"https:\/\/lightweb.dev\/l\/svm-temp\/nyheter\/35-nyfodda-kameleonter-tre-centimeter-och-ett-gram-stora\/"},"wordCount":129,"commentCount":0,"publisher":{"@id":"https:\/\/lightweb.dev\/l\/svm-temp\/#organization"},"image":{"@id":"https:\/\/lightweb.dev\/l\/svm-temp\/nyheter\/35-nyfodda-kameleonter-tre-centimeter-och-ett-gram-stora\/#primaryimage"},"thumbnailUrl":"https:\/\/lightweb.dev\/l\/svm-temp\/wp-content\/uploads\/2022\/06\/35-nyfodda-kameleonter-tre-centimeter-och-ett-gram-stora.png","articleSection":["Arkiv","Nyheter"],"inLanguage":"sv-SE"},{"@type":"WebPage","@id":"https:\/\/lightweb.dev\/l\/svm-temp\/nyheter\/35-nyfodda-kameleonter-tre-centimeter-och-ett-gram-stora\/","url":"https:\/\/lightweb.dev\/l\/svm-temp\/nyheter\/35-nyfodda-kameleonter-tre-centimeter-och-ett-gram-stora\/","name":"35 nyf\u00f6dda kameleonter \u2013 tre centimeter och ett gram stora - Svenska Magasinet","isPartOf":{"@id":"https:\/\/lightweb.dev\/l\/svm-temp\/#website"},"primaryImageOfPage":{"@id":"https:\/\/lightweb.dev\/l\/svm-temp\/nyheter\/35-nyfodda-kameleonter-tre-centimeter-och-ett-gram-stora\/#primaryimage"},"image":{"@id":"https:\/\/lightweb.dev\/l\/svm-temp\/nyheter\/35-nyfodda-kameleonter-tre-centimeter-och-ett-gram-stora\/#primaryimage"},"thumbnailUrl":"https:\/\/lightweb.dev\/l\/svm-temp\/wp-content\/uploads\/2022\/06\/35-nyfodda-kameleonter-tre-centimeter-och-ett-gram-stora.png","datePublished":"2015-08-24T22:00:00+00:00","breadcrumb":{"@id":"https:\/\/lightweb.dev\/l\/svm-temp\/nyheter\/35-nyfodda-kameleonter-tre-centimeter-och-ett-gram-stora\/#breadcrumb"},"inLanguage":"sv-SE","potentialAction":[{"@type":"ReadAction","target":["https:\/\/lightweb.dev\/l\/svm-temp\/nyheter\/35-nyfodda-kameleonter-tre-centimeter-och-ett-gram-stora\/"]}]},{"@type":"ImageObject","inLanguage":"sv-SE","@id":"https:\/\/lightweb.dev\/l\/svm-temp\/nyheter\/35-nyfodda-kameleonter-tre-centimeter-och-ett-gram-stora\/#primaryimage","url":"https:\/\/lightweb.dev\/l\/svm-temp\/wp-content\/uploads\/2022\/06\/35-nyfodda-kameleonter-tre-centimeter-och-ett-gram-stora.png","contentUrl":"https:\/\/lightweb.dev\/l\/svm-temp\/wp-content\/uploads\/2022\/06\/35-nyfodda-kameleonter-tre-centimeter-och-ett-gram-stora.png","width":280,"height":200},{"@type":"BreadcrumbList","@id":"https:\/\/lightweb.dev\/l\/svm-temp\/nyheter\/35-nyfodda-kameleonter-tre-centimeter-och-ett-gram-stora\/#breadcrumb","itemListElement":[{"@type":"ListItem","position":1,"name":"Hem","item":"https:\/\/lightweb.dev\/l\/svm-temp\/"},{"@type":"ListItem","position":2,"name":"35 nyf\u00f6dda kameleonter \u2013 tre centimeter och ett gram stora"}]},{"@type":"WebSite","@id":"https:\/\/lightweb.dev\/l\/svm-temp\/#website","url":"https:\/\/lightweb.dev\/l\/svm-temp\/","name":"Svenska Magasinet","description":"Dina Spanska nyheter p&aring; Svenska","publisher":{"@id":"https:\/\/lightweb.dev\/l\/svm-temp\/#organization"},"potentialAction":[{"@type":"SearchAction","target":{"@type":"EntryPoint","urlTemplate":"https:\/\/lightweb.dev\/l\/svm-temp\/?s={search_term_string}"},"query-input":{"@type":"PropertyValueSpecification","valueRequired":true,"valueName":"search_term_string"}}],"inLanguage":"sv-SE"},{"@type":"Organization","@id":"https:\/\/lightweb.dev\/l\/svm-temp\/#organization","name":"Melkerson y Nott SL","alternateName":"Svenska Magasinet","url":"https:\/\/lightweb.dev\/l\/svm-temp\/","logo":{"@type":"ImageObject","inLanguage":"sv-SE","@id":"https:\/\/lightweb.dev\/l\/svm-temp\/#\/schema\/logo\/image\/","url":"https:\/\/lightweb.dev\/l\/svm-temp\/wp-content\/uploads\/2025\/02\/SvM-logo-Xtra-Centrerad-SVART.png","contentUrl":"https:\/\/lightweb.dev\/l\/svm-temp\/wp-content\/uploads\/2025\/02\/SvM-logo-Xtra-Centrerad-SVART.png","width":300,"height":99,"caption":"Melkerson y Nott SL"},"image":{"@id":"https:\/\/lightweb.dev\/l\/svm-temp\/#\/schema\/logo\/image\/"},"sameAs":["https:\/\/www.facebook.com\/svenskamagasinet","https:\/\/x.com\/SvenskaMagasine"]},{"@type":"Person","@id":"https:\/\/lightweb.dev\/l\/svm-temp\/#\/schema\/person\/206a3bda5b607b0c25e1749191e4d837","name":"Redaktionen SvM","description":"Redaktionen","sameAs":["https:\/\/lightweb.dev\/l\/svm-temp"],"url":"https:\/\/lightweb.dev\/l\/svm-temp\/reporter\/redaktionen\/"}]}},"_links":{"self":[{"href":"https:\/\/lightweb.dev\/l\/svm-temp\/wp-json\/wp\/v2\/posts\/23720","targetHints":{"allow":["GET"]}}],"collection":[{"href":"https:\/\/lightweb.dev\/l\/svm-temp\/wp-json\/wp\/v2\/posts"}],"about":[{"href":"https:\/\/lightweb.dev\/l\/svm-temp\/wp-json\/wp\/v2\/types\/post"}],"author":[{"embeddable":true,"href":"https:\/\/lightweb.dev\/l\/svm-temp\/wp-json\/wp\/v2\/users\/8"}],"replies":[{"embeddable":true,"href":"https:\/\/lightweb.dev\/l\/svm-temp\/wp-json\/wp\/v2\/comments?post=23720"}],"version-history":[{"count":0,"href":"https:\/\/lightweb.dev\/l\/svm-temp\/wp-json\/wp\/v2\/posts\/23720\/revisions"}],"wp:featuredmedia":[{"embeddable":true,"href":"https:\/\/lightweb.dev\/l\/svm-temp\/wp-json\/wp\/v2\/media\/23721"}],"wp:attachment":[{"href":"https:\/\/lightweb.dev\/l\/svm-temp\/wp-json\/wp\/v2\/media?parent=23720"}],"wp:term":[{"taxonomy":"category","embeddable":true,"href":"https:\/\/lightweb.dev\/l\/svm-temp\/wp-json\/wp\/v2\/categories?post=23720"},{"taxonomy":"post_tag","embeddable":true,"href":"https:\/\/lightweb.dev\/l\/svm-temp\/wp-json\/wp\/v2\/tags?post=23720"}],"curies":[{"name":"wp","href":"https:\/\/api.w.org\/{rel}","templated":true}]}}