{"id":23732,"date":"2015-08-24T00:00:00","date_gmt":"2015-08-23T22:00:00","guid":{"rendered":"https:\/\/lightweb.dev\/l\/svm-temp\/nyheter\/mannen-fick-hjartinfarkt-hustrun-nodlandade-i-apelsinodling\/"},"modified":"2015-08-24T00:00:00","modified_gmt":"2015-08-23T22:00:00","slug":"mannen-fick-hjartinfarkt-hustrun-nodlandade-i-apelsinodling","status":"publish","type":"post","link":"https:\/\/lightweb.dev\/l\/svm-temp\/nyheter\/mannen-fick-hjartinfarkt-hustrun-nodlandade-i-apelsinodling\/","title":{"rendered":"Mannen fick hj\u00e4rtinfarkt \u2013 hustrun n\u00f6dlandade i apelsinodling"},"content":{"rendered":"<p> Paret hade precis lyft med sitt sportflygplan fr\u00e5n f\u00e4ltet i Trebujena (C\u00e1diz) och fl\u00f6g utmed Guadalquivir-floden f\u00f6r att landa p\u00e5 flygf\u00e4ltet i Coria del R\u00edo (Sevilla). Men mannen drabbades troligtvis av en hj\u00e4rtinfarkt och dog. Kvinnan fick ta \u00f6ver spakarna och landade i en apelsinodling.<\/p>\n<p>\u201dJag beh\u00f6ver hj\u00e4lp med att landa ett flygplan\u201d sa kvinnan till en v\u00e4n hon ringt upp med mobilen. V\u00e4nnen kontaktade kontrolltornet p\u00e5 Sevillas flygplats som dirigerade kvinnan och sa vad hon skulle g\u00f6ra.<\/p>\n<p>\u201dForts\u00e4tt bara, och du kommer att landa utan problem\u201d sa flygledaren i kontrolltornet p\u00e5 San Pablo-flygplatsen i Sevilla.<\/p>\n<p>Helikopter och flygplan kallades upp i luften och kvinnan fick uppmaningen att f\u00f6lja efter helikoptern. Samtidigt fick hon instruktioner i att f\u00f6rs\u00f6ka g\u00f6ra en n\u00f6dlandning p\u00e5 flygplatsen i Sevilla som st\u00e4ngdes fr\u00e5n all annan trafik p\u00e5 grund av n\u00f6dl\u00e4get.<\/p>\n<p>Flera flygplan dirigerades om till flygplatsen i Jerez de la Frontera bland annat flyget med fotbollslaget Villarreal CF som skulle till La Liga-matchen mot Real Betis i Sevilla p\u00e5 s\u00f6ndagskv\u00e4llen.<\/p>\n<p>Kvinnan kraschlandade i en apelsinodling n\u00e4ra flygplatsen och \u00e5drog sig flera frakturer och br\u00e4nnskador d\u00e5 flygplanet fattade eld vid kraschen. Hon v\u00e5rdas i nul\u00e4get p\u00e5 sjukhuset Hospital Virgen del Roc\u00edo och l\u00e4get uppges vara stabilt skriver nyhetsbyr\u00e5n Europa Press. <\/p>\n","protected":false},"excerpt":{"rendered":"<p>Paret hade precis lyft med sitt sportflygplan fr\u00e5n f\u00e4ltet i Trebujena (C\u00e1diz) och fl\u00f6g utmed Guadalquivir-floden f\u00f6r att landa p\u00e5 flygf\u00e4ltet i Coria del R\u00edo (Sevilla). Men mannen drabbades troligtvis av en hj\u00e4rtinfarkt och dog. Kvinnan fick ta \u00f6ver spakarna och landade i en apelsinodling. \u201dJag beh\u00f6ver hj\u00e4lp med att landa ett flygplan\u201d sa kvinnan [&hellip;]<\/p>\n","protected":false},"author":8,"featured_media":23733,"comment_status":"open","ping_status":"open","sticky":false,"template":"","format":"standard","meta":{"_et_pb_use_builder":"","_et_pb_old_content":"","_et_gb_content_width":"","footnotes":""},"categories":[395,3],"tags":[],"class_list":["post-23732","post","type-post","status-publish","format-standard","has-post-thumbnail","hentry","category-arkiv-nyheter","category-nyheter"],"yoast_head":"<!-- This site is optimized with the Yoast SEO Premium plugin v26.2 (Yoast SEO v27.5) - https:\/\/yoast.com\/product\/yoast-seo-premium-wordpress\/ -->\n<title>Mannen fick hj\u00e4rtinfarkt \u2013 hustrun n\u00f6dlandade i apelsinodling - Svenska Magasinet<\/title>\n<meta name=\"robots\" content=\"noindex, follow, max-snippet:-1, max-image-preview:large, max-video-preview:-1\" \/>\n<meta property=\"og:locale\" content=\"sv_SE\" \/>\n<meta property=\"og:type\" content=\"article\" \/>\n<meta property=\"og:title\" content=\"Mannen fick hj\u00e4rtinfarkt \u2013 hustrun n\u00f6dlandade i apelsinodling\" \/>\n<meta property=\"og:description\" content=\"Paret hade precis lyft med sitt sportflygplan fr\u00e5n f\u00e4ltet i Trebujena (C\u00e1diz) och fl\u00f6g utmed Guadalquivir-floden f\u00f6r att landa p\u00e5 flygf\u00e4ltet i Coria del R\u00edo (Sevilla). Men mannen drabbades troligtvis av en hj\u00e4rtinfarkt och dog. Kvinnan fick ta \u00f6ver spakarna och landade i en apelsinodling. \u201dJag beh\u00f6ver hj\u00e4lp med att landa ett flygplan\u201d sa kvinnan [&hellip;]\" \/>\n<meta property=\"og:url\" content=\"https:\/\/lightweb.dev\/l\/svm-temp\/nyheter\/mannen-fick-hjartinfarkt-hustrun-nodlandade-i-apelsinodling\/\" \/>\n<meta property=\"og:site_name\" content=\"Svenska Magasinet\" \/>\n<meta property=\"article:publisher\" content=\"https:\/\/www.facebook.com\/svenskamagasinet\" \/>\n<meta property=\"article:published_time\" content=\"2015-08-23T22:00:00+00:00\" \/>\n<meta property=\"og:image\" content=\"https:\/\/lightweb.dev\/l\/svm-temp\/wp-content\/uploads\/2022\/06\/mannen-fick-hjartinfarkt-hustrun-nodlandade-i-apelsinodling.png\" \/>\n\t<meta property=\"og:image:width\" content=\"357\" \/>\n\t<meta property=\"og:image:height\" content=\"200\" \/>\n\t<meta property=\"og:image:type\" content=\"image\/png\" \/>\n<meta name=\"author\" content=\"Redaktionen SvM\" \/>\n<meta name=\"twitter:card\" content=\"summary_large_image\" \/>\n<meta name=\"twitter:creator\" content=\"@SvenskaMagasine\" \/>\n<meta name=\"twitter:site\" content=\"@SvenskaMagasine\" \/>\n<script type=\"application\/ld+json\" class=\"yoast-schema-graph\">{\"@context\":\"https:\\\/\\\/schema.org\",\"@graph\":[{\"@type\":\"Article\",\"@id\":\"https:\\\/\\\/lightweb.dev\\\/l\\\/svm-temp\\\/nyheter\\\/mannen-fick-hjartinfarkt-hustrun-nodlandade-i-apelsinodling\\\/#article\",\"isPartOf\":{\"@id\":\"https:\\\/\\\/lightweb.dev\\\/l\\\/svm-temp\\\/nyheter\\\/mannen-fick-hjartinfarkt-hustrun-nodlandade-i-apelsinodling\\\/\"},\"author\":{\"name\":\"Redaktionen SvM\",\"@id\":\"https:\\\/\\\/lightweb.dev\\\/l\\\/svm-temp\\\/#\\\/schema\\\/person\\\/206a3bda5b607b0c25e1749191e4d837\"},\"headline\":\"Mannen fick hj\u00e4rtinfarkt \u2013 hustrun n\u00f6dlandade i apelsinodling\",\"datePublished\":\"2015-08-23T22:00:00+00:00\",\"mainEntityOfPage\":{\"@id\":\"https:\\\/\\\/lightweb.dev\\\/l\\\/svm-temp\\\/nyheter\\\/mannen-fick-hjartinfarkt-hustrun-nodlandade-i-apelsinodling\\\/\"},\"wordCount\":245,\"commentCount\":0,\"publisher\":{\"@id\":\"https:\\\/\\\/lightweb.dev\\\/l\\\/svm-temp\\\/#organization\"},\"image\":{\"@id\":\"https:\\\/\\\/lightweb.dev\\\/l\\\/svm-temp\\\/nyheter\\\/mannen-fick-hjartinfarkt-hustrun-nodlandade-i-apelsinodling\\\/#primaryimage\"},\"thumbnailUrl\":\"https:\\\/\\\/lightweb.dev\\\/l\\\/svm-temp\\\/wp-content\\\/uploads\\\/2022\\\/06\\\/mannen-fick-hjartinfarkt-hustrun-nodlandade-i-apelsinodling.png\",\"articleSection\":[\"Arkiv\",\"Nyheter\"],\"inLanguage\":\"sv-SE\"},{\"@type\":\"WebPage\",\"@id\":\"https:\\\/\\\/lightweb.dev\\\/l\\\/svm-temp\\\/nyheter\\\/mannen-fick-hjartinfarkt-hustrun-nodlandade-i-apelsinodling\\\/\",\"url\":\"https:\\\/\\\/lightweb.dev\\\/l\\\/svm-temp\\\/nyheter\\\/mannen-fick-hjartinfarkt-hustrun-nodlandade-i-apelsinodling\\\/\",\"name\":\"Mannen fick hj\u00e4rtinfarkt \u2013 hustrun n\u00f6dlandade i apelsinodling - Svenska Magasinet\",\"isPartOf\":{\"@id\":\"https:\\\/\\\/lightweb.dev\\\/l\\\/svm-temp\\\/#website\"},\"primaryImageOfPage\":{\"@id\":\"https:\\\/\\\/lightweb.dev\\\/l\\\/svm-temp\\\/nyheter\\\/mannen-fick-hjartinfarkt-hustrun-nodlandade-i-apelsinodling\\\/#primaryimage\"},\"image\":{\"@id\":\"https:\\\/\\\/lightweb.dev\\\/l\\\/svm-temp\\\/nyheter\\\/mannen-fick-hjartinfarkt-hustrun-nodlandade-i-apelsinodling\\\/#primaryimage\"},\"thumbnailUrl\":\"https:\\\/\\\/lightweb.dev\\\/l\\\/svm-temp\\\/wp-content\\\/uploads\\\/2022\\\/06\\\/mannen-fick-hjartinfarkt-hustrun-nodlandade-i-apelsinodling.png\",\"datePublished\":\"2015-08-23T22:00:00+00:00\",\"breadcrumb\":{\"@id\":\"https:\\\/\\\/lightweb.dev\\\/l\\\/svm-temp\\\/nyheter\\\/mannen-fick-hjartinfarkt-hustrun-nodlandade-i-apelsinodling\\\/#breadcrumb\"},\"inLanguage\":\"sv-SE\",\"potentialAction\":[{\"@type\":\"ReadAction\",\"target\":[\"https:\\\/\\\/lightweb.dev\\\/l\\\/svm-temp\\\/nyheter\\\/mannen-fick-hjartinfarkt-hustrun-nodlandade-i-apelsinodling\\\/\"]}]},{\"@type\":\"ImageObject\",\"inLanguage\":\"sv-SE\",\"@id\":\"https:\\\/\\\/lightweb.dev\\\/l\\\/svm-temp\\\/nyheter\\\/mannen-fick-hjartinfarkt-hustrun-nodlandade-i-apelsinodling\\\/#primaryimage\",\"url\":\"https:\\\/\\\/lightweb.dev\\\/l\\\/svm-temp\\\/wp-content\\\/uploads\\\/2022\\\/06\\\/mannen-fick-hjartinfarkt-hustrun-nodlandade-i-apelsinodling.png\",\"contentUrl\":\"https:\\\/\\\/lightweb.dev\\\/l\\\/svm-temp\\\/wp-content\\\/uploads\\\/2022\\\/06\\\/mannen-fick-hjartinfarkt-hustrun-nodlandade-i-apelsinodling.png\",\"width\":357,\"height\":200},{\"@type\":\"BreadcrumbList\",\"@id\":\"https:\\\/\\\/lightweb.dev\\\/l\\\/svm-temp\\\/nyheter\\\/mannen-fick-hjartinfarkt-hustrun-nodlandade-i-apelsinodling\\\/#breadcrumb\",\"itemListElement\":[{\"@type\":\"ListItem\",\"position\":1,\"name\":\"Hem\",\"item\":\"https:\\\/\\\/lightweb.dev\\\/l\\\/svm-temp\\\/\"},{\"@type\":\"ListItem\",\"position\":2,\"name\":\"Mannen fick hj\u00e4rtinfarkt \u2013 hustrun n\u00f6dlandade i apelsinodling\"}]},{\"@type\":\"WebSite\",\"@id\":\"https:\\\/\\\/lightweb.dev\\\/l\\\/svm-temp\\\/#website\",\"url\":\"https:\\\/\\\/lightweb.dev\\\/l\\\/svm-temp\\\/\",\"name\":\"Svenska Magasinet\",\"description\":\"Dina Spanska nyheter p&aring; Svenska\",\"publisher\":{\"@id\":\"https:\\\/\\\/lightweb.dev\\\/l\\\/svm-temp\\\/#organization\"},\"potentialAction\":[{\"@type\":\"SearchAction\",\"target\":{\"@type\":\"EntryPoint\",\"urlTemplate\":\"https:\\\/\\\/lightweb.dev\\\/l\\\/svm-temp\\\/?s={search_term_string}\"},\"query-input\":{\"@type\":\"PropertyValueSpecification\",\"valueRequired\":true,\"valueName\":\"search_term_string\"}}],\"inLanguage\":\"sv-SE\"},{\"@type\":\"Organization\",\"@id\":\"https:\\\/\\\/lightweb.dev\\\/l\\\/svm-temp\\\/#organization\",\"name\":\"Melkerson y Nott SL\",\"alternateName\":\"Svenska Magasinet\",\"url\":\"https:\\\/\\\/lightweb.dev\\\/l\\\/svm-temp\\\/\",\"logo\":{\"@type\":\"ImageObject\",\"inLanguage\":\"sv-SE\",\"@id\":\"https:\\\/\\\/lightweb.dev\\\/l\\\/svm-temp\\\/#\\\/schema\\\/logo\\\/image\\\/\",\"url\":\"https:\\\/\\\/lightweb.dev\\\/l\\\/svm-temp\\\/wp-content\\\/uploads\\\/2025\\\/02\\\/SvM-logo-Xtra-Centrerad-SVART.png\",\"contentUrl\":\"https:\\\/\\\/lightweb.dev\\\/l\\\/svm-temp\\\/wp-content\\\/uploads\\\/2025\\\/02\\\/SvM-logo-Xtra-Centrerad-SVART.png\",\"width\":300,\"height\":99,\"caption\":\"Melkerson y Nott SL\"},\"image\":{\"@id\":\"https:\\\/\\\/lightweb.dev\\\/l\\\/svm-temp\\\/#\\\/schema\\\/logo\\\/image\\\/\"},\"sameAs\":[\"https:\\\/\\\/www.facebook.com\\\/svenskamagasinet\",\"https:\\\/\\\/x.com\\\/SvenskaMagasine\"]},{\"@type\":\"Person\",\"@id\":\"https:\\\/\\\/lightweb.dev\\\/l\\\/svm-temp\\\/#\\\/schema\\\/person\\\/206a3bda5b607b0c25e1749191e4d837\",\"name\":\"Redaktionen SvM\",\"description\":\"Redaktionen\",\"sameAs\":[\"https:\\\/\\\/lightweb.dev\\\/l\\\/svm-temp\"],\"url\":\"https:\\\/\\\/lightweb.dev\\\/l\\\/svm-temp\\\/reporter\\\/redaktionen\\\/\"}]}<\/script>\n<!-- \/ Yoast SEO Premium plugin. -->","yoast_head_json":{"title":"Mannen fick hj\u00e4rtinfarkt \u2013 hustrun n\u00f6dlandade i apelsinodling - Svenska Magasinet","robots":{"index":"noindex","follow":"follow","max-snippet":"max-snippet:-1","max-image-preview":"max-image-preview:large","max-video-preview":"max-video-preview:-1"},"og_locale":"sv_SE","og_type":"article","og_title":"Mannen fick hj\u00e4rtinfarkt \u2013 hustrun n\u00f6dlandade i apelsinodling","og_description":"Paret hade precis lyft med sitt sportflygplan fr\u00e5n f\u00e4ltet i Trebujena (C\u00e1diz) och fl\u00f6g utmed Guadalquivir-floden f\u00f6r att landa p\u00e5 flygf\u00e4ltet i Coria del R\u00edo (Sevilla). Men mannen drabbades troligtvis av en hj\u00e4rtinfarkt och dog. Kvinnan fick ta \u00f6ver spakarna och landade i en apelsinodling. \u201dJag beh\u00f6ver hj\u00e4lp med att landa ett flygplan\u201d sa kvinnan [&hellip;]","og_url":"https:\/\/lightweb.dev\/l\/svm-temp\/nyheter\/mannen-fick-hjartinfarkt-hustrun-nodlandade-i-apelsinodling\/","og_site_name":"Svenska Magasinet","article_publisher":"https:\/\/www.facebook.com\/svenskamagasinet","article_published_time":"2015-08-23T22:00:00+00:00","og_image":[{"width":357,"height":200,"url":"https:\/\/lightweb.dev\/l\/svm-temp\/wp-content\/uploads\/2022\/06\/mannen-fick-hjartinfarkt-hustrun-nodlandade-i-apelsinodling.png","type":"image\/png"}],"author":"Redaktionen SvM","twitter_card":"summary_large_image","twitter_creator":"@SvenskaMagasine","twitter_site":"@SvenskaMagasine","schema":{"@context":"https:\/\/schema.org","@graph":[{"@type":"Article","@id":"https:\/\/lightweb.dev\/l\/svm-temp\/nyheter\/mannen-fick-hjartinfarkt-hustrun-nodlandade-i-apelsinodling\/#article","isPartOf":{"@id":"https:\/\/lightweb.dev\/l\/svm-temp\/nyheter\/mannen-fick-hjartinfarkt-hustrun-nodlandade-i-apelsinodling\/"},"author":{"name":"Redaktionen SvM","@id":"https:\/\/lightweb.dev\/l\/svm-temp\/#\/schema\/person\/206a3bda5b607b0c25e1749191e4d837"},"headline":"Mannen fick hj\u00e4rtinfarkt \u2013 hustrun n\u00f6dlandade i apelsinodling","datePublished":"2015-08-23T22:00:00+00:00","mainEntityOfPage":{"@id":"https:\/\/lightweb.dev\/l\/svm-temp\/nyheter\/mannen-fick-hjartinfarkt-hustrun-nodlandade-i-apelsinodling\/"},"wordCount":245,"commentCount":0,"publisher":{"@id":"https:\/\/lightweb.dev\/l\/svm-temp\/#organization"},"image":{"@id":"https:\/\/lightweb.dev\/l\/svm-temp\/nyheter\/mannen-fick-hjartinfarkt-hustrun-nodlandade-i-apelsinodling\/#primaryimage"},"thumbnailUrl":"https:\/\/lightweb.dev\/l\/svm-temp\/wp-content\/uploads\/2022\/06\/mannen-fick-hjartinfarkt-hustrun-nodlandade-i-apelsinodling.png","articleSection":["Arkiv","Nyheter"],"inLanguage":"sv-SE"},{"@type":"WebPage","@id":"https:\/\/lightweb.dev\/l\/svm-temp\/nyheter\/mannen-fick-hjartinfarkt-hustrun-nodlandade-i-apelsinodling\/","url":"https:\/\/lightweb.dev\/l\/svm-temp\/nyheter\/mannen-fick-hjartinfarkt-hustrun-nodlandade-i-apelsinodling\/","name":"Mannen fick hj\u00e4rtinfarkt \u2013 hustrun n\u00f6dlandade i apelsinodling - Svenska Magasinet","isPartOf":{"@id":"https:\/\/lightweb.dev\/l\/svm-temp\/#website"},"primaryImageOfPage":{"@id":"https:\/\/lightweb.dev\/l\/svm-temp\/nyheter\/mannen-fick-hjartinfarkt-hustrun-nodlandade-i-apelsinodling\/#primaryimage"},"image":{"@id":"https:\/\/lightweb.dev\/l\/svm-temp\/nyheter\/mannen-fick-hjartinfarkt-hustrun-nodlandade-i-apelsinodling\/#primaryimage"},"thumbnailUrl":"https:\/\/lightweb.dev\/l\/svm-temp\/wp-content\/uploads\/2022\/06\/mannen-fick-hjartinfarkt-hustrun-nodlandade-i-apelsinodling.png","datePublished":"2015-08-23T22:00:00+00:00","breadcrumb":{"@id":"https:\/\/lightweb.dev\/l\/svm-temp\/nyheter\/mannen-fick-hjartinfarkt-hustrun-nodlandade-i-apelsinodling\/#breadcrumb"},"inLanguage":"sv-SE","potentialAction":[{"@type":"ReadAction","target":["https:\/\/lightweb.dev\/l\/svm-temp\/nyheter\/mannen-fick-hjartinfarkt-hustrun-nodlandade-i-apelsinodling\/"]}]},{"@type":"ImageObject","inLanguage":"sv-SE","@id":"https:\/\/lightweb.dev\/l\/svm-temp\/nyheter\/mannen-fick-hjartinfarkt-hustrun-nodlandade-i-apelsinodling\/#primaryimage","url":"https:\/\/lightweb.dev\/l\/svm-temp\/wp-content\/uploads\/2022\/06\/mannen-fick-hjartinfarkt-hustrun-nodlandade-i-apelsinodling.png","contentUrl":"https:\/\/lightweb.dev\/l\/svm-temp\/wp-content\/uploads\/2022\/06\/mannen-fick-hjartinfarkt-hustrun-nodlandade-i-apelsinodling.png","width":357,"height":200},{"@type":"BreadcrumbList","@id":"https:\/\/lightweb.dev\/l\/svm-temp\/nyheter\/mannen-fick-hjartinfarkt-hustrun-nodlandade-i-apelsinodling\/#breadcrumb","itemListElement":[{"@type":"ListItem","position":1,"name":"Hem","item":"https:\/\/lightweb.dev\/l\/svm-temp\/"},{"@type":"ListItem","position":2,"name":"Mannen fick hj\u00e4rtinfarkt \u2013 hustrun n\u00f6dlandade i apelsinodling"}]},{"@type":"WebSite","@id":"https:\/\/lightweb.dev\/l\/svm-temp\/#website","url":"https:\/\/lightweb.dev\/l\/svm-temp\/","name":"Svenska Magasinet","description":"Dina Spanska nyheter p&aring; Svenska","publisher":{"@id":"https:\/\/lightweb.dev\/l\/svm-temp\/#organization"},"potentialAction":[{"@type":"SearchAction","target":{"@type":"EntryPoint","urlTemplate":"https:\/\/lightweb.dev\/l\/svm-temp\/?s={search_term_string}"},"query-input":{"@type":"PropertyValueSpecification","valueRequired":true,"valueName":"search_term_string"}}],"inLanguage":"sv-SE"},{"@type":"Organization","@id":"https:\/\/lightweb.dev\/l\/svm-temp\/#organization","name":"Melkerson y Nott SL","alternateName":"Svenska Magasinet","url":"https:\/\/lightweb.dev\/l\/svm-temp\/","logo":{"@type":"ImageObject","inLanguage":"sv-SE","@id":"https:\/\/lightweb.dev\/l\/svm-temp\/#\/schema\/logo\/image\/","url":"https:\/\/lightweb.dev\/l\/svm-temp\/wp-content\/uploads\/2025\/02\/SvM-logo-Xtra-Centrerad-SVART.png","contentUrl":"https:\/\/lightweb.dev\/l\/svm-temp\/wp-content\/uploads\/2025\/02\/SvM-logo-Xtra-Centrerad-SVART.png","width":300,"height":99,"caption":"Melkerson y Nott SL"},"image":{"@id":"https:\/\/lightweb.dev\/l\/svm-temp\/#\/schema\/logo\/image\/"},"sameAs":["https:\/\/www.facebook.com\/svenskamagasinet","https:\/\/x.com\/SvenskaMagasine"]},{"@type":"Person","@id":"https:\/\/lightweb.dev\/l\/svm-temp\/#\/schema\/person\/206a3bda5b607b0c25e1749191e4d837","name":"Redaktionen SvM","description":"Redaktionen","sameAs":["https:\/\/lightweb.dev\/l\/svm-temp"],"url":"https:\/\/lightweb.dev\/l\/svm-temp\/reporter\/redaktionen\/"}]}},"_links":{"self":[{"href":"https:\/\/lightweb.dev\/l\/svm-temp\/wp-json\/wp\/v2\/posts\/23732","targetHints":{"allow":["GET"]}}],"collection":[{"href":"https:\/\/lightweb.dev\/l\/svm-temp\/wp-json\/wp\/v2\/posts"}],"about":[{"href":"https:\/\/lightweb.dev\/l\/svm-temp\/wp-json\/wp\/v2\/types\/post"}],"author":[{"embeddable":true,"href":"https:\/\/lightweb.dev\/l\/svm-temp\/wp-json\/wp\/v2\/users\/8"}],"replies":[{"embeddable":true,"href":"https:\/\/lightweb.dev\/l\/svm-temp\/wp-json\/wp\/v2\/comments?post=23732"}],"version-history":[{"count":0,"href":"https:\/\/lightweb.dev\/l\/svm-temp\/wp-json\/wp\/v2\/posts\/23732\/revisions"}],"wp:featuredmedia":[{"embeddable":true,"href":"https:\/\/lightweb.dev\/l\/svm-temp\/wp-json\/wp\/v2\/media\/23733"}],"wp:attachment":[{"href":"https:\/\/lightweb.dev\/l\/svm-temp\/wp-json\/wp\/v2\/media?parent=23732"}],"wp:term":[{"taxonomy":"category","embeddable":true,"href":"https:\/\/lightweb.dev\/l\/svm-temp\/wp-json\/wp\/v2\/categories?post=23732"},{"taxonomy":"post_tag","embeddable":true,"href":"https:\/\/lightweb.dev\/l\/svm-temp\/wp-json\/wp\/v2\/tags?post=23732"}],"curies":[{"name":"wp","href":"https:\/\/api.w.org\/{rel}","templated":true}]}}