{"id":23736,"date":"2015-08-24T00:00:00","date_gmt":"2015-08-23T22:00:00","guid":{"rendered":"https:\/\/lightweb.dev\/l\/svm-temp\/nyheter\/misstankt-sjalvmordsforare-kraschade-med-svensk-familj-i-madrid-tva-doda\/"},"modified":"2015-08-24T00:00:00","modified_gmt":"2015-08-23T22:00:00","slug":"misstankt-sjalvmordsforare-kraschade-med-svensk-familj-i-madrid-tva-doda","status":"publish","type":"post","link":"https:\/\/lightweb.dev\/l\/svm-temp\/nyheter\/misstankt-sjalvmordsforare-kraschade-med-svensk-familj-i-madrid-tva-doda\/","title":{"rendered":"Misst\u00e4nkt sj\u00e4lvmordsf\u00f6rare kraschade med svensk familj i Madrid \u2013 tv\u00e5 d\u00f6da"},"content":{"rendered":"<p> En 30-\u00e5rig rum\u00e4nsk medborgare som k\u00f6rde mot trafiken under fem kilometer kraschade med en familj fr\u00e5n s\u00f6dra Sverige. Mamman, 51 \u00e5r, avled av skallskador p\u00e5 Universitetssjukhuset i Getafe. Kvinnans tv\u00e5 d\u00f6ttrar, 26 och 13 \u00e5r, samt en man, 22 \u00e5r, v\u00e5rdas i nul\u00e4get p\u00e5 Universitetssjukhuset 12 Oktober i Madrid. Det uppger nyhetsbyr\u00e5n Europa Press. Av Ola Josefsson<\/p>\n<p>H\u00e4lsodepartementet i Madrid har meddelat den svenska ambassaden i Madrid att man erbjuder all hj\u00e4lp till svenskar och anh\u00f6riga som \u00e4r drabbade.<br \/>\n\u201dVi ska g\u00f6ra allt vad vi kan f\u00f6r att hj\u00e4lpa och st\u00f6dja den drabbade svenska familjen\u201d s\u00e4ger Jes\u00fas S\u00e1nchez Martos till nyhetsbyr\u00e5n Europa Press som skriver att sjukhuset st\u00e5r i st\u00e4ndig kontakt med personal vid den svenska ambassaden som f\u00f6rs\u00f6ker n\u00e5 samtliga anh\u00f6riga.<\/p>\n<p>Svenska Magasinet har under m\u00e5ndagen talat med personal vid den svenska ambassaden i Madrid som bekr\u00e4ftar trafikolyckan.<br \/>\n&#8211; Jag kan bekr\u00e4fta att en svensk familj fr\u00e5n s\u00f6dra Sverige r\u00e5kade ut f\u00f6r en trafikolycka p\u00e5 s\u00f6ndagen. Mer kan jag inte s\u00e4ga i nul\u00e4get, s\u00e4ger Monika Jagerman, ambassadr\u00e5d.<\/p>\n<p>Dagstidningen El Pais uppger att det r\u00f6r sig om en familj med nordafrikanskt ursprung med svenska pass. Enligt Guardia Civil var familjen p\u00e5 v\u00e4g till Sverige efter att ha varit i Nordafrika p\u00e5 semester.<\/p>\n<p>Flera dagstidningar i Spanien beskriver 30-\u00e5ringen som en sj\u00e4lvmordsf\u00f6rare (kamikaze) efter h\u00e4ndelsen som intr\u00e4ffade strax efter sju p\u00e5 s\u00f6ndagsmorgonen p\u00e5 A-4:an i j\u00e4mnh\u00f6jd med Pinto vid kilometerskylten 17,050, infarten till Madrid. 30-\u00e5ringen som omkom k\u00f6rde en Renault Laguna i motsatt riktning. Den svenska familjen f\u00e4rdades i en Audi Q7.<\/p>\n<p>Nyhetsbyr\u00e5n EFE uppger att Guardia Civil har inlett en unders\u00f6kning av h\u00e4ndelsen f\u00f6r att fastst\u00e4lla om det r\u00f6r sig om en olycka eller en avsiktlig handling. Guardia Civil inv\u00e4ntar \u00e4ven obduktionsrapporten f\u00f6r att fastst\u00e4lla om mannen var berusad eller hade narkotika i kroppen.<\/p>\n","protected":false},"excerpt":{"rendered":"<p>En 30-\u00e5rig rum\u00e4nsk medborgare som k\u00f6rde mot trafiken under fem kilometer kraschade med en familj fr\u00e5n s\u00f6dra Sverige. Mamman, 51 \u00e5r, avled av skallskador p\u00e5 Universitetssjukhuset i Getafe. Kvinnans tv\u00e5 d\u00f6ttrar, 26 och 13 \u00e5r, samt en man, 22 \u00e5r, v\u00e5rdas i nul\u00e4get p\u00e5 Universitetssjukhuset 12 Oktober i Madrid. Det uppger nyhetsbyr\u00e5n Europa Press. Av [&hellip;]<\/p>\n","protected":false},"author":8,"featured_media":23737,"comment_status":"open","ping_status":"open","sticky":false,"template":"","format":"standard","meta":{"_et_pb_use_builder":"","_et_pb_old_content":"","_et_gb_content_width":"","footnotes":""},"categories":[395,3],"tags":[],"class_list":["post-23736","post","type-post","status-publish","format-standard","has-post-thumbnail","hentry","category-arkiv-nyheter","category-nyheter"],"yoast_head":"<!-- This site is optimized with the Yoast SEO Premium plugin v26.2 (Yoast SEO v27.5) - https:\/\/yoast.com\/product\/yoast-seo-premium-wordpress\/ -->\n<title>Misst\u00e4nkt sj\u00e4lvmordsf\u00f6rare kraschade med svensk familj i Madrid \u2013 tv\u00e5 d\u00f6da - Svenska Magasinet<\/title>\n<meta name=\"robots\" content=\"noindex, follow, max-snippet:-1, max-image-preview:large, max-video-preview:-1\" \/>\n<meta property=\"og:locale\" content=\"sv_SE\" \/>\n<meta property=\"og:type\" content=\"article\" \/>\n<meta property=\"og:title\" content=\"Misst\u00e4nkt sj\u00e4lvmordsf\u00f6rare kraschade med svensk familj i Madrid \u2013 tv\u00e5 d\u00f6da\" \/>\n<meta property=\"og:description\" content=\"En 30-\u00e5rig rum\u00e4nsk medborgare som k\u00f6rde mot trafiken under fem kilometer kraschade med en familj fr\u00e5n s\u00f6dra Sverige. Mamman, 51 \u00e5r, avled av skallskador p\u00e5 Universitetssjukhuset i Getafe. Kvinnans tv\u00e5 d\u00f6ttrar, 26 och 13 \u00e5r, samt en man, 22 \u00e5r, v\u00e5rdas i nul\u00e4get p\u00e5 Universitetssjukhuset 12 Oktober i Madrid. Det uppger nyhetsbyr\u00e5n Europa Press. Av [&hellip;]\" \/>\n<meta property=\"og:url\" content=\"https:\/\/lightweb.dev\/l\/svm-temp\/nyheter\/misstankt-sjalvmordsforare-kraschade-med-svensk-familj-i-madrid-tva-doda\/\" \/>\n<meta property=\"og:site_name\" content=\"Svenska Magasinet\" \/>\n<meta property=\"article:publisher\" content=\"https:\/\/www.facebook.com\/svenskamagasinet\" \/>\n<meta property=\"article:published_time\" content=\"2015-08-23T22:00:00+00:00\" \/>\n<meta property=\"og:image\" content=\"https:\/\/lightweb.dev\/l\/svm-temp\/wp-content\/uploads\/2022\/06\/misstankt-sjalvmordsforare-kraschade-med-svensk-familj-i-madrid-tva-doda.png\" \/>\n\t<meta property=\"og:image:width\" content=\"354\" \/>\n\t<meta property=\"og:image:height\" content=\"200\" \/>\n\t<meta property=\"og:image:type\" content=\"image\/png\" \/>\n<meta name=\"author\" content=\"Redaktionen SvM\" \/>\n<meta name=\"twitter:card\" content=\"summary_large_image\" \/>\n<meta name=\"twitter:creator\" content=\"@SvenskaMagasine\" \/>\n<meta name=\"twitter:site\" content=\"@SvenskaMagasine\" \/>\n<script type=\"application\/ld+json\" class=\"yoast-schema-graph\">{\"@context\":\"https:\\\/\\\/schema.org\",\"@graph\":[{\"@type\":\"Article\",\"@id\":\"https:\\\/\\\/lightweb.dev\\\/l\\\/svm-temp\\\/nyheter\\\/misstankt-sjalvmordsforare-kraschade-med-svensk-familj-i-madrid-tva-doda\\\/#article\",\"isPartOf\":{\"@id\":\"https:\\\/\\\/lightweb.dev\\\/l\\\/svm-temp\\\/nyheter\\\/misstankt-sjalvmordsforare-kraschade-med-svensk-familj-i-madrid-tva-doda\\\/\"},\"author\":{\"name\":\"Redaktionen SvM\",\"@id\":\"https:\\\/\\\/lightweb.dev\\\/l\\\/svm-temp\\\/#\\\/schema\\\/person\\\/206a3bda5b607b0c25e1749191e4d837\"},\"headline\":\"Misst\u00e4nkt sj\u00e4lvmordsf\u00f6rare kraschade med svensk familj i Madrid \u2013 tv\u00e5 d\u00f6da\",\"datePublished\":\"2015-08-23T22:00:00+00:00\",\"mainEntityOfPage\":{\"@id\":\"https:\\\/\\\/lightweb.dev\\\/l\\\/svm-temp\\\/nyheter\\\/misstankt-sjalvmordsforare-kraschade-med-svensk-familj-i-madrid-tva-doda\\\/\"},\"wordCount\":362,\"commentCount\":0,\"publisher\":{\"@id\":\"https:\\\/\\\/lightweb.dev\\\/l\\\/svm-temp\\\/#organization\"},\"image\":{\"@id\":\"https:\\\/\\\/lightweb.dev\\\/l\\\/svm-temp\\\/nyheter\\\/misstankt-sjalvmordsforare-kraschade-med-svensk-familj-i-madrid-tva-doda\\\/#primaryimage\"},\"thumbnailUrl\":\"https:\\\/\\\/lightweb.dev\\\/l\\\/svm-temp\\\/wp-content\\\/uploads\\\/2022\\\/06\\\/misstankt-sjalvmordsforare-kraschade-med-svensk-familj-i-madrid-tva-doda.png\",\"articleSection\":[\"Arkiv\",\"Nyheter\"],\"inLanguage\":\"sv-SE\"},{\"@type\":\"WebPage\",\"@id\":\"https:\\\/\\\/lightweb.dev\\\/l\\\/svm-temp\\\/nyheter\\\/misstankt-sjalvmordsforare-kraschade-med-svensk-familj-i-madrid-tva-doda\\\/\",\"url\":\"https:\\\/\\\/lightweb.dev\\\/l\\\/svm-temp\\\/nyheter\\\/misstankt-sjalvmordsforare-kraschade-med-svensk-familj-i-madrid-tva-doda\\\/\",\"name\":\"Misst\u00e4nkt sj\u00e4lvmordsf\u00f6rare kraschade med svensk familj i Madrid \u2013 tv\u00e5 d\u00f6da - Svenska Magasinet\",\"isPartOf\":{\"@id\":\"https:\\\/\\\/lightweb.dev\\\/l\\\/svm-temp\\\/#website\"},\"primaryImageOfPage\":{\"@id\":\"https:\\\/\\\/lightweb.dev\\\/l\\\/svm-temp\\\/nyheter\\\/misstankt-sjalvmordsforare-kraschade-med-svensk-familj-i-madrid-tva-doda\\\/#primaryimage\"},\"image\":{\"@id\":\"https:\\\/\\\/lightweb.dev\\\/l\\\/svm-temp\\\/nyheter\\\/misstankt-sjalvmordsforare-kraschade-med-svensk-familj-i-madrid-tva-doda\\\/#primaryimage\"},\"thumbnailUrl\":\"https:\\\/\\\/lightweb.dev\\\/l\\\/svm-temp\\\/wp-content\\\/uploads\\\/2022\\\/06\\\/misstankt-sjalvmordsforare-kraschade-med-svensk-familj-i-madrid-tva-doda.png\",\"datePublished\":\"2015-08-23T22:00:00+00:00\",\"breadcrumb\":{\"@id\":\"https:\\\/\\\/lightweb.dev\\\/l\\\/svm-temp\\\/nyheter\\\/misstankt-sjalvmordsforare-kraschade-med-svensk-familj-i-madrid-tva-doda\\\/#breadcrumb\"},\"inLanguage\":\"sv-SE\",\"potentialAction\":[{\"@type\":\"ReadAction\",\"target\":[\"https:\\\/\\\/lightweb.dev\\\/l\\\/svm-temp\\\/nyheter\\\/misstankt-sjalvmordsforare-kraschade-med-svensk-familj-i-madrid-tva-doda\\\/\"]}]},{\"@type\":\"ImageObject\",\"inLanguage\":\"sv-SE\",\"@id\":\"https:\\\/\\\/lightweb.dev\\\/l\\\/svm-temp\\\/nyheter\\\/misstankt-sjalvmordsforare-kraschade-med-svensk-familj-i-madrid-tva-doda\\\/#primaryimage\",\"url\":\"https:\\\/\\\/lightweb.dev\\\/l\\\/svm-temp\\\/wp-content\\\/uploads\\\/2022\\\/06\\\/misstankt-sjalvmordsforare-kraschade-med-svensk-familj-i-madrid-tva-doda.png\",\"contentUrl\":\"https:\\\/\\\/lightweb.dev\\\/l\\\/svm-temp\\\/wp-content\\\/uploads\\\/2022\\\/06\\\/misstankt-sjalvmordsforare-kraschade-med-svensk-familj-i-madrid-tva-doda.png\",\"width\":354,\"height\":200},{\"@type\":\"BreadcrumbList\",\"@id\":\"https:\\\/\\\/lightweb.dev\\\/l\\\/svm-temp\\\/nyheter\\\/misstankt-sjalvmordsforare-kraschade-med-svensk-familj-i-madrid-tva-doda\\\/#breadcrumb\",\"itemListElement\":[{\"@type\":\"ListItem\",\"position\":1,\"name\":\"Hem\",\"item\":\"https:\\\/\\\/lightweb.dev\\\/l\\\/svm-temp\\\/\"},{\"@type\":\"ListItem\",\"position\":2,\"name\":\"Misst\u00e4nkt sj\u00e4lvmordsf\u00f6rare kraschade med svensk familj i Madrid \u2013 tv\u00e5 d\u00f6da\"}]},{\"@type\":\"WebSite\",\"@id\":\"https:\\\/\\\/lightweb.dev\\\/l\\\/svm-temp\\\/#website\",\"url\":\"https:\\\/\\\/lightweb.dev\\\/l\\\/svm-temp\\\/\",\"name\":\"Svenska Magasinet\",\"description\":\"Dina Spanska nyheter p&aring; Svenska\",\"publisher\":{\"@id\":\"https:\\\/\\\/lightweb.dev\\\/l\\\/svm-temp\\\/#organization\"},\"potentialAction\":[{\"@type\":\"SearchAction\",\"target\":{\"@type\":\"EntryPoint\",\"urlTemplate\":\"https:\\\/\\\/lightweb.dev\\\/l\\\/svm-temp\\\/?s={search_term_string}\"},\"query-input\":{\"@type\":\"PropertyValueSpecification\",\"valueRequired\":true,\"valueName\":\"search_term_string\"}}],\"inLanguage\":\"sv-SE\"},{\"@type\":\"Organization\",\"@id\":\"https:\\\/\\\/lightweb.dev\\\/l\\\/svm-temp\\\/#organization\",\"name\":\"Melkerson y Nott SL\",\"alternateName\":\"Svenska Magasinet\",\"url\":\"https:\\\/\\\/lightweb.dev\\\/l\\\/svm-temp\\\/\",\"logo\":{\"@type\":\"ImageObject\",\"inLanguage\":\"sv-SE\",\"@id\":\"https:\\\/\\\/lightweb.dev\\\/l\\\/svm-temp\\\/#\\\/schema\\\/logo\\\/image\\\/\",\"url\":\"https:\\\/\\\/lightweb.dev\\\/l\\\/svm-temp\\\/wp-content\\\/uploads\\\/2025\\\/02\\\/SvM-logo-Xtra-Centrerad-SVART.png\",\"contentUrl\":\"https:\\\/\\\/lightweb.dev\\\/l\\\/svm-temp\\\/wp-content\\\/uploads\\\/2025\\\/02\\\/SvM-logo-Xtra-Centrerad-SVART.png\",\"width\":300,\"height\":99,\"caption\":\"Melkerson y Nott SL\"},\"image\":{\"@id\":\"https:\\\/\\\/lightweb.dev\\\/l\\\/svm-temp\\\/#\\\/schema\\\/logo\\\/image\\\/\"},\"sameAs\":[\"https:\\\/\\\/www.facebook.com\\\/svenskamagasinet\",\"https:\\\/\\\/x.com\\\/SvenskaMagasine\"]},{\"@type\":\"Person\",\"@id\":\"https:\\\/\\\/lightweb.dev\\\/l\\\/svm-temp\\\/#\\\/schema\\\/person\\\/206a3bda5b607b0c25e1749191e4d837\",\"name\":\"Redaktionen SvM\",\"description\":\"Redaktionen\",\"sameAs\":[\"https:\\\/\\\/lightweb.dev\\\/l\\\/svm-temp\"],\"url\":\"https:\\\/\\\/lightweb.dev\\\/l\\\/svm-temp\\\/reporter\\\/redaktionen\\\/\"}]}<\/script>\n<!-- \/ Yoast SEO Premium plugin. -->","yoast_head_json":{"title":"Misst\u00e4nkt sj\u00e4lvmordsf\u00f6rare kraschade med svensk familj i Madrid \u2013 tv\u00e5 d\u00f6da - Svenska Magasinet","robots":{"index":"noindex","follow":"follow","max-snippet":"max-snippet:-1","max-image-preview":"max-image-preview:large","max-video-preview":"max-video-preview:-1"},"og_locale":"sv_SE","og_type":"article","og_title":"Misst\u00e4nkt sj\u00e4lvmordsf\u00f6rare kraschade med svensk familj i Madrid \u2013 tv\u00e5 d\u00f6da","og_description":"En 30-\u00e5rig rum\u00e4nsk medborgare som k\u00f6rde mot trafiken under fem kilometer kraschade med en familj fr\u00e5n s\u00f6dra Sverige. Mamman, 51 \u00e5r, avled av skallskador p\u00e5 Universitetssjukhuset i Getafe. Kvinnans tv\u00e5 d\u00f6ttrar, 26 och 13 \u00e5r, samt en man, 22 \u00e5r, v\u00e5rdas i nul\u00e4get p\u00e5 Universitetssjukhuset 12 Oktober i Madrid. Det uppger nyhetsbyr\u00e5n Europa Press. Av [&hellip;]","og_url":"https:\/\/lightweb.dev\/l\/svm-temp\/nyheter\/misstankt-sjalvmordsforare-kraschade-med-svensk-familj-i-madrid-tva-doda\/","og_site_name":"Svenska Magasinet","article_publisher":"https:\/\/www.facebook.com\/svenskamagasinet","article_published_time":"2015-08-23T22:00:00+00:00","og_image":[{"width":354,"height":200,"url":"https:\/\/lightweb.dev\/l\/svm-temp\/wp-content\/uploads\/2022\/06\/misstankt-sjalvmordsforare-kraschade-med-svensk-familj-i-madrid-tva-doda.png","type":"image\/png"}],"author":"Redaktionen SvM","twitter_card":"summary_large_image","twitter_creator":"@SvenskaMagasine","twitter_site":"@SvenskaMagasine","schema":{"@context":"https:\/\/schema.org","@graph":[{"@type":"Article","@id":"https:\/\/lightweb.dev\/l\/svm-temp\/nyheter\/misstankt-sjalvmordsforare-kraschade-med-svensk-familj-i-madrid-tva-doda\/#article","isPartOf":{"@id":"https:\/\/lightweb.dev\/l\/svm-temp\/nyheter\/misstankt-sjalvmordsforare-kraschade-med-svensk-familj-i-madrid-tva-doda\/"},"author":{"name":"Redaktionen SvM","@id":"https:\/\/lightweb.dev\/l\/svm-temp\/#\/schema\/person\/206a3bda5b607b0c25e1749191e4d837"},"headline":"Misst\u00e4nkt sj\u00e4lvmordsf\u00f6rare kraschade med svensk familj i Madrid \u2013 tv\u00e5 d\u00f6da","datePublished":"2015-08-23T22:00:00+00:00","mainEntityOfPage":{"@id":"https:\/\/lightweb.dev\/l\/svm-temp\/nyheter\/misstankt-sjalvmordsforare-kraschade-med-svensk-familj-i-madrid-tva-doda\/"},"wordCount":362,"commentCount":0,"publisher":{"@id":"https:\/\/lightweb.dev\/l\/svm-temp\/#organization"},"image":{"@id":"https:\/\/lightweb.dev\/l\/svm-temp\/nyheter\/misstankt-sjalvmordsforare-kraschade-med-svensk-familj-i-madrid-tva-doda\/#primaryimage"},"thumbnailUrl":"https:\/\/lightweb.dev\/l\/svm-temp\/wp-content\/uploads\/2022\/06\/misstankt-sjalvmordsforare-kraschade-med-svensk-familj-i-madrid-tva-doda.png","articleSection":["Arkiv","Nyheter"],"inLanguage":"sv-SE"},{"@type":"WebPage","@id":"https:\/\/lightweb.dev\/l\/svm-temp\/nyheter\/misstankt-sjalvmordsforare-kraschade-med-svensk-familj-i-madrid-tva-doda\/","url":"https:\/\/lightweb.dev\/l\/svm-temp\/nyheter\/misstankt-sjalvmordsforare-kraschade-med-svensk-familj-i-madrid-tva-doda\/","name":"Misst\u00e4nkt sj\u00e4lvmordsf\u00f6rare kraschade med svensk familj i Madrid \u2013 tv\u00e5 d\u00f6da - Svenska Magasinet","isPartOf":{"@id":"https:\/\/lightweb.dev\/l\/svm-temp\/#website"},"primaryImageOfPage":{"@id":"https:\/\/lightweb.dev\/l\/svm-temp\/nyheter\/misstankt-sjalvmordsforare-kraschade-med-svensk-familj-i-madrid-tva-doda\/#primaryimage"},"image":{"@id":"https:\/\/lightweb.dev\/l\/svm-temp\/nyheter\/misstankt-sjalvmordsforare-kraschade-med-svensk-familj-i-madrid-tva-doda\/#primaryimage"},"thumbnailUrl":"https:\/\/lightweb.dev\/l\/svm-temp\/wp-content\/uploads\/2022\/06\/misstankt-sjalvmordsforare-kraschade-med-svensk-familj-i-madrid-tva-doda.png","datePublished":"2015-08-23T22:00:00+00:00","breadcrumb":{"@id":"https:\/\/lightweb.dev\/l\/svm-temp\/nyheter\/misstankt-sjalvmordsforare-kraschade-med-svensk-familj-i-madrid-tva-doda\/#breadcrumb"},"inLanguage":"sv-SE","potentialAction":[{"@type":"ReadAction","target":["https:\/\/lightweb.dev\/l\/svm-temp\/nyheter\/misstankt-sjalvmordsforare-kraschade-med-svensk-familj-i-madrid-tva-doda\/"]}]},{"@type":"ImageObject","inLanguage":"sv-SE","@id":"https:\/\/lightweb.dev\/l\/svm-temp\/nyheter\/misstankt-sjalvmordsforare-kraschade-med-svensk-familj-i-madrid-tva-doda\/#primaryimage","url":"https:\/\/lightweb.dev\/l\/svm-temp\/wp-content\/uploads\/2022\/06\/misstankt-sjalvmordsforare-kraschade-med-svensk-familj-i-madrid-tva-doda.png","contentUrl":"https:\/\/lightweb.dev\/l\/svm-temp\/wp-content\/uploads\/2022\/06\/misstankt-sjalvmordsforare-kraschade-med-svensk-familj-i-madrid-tva-doda.png","width":354,"height":200},{"@type":"BreadcrumbList","@id":"https:\/\/lightweb.dev\/l\/svm-temp\/nyheter\/misstankt-sjalvmordsforare-kraschade-med-svensk-familj-i-madrid-tva-doda\/#breadcrumb","itemListElement":[{"@type":"ListItem","position":1,"name":"Hem","item":"https:\/\/lightweb.dev\/l\/svm-temp\/"},{"@type":"ListItem","position":2,"name":"Misst\u00e4nkt sj\u00e4lvmordsf\u00f6rare kraschade med svensk familj i Madrid \u2013 tv\u00e5 d\u00f6da"}]},{"@type":"WebSite","@id":"https:\/\/lightweb.dev\/l\/svm-temp\/#website","url":"https:\/\/lightweb.dev\/l\/svm-temp\/","name":"Svenska Magasinet","description":"Dina Spanska nyheter p&aring; Svenska","publisher":{"@id":"https:\/\/lightweb.dev\/l\/svm-temp\/#organization"},"potentialAction":[{"@type":"SearchAction","target":{"@type":"EntryPoint","urlTemplate":"https:\/\/lightweb.dev\/l\/svm-temp\/?s={search_term_string}"},"query-input":{"@type":"PropertyValueSpecification","valueRequired":true,"valueName":"search_term_string"}}],"inLanguage":"sv-SE"},{"@type":"Organization","@id":"https:\/\/lightweb.dev\/l\/svm-temp\/#organization","name":"Melkerson y Nott SL","alternateName":"Svenska Magasinet","url":"https:\/\/lightweb.dev\/l\/svm-temp\/","logo":{"@type":"ImageObject","inLanguage":"sv-SE","@id":"https:\/\/lightweb.dev\/l\/svm-temp\/#\/schema\/logo\/image\/","url":"https:\/\/lightweb.dev\/l\/svm-temp\/wp-content\/uploads\/2025\/02\/SvM-logo-Xtra-Centrerad-SVART.png","contentUrl":"https:\/\/lightweb.dev\/l\/svm-temp\/wp-content\/uploads\/2025\/02\/SvM-logo-Xtra-Centrerad-SVART.png","width":300,"height":99,"caption":"Melkerson y Nott SL"},"image":{"@id":"https:\/\/lightweb.dev\/l\/svm-temp\/#\/schema\/logo\/image\/"},"sameAs":["https:\/\/www.facebook.com\/svenskamagasinet","https:\/\/x.com\/SvenskaMagasine"]},{"@type":"Person","@id":"https:\/\/lightweb.dev\/l\/svm-temp\/#\/schema\/person\/206a3bda5b607b0c25e1749191e4d837","name":"Redaktionen SvM","description":"Redaktionen","sameAs":["https:\/\/lightweb.dev\/l\/svm-temp"],"url":"https:\/\/lightweb.dev\/l\/svm-temp\/reporter\/redaktionen\/"}]}},"_links":{"self":[{"href":"https:\/\/lightweb.dev\/l\/svm-temp\/wp-json\/wp\/v2\/posts\/23736","targetHints":{"allow":["GET"]}}],"collection":[{"href":"https:\/\/lightweb.dev\/l\/svm-temp\/wp-json\/wp\/v2\/posts"}],"about":[{"href":"https:\/\/lightweb.dev\/l\/svm-temp\/wp-json\/wp\/v2\/types\/post"}],"author":[{"embeddable":true,"href":"https:\/\/lightweb.dev\/l\/svm-temp\/wp-json\/wp\/v2\/users\/8"}],"replies":[{"embeddable":true,"href":"https:\/\/lightweb.dev\/l\/svm-temp\/wp-json\/wp\/v2\/comments?post=23736"}],"version-history":[{"count":0,"href":"https:\/\/lightweb.dev\/l\/svm-temp\/wp-json\/wp\/v2\/posts\/23736\/revisions"}],"wp:featuredmedia":[{"embeddable":true,"href":"https:\/\/lightweb.dev\/l\/svm-temp\/wp-json\/wp\/v2\/media\/23737"}],"wp:attachment":[{"href":"https:\/\/lightweb.dev\/l\/svm-temp\/wp-json\/wp\/v2\/media?parent=23736"}],"wp:term":[{"taxonomy":"category","embeddable":true,"href":"https:\/\/lightweb.dev\/l\/svm-temp\/wp-json\/wp\/v2\/categories?post=23736"},{"taxonomy":"post_tag","embeddable":true,"href":"https:\/\/lightweb.dev\/l\/svm-temp\/wp-json\/wp\/v2\/tags?post=23736"}],"curies":[{"name":"wp","href":"https:\/\/api.w.org\/{rel}","templated":true}]}}