{"id":23748,"date":"2015-08-20T00:00:00","date_gmt":"2015-08-19T22:00:00","guid":{"rendered":"https:\/\/lightweb.dev\/l\/svm-temp\/nyheter\/golfanstalld-misstankt-for-att-inga-i-barnpornografinatverk\/"},"modified":"2015-08-20T00:00:00","modified_gmt":"2015-08-19T22:00:00","slug":"golfanstalld-misstankt-for-att-inga-i-barnpornografinatverk","status":"publish","type":"post","link":"https:\/\/lightweb.dev\/l\/svm-temp\/nyheter\/golfanstalld-misstankt-for-att-inga-i-barnpornografinatverk\/","title":{"rendered":"Golfanst\u00e4lld misst\u00e4nkt f\u00f6r att ing\u00e5 i barnpornografin\u00e4tverk"},"content":{"rendered":"<p> I en stor polisinsats mot ett n\u00e4tverk som spridit barnpornografi har en 33-\u00e5rig brittisk medborgare resident i Benalm\u00e1dena gripits. Mannen arbetar i ett f\u00f6retag som hyr ut golfutrustning uppger Diario SUR. Totalt \u00e4r det tretton personer som gripits i Spanien p\u00e5 platser som Madrid, Alicante, Badajoz, Girona, Guadalajara, Balearerna, Lugo och Valencia.<\/p>\n<p>Den 33-\u00e5rige mannen ska enligt spanska medier vara k\u00e4nd hos polisen sedan tidigare. Brittiska myndigheter beskriver honom som \u201dh\u00f6griskprofil\u201d n\u00e4r det g\u00e4ller sexualbrott mot minder\u00e5riga.<\/p>\n<p>Tidningen namnger 33-\u00e5ringen som Craig James S och ska ha blivit d\u00f6md tidigare i Storbritannien f\u00f6r sexbrott. Vid 24-\u00e5rs \u00e5lder d\u00f6mdes mannen 2003 till fyra \u00e5rs f\u00e4ngelse f\u00f6r tre \u00f6vergrepp mot minder\u00e5riga. Bland annat hade mannen tagit bilder av en 16-\u00e5rig pojke.<\/p>\n<p>2008 kom ett beslut fr\u00e5n brittiska myndigheter att mannen inte fick vistas n\u00e4ra skolor och skulle h\u00e5lla ett avst\u00e5nd p\u00e5 hundra meter. Upplysningarna skickades till M\u00e1lagapolisen efter att mannen flyttat till Spanien.<\/p>\n<p>Ytterligare fyra brittiska medborgare finns bland de 13 personer som gripits i Spanien. Tv\u00e5 greps i Alicante och en p\u00e5 Mallorca. Den fj\u00e4rde som \u00e4r resident i Spanien var vid tillf\u00e4llet i Manchester. <\/p>\n","protected":false},"excerpt":{"rendered":"<p>I en stor polisinsats mot ett n\u00e4tverk som spridit barnpornografi har en 33-\u00e5rig brittisk medborgare resident i Benalm\u00e1dena gripits. Mannen arbetar i ett f\u00f6retag som hyr ut golfutrustning uppger Diario SUR. Totalt \u00e4r det tretton personer som gripits i Spanien p\u00e5 platser som Madrid, Alicante, Badajoz, Girona, Guadalajara, Balearerna, Lugo och Valencia. Den 33-\u00e5rige mannen [&hellip;]<\/p>\n","protected":false},"author":8,"featured_media":23749,"comment_status":"open","ping_status":"open","sticky":false,"template":"","format":"standard","meta":{"_et_pb_use_builder":"","_et_pb_old_content":"","_et_gb_content_width":"","footnotes":""},"categories":[395,3],"tags":[],"class_list":["post-23748","post","type-post","status-publish","format-standard","has-post-thumbnail","hentry","category-arkiv-nyheter","category-nyheter"],"yoast_head":"<!-- This site is optimized with the Yoast SEO Premium plugin v26.2 (Yoast SEO v27.5) - https:\/\/yoast.com\/product\/yoast-seo-premium-wordpress\/ -->\n<title>Golfanst\u00e4lld misst\u00e4nkt f\u00f6r att ing\u00e5 i barnpornografin\u00e4tverk - Svenska Magasinet<\/title>\n<meta name=\"robots\" content=\"noindex, follow, max-snippet:-1, max-image-preview:large, max-video-preview:-1\" \/>\n<meta property=\"og:locale\" content=\"sv_SE\" \/>\n<meta property=\"og:type\" content=\"article\" \/>\n<meta property=\"og:title\" content=\"Golfanst\u00e4lld misst\u00e4nkt f\u00f6r att ing\u00e5 i barnpornografin\u00e4tverk\" \/>\n<meta property=\"og:description\" content=\"I en stor polisinsats mot ett n\u00e4tverk som spridit barnpornografi har en 33-\u00e5rig brittisk medborgare resident i Benalm\u00e1dena gripits. Mannen arbetar i ett f\u00f6retag som hyr ut golfutrustning uppger Diario SUR. Totalt \u00e4r det tretton personer som gripits i Spanien p\u00e5 platser som Madrid, Alicante, Badajoz, Girona, Guadalajara, Balearerna, Lugo och Valencia. Den 33-\u00e5rige mannen [&hellip;]\" \/>\n<meta property=\"og:url\" content=\"https:\/\/lightweb.dev\/l\/svm-temp\/nyheter\/golfanstalld-misstankt-for-att-inga-i-barnpornografinatverk\/\" \/>\n<meta property=\"og:site_name\" content=\"Svenska Magasinet\" \/>\n<meta property=\"article:publisher\" content=\"https:\/\/www.facebook.com\/svenskamagasinet\" \/>\n<meta property=\"article:published_time\" content=\"2015-08-19T22:00:00+00:00\" \/>\n<meta property=\"og:image\" content=\"https:\/\/lightweb.dev\/l\/svm-temp\/wp-content\/uploads\/2022\/06\/golfanstalld-misstankt-for-att-inga-i-barnpornografinatverk.png\" \/>\n\t<meta property=\"og:image:width\" content=\"299\" \/>\n\t<meta property=\"og:image:height\" content=\"200\" \/>\n\t<meta property=\"og:image:type\" content=\"image\/png\" \/>\n<meta name=\"author\" content=\"Redaktionen SvM\" \/>\n<meta name=\"twitter:card\" content=\"summary_large_image\" \/>\n<meta name=\"twitter:creator\" content=\"@SvenskaMagasine\" \/>\n<meta name=\"twitter:site\" content=\"@SvenskaMagasine\" \/>\n<script type=\"application\/ld+json\" class=\"yoast-schema-graph\">{\"@context\":\"https:\\\/\\\/schema.org\",\"@graph\":[{\"@type\":\"Article\",\"@id\":\"https:\\\/\\\/lightweb.dev\\\/l\\\/svm-temp\\\/nyheter\\\/golfanstalld-misstankt-for-att-inga-i-barnpornografinatverk\\\/#article\",\"isPartOf\":{\"@id\":\"https:\\\/\\\/lightweb.dev\\\/l\\\/svm-temp\\\/nyheter\\\/golfanstalld-misstankt-for-att-inga-i-barnpornografinatverk\\\/\"},\"author\":{\"name\":\"Redaktionen SvM\",\"@id\":\"https:\\\/\\\/lightweb.dev\\\/l\\\/svm-temp\\\/#\\\/schema\\\/person\\\/206a3bda5b607b0c25e1749191e4d837\"},\"headline\":\"Golfanst\u00e4lld misst\u00e4nkt f\u00f6r att ing\u00e5 i barnpornografin\u00e4tverk\",\"datePublished\":\"2015-08-19T22:00:00+00:00\",\"mainEntityOfPage\":{\"@id\":\"https:\\\/\\\/lightweb.dev\\\/l\\\/svm-temp\\\/nyheter\\\/golfanstalld-misstankt-for-att-inga-i-barnpornografinatverk\\\/\"},\"wordCount\":218,\"commentCount\":0,\"publisher\":{\"@id\":\"https:\\\/\\\/lightweb.dev\\\/l\\\/svm-temp\\\/#organization\"},\"image\":{\"@id\":\"https:\\\/\\\/lightweb.dev\\\/l\\\/svm-temp\\\/nyheter\\\/golfanstalld-misstankt-for-att-inga-i-barnpornografinatverk\\\/#primaryimage\"},\"thumbnailUrl\":\"https:\\\/\\\/lightweb.dev\\\/l\\\/svm-temp\\\/wp-content\\\/uploads\\\/2022\\\/06\\\/golfanstalld-misstankt-for-att-inga-i-barnpornografinatverk.png\",\"articleSection\":[\"Arkiv\",\"Nyheter\"],\"inLanguage\":\"sv-SE\"},{\"@type\":\"WebPage\",\"@id\":\"https:\\\/\\\/lightweb.dev\\\/l\\\/svm-temp\\\/nyheter\\\/golfanstalld-misstankt-for-att-inga-i-barnpornografinatverk\\\/\",\"url\":\"https:\\\/\\\/lightweb.dev\\\/l\\\/svm-temp\\\/nyheter\\\/golfanstalld-misstankt-for-att-inga-i-barnpornografinatverk\\\/\",\"name\":\"Golfanst\u00e4lld misst\u00e4nkt f\u00f6r att ing\u00e5 i barnpornografin\u00e4tverk - Svenska Magasinet\",\"isPartOf\":{\"@id\":\"https:\\\/\\\/lightweb.dev\\\/l\\\/svm-temp\\\/#website\"},\"primaryImageOfPage\":{\"@id\":\"https:\\\/\\\/lightweb.dev\\\/l\\\/svm-temp\\\/nyheter\\\/golfanstalld-misstankt-for-att-inga-i-barnpornografinatverk\\\/#primaryimage\"},\"image\":{\"@id\":\"https:\\\/\\\/lightweb.dev\\\/l\\\/svm-temp\\\/nyheter\\\/golfanstalld-misstankt-for-att-inga-i-barnpornografinatverk\\\/#primaryimage\"},\"thumbnailUrl\":\"https:\\\/\\\/lightweb.dev\\\/l\\\/svm-temp\\\/wp-content\\\/uploads\\\/2022\\\/06\\\/golfanstalld-misstankt-for-att-inga-i-barnpornografinatverk.png\",\"datePublished\":\"2015-08-19T22:00:00+00:00\",\"breadcrumb\":{\"@id\":\"https:\\\/\\\/lightweb.dev\\\/l\\\/svm-temp\\\/nyheter\\\/golfanstalld-misstankt-for-att-inga-i-barnpornografinatverk\\\/#breadcrumb\"},\"inLanguage\":\"sv-SE\",\"potentialAction\":[{\"@type\":\"ReadAction\",\"target\":[\"https:\\\/\\\/lightweb.dev\\\/l\\\/svm-temp\\\/nyheter\\\/golfanstalld-misstankt-for-att-inga-i-barnpornografinatverk\\\/\"]}]},{\"@type\":\"ImageObject\",\"inLanguage\":\"sv-SE\",\"@id\":\"https:\\\/\\\/lightweb.dev\\\/l\\\/svm-temp\\\/nyheter\\\/golfanstalld-misstankt-for-att-inga-i-barnpornografinatverk\\\/#primaryimage\",\"url\":\"https:\\\/\\\/lightweb.dev\\\/l\\\/svm-temp\\\/wp-content\\\/uploads\\\/2022\\\/06\\\/golfanstalld-misstankt-for-att-inga-i-barnpornografinatverk.png\",\"contentUrl\":\"https:\\\/\\\/lightweb.dev\\\/l\\\/svm-temp\\\/wp-content\\\/uploads\\\/2022\\\/06\\\/golfanstalld-misstankt-for-att-inga-i-barnpornografinatverk.png\",\"width\":299,\"height\":200},{\"@type\":\"BreadcrumbList\",\"@id\":\"https:\\\/\\\/lightweb.dev\\\/l\\\/svm-temp\\\/nyheter\\\/golfanstalld-misstankt-for-att-inga-i-barnpornografinatverk\\\/#breadcrumb\",\"itemListElement\":[{\"@type\":\"ListItem\",\"position\":1,\"name\":\"Hem\",\"item\":\"https:\\\/\\\/lightweb.dev\\\/l\\\/svm-temp\\\/\"},{\"@type\":\"ListItem\",\"position\":2,\"name\":\"Golfanst\u00e4lld misst\u00e4nkt f\u00f6r att ing\u00e5 i barnpornografin\u00e4tverk\"}]},{\"@type\":\"WebSite\",\"@id\":\"https:\\\/\\\/lightweb.dev\\\/l\\\/svm-temp\\\/#website\",\"url\":\"https:\\\/\\\/lightweb.dev\\\/l\\\/svm-temp\\\/\",\"name\":\"Svenska Magasinet\",\"description\":\"Dina Spanska nyheter p&aring; Svenska\",\"publisher\":{\"@id\":\"https:\\\/\\\/lightweb.dev\\\/l\\\/svm-temp\\\/#organization\"},\"potentialAction\":[{\"@type\":\"SearchAction\",\"target\":{\"@type\":\"EntryPoint\",\"urlTemplate\":\"https:\\\/\\\/lightweb.dev\\\/l\\\/svm-temp\\\/?s={search_term_string}\"},\"query-input\":{\"@type\":\"PropertyValueSpecification\",\"valueRequired\":true,\"valueName\":\"search_term_string\"}}],\"inLanguage\":\"sv-SE\"},{\"@type\":\"Organization\",\"@id\":\"https:\\\/\\\/lightweb.dev\\\/l\\\/svm-temp\\\/#organization\",\"name\":\"Melkerson y Nott SL\",\"alternateName\":\"Svenska Magasinet\",\"url\":\"https:\\\/\\\/lightweb.dev\\\/l\\\/svm-temp\\\/\",\"logo\":{\"@type\":\"ImageObject\",\"inLanguage\":\"sv-SE\",\"@id\":\"https:\\\/\\\/lightweb.dev\\\/l\\\/svm-temp\\\/#\\\/schema\\\/logo\\\/image\\\/\",\"url\":\"https:\\\/\\\/lightweb.dev\\\/l\\\/svm-temp\\\/wp-content\\\/uploads\\\/2025\\\/02\\\/SvM-logo-Xtra-Centrerad-SVART.png\",\"contentUrl\":\"https:\\\/\\\/lightweb.dev\\\/l\\\/svm-temp\\\/wp-content\\\/uploads\\\/2025\\\/02\\\/SvM-logo-Xtra-Centrerad-SVART.png\",\"width\":300,\"height\":99,\"caption\":\"Melkerson y Nott SL\"},\"image\":{\"@id\":\"https:\\\/\\\/lightweb.dev\\\/l\\\/svm-temp\\\/#\\\/schema\\\/logo\\\/image\\\/\"},\"sameAs\":[\"https:\\\/\\\/www.facebook.com\\\/svenskamagasinet\",\"https:\\\/\\\/x.com\\\/SvenskaMagasine\"]},{\"@type\":\"Person\",\"@id\":\"https:\\\/\\\/lightweb.dev\\\/l\\\/svm-temp\\\/#\\\/schema\\\/person\\\/206a3bda5b607b0c25e1749191e4d837\",\"name\":\"Redaktionen SvM\",\"description\":\"Redaktionen\",\"sameAs\":[\"https:\\\/\\\/lightweb.dev\\\/l\\\/svm-temp\"],\"url\":\"https:\\\/\\\/lightweb.dev\\\/l\\\/svm-temp\\\/reporter\\\/redaktionen\\\/\"}]}<\/script>\n<!-- \/ Yoast SEO Premium plugin. -->","yoast_head_json":{"title":"Golfanst\u00e4lld misst\u00e4nkt f\u00f6r att ing\u00e5 i barnpornografin\u00e4tverk - Svenska Magasinet","robots":{"index":"noindex","follow":"follow","max-snippet":"max-snippet:-1","max-image-preview":"max-image-preview:large","max-video-preview":"max-video-preview:-1"},"og_locale":"sv_SE","og_type":"article","og_title":"Golfanst\u00e4lld misst\u00e4nkt f\u00f6r att ing\u00e5 i barnpornografin\u00e4tverk","og_description":"I en stor polisinsats mot ett n\u00e4tverk som spridit barnpornografi har en 33-\u00e5rig brittisk medborgare resident i Benalm\u00e1dena gripits. Mannen arbetar i ett f\u00f6retag som hyr ut golfutrustning uppger Diario SUR. Totalt \u00e4r det tretton personer som gripits i Spanien p\u00e5 platser som Madrid, Alicante, Badajoz, Girona, Guadalajara, Balearerna, Lugo och Valencia. Den 33-\u00e5rige mannen [&hellip;]","og_url":"https:\/\/lightweb.dev\/l\/svm-temp\/nyheter\/golfanstalld-misstankt-for-att-inga-i-barnpornografinatverk\/","og_site_name":"Svenska Magasinet","article_publisher":"https:\/\/www.facebook.com\/svenskamagasinet","article_published_time":"2015-08-19T22:00:00+00:00","og_image":[{"width":299,"height":200,"url":"https:\/\/lightweb.dev\/l\/svm-temp\/wp-content\/uploads\/2022\/06\/golfanstalld-misstankt-for-att-inga-i-barnpornografinatverk.png","type":"image\/png"}],"author":"Redaktionen SvM","twitter_card":"summary_large_image","twitter_creator":"@SvenskaMagasine","twitter_site":"@SvenskaMagasine","schema":{"@context":"https:\/\/schema.org","@graph":[{"@type":"Article","@id":"https:\/\/lightweb.dev\/l\/svm-temp\/nyheter\/golfanstalld-misstankt-for-att-inga-i-barnpornografinatverk\/#article","isPartOf":{"@id":"https:\/\/lightweb.dev\/l\/svm-temp\/nyheter\/golfanstalld-misstankt-for-att-inga-i-barnpornografinatverk\/"},"author":{"name":"Redaktionen SvM","@id":"https:\/\/lightweb.dev\/l\/svm-temp\/#\/schema\/person\/206a3bda5b607b0c25e1749191e4d837"},"headline":"Golfanst\u00e4lld misst\u00e4nkt f\u00f6r att ing\u00e5 i barnpornografin\u00e4tverk","datePublished":"2015-08-19T22:00:00+00:00","mainEntityOfPage":{"@id":"https:\/\/lightweb.dev\/l\/svm-temp\/nyheter\/golfanstalld-misstankt-for-att-inga-i-barnpornografinatverk\/"},"wordCount":218,"commentCount":0,"publisher":{"@id":"https:\/\/lightweb.dev\/l\/svm-temp\/#organization"},"image":{"@id":"https:\/\/lightweb.dev\/l\/svm-temp\/nyheter\/golfanstalld-misstankt-for-att-inga-i-barnpornografinatverk\/#primaryimage"},"thumbnailUrl":"https:\/\/lightweb.dev\/l\/svm-temp\/wp-content\/uploads\/2022\/06\/golfanstalld-misstankt-for-att-inga-i-barnpornografinatverk.png","articleSection":["Arkiv","Nyheter"],"inLanguage":"sv-SE"},{"@type":"WebPage","@id":"https:\/\/lightweb.dev\/l\/svm-temp\/nyheter\/golfanstalld-misstankt-for-att-inga-i-barnpornografinatverk\/","url":"https:\/\/lightweb.dev\/l\/svm-temp\/nyheter\/golfanstalld-misstankt-for-att-inga-i-barnpornografinatverk\/","name":"Golfanst\u00e4lld misst\u00e4nkt f\u00f6r att ing\u00e5 i barnpornografin\u00e4tverk - Svenska Magasinet","isPartOf":{"@id":"https:\/\/lightweb.dev\/l\/svm-temp\/#website"},"primaryImageOfPage":{"@id":"https:\/\/lightweb.dev\/l\/svm-temp\/nyheter\/golfanstalld-misstankt-for-att-inga-i-barnpornografinatverk\/#primaryimage"},"image":{"@id":"https:\/\/lightweb.dev\/l\/svm-temp\/nyheter\/golfanstalld-misstankt-for-att-inga-i-barnpornografinatverk\/#primaryimage"},"thumbnailUrl":"https:\/\/lightweb.dev\/l\/svm-temp\/wp-content\/uploads\/2022\/06\/golfanstalld-misstankt-for-att-inga-i-barnpornografinatverk.png","datePublished":"2015-08-19T22:00:00+00:00","breadcrumb":{"@id":"https:\/\/lightweb.dev\/l\/svm-temp\/nyheter\/golfanstalld-misstankt-for-att-inga-i-barnpornografinatverk\/#breadcrumb"},"inLanguage":"sv-SE","potentialAction":[{"@type":"ReadAction","target":["https:\/\/lightweb.dev\/l\/svm-temp\/nyheter\/golfanstalld-misstankt-for-att-inga-i-barnpornografinatverk\/"]}]},{"@type":"ImageObject","inLanguage":"sv-SE","@id":"https:\/\/lightweb.dev\/l\/svm-temp\/nyheter\/golfanstalld-misstankt-for-att-inga-i-barnpornografinatverk\/#primaryimage","url":"https:\/\/lightweb.dev\/l\/svm-temp\/wp-content\/uploads\/2022\/06\/golfanstalld-misstankt-for-att-inga-i-barnpornografinatverk.png","contentUrl":"https:\/\/lightweb.dev\/l\/svm-temp\/wp-content\/uploads\/2022\/06\/golfanstalld-misstankt-for-att-inga-i-barnpornografinatverk.png","width":299,"height":200},{"@type":"BreadcrumbList","@id":"https:\/\/lightweb.dev\/l\/svm-temp\/nyheter\/golfanstalld-misstankt-for-att-inga-i-barnpornografinatverk\/#breadcrumb","itemListElement":[{"@type":"ListItem","position":1,"name":"Hem","item":"https:\/\/lightweb.dev\/l\/svm-temp\/"},{"@type":"ListItem","position":2,"name":"Golfanst\u00e4lld misst\u00e4nkt f\u00f6r att ing\u00e5 i barnpornografin\u00e4tverk"}]},{"@type":"WebSite","@id":"https:\/\/lightweb.dev\/l\/svm-temp\/#website","url":"https:\/\/lightweb.dev\/l\/svm-temp\/","name":"Svenska Magasinet","description":"Dina Spanska nyheter p&aring; Svenska","publisher":{"@id":"https:\/\/lightweb.dev\/l\/svm-temp\/#organization"},"potentialAction":[{"@type":"SearchAction","target":{"@type":"EntryPoint","urlTemplate":"https:\/\/lightweb.dev\/l\/svm-temp\/?s={search_term_string}"},"query-input":{"@type":"PropertyValueSpecification","valueRequired":true,"valueName":"search_term_string"}}],"inLanguage":"sv-SE"},{"@type":"Organization","@id":"https:\/\/lightweb.dev\/l\/svm-temp\/#organization","name":"Melkerson y Nott SL","alternateName":"Svenska Magasinet","url":"https:\/\/lightweb.dev\/l\/svm-temp\/","logo":{"@type":"ImageObject","inLanguage":"sv-SE","@id":"https:\/\/lightweb.dev\/l\/svm-temp\/#\/schema\/logo\/image\/","url":"https:\/\/lightweb.dev\/l\/svm-temp\/wp-content\/uploads\/2025\/02\/SvM-logo-Xtra-Centrerad-SVART.png","contentUrl":"https:\/\/lightweb.dev\/l\/svm-temp\/wp-content\/uploads\/2025\/02\/SvM-logo-Xtra-Centrerad-SVART.png","width":300,"height":99,"caption":"Melkerson y Nott SL"},"image":{"@id":"https:\/\/lightweb.dev\/l\/svm-temp\/#\/schema\/logo\/image\/"},"sameAs":["https:\/\/www.facebook.com\/svenskamagasinet","https:\/\/x.com\/SvenskaMagasine"]},{"@type":"Person","@id":"https:\/\/lightweb.dev\/l\/svm-temp\/#\/schema\/person\/206a3bda5b607b0c25e1749191e4d837","name":"Redaktionen SvM","description":"Redaktionen","sameAs":["https:\/\/lightweb.dev\/l\/svm-temp"],"url":"https:\/\/lightweb.dev\/l\/svm-temp\/reporter\/redaktionen\/"}]}},"_links":{"self":[{"href":"https:\/\/lightweb.dev\/l\/svm-temp\/wp-json\/wp\/v2\/posts\/23748","targetHints":{"allow":["GET"]}}],"collection":[{"href":"https:\/\/lightweb.dev\/l\/svm-temp\/wp-json\/wp\/v2\/posts"}],"about":[{"href":"https:\/\/lightweb.dev\/l\/svm-temp\/wp-json\/wp\/v2\/types\/post"}],"author":[{"embeddable":true,"href":"https:\/\/lightweb.dev\/l\/svm-temp\/wp-json\/wp\/v2\/users\/8"}],"replies":[{"embeddable":true,"href":"https:\/\/lightweb.dev\/l\/svm-temp\/wp-json\/wp\/v2\/comments?post=23748"}],"version-history":[{"count":0,"href":"https:\/\/lightweb.dev\/l\/svm-temp\/wp-json\/wp\/v2\/posts\/23748\/revisions"}],"wp:featuredmedia":[{"embeddable":true,"href":"https:\/\/lightweb.dev\/l\/svm-temp\/wp-json\/wp\/v2\/media\/23749"}],"wp:attachment":[{"href":"https:\/\/lightweb.dev\/l\/svm-temp\/wp-json\/wp\/v2\/media?parent=23748"}],"wp:term":[{"taxonomy":"category","embeddable":true,"href":"https:\/\/lightweb.dev\/l\/svm-temp\/wp-json\/wp\/v2\/categories?post=23748"},{"taxonomy":"post_tag","embeddable":true,"href":"https:\/\/lightweb.dev\/l\/svm-temp\/wp-json\/wp\/v2\/tags?post=23748"}],"curies":[{"name":"wp","href":"https:\/\/api.w.org\/{rel}","templated":true}]}}