{"id":23758,"date":"2015-08-19T00:00:00","date_gmt":"2015-08-18T22:00:00","guid":{"rendered":"https:\/\/lightweb.dev\/l\/svm-temp\/nyheter\/podemos-tappat-var-tredje-valjare-pa-ett-halvar\/"},"modified":"2015-08-19T00:00:00","modified_gmt":"2015-08-18T22:00:00","slug":"podemos-tappat-var-tredje-valjare-pa-ett-halvar","status":"publish","type":"post","link":"https:\/\/lightweb.dev\/l\/svm-temp\/nyheter\/podemos-tappat-var-tredje-valjare-pa-ett-halvar\/","title":{"rendered":"Podemos tappat var tredje v\u00e4ljare p\u00e5 ett halv\u00e5r"},"content":{"rendered":"<p> P\u00e5 ett halv\u00e5r har protestpartiet Podemos f\u00f6rlorat en tredjedel av sina v\u00e4ljare. Chansen f\u00f6r Pablo Iglesias att n\u00e5 regeringskansliet Moncloa tycks bli mindre f\u00f6r varje opinionsunders\u00f6kning.<\/p>\n<p>Den senaste unders\u00f6kningen fr\u00e5n CIS beskrivs som f\u00f6r\u00f6dande f\u00f6r Podemos som tappat fr\u00e5n 23,9 till 15,7 procent p\u00e5 sex m\u00e5nader. Socialisterna PSOE ocxh partiledaren Pedro S\u00e1nchez har tagit tillbaka 40 procent av de v\u00e4ljare som tidigare hade flyttat sina sympatier till Podemos.<\/p>\n<p>Under de senaste sex m\u00e5naderna har st\u00f6det f\u00f6r PSOE \u00f6kat med 2,7 procentenheter.<\/p>\n<p>Den enda glada nyheten f\u00f6r Podemos tycks komma fr\u00e5n sympatis\u00f6rerna hos F\u00f6renade v\u00e4nstern Izquierda Unida. V\u00e4nsterpartiet som leds av Alberto Garz\u00f3n bl\u00f6der och 45,8 procent av partiets sympatis\u00f6rer uppger att de kan t\u00e4nka sig st\u00f6dja Podemos.<\/p>\n<p>Efter att Podemos har b\u00f6rjat att granskas av medier och flera politiker har visat sig ha relationer med Venezuela och nationalistiska v\u00e4nstersympatis\u00f6rer har opinionen svalnat. \u00c4ven den grekiska krisen och os\u00e4kerheten kring regeringspartiet Syriza kan ha spelat in enligt politiska bed\u00f6mare. Partido Popular drar ifr\u00e5n<\/p>\n","protected":false},"excerpt":{"rendered":"<p>P\u00e5 ett halv\u00e5r har protestpartiet Podemos f\u00f6rlorat en tredjedel av sina v\u00e4ljare. Chansen f\u00f6r Pablo Iglesias att n\u00e5 regeringskansliet Moncloa tycks bli mindre f\u00f6r varje opinionsunders\u00f6kning. Den senaste unders\u00f6kningen fr\u00e5n CIS beskrivs som f\u00f6r\u00f6dande f\u00f6r Podemos som tappat fr\u00e5n 23,9 till 15,7 procent p\u00e5 sex m\u00e5nader. Socialisterna PSOE ocxh partiledaren Pedro S\u00e1nchez har tagit tillbaka [&hellip;]<\/p>\n","protected":false},"author":8,"featured_media":23759,"comment_status":"open","ping_status":"open","sticky":false,"template":"","format":"standard","meta":{"_et_pb_use_builder":"","_et_pb_old_content":"","_et_gb_content_width":"","footnotes":""},"categories":[395,3],"tags":[],"class_list":["post-23758","post","type-post","status-publish","format-standard","has-post-thumbnail","hentry","category-arkiv-nyheter","category-nyheter"],"yoast_head":"<!-- This site is optimized with the Yoast SEO Premium plugin v26.2 (Yoast SEO v27.5) - https:\/\/yoast.com\/product\/yoast-seo-premium-wordpress\/ -->\n<title>Podemos tappat var tredje v\u00e4ljare p\u00e5 ett halv\u00e5r - Svenska Magasinet<\/title>\n<meta name=\"robots\" content=\"noindex, follow, max-snippet:-1, max-image-preview:large, max-video-preview:-1\" \/>\n<meta property=\"og:locale\" content=\"sv_SE\" \/>\n<meta property=\"og:type\" content=\"article\" \/>\n<meta property=\"og:title\" content=\"Podemos tappat var tredje v\u00e4ljare p\u00e5 ett halv\u00e5r\" \/>\n<meta property=\"og:description\" content=\"P\u00e5 ett halv\u00e5r har protestpartiet Podemos f\u00f6rlorat en tredjedel av sina v\u00e4ljare. Chansen f\u00f6r Pablo Iglesias att n\u00e5 regeringskansliet Moncloa tycks bli mindre f\u00f6r varje opinionsunders\u00f6kning. Den senaste unders\u00f6kningen fr\u00e5n CIS beskrivs som f\u00f6r\u00f6dande f\u00f6r Podemos som tappat fr\u00e5n 23,9 till 15,7 procent p\u00e5 sex m\u00e5nader. Socialisterna PSOE ocxh partiledaren Pedro S\u00e1nchez har tagit tillbaka [&hellip;]\" \/>\n<meta property=\"og:url\" content=\"https:\/\/lightweb.dev\/l\/svm-temp\/nyheter\/podemos-tappat-var-tredje-valjare-pa-ett-halvar\/\" \/>\n<meta property=\"og:site_name\" content=\"Svenska Magasinet\" \/>\n<meta property=\"article:publisher\" content=\"https:\/\/www.facebook.com\/svenskamagasinet\" \/>\n<meta property=\"article:published_time\" content=\"2015-08-18T22:00:00+00:00\" \/>\n<meta property=\"og:image\" content=\"https:\/\/lightweb.dev\/l\/svm-temp\/wp-content\/uploads\/2022\/06\/podemos-tappat-var-tredje-valjare-pa-ett-halvar.png\" \/>\n\t<meta property=\"og:image:width\" content=\"300\" \/>\n\t<meta property=\"og:image:height\" content=\"200\" \/>\n\t<meta property=\"og:image:type\" content=\"image\/png\" \/>\n<meta name=\"author\" content=\"Redaktionen SvM\" \/>\n<meta name=\"twitter:card\" content=\"summary_large_image\" \/>\n<meta name=\"twitter:creator\" content=\"@SvenskaMagasine\" \/>\n<meta name=\"twitter:site\" content=\"@SvenskaMagasine\" \/>\n<script type=\"application\/ld+json\" class=\"yoast-schema-graph\">{\"@context\":\"https:\\\/\\\/schema.org\",\"@graph\":[{\"@type\":\"Article\",\"@id\":\"https:\\\/\\\/lightweb.dev\\\/l\\\/svm-temp\\\/nyheter\\\/podemos-tappat-var-tredje-valjare-pa-ett-halvar\\\/#article\",\"isPartOf\":{\"@id\":\"https:\\\/\\\/lightweb.dev\\\/l\\\/svm-temp\\\/nyheter\\\/podemos-tappat-var-tredje-valjare-pa-ett-halvar\\\/\"},\"author\":{\"name\":\"Redaktionen SvM\",\"@id\":\"https:\\\/\\\/lightweb.dev\\\/l\\\/svm-temp\\\/#\\\/schema\\\/person\\\/206a3bda5b607b0c25e1749191e4d837\"},\"headline\":\"Podemos tappat var tredje v\u00e4ljare p\u00e5 ett halv\u00e5r\",\"datePublished\":\"2015-08-18T22:00:00+00:00\",\"mainEntityOfPage\":{\"@id\":\"https:\\\/\\\/lightweb.dev\\\/l\\\/svm-temp\\\/nyheter\\\/podemos-tappat-var-tredje-valjare-pa-ett-halvar\\\/\"},\"wordCount\":202,\"commentCount\":0,\"publisher\":{\"@id\":\"https:\\\/\\\/lightweb.dev\\\/l\\\/svm-temp\\\/#organization\"},\"image\":{\"@id\":\"https:\\\/\\\/lightweb.dev\\\/l\\\/svm-temp\\\/nyheter\\\/podemos-tappat-var-tredje-valjare-pa-ett-halvar\\\/#primaryimage\"},\"thumbnailUrl\":\"https:\\\/\\\/lightweb.dev\\\/l\\\/svm-temp\\\/wp-content\\\/uploads\\\/2022\\\/06\\\/podemos-tappat-var-tredje-valjare-pa-ett-halvar.png\",\"articleSection\":[\"Arkiv\",\"Nyheter\"],\"inLanguage\":\"sv-SE\"},{\"@type\":\"WebPage\",\"@id\":\"https:\\\/\\\/lightweb.dev\\\/l\\\/svm-temp\\\/nyheter\\\/podemos-tappat-var-tredje-valjare-pa-ett-halvar\\\/\",\"url\":\"https:\\\/\\\/lightweb.dev\\\/l\\\/svm-temp\\\/nyheter\\\/podemos-tappat-var-tredje-valjare-pa-ett-halvar\\\/\",\"name\":\"Podemos tappat var tredje v\u00e4ljare p\u00e5 ett halv\u00e5r - Svenska Magasinet\",\"isPartOf\":{\"@id\":\"https:\\\/\\\/lightweb.dev\\\/l\\\/svm-temp\\\/#website\"},\"primaryImageOfPage\":{\"@id\":\"https:\\\/\\\/lightweb.dev\\\/l\\\/svm-temp\\\/nyheter\\\/podemos-tappat-var-tredje-valjare-pa-ett-halvar\\\/#primaryimage\"},\"image\":{\"@id\":\"https:\\\/\\\/lightweb.dev\\\/l\\\/svm-temp\\\/nyheter\\\/podemos-tappat-var-tredje-valjare-pa-ett-halvar\\\/#primaryimage\"},\"thumbnailUrl\":\"https:\\\/\\\/lightweb.dev\\\/l\\\/svm-temp\\\/wp-content\\\/uploads\\\/2022\\\/06\\\/podemos-tappat-var-tredje-valjare-pa-ett-halvar.png\",\"datePublished\":\"2015-08-18T22:00:00+00:00\",\"breadcrumb\":{\"@id\":\"https:\\\/\\\/lightweb.dev\\\/l\\\/svm-temp\\\/nyheter\\\/podemos-tappat-var-tredje-valjare-pa-ett-halvar\\\/#breadcrumb\"},\"inLanguage\":\"sv-SE\",\"potentialAction\":[{\"@type\":\"ReadAction\",\"target\":[\"https:\\\/\\\/lightweb.dev\\\/l\\\/svm-temp\\\/nyheter\\\/podemos-tappat-var-tredje-valjare-pa-ett-halvar\\\/\"]}]},{\"@type\":\"ImageObject\",\"inLanguage\":\"sv-SE\",\"@id\":\"https:\\\/\\\/lightweb.dev\\\/l\\\/svm-temp\\\/nyheter\\\/podemos-tappat-var-tredje-valjare-pa-ett-halvar\\\/#primaryimage\",\"url\":\"https:\\\/\\\/lightweb.dev\\\/l\\\/svm-temp\\\/wp-content\\\/uploads\\\/2022\\\/06\\\/podemos-tappat-var-tredje-valjare-pa-ett-halvar.png\",\"contentUrl\":\"https:\\\/\\\/lightweb.dev\\\/l\\\/svm-temp\\\/wp-content\\\/uploads\\\/2022\\\/06\\\/podemos-tappat-var-tredje-valjare-pa-ett-halvar.png\",\"width\":300,\"height\":200},{\"@type\":\"BreadcrumbList\",\"@id\":\"https:\\\/\\\/lightweb.dev\\\/l\\\/svm-temp\\\/nyheter\\\/podemos-tappat-var-tredje-valjare-pa-ett-halvar\\\/#breadcrumb\",\"itemListElement\":[{\"@type\":\"ListItem\",\"position\":1,\"name\":\"Hem\",\"item\":\"https:\\\/\\\/lightweb.dev\\\/l\\\/svm-temp\\\/\"},{\"@type\":\"ListItem\",\"position\":2,\"name\":\"Podemos tappat var tredje v\u00e4ljare p\u00e5 ett halv\u00e5r\"}]},{\"@type\":\"WebSite\",\"@id\":\"https:\\\/\\\/lightweb.dev\\\/l\\\/svm-temp\\\/#website\",\"url\":\"https:\\\/\\\/lightweb.dev\\\/l\\\/svm-temp\\\/\",\"name\":\"Svenska Magasinet\",\"description\":\"Dina Spanska nyheter p&aring; Svenska\",\"publisher\":{\"@id\":\"https:\\\/\\\/lightweb.dev\\\/l\\\/svm-temp\\\/#organization\"},\"potentialAction\":[{\"@type\":\"SearchAction\",\"target\":{\"@type\":\"EntryPoint\",\"urlTemplate\":\"https:\\\/\\\/lightweb.dev\\\/l\\\/svm-temp\\\/?s={search_term_string}\"},\"query-input\":{\"@type\":\"PropertyValueSpecification\",\"valueRequired\":true,\"valueName\":\"search_term_string\"}}],\"inLanguage\":\"sv-SE\"},{\"@type\":\"Organization\",\"@id\":\"https:\\\/\\\/lightweb.dev\\\/l\\\/svm-temp\\\/#organization\",\"name\":\"Melkerson y Nott SL\",\"alternateName\":\"Svenska Magasinet\",\"url\":\"https:\\\/\\\/lightweb.dev\\\/l\\\/svm-temp\\\/\",\"logo\":{\"@type\":\"ImageObject\",\"inLanguage\":\"sv-SE\",\"@id\":\"https:\\\/\\\/lightweb.dev\\\/l\\\/svm-temp\\\/#\\\/schema\\\/logo\\\/image\\\/\",\"url\":\"https:\\\/\\\/lightweb.dev\\\/l\\\/svm-temp\\\/wp-content\\\/uploads\\\/2025\\\/02\\\/SvM-logo-Xtra-Centrerad-SVART.png\",\"contentUrl\":\"https:\\\/\\\/lightweb.dev\\\/l\\\/svm-temp\\\/wp-content\\\/uploads\\\/2025\\\/02\\\/SvM-logo-Xtra-Centrerad-SVART.png\",\"width\":300,\"height\":99,\"caption\":\"Melkerson y Nott SL\"},\"image\":{\"@id\":\"https:\\\/\\\/lightweb.dev\\\/l\\\/svm-temp\\\/#\\\/schema\\\/logo\\\/image\\\/\"},\"sameAs\":[\"https:\\\/\\\/www.facebook.com\\\/svenskamagasinet\",\"https:\\\/\\\/x.com\\\/SvenskaMagasine\"]},{\"@type\":\"Person\",\"@id\":\"https:\\\/\\\/lightweb.dev\\\/l\\\/svm-temp\\\/#\\\/schema\\\/person\\\/206a3bda5b607b0c25e1749191e4d837\",\"name\":\"Redaktionen SvM\",\"description\":\"Redaktionen\",\"sameAs\":[\"https:\\\/\\\/lightweb.dev\\\/l\\\/svm-temp\"],\"url\":\"https:\\\/\\\/lightweb.dev\\\/l\\\/svm-temp\\\/reporter\\\/redaktionen\\\/\"}]}<\/script>\n<!-- \/ Yoast SEO Premium plugin. -->","yoast_head_json":{"title":"Podemos tappat var tredje v\u00e4ljare p\u00e5 ett halv\u00e5r - Svenska Magasinet","robots":{"index":"noindex","follow":"follow","max-snippet":"max-snippet:-1","max-image-preview":"max-image-preview:large","max-video-preview":"max-video-preview:-1"},"og_locale":"sv_SE","og_type":"article","og_title":"Podemos tappat var tredje v\u00e4ljare p\u00e5 ett halv\u00e5r","og_description":"P\u00e5 ett halv\u00e5r har protestpartiet Podemos f\u00f6rlorat en tredjedel av sina v\u00e4ljare. Chansen f\u00f6r Pablo Iglesias att n\u00e5 regeringskansliet Moncloa tycks bli mindre f\u00f6r varje opinionsunders\u00f6kning. Den senaste unders\u00f6kningen fr\u00e5n CIS beskrivs som f\u00f6r\u00f6dande f\u00f6r Podemos som tappat fr\u00e5n 23,9 till 15,7 procent p\u00e5 sex m\u00e5nader. Socialisterna PSOE ocxh partiledaren Pedro S\u00e1nchez har tagit tillbaka [&hellip;]","og_url":"https:\/\/lightweb.dev\/l\/svm-temp\/nyheter\/podemos-tappat-var-tredje-valjare-pa-ett-halvar\/","og_site_name":"Svenska Magasinet","article_publisher":"https:\/\/www.facebook.com\/svenskamagasinet","article_published_time":"2015-08-18T22:00:00+00:00","og_image":[{"width":300,"height":200,"url":"https:\/\/lightweb.dev\/l\/svm-temp\/wp-content\/uploads\/2022\/06\/podemos-tappat-var-tredje-valjare-pa-ett-halvar.png","type":"image\/png"}],"author":"Redaktionen SvM","twitter_card":"summary_large_image","twitter_creator":"@SvenskaMagasine","twitter_site":"@SvenskaMagasine","schema":{"@context":"https:\/\/schema.org","@graph":[{"@type":"Article","@id":"https:\/\/lightweb.dev\/l\/svm-temp\/nyheter\/podemos-tappat-var-tredje-valjare-pa-ett-halvar\/#article","isPartOf":{"@id":"https:\/\/lightweb.dev\/l\/svm-temp\/nyheter\/podemos-tappat-var-tredje-valjare-pa-ett-halvar\/"},"author":{"name":"Redaktionen SvM","@id":"https:\/\/lightweb.dev\/l\/svm-temp\/#\/schema\/person\/206a3bda5b607b0c25e1749191e4d837"},"headline":"Podemos tappat var tredje v\u00e4ljare p\u00e5 ett halv\u00e5r","datePublished":"2015-08-18T22:00:00+00:00","mainEntityOfPage":{"@id":"https:\/\/lightweb.dev\/l\/svm-temp\/nyheter\/podemos-tappat-var-tredje-valjare-pa-ett-halvar\/"},"wordCount":202,"commentCount":0,"publisher":{"@id":"https:\/\/lightweb.dev\/l\/svm-temp\/#organization"},"image":{"@id":"https:\/\/lightweb.dev\/l\/svm-temp\/nyheter\/podemos-tappat-var-tredje-valjare-pa-ett-halvar\/#primaryimage"},"thumbnailUrl":"https:\/\/lightweb.dev\/l\/svm-temp\/wp-content\/uploads\/2022\/06\/podemos-tappat-var-tredje-valjare-pa-ett-halvar.png","articleSection":["Arkiv","Nyheter"],"inLanguage":"sv-SE"},{"@type":"WebPage","@id":"https:\/\/lightweb.dev\/l\/svm-temp\/nyheter\/podemos-tappat-var-tredje-valjare-pa-ett-halvar\/","url":"https:\/\/lightweb.dev\/l\/svm-temp\/nyheter\/podemos-tappat-var-tredje-valjare-pa-ett-halvar\/","name":"Podemos tappat var tredje v\u00e4ljare p\u00e5 ett halv\u00e5r - Svenska Magasinet","isPartOf":{"@id":"https:\/\/lightweb.dev\/l\/svm-temp\/#website"},"primaryImageOfPage":{"@id":"https:\/\/lightweb.dev\/l\/svm-temp\/nyheter\/podemos-tappat-var-tredje-valjare-pa-ett-halvar\/#primaryimage"},"image":{"@id":"https:\/\/lightweb.dev\/l\/svm-temp\/nyheter\/podemos-tappat-var-tredje-valjare-pa-ett-halvar\/#primaryimage"},"thumbnailUrl":"https:\/\/lightweb.dev\/l\/svm-temp\/wp-content\/uploads\/2022\/06\/podemos-tappat-var-tredje-valjare-pa-ett-halvar.png","datePublished":"2015-08-18T22:00:00+00:00","breadcrumb":{"@id":"https:\/\/lightweb.dev\/l\/svm-temp\/nyheter\/podemos-tappat-var-tredje-valjare-pa-ett-halvar\/#breadcrumb"},"inLanguage":"sv-SE","potentialAction":[{"@type":"ReadAction","target":["https:\/\/lightweb.dev\/l\/svm-temp\/nyheter\/podemos-tappat-var-tredje-valjare-pa-ett-halvar\/"]}]},{"@type":"ImageObject","inLanguage":"sv-SE","@id":"https:\/\/lightweb.dev\/l\/svm-temp\/nyheter\/podemos-tappat-var-tredje-valjare-pa-ett-halvar\/#primaryimage","url":"https:\/\/lightweb.dev\/l\/svm-temp\/wp-content\/uploads\/2022\/06\/podemos-tappat-var-tredje-valjare-pa-ett-halvar.png","contentUrl":"https:\/\/lightweb.dev\/l\/svm-temp\/wp-content\/uploads\/2022\/06\/podemos-tappat-var-tredje-valjare-pa-ett-halvar.png","width":300,"height":200},{"@type":"BreadcrumbList","@id":"https:\/\/lightweb.dev\/l\/svm-temp\/nyheter\/podemos-tappat-var-tredje-valjare-pa-ett-halvar\/#breadcrumb","itemListElement":[{"@type":"ListItem","position":1,"name":"Hem","item":"https:\/\/lightweb.dev\/l\/svm-temp\/"},{"@type":"ListItem","position":2,"name":"Podemos tappat var tredje v\u00e4ljare p\u00e5 ett halv\u00e5r"}]},{"@type":"WebSite","@id":"https:\/\/lightweb.dev\/l\/svm-temp\/#website","url":"https:\/\/lightweb.dev\/l\/svm-temp\/","name":"Svenska Magasinet","description":"Dina Spanska nyheter p&aring; Svenska","publisher":{"@id":"https:\/\/lightweb.dev\/l\/svm-temp\/#organization"},"potentialAction":[{"@type":"SearchAction","target":{"@type":"EntryPoint","urlTemplate":"https:\/\/lightweb.dev\/l\/svm-temp\/?s={search_term_string}"},"query-input":{"@type":"PropertyValueSpecification","valueRequired":true,"valueName":"search_term_string"}}],"inLanguage":"sv-SE"},{"@type":"Organization","@id":"https:\/\/lightweb.dev\/l\/svm-temp\/#organization","name":"Melkerson y Nott SL","alternateName":"Svenska Magasinet","url":"https:\/\/lightweb.dev\/l\/svm-temp\/","logo":{"@type":"ImageObject","inLanguage":"sv-SE","@id":"https:\/\/lightweb.dev\/l\/svm-temp\/#\/schema\/logo\/image\/","url":"https:\/\/lightweb.dev\/l\/svm-temp\/wp-content\/uploads\/2025\/02\/SvM-logo-Xtra-Centrerad-SVART.png","contentUrl":"https:\/\/lightweb.dev\/l\/svm-temp\/wp-content\/uploads\/2025\/02\/SvM-logo-Xtra-Centrerad-SVART.png","width":300,"height":99,"caption":"Melkerson y Nott SL"},"image":{"@id":"https:\/\/lightweb.dev\/l\/svm-temp\/#\/schema\/logo\/image\/"},"sameAs":["https:\/\/www.facebook.com\/svenskamagasinet","https:\/\/x.com\/SvenskaMagasine"]},{"@type":"Person","@id":"https:\/\/lightweb.dev\/l\/svm-temp\/#\/schema\/person\/206a3bda5b607b0c25e1749191e4d837","name":"Redaktionen SvM","description":"Redaktionen","sameAs":["https:\/\/lightweb.dev\/l\/svm-temp"],"url":"https:\/\/lightweb.dev\/l\/svm-temp\/reporter\/redaktionen\/"}]}},"_links":{"self":[{"href":"https:\/\/lightweb.dev\/l\/svm-temp\/wp-json\/wp\/v2\/posts\/23758","targetHints":{"allow":["GET"]}}],"collection":[{"href":"https:\/\/lightweb.dev\/l\/svm-temp\/wp-json\/wp\/v2\/posts"}],"about":[{"href":"https:\/\/lightweb.dev\/l\/svm-temp\/wp-json\/wp\/v2\/types\/post"}],"author":[{"embeddable":true,"href":"https:\/\/lightweb.dev\/l\/svm-temp\/wp-json\/wp\/v2\/users\/8"}],"replies":[{"embeddable":true,"href":"https:\/\/lightweb.dev\/l\/svm-temp\/wp-json\/wp\/v2\/comments?post=23758"}],"version-history":[{"count":0,"href":"https:\/\/lightweb.dev\/l\/svm-temp\/wp-json\/wp\/v2\/posts\/23758\/revisions"}],"wp:featuredmedia":[{"embeddable":true,"href":"https:\/\/lightweb.dev\/l\/svm-temp\/wp-json\/wp\/v2\/media\/23759"}],"wp:attachment":[{"href":"https:\/\/lightweb.dev\/l\/svm-temp\/wp-json\/wp\/v2\/media?parent=23758"}],"wp:term":[{"taxonomy":"category","embeddable":true,"href":"https:\/\/lightweb.dev\/l\/svm-temp\/wp-json\/wp\/v2\/categories?post=23758"},{"taxonomy":"post_tag","embeddable":true,"href":"https:\/\/lightweb.dev\/l\/svm-temp\/wp-json\/wp\/v2\/tags?post=23758"}],"curies":[{"name":"wp","href":"https:\/\/api.w.org\/{rel}","templated":true}]}}