{"id":23764,"date":"2015-08-18T00:00:00","date_gmt":"2015-08-17T22:00:00","guid":{"rendered":"https:\/\/lightweb.dev\/l\/svm-temp\/nyheter\/80-konstverk-av-munch-visas-i-madrid-i-host\/"},"modified":"2015-08-18T00:00:00","modified_gmt":"2015-08-17T22:00:00","slug":"80-konstverk-av-munch-visas-i-madrid-i-host","status":"publish","type":"post","link":"https:\/\/lightweb.dev\/l\/svm-temp\/nyheter\/80-konstverk-av-munch-visas-i-madrid-i-host\/","title":{"rendered":"80 konstverk av Munch visas i Madrid i h\u00f6st"},"content":{"rendered":"<p> H\u00f6sten st\u00e5r f\u00f6r d\u00f6rren och med det m\u00e5nga tempor\u00e4ra utst\u00e4llningar vid Spaniens fantastiska mus\u00e9er. Thyssen-museet i Madrid visar en tempor\u00e4r utst\u00e4llning med 80 konstverk av Edvard Munch, k\u00e4nd f\u00f6r \u201dSkriet\u201d. Prado-museet samarbetar med Louvren i Paris och visar det b\u00e4sta fr\u00e5n den franska konsten.<\/p>\n<p>Spanska museer h\u00e5ller i dagsl\u00e4get p\u00e5 att planera h\u00f6sts\u00e4songen med nya och sp\u00e4nnande utst\u00e4llningar som syftar till att s\u00e4tta bes\u00f6ksrekord. <\/p>\n<p>Thyssen-Bornemisza<br \/>\nThyssen i Madrid st\u00e5r som v\u00e4rd f\u00f6r en av de mest omtalade utst\u00e4llningarna d\u00e5 80 konstverk av den norske konstn\u00e4ren Edvard Munch visas. H\u00e4lften kommer fr\u00e5n Munch-museet i Oslo. Utst\u00e4llningen b\u00f6rjar den 6 oktober. Ett av konstverken som visas \u00e4r \u201dFlickor p\u00e5 bron (\u201dChicas en el puente\u201d).<br \/>\nI h\u00f6st visas \u00e4ven utst\u00e4llningen \u201dLa ilusi\u00f3n del Lejano Oeste\u201d som kommer till Spanien f\u00f6r f\u00f6rsta g\u00e5ngen med artister som Karl Bodmer, George Catlin och Edward Curtis med konst fr\u00e5n den amerikanska vilda v\u00e4stern med landskap och indianer.<\/p>\n<p>El Prado<br \/>\nP\u00e5 vackra El Prado visas den store m\u00e4staren Luis de Morales, \u201dEl Divino\u201d fr\u00e5n den 1 oktober med 23 konstverk. Luis de Morales fr\u00e5n Extremadura beskrivs som en av de mest originella personligheterna i den spanska ren\u00e4ssansen och kanske den mest framtr\u00e4dande av sin tid innan El Greco.<br \/>\n13 dagar senare invigs en tempor\u00e4r utst\u00e4llning med ett urval av bergkristall-skulpturer med anor fr\u00e5n Felipe V de Borb\u00f3n, Paris och Florens.<br \/>\nPrado fullf\u00f6ljer sitt samarbete med Louvren i Paris med att visa konstverk av den franske m\u00e5laren Jean-Auguste-Dominique Ingres fr\u00e5n den 24 november.<\/p>\n<p>Reina Sof\u00eda<br \/>\nH\u00e4r blir det samtidskonst fr\u00e5n Indien i h\u00f6st. Reina Sof\u00eda i samarbete med Metropolitan i New York och Kiran Nadar i New Delhi visar fr\u00e5n den 22 september \u201dLa espera forma parte de la vida\u201d av den indiske artisten Nasreen Mohamedi.<br \/>\nFr\u00e5n den 20 oktober visas 150 konstverk av den holl\u00e4ndske artisten Constant Anton Nieuwenhuys under temat \u201dNya Babylon\u201d.<br \/>\n\u00c4ven verk av Ignasi Aball\u00ed. Hito Steyerl och Andrzej Wr\u00f3blewsky visas senare i h\u00f6st.<\/p>\n<p>Guggenheim, Bilbao<br \/>\nDen 23 oktober visar Guggenheim i Bilbao en tempor\u00e4r utst\u00e4llning med verk av amerikanen Alex Katz under temat \u201dAqu\u00ed y ahora\u201d. Fr\u00e5n den 30 oktober visas \u201dMaking Africa\u201d med modern design och vilka politiska, ekonomiska, sociala, kulturella och tekniska f\u00f6r\u00e4ndringarna som sker.<\/p>\n<p>Picasso, M\u00e1laga<br \/>\n\u00d6ppnar en ny tempor\u00e4r ust\u00e4llning med Picasso den 19 oktober under temat \u201dRegistros alemanes\u201d. Hur Picasso p\u00e5verkade tyska konstn\u00e4rer som Max Beckmann, Otto Dix, Max Ernst och Wassily Kandinsky och andra.<\/p>\n<p>Moderna museet i Valencia<br \/>\nP\u00e5 Instituto Valenciano de Arte Moderno \u00f6ppnar en tempor\u00e4r utst\u00e4llning med verk av britten Gillian Wearing den 24 september. Den 7 oktober \u00f6ppnar utst\u00e4llningen \u201dRadical Geographics\u201d med verk av Rogelio L\u00f3pez Cuenca. <\/p>\n","protected":false},"excerpt":{"rendered":"<p>H\u00f6sten st\u00e5r f\u00f6r d\u00f6rren och med det m\u00e5nga tempor\u00e4ra utst\u00e4llningar vid Spaniens fantastiska mus\u00e9er. Thyssen-museet i Madrid visar en tempor\u00e4r utst\u00e4llning med 80 konstverk av Edvard Munch, k\u00e4nd f\u00f6r \u201dSkriet\u201d. Prado-museet samarbetar med Louvren i Paris och visar det b\u00e4sta fr\u00e5n den franska konsten. Spanska museer h\u00e5ller i dagsl\u00e4get p\u00e5 att planera h\u00f6sts\u00e4songen med nya [&hellip;]<\/p>\n","protected":false},"author":8,"featured_media":23765,"comment_status":"open","ping_status":"open","sticky":false,"template":"","format":"standard","meta":{"_et_pb_use_builder":"","_et_pb_old_content":"","_et_gb_content_width":"","footnotes":""},"categories":[395,3],"tags":[],"class_list":["post-23764","post","type-post","status-publish","format-standard","has-post-thumbnail","hentry","category-arkiv-nyheter","category-nyheter"],"yoast_head":"<!-- This site is optimized with the Yoast SEO Premium plugin v26.2 (Yoast SEO v27.5) - https:\/\/yoast.com\/product\/yoast-seo-premium-wordpress\/ -->\n<title>80 konstverk av Munch visas i Madrid i h\u00f6st - Svenska Magasinet<\/title>\n<meta name=\"robots\" content=\"noindex, follow, max-snippet:-1, max-image-preview:large, max-video-preview:-1\" \/>\n<meta property=\"og:locale\" content=\"sv_SE\" \/>\n<meta property=\"og:type\" content=\"article\" \/>\n<meta property=\"og:title\" content=\"80 konstverk av Munch visas i Madrid i h\u00f6st\" \/>\n<meta property=\"og:description\" content=\"H\u00f6sten st\u00e5r f\u00f6r d\u00f6rren och med det m\u00e5nga tempor\u00e4ra utst\u00e4llningar vid Spaniens fantastiska mus\u00e9er. Thyssen-museet i Madrid visar en tempor\u00e4r utst\u00e4llning med 80 konstverk av Edvard Munch, k\u00e4nd f\u00f6r \u201dSkriet\u201d. Prado-museet samarbetar med Louvren i Paris och visar det b\u00e4sta fr\u00e5n den franska konsten. Spanska museer h\u00e5ller i dagsl\u00e4get p\u00e5 att planera h\u00f6sts\u00e4songen med nya [&hellip;]\" \/>\n<meta property=\"og:url\" content=\"https:\/\/lightweb.dev\/l\/svm-temp\/nyheter\/80-konstverk-av-munch-visas-i-madrid-i-host\/\" \/>\n<meta property=\"og:site_name\" content=\"Svenska Magasinet\" \/>\n<meta property=\"article:publisher\" content=\"https:\/\/www.facebook.com\/svenskamagasinet\" \/>\n<meta property=\"article:published_time\" content=\"2015-08-17T22:00:00+00:00\" \/>\n<meta property=\"og:image\" content=\"https:\/\/lightweb.dev\/l\/svm-temp\/wp-content\/uploads\/2022\/06\/80-konstverk-av-munch-visas-i-madrid-i-host.png\" \/>\n\t<meta property=\"og:image:width\" content=\"280\" \/>\n\t<meta property=\"og:image:height\" content=\"311\" \/>\n\t<meta property=\"og:image:type\" content=\"image\/png\" \/>\n<meta name=\"author\" content=\"Redaktionen SvM\" \/>\n<meta name=\"twitter:card\" content=\"summary_large_image\" \/>\n<meta name=\"twitter:creator\" content=\"@SvenskaMagasine\" \/>\n<meta name=\"twitter:site\" content=\"@SvenskaMagasine\" \/>\n<script type=\"application\/ld+json\" class=\"yoast-schema-graph\">{\"@context\":\"https:\\\/\\\/schema.org\",\"@graph\":[{\"@type\":\"Article\",\"@id\":\"https:\\\/\\\/lightweb.dev\\\/l\\\/svm-temp\\\/nyheter\\\/80-konstverk-av-munch-visas-i-madrid-i-host\\\/#article\",\"isPartOf\":{\"@id\":\"https:\\\/\\\/lightweb.dev\\\/l\\\/svm-temp\\\/nyheter\\\/80-konstverk-av-munch-visas-i-madrid-i-host\\\/\"},\"author\":{\"name\":\"Redaktionen SvM\",\"@id\":\"https:\\\/\\\/lightweb.dev\\\/l\\\/svm-temp\\\/#\\\/schema\\\/person\\\/206a3bda5b607b0c25e1749191e4d837\"},\"headline\":\"80 konstverk av Munch visas i Madrid i h\u00f6st\",\"datePublished\":\"2015-08-17T22:00:00+00:00\",\"mainEntityOfPage\":{\"@id\":\"https:\\\/\\\/lightweb.dev\\\/l\\\/svm-temp\\\/nyheter\\\/80-konstverk-av-munch-visas-i-madrid-i-host\\\/\"},\"wordCount\":501,\"commentCount\":0,\"publisher\":{\"@id\":\"https:\\\/\\\/lightweb.dev\\\/l\\\/svm-temp\\\/#organization\"},\"image\":{\"@id\":\"https:\\\/\\\/lightweb.dev\\\/l\\\/svm-temp\\\/nyheter\\\/80-konstverk-av-munch-visas-i-madrid-i-host\\\/#primaryimage\"},\"thumbnailUrl\":\"https:\\\/\\\/lightweb.dev\\\/l\\\/svm-temp\\\/wp-content\\\/uploads\\\/2022\\\/06\\\/80-konstverk-av-munch-visas-i-madrid-i-host.png\",\"articleSection\":[\"Arkiv\",\"Nyheter\"],\"inLanguage\":\"sv-SE\"},{\"@type\":\"WebPage\",\"@id\":\"https:\\\/\\\/lightweb.dev\\\/l\\\/svm-temp\\\/nyheter\\\/80-konstverk-av-munch-visas-i-madrid-i-host\\\/\",\"url\":\"https:\\\/\\\/lightweb.dev\\\/l\\\/svm-temp\\\/nyheter\\\/80-konstverk-av-munch-visas-i-madrid-i-host\\\/\",\"name\":\"80 konstverk av Munch visas i Madrid i h\u00f6st - Svenska Magasinet\",\"isPartOf\":{\"@id\":\"https:\\\/\\\/lightweb.dev\\\/l\\\/svm-temp\\\/#website\"},\"primaryImageOfPage\":{\"@id\":\"https:\\\/\\\/lightweb.dev\\\/l\\\/svm-temp\\\/nyheter\\\/80-konstverk-av-munch-visas-i-madrid-i-host\\\/#primaryimage\"},\"image\":{\"@id\":\"https:\\\/\\\/lightweb.dev\\\/l\\\/svm-temp\\\/nyheter\\\/80-konstverk-av-munch-visas-i-madrid-i-host\\\/#primaryimage\"},\"thumbnailUrl\":\"https:\\\/\\\/lightweb.dev\\\/l\\\/svm-temp\\\/wp-content\\\/uploads\\\/2022\\\/06\\\/80-konstverk-av-munch-visas-i-madrid-i-host.png\",\"datePublished\":\"2015-08-17T22:00:00+00:00\",\"breadcrumb\":{\"@id\":\"https:\\\/\\\/lightweb.dev\\\/l\\\/svm-temp\\\/nyheter\\\/80-konstverk-av-munch-visas-i-madrid-i-host\\\/#breadcrumb\"},\"inLanguage\":\"sv-SE\",\"potentialAction\":[{\"@type\":\"ReadAction\",\"target\":[\"https:\\\/\\\/lightweb.dev\\\/l\\\/svm-temp\\\/nyheter\\\/80-konstverk-av-munch-visas-i-madrid-i-host\\\/\"]}]},{\"@type\":\"ImageObject\",\"inLanguage\":\"sv-SE\",\"@id\":\"https:\\\/\\\/lightweb.dev\\\/l\\\/svm-temp\\\/nyheter\\\/80-konstverk-av-munch-visas-i-madrid-i-host\\\/#primaryimage\",\"url\":\"https:\\\/\\\/lightweb.dev\\\/l\\\/svm-temp\\\/wp-content\\\/uploads\\\/2022\\\/06\\\/80-konstverk-av-munch-visas-i-madrid-i-host.png\",\"contentUrl\":\"https:\\\/\\\/lightweb.dev\\\/l\\\/svm-temp\\\/wp-content\\\/uploads\\\/2022\\\/06\\\/80-konstverk-av-munch-visas-i-madrid-i-host.png\",\"width\":280,\"height\":311},{\"@type\":\"BreadcrumbList\",\"@id\":\"https:\\\/\\\/lightweb.dev\\\/l\\\/svm-temp\\\/nyheter\\\/80-konstverk-av-munch-visas-i-madrid-i-host\\\/#breadcrumb\",\"itemListElement\":[{\"@type\":\"ListItem\",\"position\":1,\"name\":\"Hem\",\"item\":\"https:\\\/\\\/lightweb.dev\\\/l\\\/svm-temp\\\/\"},{\"@type\":\"ListItem\",\"position\":2,\"name\":\"80 konstverk av Munch visas i Madrid i h\u00f6st\"}]},{\"@type\":\"WebSite\",\"@id\":\"https:\\\/\\\/lightweb.dev\\\/l\\\/svm-temp\\\/#website\",\"url\":\"https:\\\/\\\/lightweb.dev\\\/l\\\/svm-temp\\\/\",\"name\":\"Svenska Magasinet\",\"description\":\"Dina Spanska nyheter p&aring; Svenska\",\"publisher\":{\"@id\":\"https:\\\/\\\/lightweb.dev\\\/l\\\/svm-temp\\\/#organization\"},\"potentialAction\":[{\"@type\":\"SearchAction\",\"target\":{\"@type\":\"EntryPoint\",\"urlTemplate\":\"https:\\\/\\\/lightweb.dev\\\/l\\\/svm-temp\\\/?s={search_term_string}\"},\"query-input\":{\"@type\":\"PropertyValueSpecification\",\"valueRequired\":true,\"valueName\":\"search_term_string\"}}],\"inLanguage\":\"sv-SE\"},{\"@type\":\"Organization\",\"@id\":\"https:\\\/\\\/lightweb.dev\\\/l\\\/svm-temp\\\/#organization\",\"name\":\"Melkerson y Nott SL\",\"alternateName\":\"Svenska Magasinet\",\"url\":\"https:\\\/\\\/lightweb.dev\\\/l\\\/svm-temp\\\/\",\"logo\":{\"@type\":\"ImageObject\",\"inLanguage\":\"sv-SE\",\"@id\":\"https:\\\/\\\/lightweb.dev\\\/l\\\/svm-temp\\\/#\\\/schema\\\/logo\\\/image\\\/\",\"url\":\"https:\\\/\\\/lightweb.dev\\\/l\\\/svm-temp\\\/wp-content\\\/uploads\\\/2025\\\/02\\\/SvM-logo-Xtra-Centrerad-SVART.png\",\"contentUrl\":\"https:\\\/\\\/lightweb.dev\\\/l\\\/svm-temp\\\/wp-content\\\/uploads\\\/2025\\\/02\\\/SvM-logo-Xtra-Centrerad-SVART.png\",\"width\":300,\"height\":99,\"caption\":\"Melkerson y Nott SL\"},\"image\":{\"@id\":\"https:\\\/\\\/lightweb.dev\\\/l\\\/svm-temp\\\/#\\\/schema\\\/logo\\\/image\\\/\"},\"sameAs\":[\"https:\\\/\\\/www.facebook.com\\\/svenskamagasinet\",\"https:\\\/\\\/x.com\\\/SvenskaMagasine\"]},{\"@type\":\"Person\",\"@id\":\"https:\\\/\\\/lightweb.dev\\\/l\\\/svm-temp\\\/#\\\/schema\\\/person\\\/206a3bda5b607b0c25e1749191e4d837\",\"name\":\"Redaktionen SvM\",\"description\":\"Redaktionen\",\"sameAs\":[\"https:\\\/\\\/lightweb.dev\\\/l\\\/svm-temp\"],\"url\":\"https:\\\/\\\/lightweb.dev\\\/l\\\/svm-temp\\\/reporter\\\/redaktionen\\\/\"}]}<\/script>\n<!-- \/ Yoast SEO Premium plugin. -->","yoast_head_json":{"title":"80 konstverk av Munch visas i Madrid i h\u00f6st - Svenska Magasinet","robots":{"index":"noindex","follow":"follow","max-snippet":"max-snippet:-1","max-image-preview":"max-image-preview:large","max-video-preview":"max-video-preview:-1"},"og_locale":"sv_SE","og_type":"article","og_title":"80 konstverk av Munch visas i Madrid i h\u00f6st","og_description":"H\u00f6sten st\u00e5r f\u00f6r d\u00f6rren och med det m\u00e5nga tempor\u00e4ra utst\u00e4llningar vid Spaniens fantastiska mus\u00e9er. Thyssen-museet i Madrid visar en tempor\u00e4r utst\u00e4llning med 80 konstverk av Edvard Munch, k\u00e4nd f\u00f6r \u201dSkriet\u201d. Prado-museet samarbetar med Louvren i Paris och visar det b\u00e4sta fr\u00e5n den franska konsten. Spanska museer h\u00e5ller i dagsl\u00e4get p\u00e5 att planera h\u00f6sts\u00e4songen med nya [&hellip;]","og_url":"https:\/\/lightweb.dev\/l\/svm-temp\/nyheter\/80-konstverk-av-munch-visas-i-madrid-i-host\/","og_site_name":"Svenska Magasinet","article_publisher":"https:\/\/www.facebook.com\/svenskamagasinet","article_published_time":"2015-08-17T22:00:00+00:00","og_image":[{"width":280,"height":311,"url":"https:\/\/lightweb.dev\/l\/svm-temp\/wp-content\/uploads\/2022\/06\/80-konstverk-av-munch-visas-i-madrid-i-host.png","type":"image\/png"}],"author":"Redaktionen SvM","twitter_card":"summary_large_image","twitter_creator":"@SvenskaMagasine","twitter_site":"@SvenskaMagasine","schema":{"@context":"https:\/\/schema.org","@graph":[{"@type":"Article","@id":"https:\/\/lightweb.dev\/l\/svm-temp\/nyheter\/80-konstverk-av-munch-visas-i-madrid-i-host\/#article","isPartOf":{"@id":"https:\/\/lightweb.dev\/l\/svm-temp\/nyheter\/80-konstverk-av-munch-visas-i-madrid-i-host\/"},"author":{"name":"Redaktionen SvM","@id":"https:\/\/lightweb.dev\/l\/svm-temp\/#\/schema\/person\/206a3bda5b607b0c25e1749191e4d837"},"headline":"80 konstverk av Munch visas i Madrid i h\u00f6st","datePublished":"2015-08-17T22:00:00+00:00","mainEntityOfPage":{"@id":"https:\/\/lightweb.dev\/l\/svm-temp\/nyheter\/80-konstverk-av-munch-visas-i-madrid-i-host\/"},"wordCount":501,"commentCount":0,"publisher":{"@id":"https:\/\/lightweb.dev\/l\/svm-temp\/#organization"},"image":{"@id":"https:\/\/lightweb.dev\/l\/svm-temp\/nyheter\/80-konstverk-av-munch-visas-i-madrid-i-host\/#primaryimage"},"thumbnailUrl":"https:\/\/lightweb.dev\/l\/svm-temp\/wp-content\/uploads\/2022\/06\/80-konstverk-av-munch-visas-i-madrid-i-host.png","articleSection":["Arkiv","Nyheter"],"inLanguage":"sv-SE"},{"@type":"WebPage","@id":"https:\/\/lightweb.dev\/l\/svm-temp\/nyheter\/80-konstverk-av-munch-visas-i-madrid-i-host\/","url":"https:\/\/lightweb.dev\/l\/svm-temp\/nyheter\/80-konstverk-av-munch-visas-i-madrid-i-host\/","name":"80 konstverk av Munch visas i Madrid i h\u00f6st - Svenska Magasinet","isPartOf":{"@id":"https:\/\/lightweb.dev\/l\/svm-temp\/#website"},"primaryImageOfPage":{"@id":"https:\/\/lightweb.dev\/l\/svm-temp\/nyheter\/80-konstverk-av-munch-visas-i-madrid-i-host\/#primaryimage"},"image":{"@id":"https:\/\/lightweb.dev\/l\/svm-temp\/nyheter\/80-konstverk-av-munch-visas-i-madrid-i-host\/#primaryimage"},"thumbnailUrl":"https:\/\/lightweb.dev\/l\/svm-temp\/wp-content\/uploads\/2022\/06\/80-konstverk-av-munch-visas-i-madrid-i-host.png","datePublished":"2015-08-17T22:00:00+00:00","breadcrumb":{"@id":"https:\/\/lightweb.dev\/l\/svm-temp\/nyheter\/80-konstverk-av-munch-visas-i-madrid-i-host\/#breadcrumb"},"inLanguage":"sv-SE","potentialAction":[{"@type":"ReadAction","target":["https:\/\/lightweb.dev\/l\/svm-temp\/nyheter\/80-konstverk-av-munch-visas-i-madrid-i-host\/"]}]},{"@type":"ImageObject","inLanguage":"sv-SE","@id":"https:\/\/lightweb.dev\/l\/svm-temp\/nyheter\/80-konstverk-av-munch-visas-i-madrid-i-host\/#primaryimage","url":"https:\/\/lightweb.dev\/l\/svm-temp\/wp-content\/uploads\/2022\/06\/80-konstverk-av-munch-visas-i-madrid-i-host.png","contentUrl":"https:\/\/lightweb.dev\/l\/svm-temp\/wp-content\/uploads\/2022\/06\/80-konstverk-av-munch-visas-i-madrid-i-host.png","width":280,"height":311},{"@type":"BreadcrumbList","@id":"https:\/\/lightweb.dev\/l\/svm-temp\/nyheter\/80-konstverk-av-munch-visas-i-madrid-i-host\/#breadcrumb","itemListElement":[{"@type":"ListItem","position":1,"name":"Hem","item":"https:\/\/lightweb.dev\/l\/svm-temp\/"},{"@type":"ListItem","position":2,"name":"80 konstverk av Munch visas i Madrid i h\u00f6st"}]},{"@type":"WebSite","@id":"https:\/\/lightweb.dev\/l\/svm-temp\/#website","url":"https:\/\/lightweb.dev\/l\/svm-temp\/","name":"Svenska Magasinet","description":"Dina Spanska nyheter p&aring; Svenska","publisher":{"@id":"https:\/\/lightweb.dev\/l\/svm-temp\/#organization"},"potentialAction":[{"@type":"SearchAction","target":{"@type":"EntryPoint","urlTemplate":"https:\/\/lightweb.dev\/l\/svm-temp\/?s={search_term_string}"},"query-input":{"@type":"PropertyValueSpecification","valueRequired":true,"valueName":"search_term_string"}}],"inLanguage":"sv-SE"},{"@type":"Organization","@id":"https:\/\/lightweb.dev\/l\/svm-temp\/#organization","name":"Melkerson y Nott SL","alternateName":"Svenska Magasinet","url":"https:\/\/lightweb.dev\/l\/svm-temp\/","logo":{"@type":"ImageObject","inLanguage":"sv-SE","@id":"https:\/\/lightweb.dev\/l\/svm-temp\/#\/schema\/logo\/image\/","url":"https:\/\/lightweb.dev\/l\/svm-temp\/wp-content\/uploads\/2025\/02\/SvM-logo-Xtra-Centrerad-SVART.png","contentUrl":"https:\/\/lightweb.dev\/l\/svm-temp\/wp-content\/uploads\/2025\/02\/SvM-logo-Xtra-Centrerad-SVART.png","width":300,"height":99,"caption":"Melkerson y Nott SL"},"image":{"@id":"https:\/\/lightweb.dev\/l\/svm-temp\/#\/schema\/logo\/image\/"},"sameAs":["https:\/\/www.facebook.com\/svenskamagasinet","https:\/\/x.com\/SvenskaMagasine"]},{"@type":"Person","@id":"https:\/\/lightweb.dev\/l\/svm-temp\/#\/schema\/person\/206a3bda5b607b0c25e1749191e4d837","name":"Redaktionen SvM","description":"Redaktionen","sameAs":["https:\/\/lightweb.dev\/l\/svm-temp"],"url":"https:\/\/lightweb.dev\/l\/svm-temp\/reporter\/redaktionen\/"}]}},"_links":{"self":[{"href":"https:\/\/lightweb.dev\/l\/svm-temp\/wp-json\/wp\/v2\/posts\/23764","targetHints":{"allow":["GET"]}}],"collection":[{"href":"https:\/\/lightweb.dev\/l\/svm-temp\/wp-json\/wp\/v2\/posts"}],"about":[{"href":"https:\/\/lightweb.dev\/l\/svm-temp\/wp-json\/wp\/v2\/types\/post"}],"author":[{"embeddable":true,"href":"https:\/\/lightweb.dev\/l\/svm-temp\/wp-json\/wp\/v2\/users\/8"}],"replies":[{"embeddable":true,"href":"https:\/\/lightweb.dev\/l\/svm-temp\/wp-json\/wp\/v2\/comments?post=23764"}],"version-history":[{"count":0,"href":"https:\/\/lightweb.dev\/l\/svm-temp\/wp-json\/wp\/v2\/posts\/23764\/revisions"}],"wp:featuredmedia":[{"embeddable":true,"href":"https:\/\/lightweb.dev\/l\/svm-temp\/wp-json\/wp\/v2\/media\/23765"}],"wp:attachment":[{"href":"https:\/\/lightweb.dev\/l\/svm-temp\/wp-json\/wp\/v2\/media?parent=23764"}],"wp:term":[{"taxonomy":"category","embeddable":true,"href":"https:\/\/lightweb.dev\/l\/svm-temp\/wp-json\/wp\/v2\/categories?post=23764"},{"taxonomy":"post_tag","embeddable":true,"href":"https:\/\/lightweb.dev\/l\/svm-temp\/wp-json\/wp\/v2\/tags?post=23764"}],"curies":[{"name":"wp","href":"https:\/\/api.w.org\/{rel}","templated":true}]}}