{"id":23788,"date":"2015-08-13T00:00:00","date_gmt":"2015-08-12T22:00:00","guid":{"rendered":"https:\/\/lightweb.dev\/l\/svm-temp\/nyheter\/trearig-pojke-foll-95-meter-och-avled\/"},"modified":"2015-08-13T00:00:00","modified_gmt":"2015-08-12T22:00:00","slug":"trearig-pojke-foll-95-meter-och-avled","status":"publish","type":"post","link":"https:\/\/lightweb.dev\/l\/svm-temp\/nyheter\/trearig-pojke-foll-95-meter-och-avled\/","title":{"rendered":"Tre\u00e5rig pojke f\u00f6ll 9,5 meter och avled"},"content":{"rendered":"<p> En 25-\u00e5rig rum\u00e4nsk kvinna som f\u00f6rs\u00f6rjde sig genom att tigga har gripits i Co\u00edn efter att hennes tre\u00e5riga son fallit ut fr\u00e5n sovrumsf\u00f6nstret 9,5 meter och avlidit. Guardia Civil har inlett en f\u00f6runders\u00f6kning och kvinnan \u00e4r misst\u00e4nkt f\u00f6r grov v\u00e5rdsl\u00f6shet \u00e4ven om de f\u00f6rsta uppgifterna pekar mot att det kan r\u00f6ra sig om en olycka skriver Diario SUR.<\/p>\n<p>Senare under torsdagen sl\u00e4pptes kvinnan mot borgen. Hon har blivit fr\u00e5ntagen sitt pass och f\u00e5r inte l\u00e4mna Spanien. Hon ska \u00e4ven anm\u00e4la sig varje vecka vid domstolen i Co\u00edn.<\/p>\n<p>Det var klockan 11.45 p\u00e5 onsdagen som h\u00e4ndelsen intr\u00e4ffade i en l\u00e4genhet p\u00e5 fj\u00e4rde v\u00e5ning i en fastighet p\u00e5 calle Mat\u00edas Garc\u00eda 14 i centrala Co\u00edn. Det var en granne som slog larm efter att ha sett det lillas barnet ligga or\u00f6rligt p\u00e5 marken i den lilla innerg\u00e5rden i fastigheten.<\/p>\n<p>Trots att ambulanspersonalen snabbt var p\u00e5 plats och barnet f\u00f6rdes till sjukhus gick inte livet att r\u00e4dda. Pojken konstaterades d\u00f6d klockan 12.45.<\/p>\n<p>Enligt vittnesm\u00e5l fr\u00e5n grannar ska kvinnan ibland ha l\u00e4mnat barnet ensam i l\u00e4genheten. Kvinnan f\u00f6rs\u00f6rjde sig genom att tigga och hade inte betalat elr\u00e4kningen varf\u00f6r elektriciteten hade blivit avst\u00e4ngd. Vid tillf\u00e4llet ska dock kvinnan ha varit i l\u00e4genheten enligt uppgifter till media.<\/p>\n<p>Kvinnans \u00f6vriga familj bor endast 300 meter fr\u00e5n platsen.<\/p>\n<p>Den f\u00f6rsta unders\u00f6kningen visar att en s\u00e4ng var placerad strax intill f\u00f6nstret som det lilla barnet f\u00f6ll utifr\u00e5n.<\/p>\n<p>(Uppdaterad 14\/8\/2015) <\/p>\n","protected":false},"excerpt":{"rendered":"<p>En 25-\u00e5rig rum\u00e4nsk kvinna som f\u00f6rs\u00f6rjde sig genom att tigga har gripits i Co\u00edn efter att hennes tre\u00e5riga son fallit ut fr\u00e5n sovrumsf\u00f6nstret 9,5 meter och avlidit. Guardia Civil har inlett en f\u00f6runders\u00f6kning och kvinnan \u00e4r misst\u00e4nkt f\u00f6r grov v\u00e5rdsl\u00f6shet \u00e4ven om de f\u00f6rsta uppgifterna pekar mot att det kan r\u00f6ra sig om en olycka [&hellip;]<\/p>\n","protected":false},"author":8,"featured_media":23789,"comment_status":"open","ping_status":"open","sticky":false,"template":"","format":"standard","meta":{"_et_pb_use_builder":"","_et_pb_old_content":"","_et_gb_content_width":"","footnotes":""},"categories":[395,3],"tags":[],"class_list":["post-23788","post","type-post","status-publish","format-standard","has-post-thumbnail","hentry","category-arkiv-nyheter","category-nyheter"],"yoast_head":"<!-- This site is optimized with the Yoast SEO Premium plugin v26.2 (Yoast SEO v27.5) - https:\/\/yoast.com\/product\/yoast-seo-premium-wordpress\/ -->\n<title>Tre\u00e5rig pojke f\u00f6ll 9,5 meter och avled - Svenska Magasinet<\/title>\n<meta name=\"robots\" content=\"noindex, follow, max-snippet:-1, max-image-preview:large, max-video-preview:-1\" \/>\n<meta property=\"og:locale\" content=\"sv_SE\" \/>\n<meta property=\"og:type\" content=\"article\" \/>\n<meta property=\"og:title\" content=\"Tre\u00e5rig pojke f\u00f6ll 9,5 meter och avled\" \/>\n<meta property=\"og:description\" content=\"En 25-\u00e5rig rum\u00e4nsk kvinna som f\u00f6rs\u00f6rjde sig genom att tigga har gripits i Co\u00edn efter att hennes tre\u00e5riga son fallit ut fr\u00e5n sovrumsf\u00f6nstret 9,5 meter och avlidit. Guardia Civil har inlett en f\u00f6runders\u00f6kning och kvinnan \u00e4r misst\u00e4nkt f\u00f6r grov v\u00e5rdsl\u00f6shet \u00e4ven om de f\u00f6rsta uppgifterna pekar mot att det kan r\u00f6ra sig om en olycka [&hellip;]\" \/>\n<meta property=\"og:url\" content=\"https:\/\/lightweb.dev\/l\/svm-temp\/nyheter\/trearig-pojke-foll-95-meter-och-avled\/\" \/>\n<meta property=\"og:site_name\" content=\"Svenska Magasinet\" \/>\n<meta property=\"article:publisher\" content=\"https:\/\/www.facebook.com\/svenskamagasinet\" \/>\n<meta property=\"article:published_time\" content=\"2015-08-12T22:00:00+00:00\" \/>\n<meta property=\"og:image\" content=\"https:\/\/lightweb.dev\/l\/svm-temp\/wp-content\/uploads\/2022\/06\/trearig-pojke-foll-95-meter-och-avled.png\" \/>\n\t<meta property=\"og:image:width\" content=\"280\" \/>\n\t<meta property=\"og:image:height\" content=\"209\" \/>\n\t<meta property=\"og:image:type\" content=\"image\/png\" \/>\n<meta name=\"author\" content=\"Redaktionen SvM\" \/>\n<meta name=\"twitter:card\" content=\"summary_large_image\" \/>\n<meta name=\"twitter:creator\" content=\"@SvenskaMagasine\" \/>\n<meta name=\"twitter:site\" content=\"@SvenskaMagasine\" \/>\n<script type=\"application\/ld+json\" class=\"yoast-schema-graph\">{\"@context\":\"https:\\\/\\\/schema.org\",\"@graph\":[{\"@type\":\"Article\",\"@id\":\"https:\\\/\\\/lightweb.dev\\\/l\\\/svm-temp\\\/nyheter\\\/trearig-pojke-foll-95-meter-och-avled\\\/#article\",\"isPartOf\":{\"@id\":\"https:\\\/\\\/lightweb.dev\\\/l\\\/svm-temp\\\/nyheter\\\/trearig-pojke-foll-95-meter-och-avled\\\/\"},\"author\":{\"name\":\"Redaktionen SvM\",\"@id\":\"https:\\\/\\\/lightweb.dev\\\/l\\\/svm-temp\\\/#\\\/schema\\\/person\\\/206a3bda5b607b0c25e1749191e4d837\"},\"headline\":\"Tre\u00e5rig pojke f\u00f6ll 9,5 meter och avled\",\"datePublished\":\"2015-08-12T22:00:00+00:00\",\"mainEntityOfPage\":{\"@id\":\"https:\\\/\\\/lightweb.dev\\\/l\\\/svm-temp\\\/nyheter\\\/trearig-pojke-foll-95-meter-och-avled\\\/\"},\"wordCount\":285,\"commentCount\":0,\"publisher\":{\"@id\":\"https:\\\/\\\/lightweb.dev\\\/l\\\/svm-temp\\\/#organization\"},\"image\":{\"@id\":\"https:\\\/\\\/lightweb.dev\\\/l\\\/svm-temp\\\/nyheter\\\/trearig-pojke-foll-95-meter-och-avled\\\/#primaryimage\"},\"thumbnailUrl\":\"https:\\\/\\\/lightweb.dev\\\/l\\\/svm-temp\\\/wp-content\\\/uploads\\\/2022\\\/06\\\/trearig-pojke-foll-95-meter-och-avled.png\",\"articleSection\":[\"Arkiv\",\"Nyheter\"],\"inLanguage\":\"sv-SE\"},{\"@type\":\"WebPage\",\"@id\":\"https:\\\/\\\/lightweb.dev\\\/l\\\/svm-temp\\\/nyheter\\\/trearig-pojke-foll-95-meter-och-avled\\\/\",\"url\":\"https:\\\/\\\/lightweb.dev\\\/l\\\/svm-temp\\\/nyheter\\\/trearig-pojke-foll-95-meter-och-avled\\\/\",\"name\":\"Tre\u00e5rig pojke f\u00f6ll 9,5 meter och avled - Svenska Magasinet\",\"isPartOf\":{\"@id\":\"https:\\\/\\\/lightweb.dev\\\/l\\\/svm-temp\\\/#website\"},\"primaryImageOfPage\":{\"@id\":\"https:\\\/\\\/lightweb.dev\\\/l\\\/svm-temp\\\/nyheter\\\/trearig-pojke-foll-95-meter-och-avled\\\/#primaryimage\"},\"image\":{\"@id\":\"https:\\\/\\\/lightweb.dev\\\/l\\\/svm-temp\\\/nyheter\\\/trearig-pojke-foll-95-meter-och-avled\\\/#primaryimage\"},\"thumbnailUrl\":\"https:\\\/\\\/lightweb.dev\\\/l\\\/svm-temp\\\/wp-content\\\/uploads\\\/2022\\\/06\\\/trearig-pojke-foll-95-meter-och-avled.png\",\"datePublished\":\"2015-08-12T22:00:00+00:00\",\"breadcrumb\":{\"@id\":\"https:\\\/\\\/lightweb.dev\\\/l\\\/svm-temp\\\/nyheter\\\/trearig-pojke-foll-95-meter-och-avled\\\/#breadcrumb\"},\"inLanguage\":\"sv-SE\",\"potentialAction\":[{\"@type\":\"ReadAction\",\"target\":[\"https:\\\/\\\/lightweb.dev\\\/l\\\/svm-temp\\\/nyheter\\\/trearig-pojke-foll-95-meter-och-avled\\\/\"]}]},{\"@type\":\"ImageObject\",\"inLanguage\":\"sv-SE\",\"@id\":\"https:\\\/\\\/lightweb.dev\\\/l\\\/svm-temp\\\/nyheter\\\/trearig-pojke-foll-95-meter-och-avled\\\/#primaryimage\",\"url\":\"https:\\\/\\\/lightweb.dev\\\/l\\\/svm-temp\\\/wp-content\\\/uploads\\\/2022\\\/06\\\/trearig-pojke-foll-95-meter-och-avled.png\",\"contentUrl\":\"https:\\\/\\\/lightweb.dev\\\/l\\\/svm-temp\\\/wp-content\\\/uploads\\\/2022\\\/06\\\/trearig-pojke-foll-95-meter-och-avled.png\",\"width\":280,\"height\":209},{\"@type\":\"BreadcrumbList\",\"@id\":\"https:\\\/\\\/lightweb.dev\\\/l\\\/svm-temp\\\/nyheter\\\/trearig-pojke-foll-95-meter-och-avled\\\/#breadcrumb\",\"itemListElement\":[{\"@type\":\"ListItem\",\"position\":1,\"name\":\"Hem\",\"item\":\"https:\\\/\\\/lightweb.dev\\\/l\\\/svm-temp\\\/\"},{\"@type\":\"ListItem\",\"position\":2,\"name\":\"Tre\u00e5rig pojke f\u00f6ll 9,5 meter och avled\"}]},{\"@type\":\"WebSite\",\"@id\":\"https:\\\/\\\/lightweb.dev\\\/l\\\/svm-temp\\\/#website\",\"url\":\"https:\\\/\\\/lightweb.dev\\\/l\\\/svm-temp\\\/\",\"name\":\"Svenska Magasinet\",\"description\":\"Dina Spanska nyheter p&aring; Svenska\",\"publisher\":{\"@id\":\"https:\\\/\\\/lightweb.dev\\\/l\\\/svm-temp\\\/#organization\"},\"potentialAction\":[{\"@type\":\"SearchAction\",\"target\":{\"@type\":\"EntryPoint\",\"urlTemplate\":\"https:\\\/\\\/lightweb.dev\\\/l\\\/svm-temp\\\/?s={search_term_string}\"},\"query-input\":{\"@type\":\"PropertyValueSpecification\",\"valueRequired\":true,\"valueName\":\"search_term_string\"}}],\"inLanguage\":\"sv-SE\"},{\"@type\":\"Organization\",\"@id\":\"https:\\\/\\\/lightweb.dev\\\/l\\\/svm-temp\\\/#organization\",\"name\":\"Melkerson y Nott SL\",\"alternateName\":\"Svenska Magasinet\",\"url\":\"https:\\\/\\\/lightweb.dev\\\/l\\\/svm-temp\\\/\",\"logo\":{\"@type\":\"ImageObject\",\"inLanguage\":\"sv-SE\",\"@id\":\"https:\\\/\\\/lightweb.dev\\\/l\\\/svm-temp\\\/#\\\/schema\\\/logo\\\/image\\\/\",\"url\":\"https:\\\/\\\/lightweb.dev\\\/l\\\/svm-temp\\\/wp-content\\\/uploads\\\/2025\\\/02\\\/SvM-logo-Xtra-Centrerad-SVART.png\",\"contentUrl\":\"https:\\\/\\\/lightweb.dev\\\/l\\\/svm-temp\\\/wp-content\\\/uploads\\\/2025\\\/02\\\/SvM-logo-Xtra-Centrerad-SVART.png\",\"width\":300,\"height\":99,\"caption\":\"Melkerson y Nott SL\"},\"image\":{\"@id\":\"https:\\\/\\\/lightweb.dev\\\/l\\\/svm-temp\\\/#\\\/schema\\\/logo\\\/image\\\/\"},\"sameAs\":[\"https:\\\/\\\/www.facebook.com\\\/svenskamagasinet\",\"https:\\\/\\\/x.com\\\/SvenskaMagasine\"]},{\"@type\":\"Person\",\"@id\":\"https:\\\/\\\/lightweb.dev\\\/l\\\/svm-temp\\\/#\\\/schema\\\/person\\\/206a3bda5b607b0c25e1749191e4d837\",\"name\":\"Redaktionen SvM\",\"description\":\"Redaktionen\",\"sameAs\":[\"https:\\\/\\\/lightweb.dev\\\/l\\\/svm-temp\"],\"url\":\"https:\\\/\\\/lightweb.dev\\\/l\\\/svm-temp\\\/reporter\\\/redaktionen\\\/\"}]}<\/script>\n<!-- \/ Yoast SEO Premium plugin. -->","yoast_head_json":{"title":"Tre\u00e5rig pojke f\u00f6ll 9,5 meter och avled - Svenska Magasinet","robots":{"index":"noindex","follow":"follow","max-snippet":"max-snippet:-1","max-image-preview":"max-image-preview:large","max-video-preview":"max-video-preview:-1"},"og_locale":"sv_SE","og_type":"article","og_title":"Tre\u00e5rig pojke f\u00f6ll 9,5 meter och avled","og_description":"En 25-\u00e5rig rum\u00e4nsk kvinna som f\u00f6rs\u00f6rjde sig genom att tigga har gripits i Co\u00edn efter att hennes tre\u00e5riga son fallit ut fr\u00e5n sovrumsf\u00f6nstret 9,5 meter och avlidit. Guardia Civil har inlett en f\u00f6runders\u00f6kning och kvinnan \u00e4r misst\u00e4nkt f\u00f6r grov v\u00e5rdsl\u00f6shet \u00e4ven om de f\u00f6rsta uppgifterna pekar mot att det kan r\u00f6ra sig om en olycka [&hellip;]","og_url":"https:\/\/lightweb.dev\/l\/svm-temp\/nyheter\/trearig-pojke-foll-95-meter-och-avled\/","og_site_name":"Svenska Magasinet","article_publisher":"https:\/\/www.facebook.com\/svenskamagasinet","article_published_time":"2015-08-12T22:00:00+00:00","og_image":[{"width":280,"height":209,"url":"https:\/\/lightweb.dev\/l\/svm-temp\/wp-content\/uploads\/2022\/06\/trearig-pojke-foll-95-meter-och-avled.png","type":"image\/png"}],"author":"Redaktionen SvM","twitter_card":"summary_large_image","twitter_creator":"@SvenskaMagasine","twitter_site":"@SvenskaMagasine","schema":{"@context":"https:\/\/schema.org","@graph":[{"@type":"Article","@id":"https:\/\/lightweb.dev\/l\/svm-temp\/nyheter\/trearig-pojke-foll-95-meter-och-avled\/#article","isPartOf":{"@id":"https:\/\/lightweb.dev\/l\/svm-temp\/nyheter\/trearig-pojke-foll-95-meter-och-avled\/"},"author":{"name":"Redaktionen SvM","@id":"https:\/\/lightweb.dev\/l\/svm-temp\/#\/schema\/person\/206a3bda5b607b0c25e1749191e4d837"},"headline":"Tre\u00e5rig pojke f\u00f6ll 9,5 meter och avled","datePublished":"2015-08-12T22:00:00+00:00","mainEntityOfPage":{"@id":"https:\/\/lightweb.dev\/l\/svm-temp\/nyheter\/trearig-pojke-foll-95-meter-och-avled\/"},"wordCount":285,"commentCount":0,"publisher":{"@id":"https:\/\/lightweb.dev\/l\/svm-temp\/#organization"},"image":{"@id":"https:\/\/lightweb.dev\/l\/svm-temp\/nyheter\/trearig-pojke-foll-95-meter-och-avled\/#primaryimage"},"thumbnailUrl":"https:\/\/lightweb.dev\/l\/svm-temp\/wp-content\/uploads\/2022\/06\/trearig-pojke-foll-95-meter-och-avled.png","articleSection":["Arkiv","Nyheter"],"inLanguage":"sv-SE"},{"@type":"WebPage","@id":"https:\/\/lightweb.dev\/l\/svm-temp\/nyheter\/trearig-pojke-foll-95-meter-och-avled\/","url":"https:\/\/lightweb.dev\/l\/svm-temp\/nyheter\/trearig-pojke-foll-95-meter-och-avled\/","name":"Tre\u00e5rig pojke f\u00f6ll 9,5 meter och avled - Svenska Magasinet","isPartOf":{"@id":"https:\/\/lightweb.dev\/l\/svm-temp\/#website"},"primaryImageOfPage":{"@id":"https:\/\/lightweb.dev\/l\/svm-temp\/nyheter\/trearig-pojke-foll-95-meter-och-avled\/#primaryimage"},"image":{"@id":"https:\/\/lightweb.dev\/l\/svm-temp\/nyheter\/trearig-pojke-foll-95-meter-och-avled\/#primaryimage"},"thumbnailUrl":"https:\/\/lightweb.dev\/l\/svm-temp\/wp-content\/uploads\/2022\/06\/trearig-pojke-foll-95-meter-och-avled.png","datePublished":"2015-08-12T22:00:00+00:00","breadcrumb":{"@id":"https:\/\/lightweb.dev\/l\/svm-temp\/nyheter\/trearig-pojke-foll-95-meter-och-avled\/#breadcrumb"},"inLanguage":"sv-SE","potentialAction":[{"@type":"ReadAction","target":["https:\/\/lightweb.dev\/l\/svm-temp\/nyheter\/trearig-pojke-foll-95-meter-och-avled\/"]}]},{"@type":"ImageObject","inLanguage":"sv-SE","@id":"https:\/\/lightweb.dev\/l\/svm-temp\/nyheter\/trearig-pojke-foll-95-meter-och-avled\/#primaryimage","url":"https:\/\/lightweb.dev\/l\/svm-temp\/wp-content\/uploads\/2022\/06\/trearig-pojke-foll-95-meter-och-avled.png","contentUrl":"https:\/\/lightweb.dev\/l\/svm-temp\/wp-content\/uploads\/2022\/06\/trearig-pojke-foll-95-meter-och-avled.png","width":280,"height":209},{"@type":"BreadcrumbList","@id":"https:\/\/lightweb.dev\/l\/svm-temp\/nyheter\/trearig-pojke-foll-95-meter-och-avled\/#breadcrumb","itemListElement":[{"@type":"ListItem","position":1,"name":"Hem","item":"https:\/\/lightweb.dev\/l\/svm-temp\/"},{"@type":"ListItem","position":2,"name":"Tre\u00e5rig pojke f\u00f6ll 9,5 meter och avled"}]},{"@type":"WebSite","@id":"https:\/\/lightweb.dev\/l\/svm-temp\/#website","url":"https:\/\/lightweb.dev\/l\/svm-temp\/","name":"Svenska Magasinet","description":"Dina Spanska nyheter p&aring; Svenska","publisher":{"@id":"https:\/\/lightweb.dev\/l\/svm-temp\/#organization"},"potentialAction":[{"@type":"SearchAction","target":{"@type":"EntryPoint","urlTemplate":"https:\/\/lightweb.dev\/l\/svm-temp\/?s={search_term_string}"},"query-input":{"@type":"PropertyValueSpecification","valueRequired":true,"valueName":"search_term_string"}}],"inLanguage":"sv-SE"},{"@type":"Organization","@id":"https:\/\/lightweb.dev\/l\/svm-temp\/#organization","name":"Melkerson y Nott SL","alternateName":"Svenska Magasinet","url":"https:\/\/lightweb.dev\/l\/svm-temp\/","logo":{"@type":"ImageObject","inLanguage":"sv-SE","@id":"https:\/\/lightweb.dev\/l\/svm-temp\/#\/schema\/logo\/image\/","url":"https:\/\/lightweb.dev\/l\/svm-temp\/wp-content\/uploads\/2025\/02\/SvM-logo-Xtra-Centrerad-SVART.png","contentUrl":"https:\/\/lightweb.dev\/l\/svm-temp\/wp-content\/uploads\/2025\/02\/SvM-logo-Xtra-Centrerad-SVART.png","width":300,"height":99,"caption":"Melkerson y Nott SL"},"image":{"@id":"https:\/\/lightweb.dev\/l\/svm-temp\/#\/schema\/logo\/image\/"},"sameAs":["https:\/\/www.facebook.com\/svenskamagasinet","https:\/\/x.com\/SvenskaMagasine"]},{"@type":"Person","@id":"https:\/\/lightweb.dev\/l\/svm-temp\/#\/schema\/person\/206a3bda5b607b0c25e1749191e4d837","name":"Redaktionen SvM","description":"Redaktionen","sameAs":["https:\/\/lightweb.dev\/l\/svm-temp"],"url":"https:\/\/lightweb.dev\/l\/svm-temp\/reporter\/redaktionen\/"}]}},"_links":{"self":[{"href":"https:\/\/lightweb.dev\/l\/svm-temp\/wp-json\/wp\/v2\/posts\/23788","targetHints":{"allow":["GET"]}}],"collection":[{"href":"https:\/\/lightweb.dev\/l\/svm-temp\/wp-json\/wp\/v2\/posts"}],"about":[{"href":"https:\/\/lightweb.dev\/l\/svm-temp\/wp-json\/wp\/v2\/types\/post"}],"author":[{"embeddable":true,"href":"https:\/\/lightweb.dev\/l\/svm-temp\/wp-json\/wp\/v2\/users\/8"}],"replies":[{"embeddable":true,"href":"https:\/\/lightweb.dev\/l\/svm-temp\/wp-json\/wp\/v2\/comments?post=23788"}],"version-history":[{"count":0,"href":"https:\/\/lightweb.dev\/l\/svm-temp\/wp-json\/wp\/v2\/posts\/23788\/revisions"}],"wp:featuredmedia":[{"embeddable":true,"href":"https:\/\/lightweb.dev\/l\/svm-temp\/wp-json\/wp\/v2\/media\/23789"}],"wp:attachment":[{"href":"https:\/\/lightweb.dev\/l\/svm-temp\/wp-json\/wp\/v2\/media?parent=23788"}],"wp:term":[{"taxonomy":"category","embeddable":true,"href":"https:\/\/lightweb.dev\/l\/svm-temp\/wp-json\/wp\/v2\/categories?post=23788"},{"taxonomy":"post_tag","embeddable":true,"href":"https:\/\/lightweb.dev\/l\/svm-temp\/wp-json\/wp\/v2\/tags?post=23788"}],"curies":[{"name":"wp","href":"https:\/\/api.w.org\/{rel}","templated":true}]}}