{"id":23792,"date":"2015-08-13T00:00:00","date_gmt":"2015-08-12T22:00:00","guid":{"rendered":"https:\/\/lightweb.dev\/l\/svm-temp\/nyheter\/picassos-cabeza-de-mujer-joven-tillbaka-pa-spansk-mark\/"},"modified":"2015-08-13T00:00:00","modified_gmt":"2015-08-12T22:00:00","slug":"picassos-cabeza-de-mujer-joven-tillbaka-pa-spansk-mark","status":"publish","type":"post","link":"https:\/\/lightweb.dev\/l\/svm-temp\/nyheter\/picassos-cabeza-de-mujer-joven-tillbaka-pa-spansk-mark\/","title":{"rendered":"Picassos \u201dCabeza de mujer joven\u201d tillbaka p\u00e5 spansk mark"},"content":{"rendered":"<p> M\u00e1laga-sonen Picassos m\u00e4sterverk \u201dCabeza de mujer joven\u201d har anl\u00e4nt till Spanien. Konstverket beslagtogs av franska tulltj\u00e4nstem\u00e4n p\u00e5 \u00f6n Korsika i en gemensam insats med Guardia Civil. H\u00e4romdagen anl\u00e4nde m\u00e5lningen till flygplatsen Torrej\u00f3n de Ardoz vid Madrid.<\/p>\n<p>Konstverket kommer att f\u00f6rvaras p\u00e5 museet Reina Sof\u00eda i Madrid tills en domare fastst\u00e4llt om den ska l\u00e4mnas till den r\u00e4ttm\u00e4tige \u00e4garen eller om den ska \u00f6verl\u00e4mnas till spanska staten.<\/p>\n<p>\u201dCabeza de mujer joven\u201d m\u00e5lades av Picasso 1906. 1977 k\u00f6ptes tavlan av Jaime Bot\u00edn, bankir vid Bankinter, som 2012 s\u00f6kte tillst\u00e5nd att flytta den till London n\u00e5got som den tidigare kulturministern Jos\u00e9 Ignacio Wert motsatte sig.<\/p>\n<p>Det var efter att det blev k\u00e4nt att tavlan hade l\u00e4mnat Spanien p\u00e5 en segelb\u00e5t fr\u00e5n Valencia med destination Korsika som polisen ingrep.<\/p>\n<p>Enligt lagen som ska skydda spanska historiska arv f\u00e5r inte \u00e4ldre v\u00e4rdefulla konstverk l\u00e4mna landet hur som helst. Det betraktas i s\u00e5 fall som smuggling. Av den orsaken ingrep franska tulltj\u00e4nstem\u00e4n och Guardia Civil i en f\u00f6renad insats att \u00e5terf\u00f6ra \u201dCabeza de mujer joven\u201d till Spanien.<\/p>\n<p>Nu ska en domare avg\u00f6ra om Jaime Bot\u00edn f\u00f6rlorar sina r\u00e4ttigheter till Picassos m\u00e4sterverk. <\/p>\n","protected":false},"excerpt":{"rendered":"<p>M\u00e1laga-sonen Picassos m\u00e4sterverk \u201dCabeza de mujer joven\u201d har anl\u00e4nt till Spanien. Konstverket beslagtogs av franska tulltj\u00e4nstem\u00e4n p\u00e5 \u00f6n Korsika i en gemensam insats med Guardia Civil. H\u00e4romdagen anl\u00e4nde m\u00e5lningen till flygplatsen Torrej\u00f3n de Ardoz vid Madrid. Konstverket kommer att f\u00f6rvaras p\u00e5 museet Reina Sof\u00eda i Madrid tills en domare fastst\u00e4llt om den ska l\u00e4mnas till [&hellip;]<\/p>\n","protected":false},"author":8,"featured_media":23793,"comment_status":"open","ping_status":"open","sticky":false,"template":"","format":"standard","meta":{"_et_pb_use_builder":"","_et_pb_old_content":"","_et_gb_content_width":"","footnotes":""},"categories":[395,3],"tags":[],"class_list":["post-23792","post","type-post","status-publish","format-standard","has-post-thumbnail","hentry","category-arkiv-nyheter","category-nyheter"],"yoast_head":"<!-- This site is optimized with the Yoast SEO Premium plugin v26.2 (Yoast SEO v27.5) - https:\/\/yoast.com\/product\/yoast-seo-premium-wordpress\/ -->\n<title>Picassos \u201dCabeza de mujer joven\u201d tillbaka p\u00e5 spansk mark - Svenska Magasinet<\/title>\n<meta name=\"robots\" content=\"noindex, follow, max-snippet:-1, max-image-preview:large, max-video-preview:-1\" \/>\n<meta property=\"og:locale\" content=\"sv_SE\" \/>\n<meta property=\"og:type\" content=\"article\" \/>\n<meta property=\"og:title\" content=\"Picassos \u201dCabeza de mujer joven\u201d tillbaka p\u00e5 spansk mark\" \/>\n<meta property=\"og:description\" content=\"M\u00e1laga-sonen Picassos m\u00e4sterverk \u201dCabeza de mujer joven\u201d har anl\u00e4nt till Spanien. Konstverket beslagtogs av franska tulltj\u00e4nstem\u00e4n p\u00e5 \u00f6n Korsika i en gemensam insats med Guardia Civil. H\u00e4romdagen anl\u00e4nde m\u00e5lningen till flygplatsen Torrej\u00f3n de Ardoz vid Madrid. Konstverket kommer att f\u00f6rvaras p\u00e5 museet Reina Sof\u00eda i Madrid tills en domare fastst\u00e4llt om den ska l\u00e4mnas till [&hellip;]\" \/>\n<meta property=\"og:url\" content=\"https:\/\/lightweb.dev\/l\/svm-temp\/nyheter\/picassos-cabeza-de-mujer-joven-tillbaka-pa-spansk-mark\/\" \/>\n<meta property=\"og:site_name\" content=\"Svenska Magasinet\" \/>\n<meta property=\"article:publisher\" content=\"https:\/\/www.facebook.com\/svenskamagasinet\" \/>\n<meta property=\"article:published_time\" content=\"2015-08-12T22:00:00+00:00\" \/>\n<meta property=\"og:image\" content=\"https:\/\/lightweb.dev\/l\/svm-temp\/wp-content\/uploads\/2022\/06\/picassos-cabeza-de-mujer-joven-tillbaka-pa-spansk-mark.png\" \/>\n\t<meta property=\"og:image:width\" content=\"280\" \/>\n\t<meta property=\"og:image:height\" content=\"245\" \/>\n\t<meta property=\"og:image:type\" content=\"image\/png\" \/>\n<meta name=\"author\" content=\"Redaktionen SvM\" \/>\n<meta name=\"twitter:card\" content=\"summary_large_image\" \/>\n<meta name=\"twitter:creator\" content=\"@SvenskaMagasine\" \/>\n<meta name=\"twitter:site\" content=\"@SvenskaMagasine\" \/>\n<script type=\"application\/ld+json\" class=\"yoast-schema-graph\">{\"@context\":\"https:\\\/\\\/schema.org\",\"@graph\":[{\"@type\":\"Article\",\"@id\":\"https:\\\/\\\/lightweb.dev\\\/l\\\/svm-temp\\\/nyheter\\\/picassos-cabeza-de-mujer-joven-tillbaka-pa-spansk-mark\\\/#article\",\"isPartOf\":{\"@id\":\"https:\\\/\\\/lightweb.dev\\\/l\\\/svm-temp\\\/nyheter\\\/picassos-cabeza-de-mujer-joven-tillbaka-pa-spansk-mark\\\/\"},\"author\":{\"name\":\"Redaktionen SvM\",\"@id\":\"https:\\\/\\\/lightweb.dev\\\/l\\\/svm-temp\\\/#\\\/schema\\\/person\\\/206a3bda5b607b0c25e1749191e4d837\"},\"headline\":\"Picassos \u201dCabeza de mujer joven\u201d tillbaka p\u00e5 spansk mark\",\"datePublished\":\"2015-08-12T22:00:00+00:00\",\"mainEntityOfPage\":{\"@id\":\"https:\\\/\\\/lightweb.dev\\\/l\\\/svm-temp\\\/nyheter\\\/picassos-cabeza-de-mujer-joven-tillbaka-pa-spansk-mark\\\/\"},\"wordCount\":229,\"commentCount\":0,\"publisher\":{\"@id\":\"https:\\\/\\\/lightweb.dev\\\/l\\\/svm-temp\\\/#organization\"},\"image\":{\"@id\":\"https:\\\/\\\/lightweb.dev\\\/l\\\/svm-temp\\\/nyheter\\\/picassos-cabeza-de-mujer-joven-tillbaka-pa-spansk-mark\\\/#primaryimage\"},\"thumbnailUrl\":\"https:\\\/\\\/lightweb.dev\\\/l\\\/svm-temp\\\/wp-content\\\/uploads\\\/2022\\\/06\\\/picassos-cabeza-de-mujer-joven-tillbaka-pa-spansk-mark.png\",\"articleSection\":[\"Arkiv\",\"Nyheter\"],\"inLanguage\":\"sv-SE\"},{\"@type\":\"WebPage\",\"@id\":\"https:\\\/\\\/lightweb.dev\\\/l\\\/svm-temp\\\/nyheter\\\/picassos-cabeza-de-mujer-joven-tillbaka-pa-spansk-mark\\\/\",\"url\":\"https:\\\/\\\/lightweb.dev\\\/l\\\/svm-temp\\\/nyheter\\\/picassos-cabeza-de-mujer-joven-tillbaka-pa-spansk-mark\\\/\",\"name\":\"Picassos \u201dCabeza de mujer joven\u201d tillbaka p\u00e5 spansk mark - Svenska Magasinet\",\"isPartOf\":{\"@id\":\"https:\\\/\\\/lightweb.dev\\\/l\\\/svm-temp\\\/#website\"},\"primaryImageOfPage\":{\"@id\":\"https:\\\/\\\/lightweb.dev\\\/l\\\/svm-temp\\\/nyheter\\\/picassos-cabeza-de-mujer-joven-tillbaka-pa-spansk-mark\\\/#primaryimage\"},\"image\":{\"@id\":\"https:\\\/\\\/lightweb.dev\\\/l\\\/svm-temp\\\/nyheter\\\/picassos-cabeza-de-mujer-joven-tillbaka-pa-spansk-mark\\\/#primaryimage\"},\"thumbnailUrl\":\"https:\\\/\\\/lightweb.dev\\\/l\\\/svm-temp\\\/wp-content\\\/uploads\\\/2022\\\/06\\\/picassos-cabeza-de-mujer-joven-tillbaka-pa-spansk-mark.png\",\"datePublished\":\"2015-08-12T22:00:00+00:00\",\"breadcrumb\":{\"@id\":\"https:\\\/\\\/lightweb.dev\\\/l\\\/svm-temp\\\/nyheter\\\/picassos-cabeza-de-mujer-joven-tillbaka-pa-spansk-mark\\\/#breadcrumb\"},\"inLanguage\":\"sv-SE\",\"potentialAction\":[{\"@type\":\"ReadAction\",\"target\":[\"https:\\\/\\\/lightweb.dev\\\/l\\\/svm-temp\\\/nyheter\\\/picassos-cabeza-de-mujer-joven-tillbaka-pa-spansk-mark\\\/\"]}]},{\"@type\":\"ImageObject\",\"inLanguage\":\"sv-SE\",\"@id\":\"https:\\\/\\\/lightweb.dev\\\/l\\\/svm-temp\\\/nyheter\\\/picassos-cabeza-de-mujer-joven-tillbaka-pa-spansk-mark\\\/#primaryimage\",\"url\":\"https:\\\/\\\/lightweb.dev\\\/l\\\/svm-temp\\\/wp-content\\\/uploads\\\/2022\\\/06\\\/picassos-cabeza-de-mujer-joven-tillbaka-pa-spansk-mark.png\",\"contentUrl\":\"https:\\\/\\\/lightweb.dev\\\/l\\\/svm-temp\\\/wp-content\\\/uploads\\\/2022\\\/06\\\/picassos-cabeza-de-mujer-joven-tillbaka-pa-spansk-mark.png\",\"width\":280,\"height\":245},{\"@type\":\"BreadcrumbList\",\"@id\":\"https:\\\/\\\/lightweb.dev\\\/l\\\/svm-temp\\\/nyheter\\\/picassos-cabeza-de-mujer-joven-tillbaka-pa-spansk-mark\\\/#breadcrumb\",\"itemListElement\":[{\"@type\":\"ListItem\",\"position\":1,\"name\":\"Hem\",\"item\":\"https:\\\/\\\/lightweb.dev\\\/l\\\/svm-temp\\\/\"},{\"@type\":\"ListItem\",\"position\":2,\"name\":\"Picassos \u201dCabeza de mujer joven\u201d tillbaka p\u00e5 spansk mark\"}]},{\"@type\":\"WebSite\",\"@id\":\"https:\\\/\\\/lightweb.dev\\\/l\\\/svm-temp\\\/#website\",\"url\":\"https:\\\/\\\/lightweb.dev\\\/l\\\/svm-temp\\\/\",\"name\":\"Svenska Magasinet\",\"description\":\"Dina Spanska nyheter p&aring; Svenska\",\"publisher\":{\"@id\":\"https:\\\/\\\/lightweb.dev\\\/l\\\/svm-temp\\\/#organization\"},\"potentialAction\":[{\"@type\":\"SearchAction\",\"target\":{\"@type\":\"EntryPoint\",\"urlTemplate\":\"https:\\\/\\\/lightweb.dev\\\/l\\\/svm-temp\\\/?s={search_term_string}\"},\"query-input\":{\"@type\":\"PropertyValueSpecification\",\"valueRequired\":true,\"valueName\":\"search_term_string\"}}],\"inLanguage\":\"sv-SE\"},{\"@type\":\"Organization\",\"@id\":\"https:\\\/\\\/lightweb.dev\\\/l\\\/svm-temp\\\/#organization\",\"name\":\"Melkerson y Nott SL\",\"alternateName\":\"Svenska Magasinet\",\"url\":\"https:\\\/\\\/lightweb.dev\\\/l\\\/svm-temp\\\/\",\"logo\":{\"@type\":\"ImageObject\",\"inLanguage\":\"sv-SE\",\"@id\":\"https:\\\/\\\/lightweb.dev\\\/l\\\/svm-temp\\\/#\\\/schema\\\/logo\\\/image\\\/\",\"url\":\"https:\\\/\\\/lightweb.dev\\\/l\\\/svm-temp\\\/wp-content\\\/uploads\\\/2025\\\/02\\\/SvM-logo-Xtra-Centrerad-SVART.png\",\"contentUrl\":\"https:\\\/\\\/lightweb.dev\\\/l\\\/svm-temp\\\/wp-content\\\/uploads\\\/2025\\\/02\\\/SvM-logo-Xtra-Centrerad-SVART.png\",\"width\":300,\"height\":99,\"caption\":\"Melkerson y Nott SL\"},\"image\":{\"@id\":\"https:\\\/\\\/lightweb.dev\\\/l\\\/svm-temp\\\/#\\\/schema\\\/logo\\\/image\\\/\"},\"sameAs\":[\"https:\\\/\\\/www.facebook.com\\\/svenskamagasinet\",\"https:\\\/\\\/x.com\\\/SvenskaMagasine\"]},{\"@type\":\"Person\",\"@id\":\"https:\\\/\\\/lightweb.dev\\\/l\\\/svm-temp\\\/#\\\/schema\\\/person\\\/206a3bda5b607b0c25e1749191e4d837\",\"name\":\"Redaktionen SvM\",\"description\":\"Redaktionen\",\"sameAs\":[\"https:\\\/\\\/lightweb.dev\\\/l\\\/svm-temp\"],\"url\":\"https:\\\/\\\/lightweb.dev\\\/l\\\/svm-temp\\\/reporter\\\/redaktionen\\\/\"}]}<\/script>\n<!-- \/ Yoast SEO Premium plugin. -->","yoast_head_json":{"title":"Picassos \u201dCabeza de mujer joven\u201d tillbaka p\u00e5 spansk mark - Svenska Magasinet","robots":{"index":"noindex","follow":"follow","max-snippet":"max-snippet:-1","max-image-preview":"max-image-preview:large","max-video-preview":"max-video-preview:-1"},"og_locale":"sv_SE","og_type":"article","og_title":"Picassos \u201dCabeza de mujer joven\u201d tillbaka p\u00e5 spansk mark","og_description":"M\u00e1laga-sonen Picassos m\u00e4sterverk \u201dCabeza de mujer joven\u201d har anl\u00e4nt till Spanien. Konstverket beslagtogs av franska tulltj\u00e4nstem\u00e4n p\u00e5 \u00f6n Korsika i en gemensam insats med Guardia Civil. H\u00e4romdagen anl\u00e4nde m\u00e5lningen till flygplatsen Torrej\u00f3n de Ardoz vid Madrid. Konstverket kommer att f\u00f6rvaras p\u00e5 museet Reina Sof\u00eda i Madrid tills en domare fastst\u00e4llt om den ska l\u00e4mnas till [&hellip;]","og_url":"https:\/\/lightweb.dev\/l\/svm-temp\/nyheter\/picassos-cabeza-de-mujer-joven-tillbaka-pa-spansk-mark\/","og_site_name":"Svenska Magasinet","article_publisher":"https:\/\/www.facebook.com\/svenskamagasinet","article_published_time":"2015-08-12T22:00:00+00:00","og_image":[{"width":280,"height":245,"url":"https:\/\/lightweb.dev\/l\/svm-temp\/wp-content\/uploads\/2022\/06\/picassos-cabeza-de-mujer-joven-tillbaka-pa-spansk-mark.png","type":"image\/png"}],"author":"Redaktionen SvM","twitter_card":"summary_large_image","twitter_creator":"@SvenskaMagasine","twitter_site":"@SvenskaMagasine","schema":{"@context":"https:\/\/schema.org","@graph":[{"@type":"Article","@id":"https:\/\/lightweb.dev\/l\/svm-temp\/nyheter\/picassos-cabeza-de-mujer-joven-tillbaka-pa-spansk-mark\/#article","isPartOf":{"@id":"https:\/\/lightweb.dev\/l\/svm-temp\/nyheter\/picassos-cabeza-de-mujer-joven-tillbaka-pa-spansk-mark\/"},"author":{"name":"Redaktionen SvM","@id":"https:\/\/lightweb.dev\/l\/svm-temp\/#\/schema\/person\/206a3bda5b607b0c25e1749191e4d837"},"headline":"Picassos \u201dCabeza de mujer joven\u201d tillbaka p\u00e5 spansk mark","datePublished":"2015-08-12T22:00:00+00:00","mainEntityOfPage":{"@id":"https:\/\/lightweb.dev\/l\/svm-temp\/nyheter\/picassos-cabeza-de-mujer-joven-tillbaka-pa-spansk-mark\/"},"wordCount":229,"commentCount":0,"publisher":{"@id":"https:\/\/lightweb.dev\/l\/svm-temp\/#organization"},"image":{"@id":"https:\/\/lightweb.dev\/l\/svm-temp\/nyheter\/picassos-cabeza-de-mujer-joven-tillbaka-pa-spansk-mark\/#primaryimage"},"thumbnailUrl":"https:\/\/lightweb.dev\/l\/svm-temp\/wp-content\/uploads\/2022\/06\/picassos-cabeza-de-mujer-joven-tillbaka-pa-spansk-mark.png","articleSection":["Arkiv","Nyheter"],"inLanguage":"sv-SE"},{"@type":"WebPage","@id":"https:\/\/lightweb.dev\/l\/svm-temp\/nyheter\/picassos-cabeza-de-mujer-joven-tillbaka-pa-spansk-mark\/","url":"https:\/\/lightweb.dev\/l\/svm-temp\/nyheter\/picassos-cabeza-de-mujer-joven-tillbaka-pa-spansk-mark\/","name":"Picassos \u201dCabeza de mujer joven\u201d tillbaka p\u00e5 spansk mark - Svenska Magasinet","isPartOf":{"@id":"https:\/\/lightweb.dev\/l\/svm-temp\/#website"},"primaryImageOfPage":{"@id":"https:\/\/lightweb.dev\/l\/svm-temp\/nyheter\/picassos-cabeza-de-mujer-joven-tillbaka-pa-spansk-mark\/#primaryimage"},"image":{"@id":"https:\/\/lightweb.dev\/l\/svm-temp\/nyheter\/picassos-cabeza-de-mujer-joven-tillbaka-pa-spansk-mark\/#primaryimage"},"thumbnailUrl":"https:\/\/lightweb.dev\/l\/svm-temp\/wp-content\/uploads\/2022\/06\/picassos-cabeza-de-mujer-joven-tillbaka-pa-spansk-mark.png","datePublished":"2015-08-12T22:00:00+00:00","breadcrumb":{"@id":"https:\/\/lightweb.dev\/l\/svm-temp\/nyheter\/picassos-cabeza-de-mujer-joven-tillbaka-pa-spansk-mark\/#breadcrumb"},"inLanguage":"sv-SE","potentialAction":[{"@type":"ReadAction","target":["https:\/\/lightweb.dev\/l\/svm-temp\/nyheter\/picassos-cabeza-de-mujer-joven-tillbaka-pa-spansk-mark\/"]}]},{"@type":"ImageObject","inLanguage":"sv-SE","@id":"https:\/\/lightweb.dev\/l\/svm-temp\/nyheter\/picassos-cabeza-de-mujer-joven-tillbaka-pa-spansk-mark\/#primaryimage","url":"https:\/\/lightweb.dev\/l\/svm-temp\/wp-content\/uploads\/2022\/06\/picassos-cabeza-de-mujer-joven-tillbaka-pa-spansk-mark.png","contentUrl":"https:\/\/lightweb.dev\/l\/svm-temp\/wp-content\/uploads\/2022\/06\/picassos-cabeza-de-mujer-joven-tillbaka-pa-spansk-mark.png","width":280,"height":245},{"@type":"BreadcrumbList","@id":"https:\/\/lightweb.dev\/l\/svm-temp\/nyheter\/picassos-cabeza-de-mujer-joven-tillbaka-pa-spansk-mark\/#breadcrumb","itemListElement":[{"@type":"ListItem","position":1,"name":"Hem","item":"https:\/\/lightweb.dev\/l\/svm-temp\/"},{"@type":"ListItem","position":2,"name":"Picassos \u201dCabeza de mujer joven\u201d tillbaka p\u00e5 spansk mark"}]},{"@type":"WebSite","@id":"https:\/\/lightweb.dev\/l\/svm-temp\/#website","url":"https:\/\/lightweb.dev\/l\/svm-temp\/","name":"Svenska Magasinet","description":"Dina Spanska nyheter p&aring; Svenska","publisher":{"@id":"https:\/\/lightweb.dev\/l\/svm-temp\/#organization"},"potentialAction":[{"@type":"SearchAction","target":{"@type":"EntryPoint","urlTemplate":"https:\/\/lightweb.dev\/l\/svm-temp\/?s={search_term_string}"},"query-input":{"@type":"PropertyValueSpecification","valueRequired":true,"valueName":"search_term_string"}}],"inLanguage":"sv-SE"},{"@type":"Organization","@id":"https:\/\/lightweb.dev\/l\/svm-temp\/#organization","name":"Melkerson y Nott SL","alternateName":"Svenska Magasinet","url":"https:\/\/lightweb.dev\/l\/svm-temp\/","logo":{"@type":"ImageObject","inLanguage":"sv-SE","@id":"https:\/\/lightweb.dev\/l\/svm-temp\/#\/schema\/logo\/image\/","url":"https:\/\/lightweb.dev\/l\/svm-temp\/wp-content\/uploads\/2025\/02\/SvM-logo-Xtra-Centrerad-SVART.png","contentUrl":"https:\/\/lightweb.dev\/l\/svm-temp\/wp-content\/uploads\/2025\/02\/SvM-logo-Xtra-Centrerad-SVART.png","width":300,"height":99,"caption":"Melkerson y Nott SL"},"image":{"@id":"https:\/\/lightweb.dev\/l\/svm-temp\/#\/schema\/logo\/image\/"},"sameAs":["https:\/\/www.facebook.com\/svenskamagasinet","https:\/\/x.com\/SvenskaMagasine"]},{"@type":"Person","@id":"https:\/\/lightweb.dev\/l\/svm-temp\/#\/schema\/person\/206a3bda5b607b0c25e1749191e4d837","name":"Redaktionen SvM","description":"Redaktionen","sameAs":["https:\/\/lightweb.dev\/l\/svm-temp"],"url":"https:\/\/lightweb.dev\/l\/svm-temp\/reporter\/redaktionen\/"}]}},"_links":{"self":[{"href":"https:\/\/lightweb.dev\/l\/svm-temp\/wp-json\/wp\/v2\/posts\/23792","targetHints":{"allow":["GET"]}}],"collection":[{"href":"https:\/\/lightweb.dev\/l\/svm-temp\/wp-json\/wp\/v2\/posts"}],"about":[{"href":"https:\/\/lightweb.dev\/l\/svm-temp\/wp-json\/wp\/v2\/types\/post"}],"author":[{"embeddable":true,"href":"https:\/\/lightweb.dev\/l\/svm-temp\/wp-json\/wp\/v2\/users\/8"}],"replies":[{"embeddable":true,"href":"https:\/\/lightweb.dev\/l\/svm-temp\/wp-json\/wp\/v2\/comments?post=23792"}],"version-history":[{"count":0,"href":"https:\/\/lightweb.dev\/l\/svm-temp\/wp-json\/wp\/v2\/posts\/23792\/revisions"}],"wp:featuredmedia":[{"embeddable":true,"href":"https:\/\/lightweb.dev\/l\/svm-temp\/wp-json\/wp\/v2\/media\/23793"}],"wp:attachment":[{"href":"https:\/\/lightweb.dev\/l\/svm-temp\/wp-json\/wp\/v2\/media?parent=23792"}],"wp:term":[{"taxonomy":"category","embeddable":true,"href":"https:\/\/lightweb.dev\/l\/svm-temp\/wp-json\/wp\/v2\/categories?post=23792"},{"taxonomy":"post_tag","embeddable":true,"href":"https:\/\/lightweb.dev\/l\/svm-temp\/wp-json\/wp\/v2\/tags?post=23792"}],"curies":[{"name":"wp","href":"https:\/\/api.w.org\/{rel}","templated":true}]}}