{"id":23794,"date":"2015-08-13T00:00:00","date_gmt":"2015-08-12T22:00:00","guid":{"rendered":"https:\/\/lightweb.dev\/l\/svm-temp\/nyheter\/dans-till-curt-ohlssons-enmansorkester-i-almunecar-i-oktober\/"},"modified":"2015-08-13T00:00:00","modified_gmt":"2015-08-12T22:00:00","slug":"dans-till-curt-ohlssons-enmansorkester-i-almunecar-i-oktober","status":"publish","type":"post","link":"https:\/\/lightweb.dev\/l\/svm-temp\/nyheter\/dans-till-curt-ohlssons-enmansorkester-i-almunecar-i-oktober\/","title":{"rendered":"Dans till Curt Ohlssons enmansorkester i Almu\u00f1\u00e9car i oktober"},"content":{"rendered":"<p> Curt Ohlsson som vi har kunnat dansa till i Almu\u00f1\u00e9car de senaste vintrarna tjuvstartar den h\u00e4r s\u00e4songen redan i oktober. Tv\u00e5 fredagar, den 9 och 16 oktober, bjuder Curt p\u00e5 sin omtyckta dansbandsmusik mellan klockan 20 till 23.<\/p>\n<p>R\u00e4kna med att det blir fartfyllt, festligt och fullspikat p\u00e5 dansgolvet. Curt Ohlsson delar gener\u00f6st med sig av den b\u00e4sta dansbandsmusiken p\u00e5 Hotell Arrayanes liksom tidigare \u00e5r. Forts\u00e4ttning f\u00f6ljer senare i vinter p\u00e5 fredagar i januari, februari och mars 2016.<\/p>\n<p>Hotell Arrayanes Playa hittar du p\u00e5 Paseo Cotobro 5 i Almu\u00f1\u00e9car. Tr\u00e4ffpunkten f\u00f6r alla som \u00e4lskar dansa, mingla i baren eller bara umg\u00e5s. Hotel Arrayanes ocks\u00e5 k\u00e4nd f\u00f6r utm\u00e4rkt mat till bra pris.<\/p>\n<p>Alla Hj\u00e4rtligt V\u00e4lkomna!     Fri Entr\u00e9 <\/p>\n","protected":false},"excerpt":{"rendered":"<p>Curt Ohlsson som vi har kunnat dansa till i Almu\u00f1\u00e9car de senaste vintrarna tjuvstartar den h\u00e4r s\u00e4songen redan i oktober. Tv\u00e5 fredagar, den 9 och 16 oktober, bjuder Curt p\u00e5 sin omtyckta dansbandsmusik mellan klockan 20 till 23. R\u00e4kna med att det blir fartfyllt, festligt och fullspikat p\u00e5 dansgolvet. Curt Ohlsson delar gener\u00f6st med sig [&hellip;]<\/p>\n","protected":false},"author":8,"featured_media":23795,"comment_status":"open","ping_status":"open","sticky":false,"template":"","format":"standard","meta":{"_et_pb_use_builder":"","_et_pb_old_content":"","_et_gb_content_width":"","footnotes":""},"categories":[395,3],"tags":[],"class_list":["post-23794","post","type-post","status-publish","format-standard","has-post-thumbnail","hentry","category-arkiv-nyheter","category-nyheter"],"yoast_head":"<!-- This site is optimized with the Yoast SEO Premium plugin v26.2 (Yoast SEO v27.5) - https:\/\/yoast.com\/product\/yoast-seo-premium-wordpress\/ -->\n<title>Dans till Curt Ohlssons enmansorkester i Almu\u00f1\u00e9car i oktober - Svenska Magasinet<\/title>\n<meta name=\"robots\" content=\"noindex, follow, max-snippet:-1, max-image-preview:large, max-video-preview:-1\" \/>\n<meta property=\"og:locale\" content=\"sv_SE\" \/>\n<meta property=\"og:type\" content=\"article\" \/>\n<meta property=\"og:title\" content=\"Dans till Curt Ohlssons enmansorkester i Almu\u00f1\u00e9car i oktober\" \/>\n<meta property=\"og:description\" content=\"Curt Ohlsson som vi har kunnat dansa till i Almu\u00f1\u00e9car de senaste vintrarna tjuvstartar den h\u00e4r s\u00e4songen redan i oktober. Tv\u00e5 fredagar, den 9 och 16 oktober, bjuder Curt p\u00e5 sin omtyckta dansbandsmusik mellan klockan 20 till 23. R\u00e4kna med att det blir fartfyllt, festligt och fullspikat p\u00e5 dansgolvet. Curt Ohlsson delar gener\u00f6st med sig [&hellip;]\" \/>\n<meta property=\"og:url\" content=\"https:\/\/lightweb.dev\/l\/svm-temp\/nyheter\/dans-till-curt-ohlssons-enmansorkester-i-almunecar-i-oktober\/\" \/>\n<meta property=\"og:site_name\" content=\"Svenska Magasinet\" \/>\n<meta property=\"article:publisher\" content=\"https:\/\/www.facebook.com\/svenskamagasinet\" \/>\n<meta property=\"article:published_time\" content=\"2015-08-12T22:00:00+00:00\" \/>\n<meta property=\"og:image\" content=\"https:\/\/lightweb.dev\/l\/svm-temp\/wp-content\/uploads\/2022\/06\/dans-till-curt-ohlssons-enmansorkester-i-almuecar-i-oktober.png\" \/>\n\t<meta property=\"og:image:width\" content=\"280\" \/>\n\t<meta property=\"og:image:height\" content=\"267\" \/>\n\t<meta property=\"og:image:type\" content=\"image\/png\" \/>\n<meta name=\"author\" content=\"Redaktionen SvM\" \/>\n<meta name=\"twitter:card\" content=\"summary_large_image\" \/>\n<meta name=\"twitter:creator\" content=\"@SvenskaMagasine\" \/>\n<meta name=\"twitter:site\" content=\"@SvenskaMagasine\" \/>\n<script type=\"application\/ld+json\" class=\"yoast-schema-graph\">{\"@context\":\"https:\\\/\\\/schema.org\",\"@graph\":[{\"@type\":\"Article\",\"@id\":\"https:\\\/\\\/lightweb.dev\\\/l\\\/svm-temp\\\/nyheter\\\/dans-till-curt-ohlssons-enmansorkester-i-almunecar-i-oktober\\\/#article\",\"isPartOf\":{\"@id\":\"https:\\\/\\\/lightweb.dev\\\/l\\\/svm-temp\\\/nyheter\\\/dans-till-curt-ohlssons-enmansorkester-i-almunecar-i-oktober\\\/\"},\"author\":{\"name\":\"Redaktionen SvM\",\"@id\":\"https:\\\/\\\/lightweb.dev\\\/l\\\/svm-temp\\\/#\\\/schema\\\/person\\\/206a3bda5b607b0c25e1749191e4d837\"},\"headline\":\"Dans till Curt Ohlssons enmansorkester i Almu\u00f1\u00e9car i oktober\",\"datePublished\":\"2015-08-12T22:00:00+00:00\",\"mainEntityOfPage\":{\"@id\":\"https:\\\/\\\/lightweb.dev\\\/l\\\/svm-temp\\\/nyheter\\\/dans-till-curt-ohlssons-enmansorkester-i-almunecar-i-oktober\\\/\"},\"wordCount\":137,\"commentCount\":0,\"publisher\":{\"@id\":\"https:\\\/\\\/lightweb.dev\\\/l\\\/svm-temp\\\/#organization\"},\"image\":{\"@id\":\"https:\\\/\\\/lightweb.dev\\\/l\\\/svm-temp\\\/nyheter\\\/dans-till-curt-ohlssons-enmansorkester-i-almunecar-i-oktober\\\/#primaryimage\"},\"thumbnailUrl\":\"https:\\\/\\\/lightweb.dev\\\/l\\\/svm-temp\\\/wp-content\\\/uploads\\\/2022\\\/06\\\/dans-till-curt-ohlssons-enmansorkester-i-almuecar-i-oktober.png\",\"articleSection\":[\"Arkiv\",\"Nyheter\"],\"inLanguage\":\"sv-SE\"},{\"@type\":\"WebPage\",\"@id\":\"https:\\\/\\\/lightweb.dev\\\/l\\\/svm-temp\\\/nyheter\\\/dans-till-curt-ohlssons-enmansorkester-i-almunecar-i-oktober\\\/\",\"url\":\"https:\\\/\\\/lightweb.dev\\\/l\\\/svm-temp\\\/nyheter\\\/dans-till-curt-ohlssons-enmansorkester-i-almunecar-i-oktober\\\/\",\"name\":\"Dans till Curt Ohlssons enmansorkester i Almu\u00f1\u00e9car i oktober - Svenska Magasinet\",\"isPartOf\":{\"@id\":\"https:\\\/\\\/lightweb.dev\\\/l\\\/svm-temp\\\/#website\"},\"primaryImageOfPage\":{\"@id\":\"https:\\\/\\\/lightweb.dev\\\/l\\\/svm-temp\\\/nyheter\\\/dans-till-curt-ohlssons-enmansorkester-i-almunecar-i-oktober\\\/#primaryimage\"},\"image\":{\"@id\":\"https:\\\/\\\/lightweb.dev\\\/l\\\/svm-temp\\\/nyheter\\\/dans-till-curt-ohlssons-enmansorkester-i-almunecar-i-oktober\\\/#primaryimage\"},\"thumbnailUrl\":\"https:\\\/\\\/lightweb.dev\\\/l\\\/svm-temp\\\/wp-content\\\/uploads\\\/2022\\\/06\\\/dans-till-curt-ohlssons-enmansorkester-i-almuecar-i-oktober.png\",\"datePublished\":\"2015-08-12T22:00:00+00:00\",\"breadcrumb\":{\"@id\":\"https:\\\/\\\/lightweb.dev\\\/l\\\/svm-temp\\\/nyheter\\\/dans-till-curt-ohlssons-enmansorkester-i-almunecar-i-oktober\\\/#breadcrumb\"},\"inLanguage\":\"sv-SE\",\"potentialAction\":[{\"@type\":\"ReadAction\",\"target\":[\"https:\\\/\\\/lightweb.dev\\\/l\\\/svm-temp\\\/nyheter\\\/dans-till-curt-ohlssons-enmansorkester-i-almunecar-i-oktober\\\/\"]}]},{\"@type\":\"ImageObject\",\"inLanguage\":\"sv-SE\",\"@id\":\"https:\\\/\\\/lightweb.dev\\\/l\\\/svm-temp\\\/nyheter\\\/dans-till-curt-ohlssons-enmansorkester-i-almunecar-i-oktober\\\/#primaryimage\",\"url\":\"https:\\\/\\\/lightweb.dev\\\/l\\\/svm-temp\\\/wp-content\\\/uploads\\\/2022\\\/06\\\/dans-till-curt-ohlssons-enmansorkester-i-almuecar-i-oktober.png\",\"contentUrl\":\"https:\\\/\\\/lightweb.dev\\\/l\\\/svm-temp\\\/wp-content\\\/uploads\\\/2022\\\/06\\\/dans-till-curt-ohlssons-enmansorkester-i-almuecar-i-oktober.png\",\"width\":280,\"height\":267},{\"@type\":\"BreadcrumbList\",\"@id\":\"https:\\\/\\\/lightweb.dev\\\/l\\\/svm-temp\\\/nyheter\\\/dans-till-curt-ohlssons-enmansorkester-i-almunecar-i-oktober\\\/#breadcrumb\",\"itemListElement\":[{\"@type\":\"ListItem\",\"position\":1,\"name\":\"Hem\",\"item\":\"https:\\\/\\\/lightweb.dev\\\/l\\\/svm-temp\\\/\"},{\"@type\":\"ListItem\",\"position\":2,\"name\":\"Dans till Curt Ohlssons enmansorkester i Almu\u00f1\u00e9car i oktober\"}]},{\"@type\":\"WebSite\",\"@id\":\"https:\\\/\\\/lightweb.dev\\\/l\\\/svm-temp\\\/#website\",\"url\":\"https:\\\/\\\/lightweb.dev\\\/l\\\/svm-temp\\\/\",\"name\":\"Svenska Magasinet\",\"description\":\"Dina Spanska nyheter p&aring; Svenska\",\"publisher\":{\"@id\":\"https:\\\/\\\/lightweb.dev\\\/l\\\/svm-temp\\\/#organization\"},\"potentialAction\":[{\"@type\":\"SearchAction\",\"target\":{\"@type\":\"EntryPoint\",\"urlTemplate\":\"https:\\\/\\\/lightweb.dev\\\/l\\\/svm-temp\\\/?s={search_term_string}\"},\"query-input\":{\"@type\":\"PropertyValueSpecification\",\"valueRequired\":true,\"valueName\":\"search_term_string\"}}],\"inLanguage\":\"sv-SE\"},{\"@type\":\"Organization\",\"@id\":\"https:\\\/\\\/lightweb.dev\\\/l\\\/svm-temp\\\/#organization\",\"name\":\"Melkerson y Nott SL\",\"alternateName\":\"Svenska Magasinet\",\"url\":\"https:\\\/\\\/lightweb.dev\\\/l\\\/svm-temp\\\/\",\"logo\":{\"@type\":\"ImageObject\",\"inLanguage\":\"sv-SE\",\"@id\":\"https:\\\/\\\/lightweb.dev\\\/l\\\/svm-temp\\\/#\\\/schema\\\/logo\\\/image\\\/\",\"url\":\"https:\\\/\\\/lightweb.dev\\\/l\\\/svm-temp\\\/wp-content\\\/uploads\\\/2025\\\/02\\\/SvM-logo-Xtra-Centrerad-SVART.png\",\"contentUrl\":\"https:\\\/\\\/lightweb.dev\\\/l\\\/svm-temp\\\/wp-content\\\/uploads\\\/2025\\\/02\\\/SvM-logo-Xtra-Centrerad-SVART.png\",\"width\":300,\"height\":99,\"caption\":\"Melkerson y Nott SL\"},\"image\":{\"@id\":\"https:\\\/\\\/lightweb.dev\\\/l\\\/svm-temp\\\/#\\\/schema\\\/logo\\\/image\\\/\"},\"sameAs\":[\"https:\\\/\\\/www.facebook.com\\\/svenskamagasinet\",\"https:\\\/\\\/x.com\\\/SvenskaMagasine\"]},{\"@type\":\"Person\",\"@id\":\"https:\\\/\\\/lightweb.dev\\\/l\\\/svm-temp\\\/#\\\/schema\\\/person\\\/206a3bda5b607b0c25e1749191e4d837\",\"name\":\"Redaktionen SvM\",\"description\":\"Redaktionen\",\"sameAs\":[\"https:\\\/\\\/lightweb.dev\\\/l\\\/svm-temp\"],\"url\":\"https:\\\/\\\/lightweb.dev\\\/l\\\/svm-temp\\\/reporter\\\/redaktionen\\\/\"}]}<\/script>\n<!-- \/ Yoast SEO Premium plugin. -->","yoast_head_json":{"title":"Dans till Curt Ohlssons enmansorkester i Almu\u00f1\u00e9car i oktober - Svenska Magasinet","robots":{"index":"noindex","follow":"follow","max-snippet":"max-snippet:-1","max-image-preview":"max-image-preview:large","max-video-preview":"max-video-preview:-1"},"og_locale":"sv_SE","og_type":"article","og_title":"Dans till Curt Ohlssons enmansorkester i Almu\u00f1\u00e9car i oktober","og_description":"Curt Ohlsson som vi har kunnat dansa till i Almu\u00f1\u00e9car de senaste vintrarna tjuvstartar den h\u00e4r s\u00e4songen redan i oktober. Tv\u00e5 fredagar, den 9 och 16 oktober, bjuder Curt p\u00e5 sin omtyckta dansbandsmusik mellan klockan 20 till 23. R\u00e4kna med att det blir fartfyllt, festligt och fullspikat p\u00e5 dansgolvet. Curt Ohlsson delar gener\u00f6st med sig [&hellip;]","og_url":"https:\/\/lightweb.dev\/l\/svm-temp\/nyheter\/dans-till-curt-ohlssons-enmansorkester-i-almunecar-i-oktober\/","og_site_name":"Svenska Magasinet","article_publisher":"https:\/\/www.facebook.com\/svenskamagasinet","article_published_time":"2015-08-12T22:00:00+00:00","og_image":[{"width":280,"height":267,"url":"https:\/\/lightweb.dev\/l\/svm-temp\/wp-content\/uploads\/2022\/06\/dans-till-curt-ohlssons-enmansorkester-i-almuecar-i-oktober.png","type":"image\/png"}],"author":"Redaktionen SvM","twitter_card":"summary_large_image","twitter_creator":"@SvenskaMagasine","twitter_site":"@SvenskaMagasine","schema":{"@context":"https:\/\/schema.org","@graph":[{"@type":"Article","@id":"https:\/\/lightweb.dev\/l\/svm-temp\/nyheter\/dans-till-curt-ohlssons-enmansorkester-i-almunecar-i-oktober\/#article","isPartOf":{"@id":"https:\/\/lightweb.dev\/l\/svm-temp\/nyheter\/dans-till-curt-ohlssons-enmansorkester-i-almunecar-i-oktober\/"},"author":{"name":"Redaktionen SvM","@id":"https:\/\/lightweb.dev\/l\/svm-temp\/#\/schema\/person\/206a3bda5b607b0c25e1749191e4d837"},"headline":"Dans till Curt Ohlssons enmansorkester i Almu\u00f1\u00e9car i oktober","datePublished":"2015-08-12T22:00:00+00:00","mainEntityOfPage":{"@id":"https:\/\/lightweb.dev\/l\/svm-temp\/nyheter\/dans-till-curt-ohlssons-enmansorkester-i-almunecar-i-oktober\/"},"wordCount":137,"commentCount":0,"publisher":{"@id":"https:\/\/lightweb.dev\/l\/svm-temp\/#organization"},"image":{"@id":"https:\/\/lightweb.dev\/l\/svm-temp\/nyheter\/dans-till-curt-ohlssons-enmansorkester-i-almunecar-i-oktober\/#primaryimage"},"thumbnailUrl":"https:\/\/lightweb.dev\/l\/svm-temp\/wp-content\/uploads\/2022\/06\/dans-till-curt-ohlssons-enmansorkester-i-almuecar-i-oktober.png","articleSection":["Arkiv","Nyheter"],"inLanguage":"sv-SE"},{"@type":"WebPage","@id":"https:\/\/lightweb.dev\/l\/svm-temp\/nyheter\/dans-till-curt-ohlssons-enmansorkester-i-almunecar-i-oktober\/","url":"https:\/\/lightweb.dev\/l\/svm-temp\/nyheter\/dans-till-curt-ohlssons-enmansorkester-i-almunecar-i-oktober\/","name":"Dans till Curt Ohlssons enmansorkester i Almu\u00f1\u00e9car i oktober - Svenska Magasinet","isPartOf":{"@id":"https:\/\/lightweb.dev\/l\/svm-temp\/#website"},"primaryImageOfPage":{"@id":"https:\/\/lightweb.dev\/l\/svm-temp\/nyheter\/dans-till-curt-ohlssons-enmansorkester-i-almunecar-i-oktober\/#primaryimage"},"image":{"@id":"https:\/\/lightweb.dev\/l\/svm-temp\/nyheter\/dans-till-curt-ohlssons-enmansorkester-i-almunecar-i-oktober\/#primaryimage"},"thumbnailUrl":"https:\/\/lightweb.dev\/l\/svm-temp\/wp-content\/uploads\/2022\/06\/dans-till-curt-ohlssons-enmansorkester-i-almuecar-i-oktober.png","datePublished":"2015-08-12T22:00:00+00:00","breadcrumb":{"@id":"https:\/\/lightweb.dev\/l\/svm-temp\/nyheter\/dans-till-curt-ohlssons-enmansorkester-i-almunecar-i-oktober\/#breadcrumb"},"inLanguage":"sv-SE","potentialAction":[{"@type":"ReadAction","target":["https:\/\/lightweb.dev\/l\/svm-temp\/nyheter\/dans-till-curt-ohlssons-enmansorkester-i-almunecar-i-oktober\/"]}]},{"@type":"ImageObject","inLanguage":"sv-SE","@id":"https:\/\/lightweb.dev\/l\/svm-temp\/nyheter\/dans-till-curt-ohlssons-enmansorkester-i-almunecar-i-oktober\/#primaryimage","url":"https:\/\/lightweb.dev\/l\/svm-temp\/wp-content\/uploads\/2022\/06\/dans-till-curt-ohlssons-enmansorkester-i-almuecar-i-oktober.png","contentUrl":"https:\/\/lightweb.dev\/l\/svm-temp\/wp-content\/uploads\/2022\/06\/dans-till-curt-ohlssons-enmansorkester-i-almuecar-i-oktober.png","width":280,"height":267},{"@type":"BreadcrumbList","@id":"https:\/\/lightweb.dev\/l\/svm-temp\/nyheter\/dans-till-curt-ohlssons-enmansorkester-i-almunecar-i-oktober\/#breadcrumb","itemListElement":[{"@type":"ListItem","position":1,"name":"Hem","item":"https:\/\/lightweb.dev\/l\/svm-temp\/"},{"@type":"ListItem","position":2,"name":"Dans till Curt Ohlssons enmansorkester i Almu\u00f1\u00e9car i oktober"}]},{"@type":"WebSite","@id":"https:\/\/lightweb.dev\/l\/svm-temp\/#website","url":"https:\/\/lightweb.dev\/l\/svm-temp\/","name":"Svenska Magasinet","description":"Dina Spanska nyheter p&aring; Svenska","publisher":{"@id":"https:\/\/lightweb.dev\/l\/svm-temp\/#organization"},"potentialAction":[{"@type":"SearchAction","target":{"@type":"EntryPoint","urlTemplate":"https:\/\/lightweb.dev\/l\/svm-temp\/?s={search_term_string}"},"query-input":{"@type":"PropertyValueSpecification","valueRequired":true,"valueName":"search_term_string"}}],"inLanguage":"sv-SE"},{"@type":"Organization","@id":"https:\/\/lightweb.dev\/l\/svm-temp\/#organization","name":"Melkerson y Nott SL","alternateName":"Svenska Magasinet","url":"https:\/\/lightweb.dev\/l\/svm-temp\/","logo":{"@type":"ImageObject","inLanguage":"sv-SE","@id":"https:\/\/lightweb.dev\/l\/svm-temp\/#\/schema\/logo\/image\/","url":"https:\/\/lightweb.dev\/l\/svm-temp\/wp-content\/uploads\/2025\/02\/SvM-logo-Xtra-Centrerad-SVART.png","contentUrl":"https:\/\/lightweb.dev\/l\/svm-temp\/wp-content\/uploads\/2025\/02\/SvM-logo-Xtra-Centrerad-SVART.png","width":300,"height":99,"caption":"Melkerson y Nott SL"},"image":{"@id":"https:\/\/lightweb.dev\/l\/svm-temp\/#\/schema\/logo\/image\/"},"sameAs":["https:\/\/www.facebook.com\/svenskamagasinet","https:\/\/x.com\/SvenskaMagasine"]},{"@type":"Person","@id":"https:\/\/lightweb.dev\/l\/svm-temp\/#\/schema\/person\/206a3bda5b607b0c25e1749191e4d837","name":"Redaktionen SvM","description":"Redaktionen","sameAs":["https:\/\/lightweb.dev\/l\/svm-temp"],"url":"https:\/\/lightweb.dev\/l\/svm-temp\/reporter\/redaktionen\/"}]}},"_links":{"self":[{"href":"https:\/\/lightweb.dev\/l\/svm-temp\/wp-json\/wp\/v2\/posts\/23794","targetHints":{"allow":["GET"]}}],"collection":[{"href":"https:\/\/lightweb.dev\/l\/svm-temp\/wp-json\/wp\/v2\/posts"}],"about":[{"href":"https:\/\/lightweb.dev\/l\/svm-temp\/wp-json\/wp\/v2\/types\/post"}],"author":[{"embeddable":true,"href":"https:\/\/lightweb.dev\/l\/svm-temp\/wp-json\/wp\/v2\/users\/8"}],"replies":[{"embeddable":true,"href":"https:\/\/lightweb.dev\/l\/svm-temp\/wp-json\/wp\/v2\/comments?post=23794"}],"version-history":[{"count":0,"href":"https:\/\/lightweb.dev\/l\/svm-temp\/wp-json\/wp\/v2\/posts\/23794\/revisions"}],"wp:featuredmedia":[{"embeddable":true,"href":"https:\/\/lightweb.dev\/l\/svm-temp\/wp-json\/wp\/v2\/media\/23795"}],"wp:attachment":[{"href":"https:\/\/lightweb.dev\/l\/svm-temp\/wp-json\/wp\/v2\/media?parent=23794"}],"wp:term":[{"taxonomy":"category","embeddable":true,"href":"https:\/\/lightweb.dev\/l\/svm-temp\/wp-json\/wp\/v2\/categories?post=23794"},{"taxonomy":"post_tag","embeddable":true,"href":"https:\/\/lightweb.dev\/l\/svm-temp\/wp-json\/wp\/v2\/tags?post=23794"}],"curies":[{"name":"wp","href":"https:\/\/api.w.org\/{rel}","templated":true}]}}