{"id":2389,"date":"2007-12-11T00:00:00","date_gmt":"2007-12-10T23:00:00","guid":{"rendered":"https:\/\/lightweb.dev\/l\/svm-temp\/rehabtraning-for-stroke-och-parkinsonpatienter-i-marbella\/"},"modified":"2007-12-11T00:00:00","modified_gmt":"2007-12-10T23:00:00","slug":"rehabtraning-for-stroke-och-parkinsonpatienter-i-marbella","status":"publish","type":"post","link":"https:\/\/lightweb.dev\/l\/svm-temp\/artiklar\/rehabtraning-for-stroke-och-parkinsonpatienter-i-marbella\/","title":{"rendered":"Rehabtr\u00e4ning f\u00f6r stroke- och Parkinsonpatienter i Marbella"},"content":{"rendered":"<p> Stroke och Parkinson drabbar tiotusentals svenskar varje \u00e5r. Tr\u00e4ning i Sydspaniens milda och ljusa klimat g\u00f6r f\u00f6rb\u00e4ttrar situationen och livskvaliteten f\u00f6r de drabbade Av Ola Josefsson<\/p>\n<p>I mars 2008 arrangerar Neurooptima n\u00e4sta kurs f\u00f6r stroke och Parkinsonpatienter p\u00e5 Centro Forestal Sueco i Marbella.<br \/>\n-Rehabprogrammet \u00e4r f\u00f6r dem som drabbats av stroke och sjukdomen Parkinson, sjukdomar som inte \u00e4r botliga. Det g\u00e4ller i st\u00e4llet att l\u00e4ra sig medicinering av Parkinson n\u00e5got som \u00e4r komplicerat. Det handlar om att bromsa sjukdomens f\u00f6rlopp, s\u00e4ger Leif Hjerpe, vd f\u00f6r f\u00f6retaget Neurooptima Forskrehab AB.<\/p>\n<p>\u00c4ldre l\u00f6per st\u00f6rre risk<br \/>\nStroke drabbar 30.000 svenskar om \u00e5ret. 80 procent av dem som drabbas har fyllt 60 \u00e5r. \u00c4ldre l\u00f6per st\u00f6rre risk, 85 procent av dem som drabbas f\u00e5r en bl\u00f6dning, 15 procent en propp. Stroke drabbar ofta den ena delen av kroppen. De drabbade f\u00e5r ofta problem med spr\u00e5ket och i vissa fall synf\u00e4ltsbortfall.<br \/>\n-V\u00e5r kurs g\u00e5r ut p\u00e5 att tr\u00e4na m\u00e4nniskor s\u00e5 att de kan hantera sig sj\u00e4lva b\u00e4ttre. Du blir aldrig helt \u00e5terst\u00e4lld om du f\u00e5tt en stroke, men livskvaliteten kan \u00e5terst\u00e4llas n\u00e5gorlunda \u00e4ven om vissa defekter sitter i. Det \u00e4r aldrig f\u00f6r sent att b\u00f6rja tr\u00e4na. Det finns bra forskningsresultat att h\u00e4nvisa till \u00e4ven att personer har b\u00f6rjat tr\u00e4na tio \u00e5r efter stroken, s\u00e4ger Leif Hjerpe.<\/p>\n<p>Berikad milj\u00f6<br \/>\nAtt l\u00e4gga en kurs p\u00e5 Costa del Sol \u00e4r perfekt, menar Leif Hjerpe. Utnyttja det goda klimatet eller en berikad milj\u00f6, som forskare kallar det.<br \/>\n-Vi tr\u00e4nar sex timmar om dagen, sex dagar i veckan under tre veckor. Enligt tidigare resultat blir det f\u00f6rb\u00e4ttringar p\u00e5 i genomsnitt 30 procent. Vi har deltagare som har varit 80 \u00e5r, en del har kommit ned i rullstol, efter behandlingen har de kunnat promenera helt fritt, ber\u00e4ttar Leif Hjerpe.<br \/>\nRegelbunden tr\u00e4ning i f\u00f6rebyggande syfte b\u00f6r uppmuntras, menar Leif Hjerpe. Det finns unders\u00f6kningar som klart visar att man bli intelligentare av att tr\u00e4na. Blodgenomstr\u00f6mningen \u00f6kar i hj\u00e4rnan vilket f\u00f6rebygger sjukdomar som stroke och Parkinson. <\/p>\n","protected":false},"excerpt":{"rendered":"<p>Stroke och Parkinson drabbar tiotusentals svenskar varje \u00e5r. Tr\u00e4ning i Sydspaniens milda och ljusa klimat g\u00f6r f\u00f6rb\u00e4ttrar situationen och livskvaliteten f\u00f6r de drabbade Av Ola Josefsson I mars 2008 arrangerar Neurooptima n\u00e4sta kurs f\u00f6r stroke och Parkinsonpatienter p\u00e5 Centro Forestal Sueco i Marbella. -Rehabprogrammet \u00e4r f\u00f6r dem som drabbats av stroke och sjukdomen Parkinson, sjukdomar [&hellip;]<\/p>\n","protected":false},"author":8,"featured_media":0,"comment_status":"open","ping_status":"open","sticky":false,"template":"","format":"standard","meta":{"_et_pb_use_builder":"","_et_pb_old_content":"","_et_gb_content_width":"","footnotes":""},"categories":[396,4],"tags":[],"class_list":["post-2389","post","type-post","status-publish","format-standard","hentry","category-arkiv-artiklar","category-artiklar"],"yoast_head":"<!-- This site is optimized with the Yoast SEO Premium plugin v26.2 (Yoast SEO v28.2) - https:\/\/yoast.com\/product\/yoast-seo-premium-wordpress\/ -->\n<title>Rehabtr\u00e4ning f\u00f6r stroke- och Parkinsonpatienter i Marbella - Svenska Magasinet<\/title>\n<meta name=\"robots\" content=\"noindex, follow, max-snippet:-1, max-image-preview:large, max-video-preview:-1\" \/>\n<meta property=\"og:locale\" content=\"sv_SE\" \/>\n<meta property=\"og:type\" content=\"article\" \/>\n<meta property=\"og:title\" content=\"Rehabtr\u00e4ning f\u00f6r stroke- och Parkinsonpatienter i Marbella\" \/>\n<meta property=\"og:description\" content=\"Stroke och Parkinson drabbar tiotusentals svenskar varje \u00e5r. Tr\u00e4ning i Sydspaniens milda och ljusa klimat g\u00f6r f\u00f6rb\u00e4ttrar situationen och livskvaliteten f\u00f6r de drabbade Av Ola Josefsson I mars 2008 arrangerar Neurooptima n\u00e4sta kurs f\u00f6r stroke och Parkinsonpatienter p\u00e5 Centro Forestal Sueco i Marbella. -Rehabprogrammet \u00e4r f\u00f6r dem som drabbats av stroke och sjukdomen Parkinson, sjukdomar [&hellip;]\" \/>\n<meta property=\"og:url\" content=\"https:\/\/lightweb.dev\/l\/svm-temp\/artiklar\/rehabtraning-for-stroke-och-parkinsonpatienter-i-marbella\/\" \/>\n<meta property=\"og:site_name\" content=\"Svenska Magasinet\" \/>\n<meta property=\"article:publisher\" content=\"https:\/\/www.facebook.com\/svenskamagasinet\" \/>\n<meta property=\"article:published_time\" content=\"2007-12-10T23:00:00+00:00\" \/>\n<meta name=\"author\" content=\"Redaktionen SvM\" \/>\n<meta name=\"twitter:card\" content=\"summary_large_image\" \/>\n<meta name=\"twitter:creator\" content=\"@SvenskaMagasine\" \/>\n<meta name=\"twitter:site\" content=\"@SvenskaMagasine\" \/>\n<script type=\"application\/ld+json\" class=\"yoast-schema-graph\">{\"@context\":\"https:\\\/\\\/schema.org\",\"@graph\":[{\"@type\":\"Article\",\"@id\":\"https:\\\/\\\/lightweb.dev\\\/l\\\/svm-temp\\\/artiklar\\\/rehabtraning-for-stroke-och-parkinsonpatienter-i-marbella\\\/#article\",\"isPartOf\":{\"@id\":\"https:\\\/\\\/lightweb.dev\\\/l\\\/svm-temp\\\/artiklar\\\/rehabtraning-for-stroke-och-parkinsonpatienter-i-marbella\\\/\"},\"author\":{\"name\":\"Redaktionen SvM\",\"@id\":\"https:\\\/\\\/lightweb.dev\\\/l\\\/svm-temp\\\/#\\\/schema\\\/person\\\/206a3bda5b607b0c25e1749191e4d837\"},\"headline\":\"Rehabtr\u00e4ning f\u00f6r stroke- och Parkinsonpatienter i Marbella\",\"datePublished\":\"2007-12-10T23:00:00+00:00\",\"mainEntityOfPage\":{\"@id\":\"https:\\\/\\\/lightweb.dev\\\/l\\\/svm-temp\\\/artiklar\\\/rehabtraning-for-stroke-och-parkinsonpatienter-i-marbella\\\/\"},\"wordCount\":378,\"commentCount\":0,\"publisher\":{\"@id\":\"https:\\\/\\\/lightweb.dev\\\/l\\\/svm-temp\\\/#organization\"},\"articleSection\":[\"Arkiv\",\"Artiklar\"],\"inLanguage\":\"sv-SE\"},{\"@type\":\"WebPage\",\"@id\":\"https:\\\/\\\/lightweb.dev\\\/l\\\/svm-temp\\\/artiklar\\\/rehabtraning-for-stroke-och-parkinsonpatienter-i-marbella\\\/\",\"url\":\"https:\\\/\\\/lightweb.dev\\\/l\\\/svm-temp\\\/artiklar\\\/rehabtraning-for-stroke-och-parkinsonpatienter-i-marbella\\\/\",\"name\":\"Rehabtr\u00e4ning f\u00f6r stroke- och Parkinsonpatienter i Marbella - Svenska Magasinet\",\"isPartOf\":{\"@id\":\"https:\\\/\\\/lightweb.dev\\\/l\\\/svm-temp\\\/#website\"},\"datePublished\":\"2007-12-10T23:00:00+00:00\",\"breadcrumb\":{\"@id\":\"https:\\\/\\\/lightweb.dev\\\/l\\\/svm-temp\\\/artiklar\\\/rehabtraning-for-stroke-och-parkinsonpatienter-i-marbella\\\/#breadcrumb\"},\"inLanguage\":\"sv-SE\",\"potentialAction\":[{\"@type\":\"ReadAction\",\"target\":[\"https:\\\/\\\/lightweb.dev\\\/l\\\/svm-temp\\\/artiklar\\\/rehabtraning-for-stroke-och-parkinsonpatienter-i-marbella\\\/\"]}]},{\"@type\":\"BreadcrumbList\",\"@id\":\"https:\\\/\\\/lightweb.dev\\\/l\\\/svm-temp\\\/artiklar\\\/rehabtraning-for-stroke-och-parkinsonpatienter-i-marbella\\\/#breadcrumb\",\"itemListElement\":[{\"@type\":\"ListItem\",\"position\":1,\"name\":\"Hem\",\"item\":\"https:\\\/\\\/lightweb.dev\\\/l\\\/svm-temp\\\/\"},{\"@type\":\"ListItem\",\"position\":2,\"name\":\"Rehabtr\u00e4ning f\u00f6r stroke- och Parkinsonpatienter i Marbella\"}]},{\"@type\":\"WebSite\",\"@id\":\"https:\\\/\\\/lightweb.dev\\\/l\\\/svm-temp\\\/#website\",\"url\":\"https:\\\/\\\/lightweb.dev\\\/l\\\/svm-temp\\\/\",\"name\":\"Svenska Magasinet\",\"description\":\"Dina Spanska nyheter p&aring; Svenska\",\"publisher\":{\"@id\":\"https:\\\/\\\/lightweb.dev\\\/l\\\/svm-temp\\\/#organization\"},\"potentialAction\":[{\"@type\":\"SearchAction\",\"target\":{\"@type\":\"EntryPoint\",\"urlTemplate\":\"https:\\\/\\\/lightweb.dev\\\/l\\\/svm-temp\\\/?s={search_term_string}\"},\"query-input\":{\"@type\":\"PropertyValueSpecification\",\"valueRequired\":true,\"valueName\":\"search_term_string\"}}],\"inLanguage\":\"sv-SE\"},{\"@type\":\"Organization\",\"@id\":\"https:\\\/\\\/lightweb.dev\\\/l\\\/svm-temp\\\/#organization\",\"name\":\"Melkerson y Nott SL\",\"alternateName\":\"Svenska Magasinet\",\"url\":\"https:\\\/\\\/lightweb.dev\\\/l\\\/svm-temp\\\/\",\"logo\":{\"@type\":\"ImageObject\",\"inLanguage\":\"sv-SE\",\"@id\":\"https:\\\/\\\/lightweb.dev\\\/l\\\/svm-temp\\\/#\\\/schema\\\/logo\\\/image\\\/\",\"url\":\"https:\\\/\\\/lightweb.dev\\\/l\\\/svm-temp\\\/wp-content\\\/uploads\\\/2025\\\/02\\\/SvM-logo-Xtra-Centrerad-SVART.png\",\"contentUrl\":\"https:\\\/\\\/lightweb.dev\\\/l\\\/svm-temp\\\/wp-content\\\/uploads\\\/2025\\\/02\\\/SvM-logo-Xtra-Centrerad-SVART.png\",\"width\":300,\"height\":99,\"caption\":\"Melkerson y Nott SL\"},\"image\":{\"@id\":\"https:\\\/\\\/lightweb.dev\\\/l\\\/svm-temp\\\/#\\\/schema\\\/logo\\\/image\\\/\"},\"sameAs\":[\"https:\\\/\\\/www.facebook.com\\\/svenskamagasinet\",\"https:\\\/\\\/x.com\\\/SvenskaMagasine\"]},{\"@type\":\"Person\",\"@id\":\"https:\\\/\\\/lightweb.dev\\\/l\\\/svm-temp\\\/#\\\/schema\\\/person\\\/206a3bda5b607b0c25e1749191e4d837\",\"name\":\"Redaktionen SvM\",\"description\":\"Redaktionen\",\"sameAs\":[\"https:\\\/\\\/lightweb.dev\\\/l\\\/svm-temp\"],\"url\":\"https:\\\/\\\/lightweb.dev\\\/l\\\/svm-temp\\\/reporter\\\/redaktionen\\\/\"}]}<\/script>\n<!-- \/ Yoast SEO Premium plugin. -->","yoast_head_json":{"title":"Rehabtr\u00e4ning f\u00f6r stroke- och Parkinsonpatienter i Marbella - Svenska Magasinet","robots":{"index":"noindex","follow":"follow","max-snippet":"max-snippet:-1","max-image-preview":"max-image-preview:large","max-video-preview":"max-video-preview:-1"},"og_locale":"sv_SE","og_type":"article","og_title":"Rehabtr\u00e4ning f\u00f6r stroke- och Parkinsonpatienter i Marbella","og_description":"Stroke och Parkinson drabbar tiotusentals svenskar varje \u00e5r. Tr\u00e4ning i Sydspaniens milda och ljusa klimat g\u00f6r f\u00f6rb\u00e4ttrar situationen och livskvaliteten f\u00f6r de drabbade Av Ola Josefsson I mars 2008 arrangerar Neurooptima n\u00e4sta kurs f\u00f6r stroke och Parkinsonpatienter p\u00e5 Centro Forestal Sueco i Marbella. -Rehabprogrammet \u00e4r f\u00f6r dem som drabbats av stroke och sjukdomen Parkinson, sjukdomar [&hellip;]","og_url":"https:\/\/lightweb.dev\/l\/svm-temp\/artiklar\/rehabtraning-for-stroke-och-parkinsonpatienter-i-marbella\/","og_site_name":"Svenska Magasinet","article_publisher":"https:\/\/www.facebook.com\/svenskamagasinet","article_published_time":"2007-12-10T23:00:00+00:00","author":"Redaktionen SvM","twitter_card":"summary_large_image","twitter_creator":"@SvenskaMagasine","twitter_site":"@SvenskaMagasine","schema":{"@context":"https:\/\/schema.org","@graph":[{"@type":"Article","@id":"https:\/\/lightweb.dev\/l\/svm-temp\/artiklar\/rehabtraning-for-stroke-och-parkinsonpatienter-i-marbella\/#article","isPartOf":{"@id":"https:\/\/lightweb.dev\/l\/svm-temp\/artiklar\/rehabtraning-for-stroke-och-parkinsonpatienter-i-marbella\/"},"author":{"name":"Redaktionen SvM","@id":"https:\/\/lightweb.dev\/l\/svm-temp\/#\/schema\/person\/206a3bda5b607b0c25e1749191e4d837"},"headline":"Rehabtr\u00e4ning f\u00f6r stroke- och Parkinsonpatienter i Marbella","datePublished":"2007-12-10T23:00:00+00:00","mainEntityOfPage":{"@id":"https:\/\/lightweb.dev\/l\/svm-temp\/artiklar\/rehabtraning-for-stroke-och-parkinsonpatienter-i-marbella\/"},"wordCount":378,"commentCount":0,"publisher":{"@id":"https:\/\/lightweb.dev\/l\/svm-temp\/#organization"},"articleSection":["Arkiv","Artiklar"],"inLanguage":"sv-SE"},{"@type":"WebPage","@id":"https:\/\/lightweb.dev\/l\/svm-temp\/artiklar\/rehabtraning-for-stroke-och-parkinsonpatienter-i-marbella\/","url":"https:\/\/lightweb.dev\/l\/svm-temp\/artiklar\/rehabtraning-for-stroke-och-parkinsonpatienter-i-marbella\/","name":"Rehabtr\u00e4ning f\u00f6r stroke- och Parkinsonpatienter i Marbella - Svenska Magasinet","isPartOf":{"@id":"https:\/\/lightweb.dev\/l\/svm-temp\/#website"},"datePublished":"2007-12-10T23:00:00+00:00","breadcrumb":{"@id":"https:\/\/lightweb.dev\/l\/svm-temp\/artiklar\/rehabtraning-for-stroke-och-parkinsonpatienter-i-marbella\/#breadcrumb"},"inLanguage":"sv-SE","potentialAction":[{"@type":"ReadAction","target":["https:\/\/lightweb.dev\/l\/svm-temp\/artiklar\/rehabtraning-for-stroke-och-parkinsonpatienter-i-marbella\/"]}]},{"@type":"BreadcrumbList","@id":"https:\/\/lightweb.dev\/l\/svm-temp\/artiklar\/rehabtraning-for-stroke-och-parkinsonpatienter-i-marbella\/#breadcrumb","itemListElement":[{"@type":"ListItem","position":1,"name":"Hem","item":"https:\/\/lightweb.dev\/l\/svm-temp\/"},{"@type":"ListItem","position":2,"name":"Rehabtr\u00e4ning f\u00f6r stroke- och Parkinsonpatienter i Marbella"}]},{"@type":"WebSite","@id":"https:\/\/lightweb.dev\/l\/svm-temp\/#website","url":"https:\/\/lightweb.dev\/l\/svm-temp\/","name":"Svenska Magasinet","description":"Dina Spanska nyheter p&aring; Svenska","publisher":{"@id":"https:\/\/lightweb.dev\/l\/svm-temp\/#organization"},"potentialAction":[{"@type":"SearchAction","target":{"@type":"EntryPoint","urlTemplate":"https:\/\/lightweb.dev\/l\/svm-temp\/?s={search_term_string}"},"query-input":{"@type":"PropertyValueSpecification","valueRequired":true,"valueName":"search_term_string"}}],"inLanguage":"sv-SE"},{"@type":"Organization","@id":"https:\/\/lightweb.dev\/l\/svm-temp\/#organization","name":"Melkerson y Nott SL","alternateName":"Svenska Magasinet","url":"https:\/\/lightweb.dev\/l\/svm-temp\/","logo":{"@type":"ImageObject","inLanguage":"sv-SE","@id":"https:\/\/lightweb.dev\/l\/svm-temp\/#\/schema\/logo\/image\/","url":"https:\/\/lightweb.dev\/l\/svm-temp\/wp-content\/uploads\/2025\/02\/SvM-logo-Xtra-Centrerad-SVART.png","contentUrl":"https:\/\/lightweb.dev\/l\/svm-temp\/wp-content\/uploads\/2025\/02\/SvM-logo-Xtra-Centrerad-SVART.png","width":300,"height":99,"caption":"Melkerson y Nott SL"},"image":{"@id":"https:\/\/lightweb.dev\/l\/svm-temp\/#\/schema\/logo\/image\/"},"sameAs":["https:\/\/www.facebook.com\/svenskamagasinet","https:\/\/x.com\/SvenskaMagasine"]},{"@type":"Person","@id":"https:\/\/lightweb.dev\/l\/svm-temp\/#\/schema\/person\/206a3bda5b607b0c25e1749191e4d837","name":"Redaktionen SvM","description":"Redaktionen","sameAs":["https:\/\/lightweb.dev\/l\/svm-temp"],"url":"https:\/\/lightweb.dev\/l\/svm-temp\/reporter\/redaktionen\/"}]}},"_links":{"self":[{"href":"https:\/\/lightweb.dev\/l\/svm-temp\/wp-json\/wp\/v2\/posts\/2389","targetHints":{"allow":["GET"]}}],"collection":[{"href":"https:\/\/lightweb.dev\/l\/svm-temp\/wp-json\/wp\/v2\/posts"}],"about":[{"href":"https:\/\/lightweb.dev\/l\/svm-temp\/wp-json\/wp\/v2\/types\/post"}],"author":[{"embeddable":true,"href":"https:\/\/lightweb.dev\/l\/svm-temp\/wp-json\/wp\/v2\/users\/8"}],"replies":[{"embeddable":true,"href":"https:\/\/lightweb.dev\/l\/svm-temp\/wp-json\/wp\/v2\/comments?post=2389"}],"version-history":[{"count":0,"href":"https:\/\/lightweb.dev\/l\/svm-temp\/wp-json\/wp\/v2\/posts\/2389\/revisions"}],"wp:attachment":[{"href":"https:\/\/lightweb.dev\/l\/svm-temp\/wp-json\/wp\/v2\/media?parent=2389"}],"wp:term":[{"taxonomy":"category","embeddable":true,"href":"https:\/\/lightweb.dev\/l\/svm-temp\/wp-json\/wp\/v2\/categories?post=2389"},{"taxonomy":"post_tag","embeddable":true,"href":"https:\/\/lightweb.dev\/l\/svm-temp\/wp-json\/wp\/v2\/tags?post=2389"}],"curies":[{"name":"wp","href":"https:\/\/api.w.org\/{rel}","templated":true}]}}