{"id":2410,"date":"2007-11-02T00:00:00","date_gmt":"2007-11-01T23:00:00","guid":{"rendered":"https:\/\/lightweb.dev\/l\/svm-temp\/fran-kaksaljare-till-halsohem\/"},"modified":"2007-11-02T00:00:00","modified_gmt":"2007-11-01T23:00:00","slug":"fran-kaksaljare-till-halsohem","status":"publish","type":"post","link":"https:\/\/lightweb.dev\/l\/svm-temp\/artiklar\/fran-kaksaljare-till-halsohem\/","title":{"rendered":"Fr\u00e5n kaks\u00e4ljare till h\u00e4lsohem"},"content":{"rendered":"<p> Luis Martin\u00e9z var kaktillverkaren fr\u00e5n Santander och Burgos med 1.600 anst\u00e4llda som sadlade om och byggde ett av M\u00e1lagaprovinsens modernaste h\u00e4lsoboende. Han ligger bakom Sol Andalus\u00ed i Alhaurin de la Torre Av Ola Josefsson<\/p>\n<p>Moderna bekv\u00e4mligheter, rekreationsutbud och god service, Sol Andalus\u00ed ett kombinerat h\u00e4lsohem med bost\u00e4der och det har inte undg\u00e5tt v\u00e5r uppm\u00e4rksamhet p\u00e5 on tour Solkusten.<\/p>\n<p>Fr\u00e5n 228.000<br \/>\nP\u00e5 anl\u00e4ggningen jobbar svensken Christian Rasmusson med ansvar f\u00f6r f\u00f6rs\u00e4ljning av l\u00e4genheter. H\u00e4r finns l\u00e4genheter med ett sovrum upp till fem sovrum och priserna ligger mellan 228.000 euro till 700.000 euro.<br \/>\nH\u00e4r finns spa-avdelning med inte mindre \u00e4n 69 olika spabehandlingar. H\u00e4r finns ett fitnesscenter med modern gymutrustning med b\u00e5de maskiner, fria vikter och instrukt\u00f6rer plus en liten v\u00e5rdcentral med l\u00e4kare och sjuksk\u00f6terska. Ett antal mindre konstgjorda sj\u00f6ar, modell g\u00f6lar, finns i omr\u00e5det. N\u00e4r Svenska Magasinet bes\u00f6ker platsen anl\u00e4ggs en fotbollsplan som ska locka hit proffsklubbar fr\u00e5n Nordeuropa p\u00e5 tr\u00e4ningsl\u00e4ger.<\/p>\n<p>Golf<br \/>\nH\u00e4r finns vandringsleder, h\u00e4stuthyrning, tennis, paddeltennis och det projekteras f\u00f6r en nioh\u00e5ls golfbana. Fram till att golfbanan \u00e4r klar har boende och g\u00e4ster p\u00e5 Sol Andalus\u00ed f\u00f6rm\u00e5nliga priser p\u00e5 Lauro Golf, 3 km d\u00e4rifr\u00e5n.<br \/>\nInne p\u00e5 anl\u00e4ggningen finns pianobar och dansgolv, och en liten livsmedelsbutik. Sol Andalus\u00ed l\u00e4mpar sig \u00e4ven f\u00f6r konferenser och sammantr\u00e4den. H\u00e4r finns tio olika konferenssalar som tar allt fr\u00e5n 15 personer upp till 300 personer.<br \/>\nVill du fara till stranden har anl\u00e4ggningen en liten buss och v\u00e4l p\u00e5 stranden har du 15 procents rabatt i strandbaren utanf\u00f6r Torremolinos.<\/p>\n<p>Rehab<br \/>\nTill Sol Andalus\u00ed kommer grupper av svenskar p\u00e5 behandling, och de blir barn p\u00e5 nytt, enligt Christian. Anl\u00e4ggningen \u00e4r utrustad med olika slag av handikapphj\u00e4lpmedel.<br \/>\n-De kommer med sina rullstolar och v\u00e5rdare. Sedan v\u00e4ntar rehab och sjukv\u00e5rdsgymnastik. Sol Andalus\u00ed har fina och \u00e4ndam\u00e5lsenliga lokaler med fantastiska m\u00f6jligheter till s\u00e5dan v\u00e5rd.<br \/>\nAnl\u00e4ggningen ligger i ett natursk\u00f6nt andalusiskt omr\u00e5de. S\u00f6derut reser sig Mijasbergen och runt omkring ligger frukt och gr\u00f6nsaksodlingar. Men n\u00e5gra kilometer fr\u00e5n Solandalus ligger M\u00e1lagas f\u00e5ngv\u00e5rdsanstalt.<\/p>\n<p>Vad s\u00e4ger bes\u00f6karna n\u00e4r de f\u00e5r veta att de bor granne med f\u00e4ngelset?<br \/>\n-Faktum \u00e4r att 90 procent av v\u00e5ra g\u00e4ster inte vet om att det \u00e4r ett f\u00e4ngelse. M\u00e5nga av v\u00e5ra spanska g\u00e4ster k\u00e4nner till att anstalten haft bes\u00f6k av m\u00e5nga k\u00e4ndisar, s\u00e4ger Christian Rasmusson.<br \/>\nJulian Mu\u00f1oz och Isabel Pantoja har suttit p\u00e5 anstalten. I st\u00e4llet skojas det ganska friskt om detta d\u00e5 man talar om f\u00f6r sina v\u00e4nner och sl\u00e4ktingar hemma att \u201dvi har bott i samma omr\u00e5de som dem \u2013 dock inte i samma byggnad\u201d, eller modul \u00e4r v\u00e4l b\u00e4st att till\u00e4gga\u2026<br \/>\n-Alhaurin de la Torre \u00e4r ett s\u00e4kert och tryggt omr\u00e5de. P\u00e5 v\u00e5r anl\u00e4ggning har vi bevakning dygnet runt, det \u00e4r en s\u00e4ker zon, till\u00e4gger Christian Rasmusson.<\/p>\n<p>K\u00f6p per m\u00e5nad<br \/>\nChristan har kunder som varit bosatta p\u00e5 Solkusten i flera \u00e5r. P\u00e5 \u00e5lderns h\u00f6st har de gjort sig av med villan f\u00f6r att i st\u00e4llet k\u00f6pa en l\u00e4genhet med service utanf\u00f6r d\u00f6rren. L\u00e4genheterna \u00e4r ljusa och fina och blev klara 2005. Cirka 15 olika nationaliteter bor f\u00f6r n\u00e4rvarande p\u00e5 omr\u00e5det.<br \/>\nP\u00e5 Sol Andalus\u00ed kan du \u00e4ven k\u00f6pa din l\u00e4genhet per m\u00e5nad. L\u00e5ter det som timeshare eller andelsl\u00e4genhet? Detta \u00e4r n\u00e5got annat.<br \/>\n-Du k\u00f6per tre m\u00e5nader om \u00e5ret och \u00e4ger p\u00e5 s\u00e5 s\u00e4tt 25 procent av bostaden. Du vill kanske b\u00f6rja med att bo p\u00e5 anl\u00e4ggningen en m\u00e5nad p\u00e5 h\u00f6sten och tv\u00e5 m\u00e5nader p\u00e5 v\u00e5ren. Du kanske trivs s\u00e5 bra att du sedan k\u00f6per hela l\u00e4genheten, f\u00f6rklarar Christan Rasmusson, s\u00e4ljare av l\u00e4genheter p\u00e5 Sol Andalus\u00ed.<br \/>\nN\u00e4sta \u00e5r inleds fas 2. Fler l\u00e4genheter, st\u00f6rre v\u00e5rdcentral och f\u00f6rsamlingshus eller kyrkolokal ska byggas p\u00e5 omr\u00e5det. <\/p>\n","protected":false},"excerpt":{"rendered":"<p>Luis Martin\u00e9z var kaktillverkaren fr\u00e5n Santander och Burgos med 1.600 anst\u00e4llda som sadlade om och byggde ett av M\u00e1lagaprovinsens modernaste h\u00e4lsoboende. Han ligger bakom Sol Andalus\u00ed i Alhaurin de la Torre Av Ola Josefsson Moderna bekv\u00e4mligheter, rekreationsutbud och god service, Sol Andalus\u00ed ett kombinerat h\u00e4lsohem med bost\u00e4der och det har inte undg\u00e5tt v\u00e5r uppm\u00e4rksamhet p\u00e5 [&hellip;]<\/p>\n","protected":false},"author":8,"featured_media":2411,"comment_status":"open","ping_status":"open","sticky":false,"template":"","format":"standard","meta":{"_et_pb_use_builder":"","_et_pb_old_content":"","_et_gb_content_width":"","footnotes":""},"categories":[396,4],"tags":[],"class_list":["post-2410","post","type-post","status-publish","format-standard","has-post-thumbnail","hentry","category-arkiv-artiklar","category-artiklar"],"yoast_head":"<!-- This site is optimized with the Yoast SEO Premium plugin v26.2 (Yoast SEO v28.2) - https:\/\/yoast.com\/product\/yoast-seo-premium-wordpress\/ -->\n<title>Fr\u00e5n kaks\u00e4ljare till h\u00e4lsohem - Svenska Magasinet<\/title>\n<meta name=\"robots\" content=\"noindex, follow, max-snippet:-1, max-image-preview:large, max-video-preview:-1\" \/>\n<meta property=\"og:locale\" content=\"sv_SE\" \/>\n<meta property=\"og:type\" content=\"article\" \/>\n<meta property=\"og:title\" content=\"Fr\u00e5n kaks\u00e4ljare till h\u00e4lsohem\" \/>\n<meta property=\"og:description\" content=\"Luis Martin\u00e9z var kaktillverkaren fr\u00e5n Santander och Burgos med 1.600 anst\u00e4llda som sadlade om och byggde ett av M\u00e1lagaprovinsens modernaste h\u00e4lsoboende. Han ligger bakom Sol Andalus\u00ed i Alhaurin de la Torre Av Ola Josefsson Moderna bekv\u00e4mligheter, rekreationsutbud och god service, Sol Andalus\u00ed ett kombinerat h\u00e4lsohem med bost\u00e4der och det har inte undg\u00e5tt v\u00e5r uppm\u00e4rksamhet p\u00e5 [&hellip;]\" \/>\n<meta property=\"og:url\" content=\"https:\/\/lightweb.dev\/l\/svm-temp\/artiklar\/fran-kaksaljare-till-halsohem\/\" \/>\n<meta property=\"og:site_name\" content=\"Svenska Magasinet\" \/>\n<meta property=\"article:publisher\" content=\"https:\/\/www.facebook.com\/svenskamagasinet\" \/>\n<meta property=\"article:published_time\" content=\"2007-11-01T23:00:00+00:00\" \/>\n<meta property=\"og:image\" content=\"https:\/\/lightweb.dev\/l\/svm-temp\/wp-content\/uploads\/2022\/04\/frn-kaksljare-till-hlsohem.png\" \/>\n\t<meta property=\"og:image:width\" content=\"397\" \/>\n\t<meta property=\"og:image:height\" content=\"200\" \/>\n\t<meta property=\"og:image:type\" content=\"image\/png\" \/>\n<meta name=\"author\" content=\"Redaktionen SvM\" \/>\n<meta name=\"twitter:card\" content=\"summary_large_image\" \/>\n<meta name=\"twitter:creator\" content=\"@SvenskaMagasine\" \/>\n<meta name=\"twitter:site\" content=\"@SvenskaMagasine\" \/>\n<script type=\"application\/ld+json\" class=\"yoast-schema-graph\">{\"@context\":\"https:\\\/\\\/schema.org\",\"@graph\":[{\"@type\":\"Article\",\"@id\":\"https:\\\/\\\/lightweb.dev\\\/l\\\/svm-temp\\\/artiklar\\\/fran-kaksaljare-till-halsohem\\\/#article\",\"isPartOf\":{\"@id\":\"https:\\\/\\\/lightweb.dev\\\/l\\\/svm-temp\\\/artiklar\\\/fran-kaksaljare-till-halsohem\\\/\"},\"author\":{\"name\":\"Redaktionen SvM\",\"@id\":\"https:\\\/\\\/lightweb.dev\\\/l\\\/svm-temp\\\/#\\\/schema\\\/person\\\/206a3bda5b607b0c25e1749191e4d837\"},\"headline\":\"Fr\u00e5n kaks\u00e4ljare till h\u00e4lsohem\",\"datePublished\":\"2007-11-01T23:00:00+00:00\",\"mainEntityOfPage\":{\"@id\":\"https:\\\/\\\/lightweb.dev\\\/l\\\/svm-temp\\\/artiklar\\\/fran-kaksaljare-till-halsohem\\\/\"},\"wordCount\":719,\"commentCount\":0,\"publisher\":{\"@id\":\"https:\\\/\\\/lightweb.dev\\\/l\\\/svm-temp\\\/#organization\"},\"image\":{\"@id\":\"https:\\\/\\\/lightweb.dev\\\/l\\\/svm-temp\\\/artiklar\\\/fran-kaksaljare-till-halsohem\\\/#primaryimage\"},\"thumbnailUrl\":\"https:\\\/\\\/lightweb.dev\\\/l\\\/svm-temp\\\/wp-content\\\/uploads\\\/2022\\\/04\\\/frn-kaksljare-till-hlsohem.png\",\"articleSection\":[\"Arkiv\",\"Artiklar\"],\"inLanguage\":\"sv-SE\"},{\"@type\":\"WebPage\",\"@id\":\"https:\\\/\\\/lightweb.dev\\\/l\\\/svm-temp\\\/artiklar\\\/fran-kaksaljare-till-halsohem\\\/\",\"url\":\"https:\\\/\\\/lightweb.dev\\\/l\\\/svm-temp\\\/artiklar\\\/fran-kaksaljare-till-halsohem\\\/\",\"name\":\"Fr\u00e5n kaks\u00e4ljare till h\u00e4lsohem - Svenska Magasinet\",\"isPartOf\":{\"@id\":\"https:\\\/\\\/lightweb.dev\\\/l\\\/svm-temp\\\/#website\"},\"primaryImageOfPage\":{\"@id\":\"https:\\\/\\\/lightweb.dev\\\/l\\\/svm-temp\\\/artiklar\\\/fran-kaksaljare-till-halsohem\\\/#primaryimage\"},\"image\":{\"@id\":\"https:\\\/\\\/lightweb.dev\\\/l\\\/svm-temp\\\/artiklar\\\/fran-kaksaljare-till-halsohem\\\/#primaryimage\"},\"thumbnailUrl\":\"https:\\\/\\\/lightweb.dev\\\/l\\\/svm-temp\\\/wp-content\\\/uploads\\\/2022\\\/04\\\/frn-kaksljare-till-hlsohem.png\",\"datePublished\":\"2007-11-01T23:00:00+00:00\",\"breadcrumb\":{\"@id\":\"https:\\\/\\\/lightweb.dev\\\/l\\\/svm-temp\\\/artiklar\\\/fran-kaksaljare-till-halsohem\\\/#breadcrumb\"},\"inLanguage\":\"sv-SE\",\"potentialAction\":[{\"@type\":\"ReadAction\",\"target\":[\"https:\\\/\\\/lightweb.dev\\\/l\\\/svm-temp\\\/artiklar\\\/fran-kaksaljare-till-halsohem\\\/\"]}]},{\"@type\":\"ImageObject\",\"inLanguage\":\"sv-SE\",\"@id\":\"https:\\\/\\\/lightweb.dev\\\/l\\\/svm-temp\\\/artiklar\\\/fran-kaksaljare-till-halsohem\\\/#primaryimage\",\"url\":\"https:\\\/\\\/lightweb.dev\\\/l\\\/svm-temp\\\/wp-content\\\/uploads\\\/2022\\\/04\\\/frn-kaksljare-till-hlsohem.png\",\"contentUrl\":\"https:\\\/\\\/lightweb.dev\\\/l\\\/svm-temp\\\/wp-content\\\/uploads\\\/2022\\\/04\\\/frn-kaksljare-till-hlsohem.png\",\"width\":397,\"height\":200},{\"@type\":\"BreadcrumbList\",\"@id\":\"https:\\\/\\\/lightweb.dev\\\/l\\\/svm-temp\\\/artiklar\\\/fran-kaksaljare-till-halsohem\\\/#breadcrumb\",\"itemListElement\":[{\"@type\":\"ListItem\",\"position\":1,\"name\":\"Hem\",\"item\":\"https:\\\/\\\/lightweb.dev\\\/l\\\/svm-temp\\\/\"},{\"@type\":\"ListItem\",\"position\":2,\"name\":\"Fr\u00e5n kaks\u00e4ljare till h\u00e4lsohem\"}]},{\"@type\":\"WebSite\",\"@id\":\"https:\\\/\\\/lightweb.dev\\\/l\\\/svm-temp\\\/#website\",\"url\":\"https:\\\/\\\/lightweb.dev\\\/l\\\/svm-temp\\\/\",\"name\":\"Svenska Magasinet\",\"description\":\"Dina Spanska nyheter p&aring; Svenska\",\"publisher\":{\"@id\":\"https:\\\/\\\/lightweb.dev\\\/l\\\/svm-temp\\\/#organization\"},\"potentialAction\":[{\"@type\":\"SearchAction\",\"target\":{\"@type\":\"EntryPoint\",\"urlTemplate\":\"https:\\\/\\\/lightweb.dev\\\/l\\\/svm-temp\\\/?s={search_term_string}\"},\"query-input\":{\"@type\":\"PropertyValueSpecification\",\"valueRequired\":true,\"valueName\":\"search_term_string\"}}],\"inLanguage\":\"sv-SE\"},{\"@type\":\"Organization\",\"@id\":\"https:\\\/\\\/lightweb.dev\\\/l\\\/svm-temp\\\/#organization\",\"name\":\"Melkerson y Nott SL\",\"alternateName\":\"Svenska Magasinet\",\"url\":\"https:\\\/\\\/lightweb.dev\\\/l\\\/svm-temp\\\/\",\"logo\":{\"@type\":\"ImageObject\",\"inLanguage\":\"sv-SE\",\"@id\":\"https:\\\/\\\/lightweb.dev\\\/l\\\/svm-temp\\\/#\\\/schema\\\/logo\\\/image\\\/\",\"url\":\"https:\\\/\\\/lightweb.dev\\\/l\\\/svm-temp\\\/wp-content\\\/uploads\\\/2025\\\/02\\\/SvM-logo-Xtra-Centrerad-SVART.png\",\"contentUrl\":\"https:\\\/\\\/lightweb.dev\\\/l\\\/svm-temp\\\/wp-content\\\/uploads\\\/2025\\\/02\\\/SvM-logo-Xtra-Centrerad-SVART.png\",\"width\":300,\"height\":99,\"caption\":\"Melkerson y Nott SL\"},\"image\":{\"@id\":\"https:\\\/\\\/lightweb.dev\\\/l\\\/svm-temp\\\/#\\\/schema\\\/logo\\\/image\\\/\"},\"sameAs\":[\"https:\\\/\\\/www.facebook.com\\\/svenskamagasinet\",\"https:\\\/\\\/x.com\\\/SvenskaMagasine\"]},{\"@type\":\"Person\",\"@id\":\"https:\\\/\\\/lightweb.dev\\\/l\\\/svm-temp\\\/#\\\/schema\\\/person\\\/206a3bda5b607b0c25e1749191e4d837\",\"name\":\"Redaktionen SvM\",\"description\":\"Redaktionen\",\"sameAs\":[\"https:\\\/\\\/lightweb.dev\\\/l\\\/svm-temp\"],\"url\":\"https:\\\/\\\/lightweb.dev\\\/l\\\/svm-temp\\\/reporter\\\/redaktionen\\\/\"}]}<\/script>\n<!-- \/ Yoast SEO Premium plugin. -->","yoast_head_json":{"title":"Fr\u00e5n kaks\u00e4ljare till h\u00e4lsohem - Svenska Magasinet","robots":{"index":"noindex","follow":"follow","max-snippet":"max-snippet:-1","max-image-preview":"max-image-preview:large","max-video-preview":"max-video-preview:-1"},"og_locale":"sv_SE","og_type":"article","og_title":"Fr\u00e5n kaks\u00e4ljare till h\u00e4lsohem","og_description":"Luis Martin\u00e9z var kaktillverkaren fr\u00e5n Santander och Burgos med 1.600 anst\u00e4llda som sadlade om och byggde ett av M\u00e1lagaprovinsens modernaste h\u00e4lsoboende. Han ligger bakom Sol Andalus\u00ed i Alhaurin de la Torre Av Ola Josefsson Moderna bekv\u00e4mligheter, rekreationsutbud och god service, Sol Andalus\u00ed ett kombinerat h\u00e4lsohem med bost\u00e4der och det har inte undg\u00e5tt v\u00e5r uppm\u00e4rksamhet p\u00e5 [&hellip;]","og_url":"https:\/\/lightweb.dev\/l\/svm-temp\/artiklar\/fran-kaksaljare-till-halsohem\/","og_site_name":"Svenska Magasinet","article_publisher":"https:\/\/www.facebook.com\/svenskamagasinet","article_published_time":"2007-11-01T23:00:00+00:00","og_image":[{"width":397,"height":200,"url":"https:\/\/lightweb.dev\/l\/svm-temp\/wp-content\/uploads\/2022\/04\/frn-kaksljare-till-hlsohem.png","type":"image\/png"}],"author":"Redaktionen SvM","twitter_card":"summary_large_image","twitter_creator":"@SvenskaMagasine","twitter_site":"@SvenskaMagasine","schema":{"@context":"https:\/\/schema.org","@graph":[{"@type":"Article","@id":"https:\/\/lightweb.dev\/l\/svm-temp\/artiklar\/fran-kaksaljare-till-halsohem\/#article","isPartOf":{"@id":"https:\/\/lightweb.dev\/l\/svm-temp\/artiklar\/fran-kaksaljare-till-halsohem\/"},"author":{"name":"Redaktionen SvM","@id":"https:\/\/lightweb.dev\/l\/svm-temp\/#\/schema\/person\/206a3bda5b607b0c25e1749191e4d837"},"headline":"Fr\u00e5n kaks\u00e4ljare till h\u00e4lsohem","datePublished":"2007-11-01T23:00:00+00:00","mainEntityOfPage":{"@id":"https:\/\/lightweb.dev\/l\/svm-temp\/artiklar\/fran-kaksaljare-till-halsohem\/"},"wordCount":719,"commentCount":0,"publisher":{"@id":"https:\/\/lightweb.dev\/l\/svm-temp\/#organization"},"image":{"@id":"https:\/\/lightweb.dev\/l\/svm-temp\/artiklar\/fran-kaksaljare-till-halsohem\/#primaryimage"},"thumbnailUrl":"https:\/\/lightweb.dev\/l\/svm-temp\/wp-content\/uploads\/2022\/04\/frn-kaksljare-till-hlsohem.png","articleSection":["Arkiv","Artiklar"],"inLanguage":"sv-SE"},{"@type":"WebPage","@id":"https:\/\/lightweb.dev\/l\/svm-temp\/artiklar\/fran-kaksaljare-till-halsohem\/","url":"https:\/\/lightweb.dev\/l\/svm-temp\/artiklar\/fran-kaksaljare-till-halsohem\/","name":"Fr\u00e5n kaks\u00e4ljare till h\u00e4lsohem - Svenska Magasinet","isPartOf":{"@id":"https:\/\/lightweb.dev\/l\/svm-temp\/#website"},"primaryImageOfPage":{"@id":"https:\/\/lightweb.dev\/l\/svm-temp\/artiklar\/fran-kaksaljare-till-halsohem\/#primaryimage"},"image":{"@id":"https:\/\/lightweb.dev\/l\/svm-temp\/artiklar\/fran-kaksaljare-till-halsohem\/#primaryimage"},"thumbnailUrl":"https:\/\/lightweb.dev\/l\/svm-temp\/wp-content\/uploads\/2022\/04\/frn-kaksljare-till-hlsohem.png","datePublished":"2007-11-01T23:00:00+00:00","breadcrumb":{"@id":"https:\/\/lightweb.dev\/l\/svm-temp\/artiklar\/fran-kaksaljare-till-halsohem\/#breadcrumb"},"inLanguage":"sv-SE","potentialAction":[{"@type":"ReadAction","target":["https:\/\/lightweb.dev\/l\/svm-temp\/artiklar\/fran-kaksaljare-till-halsohem\/"]}]},{"@type":"ImageObject","inLanguage":"sv-SE","@id":"https:\/\/lightweb.dev\/l\/svm-temp\/artiklar\/fran-kaksaljare-till-halsohem\/#primaryimage","url":"https:\/\/lightweb.dev\/l\/svm-temp\/wp-content\/uploads\/2022\/04\/frn-kaksljare-till-hlsohem.png","contentUrl":"https:\/\/lightweb.dev\/l\/svm-temp\/wp-content\/uploads\/2022\/04\/frn-kaksljare-till-hlsohem.png","width":397,"height":200},{"@type":"BreadcrumbList","@id":"https:\/\/lightweb.dev\/l\/svm-temp\/artiklar\/fran-kaksaljare-till-halsohem\/#breadcrumb","itemListElement":[{"@type":"ListItem","position":1,"name":"Hem","item":"https:\/\/lightweb.dev\/l\/svm-temp\/"},{"@type":"ListItem","position":2,"name":"Fr\u00e5n kaks\u00e4ljare till h\u00e4lsohem"}]},{"@type":"WebSite","@id":"https:\/\/lightweb.dev\/l\/svm-temp\/#website","url":"https:\/\/lightweb.dev\/l\/svm-temp\/","name":"Svenska Magasinet","description":"Dina Spanska nyheter p&aring; Svenska","publisher":{"@id":"https:\/\/lightweb.dev\/l\/svm-temp\/#organization"},"potentialAction":[{"@type":"SearchAction","target":{"@type":"EntryPoint","urlTemplate":"https:\/\/lightweb.dev\/l\/svm-temp\/?s={search_term_string}"},"query-input":{"@type":"PropertyValueSpecification","valueRequired":true,"valueName":"search_term_string"}}],"inLanguage":"sv-SE"},{"@type":"Organization","@id":"https:\/\/lightweb.dev\/l\/svm-temp\/#organization","name":"Melkerson y Nott SL","alternateName":"Svenska Magasinet","url":"https:\/\/lightweb.dev\/l\/svm-temp\/","logo":{"@type":"ImageObject","inLanguage":"sv-SE","@id":"https:\/\/lightweb.dev\/l\/svm-temp\/#\/schema\/logo\/image\/","url":"https:\/\/lightweb.dev\/l\/svm-temp\/wp-content\/uploads\/2025\/02\/SvM-logo-Xtra-Centrerad-SVART.png","contentUrl":"https:\/\/lightweb.dev\/l\/svm-temp\/wp-content\/uploads\/2025\/02\/SvM-logo-Xtra-Centrerad-SVART.png","width":300,"height":99,"caption":"Melkerson y Nott SL"},"image":{"@id":"https:\/\/lightweb.dev\/l\/svm-temp\/#\/schema\/logo\/image\/"},"sameAs":["https:\/\/www.facebook.com\/svenskamagasinet","https:\/\/x.com\/SvenskaMagasine"]},{"@type":"Person","@id":"https:\/\/lightweb.dev\/l\/svm-temp\/#\/schema\/person\/206a3bda5b607b0c25e1749191e4d837","name":"Redaktionen SvM","description":"Redaktionen","sameAs":["https:\/\/lightweb.dev\/l\/svm-temp"],"url":"https:\/\/lightweb.dev\/l\/svm-temp\/reporter\/redaktionen\/"}]}},"_links":{"self":[{"href":"https:\/\/lightweb.dev\/l\/svm-temp\/wp-json\/wp\/v2\/posts\/2410","targetHints":{"allow":["GET"]}}],"collection":[{"href":"https:\/\/lightweb.dev\/l\/svm-temp\/wp-json\/wp\/v2\/posts"}],"about":[{"href":"https:\/\/lightweb.dev\/l\/svm-temp\/wp-json\/wp\/v2\/types\/post"}],"author":[{"embeddable":true,"href":"https:\/\/lightweb.dev\/l\/svm-temp\/wp-json\/wp\/v2\/users\/8"}],"replies":[{"embeddable":true,"href":"https:\/\/lightweb.dev\/l\/svm-temp\/wp-json\/wp\/v2\/comments?post=2410"}],"version-history":[{"count":0,"href":"https:\/\/lightweb.dev\/l\/svm-temp\/wp-json\/wp\/v2\/posts\/2410\/revisions"}],"wp:featuredmedia":[{"embeddable":true,"href":"https:\/\/lightweb.dev\/l\/svm-temp\/wp-json\/wp\/v2\/media\/2411"}],"wp:attachment":[{"href":"https:\/\/lightweb.dev\/l\/svm-temp\/wp-json\/wp\/v2\/media?parent=2410"}],"wp:term":[{"taxonomy":"category","embeddable":true,"href":"https:\/\/lightweb.dev\/l\/svm-temp\/wp-json\/wp\/v2\/categories?post=2410"},{"taxonomy":"post_tag","embeddable":true,"href":"https:\/\/lightweb.dev\/l\/svm-temp\/wp-json\/wp\/v2\/tags?post=2410"}],"curies":[{"name":"wp","href":"https:\/\/api.w.org\/{rel}","templated":true}]}}