{"id":2498,"date":"2008-12-02T00:00:00","date_gmt":"2008-12-01T23:00:00","guid":{"rendered":"https:\/\/lightweb.dev\/l\/svm-temp\/resident-eller-ej-resident-det-ar-fragan\/"},"modified":"2008-12-02T00:00:00","modified_gmt":"2008-12-01T23:00:00","slug":"resident-eller-ej-resident-det-ar-fragan","status":"publish","type":"post","link":"https:\/\/lightweb.dev\/l\/svm-temp\/artiklar\/resident-eller-ej-resident-det-ar-fragan\/","title":{"rendered":"Resident eller ej resident \u2013 det \u00e4r fr\u00e5gan"},"content":{"rendered":"<p> Den fr\u00e5ga som orsakar mest huvudbry hos svenskarna i Spanien \u00e4r fr\u00e5gan om att bli resident eller ej i Spanien. Bo Wennertorp fr\u00e5n den svenska revisionsbyr\u00e5n Global Accounting SL reder ut begreppen i denna artikel. Om du \u00e4r resident eller ej i Spanien beror p\u00e5 hur m\u00e5nga dagar du vistas i Spanien per \u00e5r. Om du vistas mer \u00e4n halva \u00e5ret (p\u00e5 skattespr\u00e5k minst 183 dagar per \u00e5r) \u00e4r du resident i Spanien vare sig du vill eller ej. Du kan offentligg\u00f6ra detta genom att hos nationalpolisen ans\u00f6ka om att bli registrerad som resident. Samma dag som ans\u00f6kan inl\u00e4mnas f\u00e5r du bekr\u00e4ftelsen i form av ett intyg skrivet p\u00e5 ett gr\u00f6nt A4ark. Tidigare fick man \u00e4ven en legitimation. Detta togs bort v\u00e5ren 2007.<\/p>\n<p>Vad \u00e4r d\u00e5 f\u00f6rdelen med att vara resident;<br \/>\n\u2022 Du blir skattskyldig i Spanien och betalar spansk inkomstskatt p\u00e5 dina inkomster vilket m\u00e5nga anser vara rimligt n\u00e4r man bor i Spanien. T\u00e4nk emellertid p\u00e5 att kanske \u00e4ven det svenska skatteverket vill ha skatt. Men f\u00f6r detta finns ett avr\u00e4kningssystem.<br \/>\n\u2022 Du f\u00e5r r\u00f6sta i de spanska kommunalvalen<br \/>\n\u2022 Om du \u00e4ger en bostad (villa eller l\u00e4genhet) men vill byta upp dig f\u00e5r du uppskov med reavinsten under f\u00f6ruts\u00e4ttning att den nya bostaden \u00e4r minst lika dyr som den avyttrade. Den nya bostaden m\u00e5ste anskaffas inom rimlig tid. Ett spanskt uppskov medf\u00f6r att reavinsten p\u00e5 den avyttrade fastigheten f\u00f6rsvinner. Du m\u00e5ste ha bott p\u00e5 den avyttrade fastigheten i minst tre \u00e5r.<br \/>\n\u2022 Om du fyllt 65 \u00e5r och avyttrar din permanentbostad d\u00e4r du bott i minst tre \u00e5r kan du f\u00e5 slippa betala reavinstskatt.<br \/>\n\u2022 Om du \u00e4r inskriven i spansk f\u00f6rs\u00e4kringskassa och \u00e4r pensionerad f\u00e5r du all offentlig l\u00e4karv\u00e5rd och n\u00f6dv\u00e4ndiga mediciner helt gratis. Ej resident person som tillh\u00f6r svensk f\u00f6rs\u00e4kringskassa f\u00e5r bara akut l\u00e4karv\u00e5rd gratis.<br \/>\n\u2022 Om du arbetar i Spanien betalar du inkomstskatt enligt en l\u00e4gre tabell. Ej resident person som arbetar i Spanien betalar alltid 24 % skatt p\u00e5 sin spanska l\u00f6n. Den spanska skatteskalan ger vid en inkomst om ca 45.000 euro per \u00e5r en skatt om 24%.<br \/>\n\u2022 Som resident slipper du betala ett f\u00f6rm\u00e5nsv\u00e4rde p\u00e5 din spanska fastighet.<br \/>\n\u2022 V\u00e4rdepappersaff\u00e4rer (reavinster, r\u00e4ntor och utdelningar) skall deklareras i Spanien vilket medf\u00f6r i stort sett en halvering av skatten j\u00e4mf\u00f6rt med svensk skatt.<br \/>\n\u2022 Om du \u00e4r skattem\u00e4ssigt utskriven fr\u00e5n Sverige s\u00e4nks din svenska skatt till 25 % vilket f\u00f6r en del n\u00e4rmast \u00e4r en halvering av den svenska skatten.<br \/>\n\u2022 Din spanska hemortskommun f\u00e5r ett statligt bidrag f\u00f6r alla som bor i kommunen.<br \/>\n\u2022 Som resident har du alla f\u00f6rdelar och r\u00e4ttigheter som en spanjor har. Enda undantaget \u00e4r att du ej f\u00e5r r\u00f6sta i valet till spanska parlamentet.<\/p>\n<p>Vad \u00e4r f\u00f6rdelen med att vara ej resident;<br \/>\n\u2022 Man slipper deklarera sina inkomster i Spanien. Enbart den statliga deklarationen av fastighetsinnehavet beh\u00f6ver deklareras f\u00f6r den som \u00e4ger sin spanska bostad.<br \/>\n\u2022 M\u00e5nga vill \u201dflyta omkring\u201d utan att finnas i n\u00e5got spanskt register.<br \/>\n\u2022 Den som inte kan bli skattem\u00e4ssigt utskriven ur Sverige kan uppleva det jobbigt att vara resident i tv\u00e5 l\u00e4nder och v\u00e4ljer d\u00e5 att vara resident i enbart Sverige.<\/p>\n<p>F\u00f6r att kunna k\u00f6pa en bostad i Spanien m\u00e5ste du ha ett spanskt personnummer, NIE. Detta har inget med residencia att g\u00f6ra. T\u00e4nk p\u00e5 att denna artikel \u00e4r allm\u00e4n och kanske inte passar in p\u00e5 din situation. R\u00e5dg\u00f6r alltid med en erfaren revisor eller advokat. <\/p>\n","protected":false},"excerpt":{"rendered":"<p>Den fr\u00e5ga som orsakar mest huvudbry hos svenskarna i Spanien \u00e4r fr\u00e5gan om att bli resident eller ej i Spanien. Bo Wennertorp fr\u00e5n den svenska revisionsbyr\u00e5n Global Accounting SL reder ut begreppen i denna artikel. Om du \u00e4r resident eller ej i Spanien beror p\u00e5 hur m\u00e5nga dagar du vistas i Spanien per \u00e5r. Om [&hellip;]<\/p>\n","protected":false},"author":8,"featured_media":0,"comment_status":"open","ping_status":"open","sticky":false,"template":"","format":"standard","meta":{"_et_pb_use_builder":"","_et_pb_old_content":"","_et_gb_content_width":"","footnotes":""},"categories":[396,4],"tags":[],"class_list":["post-2498","post","type-post","status-publish","format-standard","hentry","category-arkiv-artiklar","category-artiklar"],"yoast_head":"<!-- This site is optimized with the Yoast SEO Premium plugin v26.2 (Yoast SEO v27.4) - https:\/\/yoast.com\/product\/yoast-seo-premium-wordpress\/ -->\n<title>Resident eller ej resident \u2013 det \u00e4r fr\u00e5gan - Svenska Magasinet<\/title>\n<meta name=\"robots\" content=\"noindex, follow, max-snippet:-1, max-image-preview:large, max-video-preview:-1\" \/>\n<meta property=\"og:locale\" content=\"sv_SE\" \/>\n<meta property=\"og:type\" content=\"article\" \/>\n<meta property=\"og:title\" content=\"Resident eller ej resident \u2013 det \u00e4r fr\u00e5gan\" \/>\n<meta property=\"og:description\" content=\"Den fr\u00e5ga som orsakar mest huvudbry hos svenskarna i Spanien \u00e4r fr\u00e5gan om att bli resident eller ej i Spanien. Bo Wennertorp fr\u00e5n den svenska revisionsbyr\u00e5n Global Accounting SL reder ut begreppen i denna artikel. Om du \u00e4r resident eller ej i Spanien beror p\u00e5 hur m\u00e5nga dagar du vistas i Spanien per \u00e5r. Om [&hellip;]\" \/>\n<meta property=\"og:url\" content=\"https:\/\/lightweb.dev\/l\/svm-temp\/artiklar\/resident-eller-ej-resident-det-ar-fragan\/\" \/>\n<meta property=\"og:site_name\" content=\"Svenska Magasinet\" \/>\n<meta property=\"article:publisher\" content=\"https:\/\/www.facebook.com\/svenskamagasinet\" \/>\n<meta property=\"article:published_time\" content=\"2008-12-01T23:00:00+00:00\" \/>\n<meta name=\"author\" content=\"Redaktionen SvM\" \/>\n<meta name=\"twitter:card\" content=\"summary_large_image\" \/>\n<meta name=\"twitter:creator\" content=\"@SvenskaMagasine\" \/>\n<meta name=\"twitter:site\" content=\"@SvenskaMagasine\" \/>\n<script type=\"application\/ld+json\" class=\"yoast-schema-graph\">{\"@context\":\"https:\\\/\\\/schema.org\",\"@graph\":[{\"@type\":\"Article\",\"@id\":\"https:\\\/\\\/lightweb.dev\\\/l\\\/svm-temp\\\/artiklar\\\/resident-eller-ej-resident-det-ar-fragan\\\/#article\",\"isPartOf\":{\"@id\":\"https:\\\/\\\/lightweb.dev\\\/l\\\/svm-temp\\\/artiklar\\\/resident-eller-ej-resident-det-ar-fragan\\\/\"},\"author\":{\"name\":\"Redaktionen SvM\",\"@id\":\"https:\\\/\\\/lightweb.dev\\\/l\\\/svm-temp\\\/#\\\/schema\\\/person\\\/206a3bda5b607b0c25e1749191e4d837\"},\"headline\":\"Resident eller ej resident \u2013 det \u00e4r fr\u00e5gan\",\"datePublished\":\"2008-12-01T23:00:00+00:00\",\"mainEntityOfPage\":{\"@id\":\"https:\\\/\\\/lightweb.dev\\\/l\\\/svm-temp\\\/artiklar\\\/resident-eller-ej-resident-det-ar-fragan\\\/\"},\"wordCount\":632,\"commentCount\":0,\"publisher\":{\"@id\":\"https:\\\/\\\/lightweb.dev\\\/l\\\/svm-temp\\\/#organization\"},\"articleSection\":[\"Arkiv\",\"Artiklar\"],\"inLanguage\":\"sv-SE\"},{\"@type\":\"WebPage\",\"@id\":\"https:\\\/\\\/lightweb.dev\\\/l\\\/svm-temp\\\/artiklar\\\/resident-eller-ej-resident-det-ar-fragan\\\/\",\"url\":\"https:\\\/\\\/lightweb.dev\\\/l\\\/svm-temp\\\/artiklar\\\/resident-eller-ej-resident-det-ar-fragan\\\/\",\"name\":\"Resident eller ej resident \u2013 det \u00e4r fr\u00e5gan - Svenska Magasinet\",\"isPartOf\":{\"@id\":\"https:\\\/\\\/lightweb.dev\\\/l\\\/svm-temp\\\/#website\"},\"datePublished\":\"2008-12-01T23:00:00+00:00\",\"breadcrumb\":{\"@id\":\"https:\\\/\\\/lightweb.dev\\\/l\\\/svm-temp\\\/artiklar\\\/resident-eller-ej-resident-det-ar-fragan\\\/#breadcrumb\"},\"inLanguage\":\"sv-SE\",\"potentialAction\":[{\"@type\":\"ReadAction\",\"target\":[\"https:\\\/\\\/lightweb.dev\\\/l\\\/svm-temp\\\/artiklar\\\/resident-eller-ej-resident-det-ar-fragan\\\/\"]}]},{\"@type\":\"BreadcrumbList\",\"@id\":\"https:\\\/\\\/lightweb.dev\\\/l\\\/svm-temp\\\/artiklar\\\/resident-eller-ej-resident-det-ar-fragan\\\/#breadcrumb\",\"itemListElement\":[{\"@type\":\"ListItem\",\"position\":1,\"name\":\"Hem\",\"item\":\"https:\\\/\\\/lightweb.dev\\\/l\\\/svm-temp\\\/\"},{\"@type\":\"ListItem\",\"position\":2,\"name\":\"Resident eller ej resident \u2013 det \u00e4r fr\u00e5gan\"}]},{\"@type\":\"WebSite\",\"@id\":\"https:\\\/\\\/lightweb.dev\\\/l\\\/svm-temp\\\/#website\",\"url\":\"https:\\\/\\\/lightweb.dev\\\/l\\\/svm-temp\\\/\",\"name\":\"Svenska Magasinet\",\"description\":\"Dina Spanska nyheter p&aring; Svenska\",\"publisher\":{\"@id\":\"https:\\\/\\\/lightweb.dev\\\/l\\\/svm-temp\\\/#organization\"},\"potentialAction\":[{\"@type\":\"SearchAction\",\"target\":{\"@type\":\"EntryPoint\",\"urlTemplate\":\"https:\\\/\\\/lightweb.dev\\\/l\\\/svm-temp\\\/?s={search_term_string}\"},\"query-input\":{\"@type\":\"PropertyValueSpecification\",\"valueRequired\":true,\"valueName\":\"search_term_string\"}}],\"inLanguage\":\"sv-SE\"},{\"@type\":\"Organization\",\"@id\":\"https:\\\/\\\/lightweb.dev\\\/l\\\/svm-temp\\\/#organization\",\"name\":\"Melkerson y Nott SL\",\"alternateName\":\"Svenska Magasinet\",\"url\":\"https:\\\/\\\/lightweb.dev\\\/l\\\/svm-temp\\\/\",\"logo\":{\"@type\":\"ImageObject\",\"inLanguage\":\"sv-SE\",\"@id\":\"https:\\\/\\\/lightweb.dev\\\/l\\\/svm-temp\\\/#\\\/schema\\\/logo\\\/image\\\/\",\"url\":\"https:\\\/\\\/lightweb.dev\\\/l\\\/svm-temp\\\/wp-content\\\/uploads\\\/2025\\\/02\\\/SvM-logo-Xtra-Centrerad-SVART.png\",\"contentUrl\":\"https:\\\/\\\/lightweb.dev\\\/l\\\/svm-temp\\\/wp-content\\\/uploads\\\/2025\\\/02\\\/SvM-logo-Xtra-Centrerad-SVART.png\",\"width\":300,\"height\":99,\"caption\":\"Melkerson y Nott SL\"},\"image\":{\"@id\":\"https:\\\/\\\/lightweb.dev\\\/l\\\/svm-temp\\\/#\\\/schema\\\/logo\\\/image\\\/\"},\"sameAs\":[\"https:\\\/\\\/www.facebook.com\\\/svenskamagasinet\",\"https:\\\/\\\/x.com\\\/SvenskaMagasine\"]},{\"@type\":\"Person\",\"@id\":\"https:\\\/\\\/lightweb.dev\\\/l\\\/svm-temp\\\/#\\\/schema\\\/person\\\/206a3bda5b607b0c25e1749191e4d837\",\"name\":\"Redaktionen SvM\",\"description\":\"Redaktionen\",\"sameAs\":[\"https:\\\/\\\/lightweb.dev\\\/l\\\/svm-temp\"],\"url\":\"https:\\\/\\\/lightweb.dev\\\/l\\\/svm-temp\\\/reporter\\\/redaktionen\\\/\"}]}<\/script>\n<!-- \/ Yoast SEO Premium plugin. -->","yoast_head_json":{"title":"Resident eller ej resident \u2013 det \u00e4r fr\u00e5gan - Svenska Magasinet","robots":{"index":"noindex","follow":"follow","max-snippet":"max-snippet:-1","max-image-preview":"max-image-preview:large","max-video-preview":"max-video-preview:-1"},"og_locale":"sv_SE","og_type":"article","og_title":"Resident eller ej resident \u2013 det \u00e4r fr\u00e5gan","og_description":"Den fr\u00e5ga som orsakar mest huvudbry hos svenskarna i Spanien \u00e4r fr\u00e5gan om att bli resident eller ej i Spanien. Bo Wennertorp fr\u00e5n den svenska revisionsbyr\u00e5n Global Accounting SL reder ut begreppen i denna artikel. Om du \u00e4r resident eller ej i Spanien beror p\u00e5 hur m\u00e5nga dagar du vistas i Spanien per \u00e5r. Om [&hellip;]","og_url":"https:\/\/lightweb.dev\/l\/svm-temp\/artiklar\/resident-eller-ej-resident-det-ar-fragan\/","og_site_name":"Svenska Magasinet","article_publisher":"https:\/\/www.facebook.com\/svenskamagasinet","article_published_time":"2008-12-01T23:00:00+00:00","author":"Redaktionen SvM","twitter_card":"summary_large_image","twitter_creator":"@SvenskaMagasine","twitter_site":"@SvenskaMagasine","schema":{"@context":"https:\/\/schema.org","@graph":[{"@type":"Article","@id":"https:\/\/lightweb.dev\/l\/svm-temp\/artiklar\/resident-eller-ej-resident-det-ar-fragan\/#article","isPartOf":{"@id":"https:\/\/lightweb.dev\/l\/svm-temp\/artiklar\/resident-eller-ej-resident-det-ar-fragan\/"},"author":{"name":"Redaktionen SvM","@id":"https:\/\/lightweb.dev\/l\/svm-temp\/#\/schema\/person\/206a3bda5b607b0c25e1749191e4d837"},"headline":"Resident eller ej resident \u2013 det \u00e4r fr\u00e5gan","datePublished":"2008-12-01T23:00:00+00:00","mainEntityOfPage":{"@id":"https:\/\/lightweb.dev\/l\/svm-temp\/artiklar\/resident-eller-ej-resident-det-ar-fragan\/"},"wordCount":632,"commentCount":0,"publisher":{"@id":"https:\/\/lightweb.dev\/l\/svm-temp\/#organization"},"articleSection":["Arkiv","Artiklar"],"inLanguage":"sv-SE"},{"@type":"WebPage","@id":"https:\/\/lightweb.dev\/l\/svm-temp\/artiklar\/resident-eller-ej-resident-det-ar-fragan\/","url":"https:\/\/lightweb.dev\/l\/svm-temp\/artiklar\/resident-eller-ej-resident-det-ar-fragan\/","name":"Resident eller ej resident \u2013 det \u00e4r fr\u00e5gan - Svenska Magasinet","isPartOf":{"@id":"https:\/\/lightweb.dev\/l\/svm-temp\/#website"},"datePublished":"2008-12-01T23:00:00+00:00","breadcrumb":{"@id":"https:\/\/lightweb.dev\/l\/svm-temp\/artiklar\/resident-eller-ej-resident-det-ar-fragan\/#breadcrumb"},"inLanguage":"sv-SE","potentialAction":[{"@type":"ReadAction","target":["https:\/\/lightweb.dev\/l\/svm-temp\/artiklar\/resident-eller-ej-resident-det-ar-fragan\/"]}]},{"@type":"BreadcrumbList","@id":"https:\/\/lightweb.dev\/l\/svm-temp\/artiklar\/resident-eller-ej-resident-det-ar-fragan\/#breadcrumb","itemListElement":[{"@type":"ListItem","position":1,"name":"Hem","item":"https:\/\/lightweb.dev\/l\/svm-temp\/"},{"@type":"ListItem","position":2,"name":"Resident eller ej resident \u2013 det \u00e4r fr\u00e5gan"}]},{"@type":"WebSite","@id":"https:\/\/lightweb.dev\/l\/svm-temp\/#website","url":"https:\/\/lightweb.dev\/l\/svm-temp\/","name":"Svenska Magasinet","description":"Dina Spanska nyheter p&aring; Svenska","publisher":{"@id":"https:\/\/lightweb.dev\/l\/svm-temp\/#organization"},"potentialAction":[{"@type":"SearchAction","target":{"@type":"EntryPoint","urlTemplate":"https:\/\/lightweb.dev\/l\/svm-temp\/?s={search_term_string}"},"query-input":{"@type":"PropertyValueSpecification","valueRequired":true,"valueName":"search_term_string"}}],"inLanguage":"sv-SE"},{"@type":"Organization","@id":"https:\/\/lightweb.dev\/l\/svm-temp\/#organization","name":"Melkerson y Nott SL","alternateName":"Svenska Magasinet","url":"https:\/\/lightweb.dev\/l\/svm-temp\/","logo":{"@type":"ImageObject","inLanguage":"sv-SE","@id":"https:\/\/lightweb.dev\/l\/svm-temp\/#\/schema\/logo\/image\/","url":"https:\/\/lightweb.dev\/l\/svm-temp\/wp-content\/uploads\/2025\/02\/SvM-logo-Xtra-Centrerad-SVART.png","contentUrl":"https:\/\/lightweb.dev\/l\/svm-temp\/wp-content\/uploads\/2025\/02\/SvM-logo-Xtra-Centrerad-SVART.png","width":300,"height":99,"caption":"Melkerson y Nott SL"},"image":{"@id":"https:\/\/lightweb.dev\/l\/svm-temp\/#\/schema\/logo\/image\/"},"sameAs":["https:\/\/www.facebook.com\/svenskamagasinet","https:\/\/x.com\/SvenskaMagasine"]},{"@type":"Person","@id":"https:\/\/lightweb.dev\/l\/svm-temp\/#\/schema\/person\/206a3bda5b607b0c25e1749191e4d837","name":"Redaktionen SvM","description":"Redaktionen","sameAs":["https:\/\/lightweb.dev\/l\/svm-temp"],"url":"https:\/\/lightweb.dev\/l\/svm-temp\/reporter\/redaktionen\/"}]}},"_links":{"self":[{"href":"https:\/\/lightweb.dev\/l\/svm-temp\/wp-json\/wp\/v2\/posts\/2498","targetHints":{"allow":["GET"]}}],"collection":[{"href":"https:\/\/lightweb.dev\/l\/svm-temp\/wp-json\/wp\/v2\/posts"}],"about":[{"href":"https:\/\/lightweb.dev\/l\/svm-temp\/wp-json\/wp\/v2\/types\/post"}],"author":[{"embeddable":true,"href":"https:\/\/lightweb.dev\/l\/svm-temp\/wp-json\/wp\/v2\/users\/8"}],"replies":[{"embeddable":true,"href":"https:\/\/lightweb.dev\/l\/svm-temp\/wp-json\/wp\/v2\/comments?post=2498"}],"version-history":[{"count":0,"href":"https:\/\/lightweb.dev\/l\/svm-temp\/wp-json\/wp\/v2\/posts\/2498\/revisions"}],"wp:attachment":[{"href":"https:\/\/lightweb.dev\/l\/svm-temp\/wp-json\/wp\/v2\/media?parent=2498"}],"wp:term":[{"taxonomy":"category","embeddable":true,"href":"https:\/\/lightweb.dev\/l\/svm-temp\/wp-json\/wp\/v2\/categories?post=2498"},{"taxonomy":"post_tag","embeddable":true,"href":"https:\/\/lightweb.dev\/l\/svm-temp\/wp-json\/wp\/v2\/tags?post=2498"}],"curies":[{"name":"wp","href":"https:\/\/api.w.org\/{rel}","templated":true}]}}