{"id":2499,"date":"2008-12-02T00:00:00","date_gmt":"2008-12-01T23:00:00","guid":{"rendered":"https:\/\/lightweb.dev\/l\/svm-temp\/tva-varldar-och-ett-sund\/"},"modified":"2008-12-02T00:00:00","modified_gmt":"2008-12-01T23:00:00","slug":"tva-varldar-och-ett-sund","status":"publish","type":"post","link":"https:\/\/lightweb.dev\/l\/svm-temp\/artiklar\/tva-varldar-och-ett-sund\/","title":{"rendered":"Tv\u00e5 v\u00e4rldar och ett sund"},"content":{"rendered":"<p> Gibraltarsundet skiljer och f\u00f6renar. Samtidigt som kanalen f\u00f6renar Atlanten med Medelhavet delar den p\u00e5 tv\u00e5 olika v\u00e4rldsdelar. Gibraltar sund \u00e4r en plats med en egen identitet d\u00e4r livet f\u00f6ljer sitt eget m\u00f6nster. Av Ola Josefsson<\/p>\n<p>Svenska Magasinet har sedan en tid tillbaka ber\u00e4ttat om ett visst omr\u00e5de. N\u00e4r vi har beskrivit Gibraltar, Tanger, Tarifa och Algeciras har Gibraltar sund blivit omn\u00e4mnt. I detta nummer f\u00e5r sundet mellan Europa och Afrika sin egen story.<\/p>\n<p>Nj\u00f6rvasund \u00e4r den medeltida ben\u00e4mningen p\u00e5 Gibraltar sund i v\u00e4stnordisk litteratur. Det skiljer 13 km p\u00e5 det smalaste st\u00e4llet mellan Tarifa och Punta Cires, men avst\u00e5ndet \u00e4r vilseledande. Vattnet kan tyckas lugn men \u00e4r ist\u00e4llet f\u00f6rr\u00e4disk p\u00e5 grund av starka str\u00f6mmar.<br \/>\nSex miljoner m\u00e4nniskor och sex miljoner flyttf\u00e5glar passerar sundet varje \u00e5r. Det \u00e4r en m\u00e4rklig plats, tajt och instabil, st\u00e4ndigt f\u00f6r\u00e4nderlig och of\u00f6ruts\u00e4gbara. Det \u00e4r en klyfta som skiljer tv\u00e5 v\u00e4rldsdelar, tv\u00e5 hav och tre riken. Det \u00e4r ett av de stora v\u00e4gsk\u00e4len i v\u00e4rlden.<\/p>\n<p>Det s\u00e4gs att det \u00e4r en tuff plats att vara p\u00e5 och som har sitt speciella klimat. Det \u00e4r skapat ur en v\u00e4ldig ravin som g\u00e5r ned till havsbotten mellan topparna i Sierra Nevada och Rifbergen p\u00e5 andra sidan Afrika. I denna vindtunnel skapas friska vindar eller den m\u00e4ktiga, el temido levante, levantevinden.<br \/>\nDet \u00e4r \u00e4ven en sj\u00f6fartens avenue som trafikeras av stora handelsfartyg, containerfartyg, fiskefartyg, bilf\u00e4rjor, tragiska tr\u00e4b\u00e5tar med flyktingar, segelflygplan och g\u00e4ckande smugglare med m\u00e4nniskor och droger.<br \/>\nGibraltar sund str\u00e4cker sig p\u00e5 den europeiska sidan fr\u00e5n Kap Trafalgar till Gibraltarklippan. P\u00e5 den afrikanska kusten, fr\u00e5n cabo Espartel till Punta Almina i den spanska enklaven Ceuta, \u00f6ster om den marockanska staden T\u00e1nger.<\/p>\n<p>Jag har sj\u00e4lv vid flera tillf\u00e4llen bes\u00f6kt cabo Espartel p\u00e5 den marockanska sidan, blickat \u00f6ver vattnet mot Spanien som ofta syns otydligt i diset. Ibland \u00e4r det som att det g\u00e5r en linje i vattnet d\u00e4r Atlanten och Medelhavet m\u00f6ts. Meningarna g\u00e5r is\u00e4r n\u00e4r det g\u00e4ller vad som omfattar sundet mellan Europa och Afrika. N\u00e5gra menar att det b\u00f6rjar redan vid Almeria, i Spanien syd\u00f6stra h\u00f6rn. P\u00e5 motsatt sida av Medelhavet ligger Tunisien. Det skulle betyda att den lilla \u00f6n Albor\u00e1n placeras i sundet.<br \/>\nVid utsiktspunkten Puerto del Cabrito mellan Tarifa och Algeciras ger sundet ett idylliskt intryck. Afrika k\u00e4nns s\u00e5 n\u00e4ra, n\u00e4stan inom r\u00e4ckh\u00e5ll, en v\u00e4rld av exotism. Samma sak g\u00e4ller fr\u00e5n den andra sidan d\u00e4r Europa k\u00e4nns f\u00f6rsm\u00e4dligt och aptitretande.<\/p>\n<p>Vid f\u00f6rsta anblicken kan det tyckas vara tv\u00e5 skilda v\u00e4rldar. Men gr\u00e4ver man lite p\u00e5 ytan s\u00e5 uppt\u00e4cker man m\u00e5nga likheter. Det \u00e4r mer en olycka av geografiska m\u00e5tt som delat m\u00e4nniskorna men d\u00e4r vi finner en kulturell identitet med liknande ljud inom musik, arkitektur och konst d\u00e4r konstn\u00e4rer f\u00f6rblindats av solsken och hav.<br \/>\nSymmetrin av sundet \u00e4r uppenbar och kan liknas vid att den ena sidan speglar sig i den andra. P\u00e5 b\u00e5da sidor finns likheter: berg, klippor, vikar, \u00f6knar, tallskog och jordbruksmark. Marken \u00e4r ofruktbar i Nador precis som i Almer\u00eda, det finns tallskog i Alhucemas precis som i M\u00e1laga och l\u00e5gland i Chauen precis som runt C\u00e1diz.<\/p>\n<p>Gibraltarklippan finns omn\u00e4mnd i grekisk mytologi. Hercules som var son till Zeus och Alkmene l\u00e4t resa stoder f\u00f6r att vakta inloppet till Medelhavet. Yebel Muza och Yebel Tarek som klipporna heter idag, bortom vilka (enligt Platon) Atlantis en g\u00e5ng skall ha sjunkit.<br \/>\nI den grekiska mytologin \u00e4r det mycket som kretsar sig kring Gibraltar sund. H\u00e4r levde Hesperiderna som i grekisk mytologi var Nyx, nattens gudinna, och Atlas tre d\u00f6ttrar: atlantiderna tillika nymferna Aigle, Erytheia och Hesperarethousa. Hesperiderna levde och verkade i sina tr\u00e4dg\u00e5rdar i \u201dden yttersta v\u00e4stern\u201d, det vill s\u00e4ga vid atlantkusten v\u00e4ster om Atlasbergen. S\u00f6der om cabo Espartel p\u00e5 den marockanska sidan finns det en grotta som heter Hercules cave.<\/p>\n<p>Det s\u00e4gs att sundet \u00e4r en passage till rikedomen, \u00e5tminstone \u00e4r detta vad m\u00e5nga flyktingar tror. Ist\u00e4llet har det blivit en massgrav. M\u00e4ngder av flyktingar dr\u00f6mmer om v\u00e4ltst\u00e5nd, ist\u00e4llet f\u00e5r de uppleva f\u00f6rverkligade mardr\u00f6mmar kring d\u00f6den. Under historiens g\u00e5ng har \u00e4ven m\u00e4ngder av m\u00e4nniskor m\u00f6t d\u00f6den i otaliga sj\u00f6slag.<br \/>\nEngelska kanalen har 219.000 fartyg om \u00e5ret, d\u00e4refter kommer Gibraltar sund bland de mest trafikerade sunden i v\u00e4rlden med cirka 105.000 fartyg om \u00e5ret. Av dessa \u00e4r cirka 65.000 fraktfartyg och 38.000 \u00e4r passagerarf\u00e4rjor. Andra platser med intensiv sj\u00f6fart \u00e4r Malackasundet (75.000) och Suezkanalen (18.600).<br \/>\nMellan st\u00e4derna Tanger, Ceuta, Algeciras och Gibraltar transporteras m\u00e4ngder av varor och m\u00e4nniskor, tur och retur. Fullastade fartyg med lika fullpackade bilar med m\u00f6bler, tv-apparater, kylsk\u00e5p och begagnade cyklar.<\/p>\n<p>Tanger var en g\u00e5ng i tiden en kosmopolitisk stad, men av de feniciska och romerska sp\u00e5ren hittar vi inte s\u00e5 mycket. Personligheter som Genet, Bowles, Tennessee Williams, Capote, Ginsberg, Kerouac och Burroughs har alla bes\u00f6kt caf\u00e9 Hafa i centrala Tanger. D\u00e5 hade staden 150.000 inv\u00e5nare varav 50.000 utl\u00e4nningar, 15.000 judar, 20.000 spanjorer och 13.000 italienare, fransm\u00e4n, britter och amerikaner.<br \/>\nFr\u00e5n 1923 till 1956 var Tanger en internationell zon, och administrerades av Frankrike, Spanien, Storbritannien och Italien. 1955-1959 s\u00e4nde IBRA Radio radio p\u00e5 svenska fr\u00e5n Tanger. Vid folkr\u00e4kningen 2004 hade Tanger 669.685 inv\u00e5nare och utl\u00e4nningarna har blivit f\u00e4rre, knappt 4.000 l\u00e4ser jag i en tidskrift.<\/p>\n<p>Den spanska kolonin Ceuta ligger p\u00e5 en halv\u00f6 eller snarare en navelstr\u00e4ng som g\u00e5r ut i Medelhavet \u00f6ster om Tanger. Gr\u00e4nsen mot Marocko skyddas av tv\u00e5 tremetersh\u00f6ga taggtr\u00e5dsf\u00f6rsedda st\u00e4ngsel, byggt av Spanien f\u00f6r att stoppa illegal invandring och smuggling. EU har finansierat med 30 miljoner euro. Det best\u00e5r av tv\u00e5 parallella staket, med en v\u00e4g emellan. H\u00e4r finns str\u00e5lkastare, videokameror och r\u00f6relsesensorer.<\/p>\n<p>Algeciras \u00e4r en av de st\u00f6rsta hamnarna i Europa med m\u00e4ngder av lastfartyg och kranar. Staden grundades av morerna 713, var ett tillh\u00e5ll f\u00f6r spioner under spanska inb\u00f6rdeskriget och andra v\u00e4rldskriget. Den br\u00e4ndes ned 1379 och blev egentligen \u00e5teruppbyggd f\u00f6rst p\u00e5 1800-talet. 1906 tr\u00e4ffades stormakterna i Algeciras f\u00f6r att dela upp Nordafrika emellan sig. Under Napoleonkrigen fanns h\u00e4r en stor spansk flottbas, och ett antal sj\u00f6slag utk\u00e4mpades med styrkorna baserade i det brittiska Gibraltar tv\u00e4rs \u00f6ver Algecirasbukten.<\/p>\n<p>Den brittiska kolonin eller enklaven Gibraltar \u00e4r sundets mest omtalade komponent. \u201cEtt skatteparadis p\u00e5 en klipphalv\u00f6 samtidigt en plats med frekventa oljeutsl\u00e4pp och fartygsskrot som l\u00e4mnas \u00e5t sitt \u00f6de\u201d, som Gibraltar beskrivs i spanska weekendtidningen Magazine. \u00c4ttlingarna s\u00e4gs komma fr\u00e5n Malta och italienska Genua och tala med en accent som liknar den i C\u00e1diz, om de nu pratar spanska.<br \/>\nHalv\u00f6n pr\u00e4glas mycket av isoleringen mellan 1969 och 1982 d\u00e5 gr\u00e4nsen mellan Spanien och halv\u00f6n var st\u00e4ngd. Utan Gibraltar med n\u00e4stan 30.000 inv\u00e5nare skulle sundet betraktats som mindre attraktivt och mindre exotiska och originellt.<\/p>\n<p>N\u00e4stan nitton tusen hektar av omr\u00e5det i Gibraltar sund \u00e4r naturreservat, vilket kanske \u00f6verraskar m\u00e5nga. Sundet \u00e4r k\u00e4nt f\u00f6r att ha Medelhavets st\u00f6rsta koncentration av val. I dessa vatten har man registrerat cirka tusen olika delfiner, 290 grindvalar, 33 sp\u00e4ckhuggare och 25 kaskelotter. Fram till 1960-talet fanns det valj\u00e4gare i omr\u00e5det. De starka str\u00f6mmarna i sundet bidrar till god tillg\u00e5ng p\u00e5 f\u00f6da samtidigt som det medf\u00f6r rent vatten trots att det ofta sker utsl\u00e4pp i sundet.<br \/>\nF\u00f6r att inte st\u00f6ra populationen av val \u00e4r fartyg tvungna att s\u00e4nka hastigheten till 13 knop. Livet under ytan har ocks\u00e5 bidraget till att sundet \u00e4r en turistattraktion. I Tariffa finns det fyra f\u00f6retag som k\u00f6r b\u00e5tturer f\u00f6r bes\u00f6kare som vill uppleva marina d\u00e4ggdjur. Tonfisk p\u00e5 jakt efter f\u00f6da hamnar ofta i n\u00e4ten utanf\u00f6r Barbate, Tarifa, Ceuta och Tanger. Utanf\u00f6r Tarifa ligger den gamla romerska staden Baelo Claudia som under romartiden hade en betydande fiskindustri vilket visar att vattnen har varit fiskrika.<\/p>\n<p>\u201dEl Mirador del estrecho\u201d mellan Algeciras och Tarifa \u00e4r en k\u00e4nd plats f\u00f6r f\u00e5gelsk\u00e5dare. H\u00e4r observeras m\u00e4ngder av f\u00e5gelstr\u00e4ck under april till maj och september till oktober. N\u00e4r jag bes\u00f6kte platsen en dag i b\u00f6rjan p\u00e5 oktober hade jag mellan 50 och 60 g\u00e5sgamar cirklande h\u00f6gt ovanf\u00f6r mitt huvud. Under en dag kryssar jag 42 olika f\u00e5gelarter p\u00e5 den spanska sidan av sundet.<\/p>\n<p>Sundet kan ocks\u00e5 beskrivas som en vindtunnel. Det bl\u00e5ser n\u00e4stan st\u00e4ndigt h\u00e4r och vinden kan g\u00f6ra folk tokiga. Den har tv\u00e5 namn beroende p\u00e5 vilket h\u00e5ll det bl\u00e5ser ifr\u00e5n. I genomsnitt \u00e4r det mer levante \u00e4n poniente sett \u00f6ver tolv m\u00e5nader. Levanten kommer fr\u00e5n Medelhavet. N\u00e4r levanten bl\u00e5ser genom sundet \u00f6kar den i styrka och det har uppm\u00e4tts 60 knop vilket \u00e4r cirka 30 m\/s, motsvarande en orkanstyrka i Sverige. N\u00e4r levanten \u00e4r stark \u00e4r det n\u00e4stan alltid bra v\u00e4der och str\u00e5lande sol utan ett moln i sikt.<br \/>\nK\u00e4llor: Enciclopedia Brit\u00e1nica, magazinedigital, intervjuer. <\/p>\n","protected":false},"excerpt":{"rendered":"<p>Gibraltarsundet skiljer och f\u00f6renar. Samtidigt som kanalen f\u00f6renar Atlanten med Medelhavet delar den p\u00e5 tv\u00e5 olika v\u00e4rldsdelar. Gibraltar sund \u00e4r en plats med en egen identitet d\u00e4r livet f\u00f6ljer sitt eget m\u00f6nster. Av Ola Josefsson Svenska Magasinet har sedan en tid tillbaka ber\u00e4ttat om ett visst omr\u00e5de. N\u00e4r vi har beskrivit Gibraltar, Tanger, Tarifa och [&hellip;]<\/p>\n","protected":false},"author":8,"featured_media":2500,"comment_status":"open","ping_status":"open","sticky":false,"template":"","format":"standard","meta":{"_et_pb_use_builder":"","_et_pb_old_content":"","_et_gb_content_width":"","footnotes":""},"categories":[396,4],"tags":[],"class_list":["post-2499","post","type-post","status-publish","format-standard","has-post-thumbnail","hentry","category-arkiv-artiklar","category-artiklar"],"yoast_head":"<!-- This site is optimized with the Yoast SEO Premium plugin v26.2 (Yoast SEO v27.4) - https:\/\/yoast.com\/product\/yoast-seo-premium-wordpress\/ -->\n<title>Tv\u00e5 v\u00e4rldar och ett sund - Svenska Magasinet<\/title>\n<meta name=\"robots\" content=\"noindex, follow, max-snippet:-1, max-image-preview:large, max-video-preview:-1\" \/>\n<meta property=\"og:locale\" content=\"sv_SE\" \/>\n<meta property=\"og:type\" content=\"article\" \/>\n<meta property=\"og:title\" content=\"Tv\u00e5 v\u00e4rldar och ett sund\" \/>\n<meta property=\"og:description\" content=\"Gibraltarsundet skiljer och f\u00f6renar. Samtidigt som kanalen f\u00f6renar Atlanten med Medelhavet delar den p\u00e5 tv\u00e5 olika v\u00e4rldsdelar. Gibraltar sund \u00e4r en plats med en egen identitet d\u00e4r livet f\u00f6ljer sitt eget m\u00f6nster. Av Ola Josefsson Svenska Magasinet har sedan en tid tillbaka ber\u00e4ttat om ett visst omr\u00e5de. N\u00e4r vi har beskrivit Gibraltar, Tanger, Tarifa och [&hellip;]\" \/>\n<meta property=\"og:url\" content=\"https:\/\/lightweb.dev\/l\/svm-temp\/artiklar\/tva-varldar-och-ett-sund\/\" \/>\n<meta property=\"og:site_name\" content=\"Svenska Magasinet\" \/>\n<meta property=\"article:publisher\" content=\"https:\/\/www.facebook.com\/svenskamagasinet\" \/>\n<meta property=\"article:published_time\" content=\"2008-12-01T23:00:00+00:00\" \/>\n<meta property=\"og:image\" content=\"https:\/\/lightweb.dev\/l\/svm-temp\/wp-content\/uploads\/2022\/04\/tv-vrldar-och-ett-sund.png\" \/>\n\t<meta property=\"og:image:width\" content=\"299\" \/>\n\t<meta property=\"og:image:height\" content=\"200\" \/>\n\t<meta property=\"og:image:type\" content=\"image\/png\" \/>\n<meta name=\"author\" content=\"Redaktionen SvM\" \/>\n<meta name=\"twitter:card\" content=\"summary_large_image\" \/>\n<meta name=\"twitter:creator\" content=\"@SvenskaMagasine\" \/>\n<meta name=\"twitter:site\" content=\"@SvenskaMagasine\" \/>\n<script type=\"application\/ld+json\" class=\"yoast-schema-graph\">{\"@context\":\"https:\\\/\\\/schema.org\",\"@graph\":[{\"@type\":\"Article\",\"@id\":\"https:\\\/\\\/lightweb.dev\\\/l\\\/svm-temp\\\/artiklar\\\/tva-varldar-och-ett-sund\\\/#article\",\"isPartOf\":{\"@id\":\"https:\\\/\\\/lightweb.dev\\\/l\\\/svm-temp\\\/artiklar\\\/tva-varldar-och-ett-sund\\\/\"},\"author\":{\"name\":\"Redaktionen SvM\",\"@id\":\"https:\\\/\\\/lightweb.dev\\\/l\\\/svm-temp\\\/#\\\/schema\\\/person\\\/206a3bda5b607b0c25e1749191e4d837\"},\"headline\":\"Tv\u00e5 v\u00e4rldar och ett sund\",\"datePublished\":\"2008-12-01T23:00:00+00:00\",\"mainEntityOfPage\":{\"@id\":\"https:\\\/\\\/lightweb.dev\\\/l\\\/svm-temp\\\/artiklar\\\/tva-varldar-och-ett-sund\\\/\"},\"wordCount\":1605,\"commentCount\":0,\"publisher\":{\"@id\":\"https:\\\/\\\/lightweb.dev\\\/l\\\/svm-temp\\\/#organization\"},\"image\":{\"@id\":\"https:\\\/\\\/lightweb.dev\\\/l\\\/svm-temp\\\/artiklar\\\/tva-varldar-och-ett-sund\\\/#primaryimage\"},\"thumbnailUrl\":\"https:\\\/\\\/lightweb.dev\\\/l\\\/svm-temp\\\/wp-content\\\/uploads\\\/2022\\\/04\\\/tv-vrldar-och-ett-sund.png\",\"articleSection\":[\"Arkiv\",\"Artiklar\"],\"inLanguage\":\"sv-SE\"},{\"@type\":\"WebPage\",\"@id\":\"https:\\\/\\\/lightweb.dev\\\/l\\\/svm-temp\\\/artiklar\\\/tva-varldar-och-ett-sund\\\/\",\"url\":\"https:\\\/\\\/lightweb.dev\\\/l\\\/svm-temp\\\/artiklar\\\/tva-varldar-och-ett-sund\\\/\",\"name\":\"Tv\u00e5 v\u00e4rldar och ett sund - Svenska Magasinet\",\"isPartOf\":{\"@id\":\"https:\\\/\\\/lightweb.dev\\\/l\\\/svm-temp\\\/#website\"},\"primaryImageOfPage\":{\"@id\":\"https:\\\/\\\/lightweb.dev\\\/l\\\/svm-temp\\\/artiklar\\\/tva-varldar-och-ett-sund\\\/#primaryimage\"},\"image\":{\"@id\":\"https:\\\/\\\/lightweb.dev\\\/l\\\/svm-temp\\\/artiklar\\\/tva-varldar-och-ett-sund\\\/#primaryimage\"},\"thumbnailUrl\":\"https:\\\/\\\/lightweb.dev\\\/l\\\/svm-temp\\\/wp-content\\\/uploads\\\/2022\\\/04\\\/tv-vrldar-och-ett-sund.png\",\"datePublished\":\"2008-12-01T23:00:00+00:00\",\"breadcrumb\":{\"@id\":\"https:\\\/\\\/lightweb.dev\\\/l\\\/svm-temp\\\/artiklar\\\/tva-varldar-och-ett-sund\\\/#breadcrumb\"},\"inLanguage\":\"sv-SE\",\"potentialAction\":[{\"@type\":\"ReadAction\",\"target\":[\"https:\\\/\\\/lightweb.dev\\\/l\\\/svm-temp\\\/artiklar\\\/tva-varldar-och-ett-sund\\\/\"]}]},{\"@type\":\"ImageObject\",\"inLanguage\":\"sv-SE\",\"@id\":\"https:\\\/\\\/lightweb.dev\\\/l\\\/svm-temp\\\/artiklar\\\/tva-varldar-och-ett-sund\\\/#primaryimage\",\"url\":\"https:\\\/\\\/lightweb.dev\\\/l\\\/svm-temp\\\/wp-content\\\/uploads\\\/2022\\\/04\\\/tv-vrldar-och-ett-sund.png\",\"contentUrl\":\"https:\\\/\\\/lightweb.dev\\\/l\\\/svm-temp\\\/wp-content\\\/uploads\\\/2022\\\/04\\\/tv-vrldar-och-ett-sund.png\",\"width\":299,\"height\":200},{\"@type\":\"BreadcrumbList\",\"@id\":\"https:\\\/\\\/lightweb.dev\\\/l\\\/svm-temp\\\/artiklar\\\/tva-varldar-och-ett-sund\\\/#breadcrumb\",\"itemListElement\":[{\"@type\":\"ListItem\",\"position\":1,\"name\":\"Hem\",\"item\":\"https:\\\/\\\/lightweb.dev\\\/l\\\/svm-temp\\\/\"},{\"@type\":\"ListItem\",\"position\":2,\"name\":\"Tv\u00e5 v\u00e4rldar och ett sund\"}]},{\"@type\":\"WebSite\",\"@id\":\"https:\\\/\\\/lightweb.dev\\\/l\\\/svm-temp\\\/#website\",\"url\":\"https:\\\/\\\/lightweb.dev\\\/l\\\/svm-temp\\\/\",\"name\":\"Svenska Magasinet\",\"description\":\"Dina Spanska nyheter p&aring; Svenska\",\"publisher\":{\"@id\":\"https:\\\/\\\/lightweb.dev\\\/l\\\/svm-temp\\\/#organization\"},\"potentialAction\":[{\"@type\":\"SearchAction\",\"target\":{\"@type\":\"EntryPoint\",\"urlTemplate\":\"https:\\\/\\\/lightweb.dev\\\/l\\\/svm-temp\\\/?s={search_term_string}\"},\"query-input\":{\"@type\":\"PropertyValueSpecification\",\"valueRequired\":true,\"valueName\":\"search_term_string\"}}],\"inLanguage\":\"sv-SE\"},{\"@type\":\"Organization\",\"@id\":\"https:\\\/\\\/lightweb.dev\\\/l\\\/svm-temp\\\/#organization\",\"name\":\"Melkerson y Nott SL\",\"alternateName\":\"Svenska Magasinet\",\"url\":\"https:\\\/\\\/lightweb.dev\\\/l\\\/svm-temp\\\/\",\"logo\":{\"@type\":\"ImageObject\",\"inLanguage\":\"sv-SE\",\"@id\":\"https:\\\/\\\/lightweb.dev\\\/l\\\/svm-temp\\\/#\\\/schema\\\/logo\\\/image\\\/\",\"url\":\"https:\\\/\\\/lightweb.dev\\\/l\\\/svm-temp\\\/wp-content\\\/uploads\\\/2025\\\/02\\\/SvM-logo-Xtra-Centrerad-SVART.png\",\"contentUrl\":\"https:\\\/\\\/lightweb.dev\\\/l\\\/svm-temp\\\/wp-content\\\/uploads\\\/2025\\\/02\\\/SvM-logo-Xtra-Centrerad-SVART.png\",\"width\":300,\"height\":99,\"caption\":\"Melkerson y Nott SL\"},\"image\":{\"@id\":\"https:\\\/\\\/lightweb.dev\\\/l\\\/svm-temp\\\/#\\\/schema\\\/logo\\\/image\\\/\"},\"sameAs\":[\"https:\\\/\\\/www.facebook.com\\\/svenskamagasinet\",\"https:\\\/\\\/x.com\\\/SvenskaMagasine\"]},{\"@type\":\"Person\",\"@id\":\"https:\\\/\\\/lightweb.dev\\\/l\\\/svm-temp\\\/#\\\/schema\\\/person\\\/206a3bda5b607b0c25e1749191e4d837\",\"name\":\"Redaktionen SvM\",\"description\":\"Redaktionen\",\"sameAs\":[\"https:\\\/\\\/lightweb.dev\\\/l\\\/svm-temp\"],\"url\":\"https:\\\/\\\/lightweb.dev\\\/l\\\/svm-temp\\\/reporter\\\/redaktionen\\\/\"}]}<\/script>\n<!-- \/ Yoast SEO Premium plugin. -->","yoast_head_json":{"title":"Tv\u00e5 v\u00e4rldar och ett sund - Svenska Magasinet","robots":{"index":"noindex","follow":"follow","max-snippet":"max-snippet:-1","max-image-preview":"max-image-preview:large","max-video-preview":"max-video-preview:-1"},"og_locale":"sv_SE","og_type":"article","og_title":"Tv\u00e5 v\u00e4rldar och ett sund","og_description":"Gibraltarsundet skiljer och f\u00f6renar. Samtidigt som kanalen f\u00f6renar Atlanten med Medelhavet delar den p\u00e5 tv\u00e5 olika v\u00e4rldsdelar. Gibraltar sund \u00e4r en plats med en egen identitet d\u00e4r livet f\u00f6ljer sitt eget m\u00f6nster. Av Ola Josefsson Svenska Magasinet har sedan en tid tillbaka ber\u00e4ttat om ett visst omr\u00e5de. N\u00e4r vi har beskrivit Gibraltar, Tanger, Tarifa och [&hellip;]","og_url":"https:\/\/lightweb.dev\/l\/svm-temp\/artiklar\/tva-varldar-och-ett-sund\/","og_site_name":"Svenska Magasinet","article_publisher":"https:\/\/www.facebook.com\/svenskamagasinet","article_published_time":"2008-12-01T23:00:00+00:00","og_image":[{"width":299,"height":200,"url":"https:\/\/lightweb.dev\/l\/svm-temp\/wp-content\/uploads\/2022\/04\/tv-vrldar-och-ett-sund.png","type":"image\/png"}],"author":"Redaktionen SvM","twitter_card":"summary_large_image","twitter_creator":"@SvenskaMagasine","twitter_site":"@SvenskaMagasine","schema":{"@context":"https:\/\/schema.org","@graph":[{"@type":"Article","@id":"https:\/\/lightweb.dev\/l\/svm-temp\/artiklar\/tva-varldar-och-ett-sund\/#article","isPartOf":{"@id":"https:\/\/lightweb.dev\/l\/svm-temp\/artiklar\/tva-varldar-och-ett-sund\/"},"author":{"name":"Redaktionen SvM","@id":"https:\/\/lightweb.dev\/l\/svm-temp\/#\/schema\/person\/206a3bda5b607b0c25e1749191e4d837"},"headline":"Tv\u00e5 v\u00e4rldar och ett sund","datePublished":"2008-12-01T23:00:00+00:00","mainEntityOfPage":{"@id":"https:\/\/lightweb.dev\/l\/svm-temp\/artiklar\/tva-varldar-och-ett-sund\/"},"wordCount":1605,"commentCount":0,"publisher":{"@id":"https:\/\/lightweb.dev\/l\/svm-temp\/#organization"},"image":{"@id":"https:\/\/lightweb.dev\/l\/svm-temp\/artiklar\/tva-varldar-och-ett-sund\/#primaryimage"},"thumbnailUrl":"https:\/\/lightweb.dev\/l\/svm-temp\/wp-content\/uploads\/2022\/04\/tv-vrldar-och-ett-sund.png","articleSection":["Arkiv","Artiklar"],"inLanguage":"sv-SE"},{"@type":"WebPage","@id":"https:\/\/lightweb.dev\/l\/svm-temp\/artiklar\/tva-varldar-och-ett-sund\/","url":"https:\/\/lightweb.dev\/l\/svm-temp\/artiklar\/tva-varldar-och-ett-sund\/","name":"Tv\u00e5 v\u00e4rldar och ett sund - Svenska Magasinet","isPartOf":{"@id":"https:\/\/lightweb.dev\/l\/svm-temp\/#website"},"primaryImageOfPage":{"@id":"https:\/\/lightweb.dev\/l\/svm-temp\/artiklar\/tva-varldar-och-ett-sund\/#primaryimage"},"image":{"@id":"https:\/\/lightweb.dev\/l\/svm-temp\/artiklar\/tva-varldar-och-ett-sund\/#primaryimage"},"thumbnailUrl":"https:\/\/lightweb.dev\/l\/svm-temp\/wp-content\/uploads\/2022\/04\/tv-vrldar-och-ett-sund.png","datePublished":"2008-12-01T23:00:00+00:00","breadcrumb":{"@id":"https:\/\/lightweb.dev\/l\/svm-temp\/artiklar\/tva-varldar-och-ett-sund\/#breadcrumb"},"inLanguage":"sv-SE","potentialAction":[{"@type":"ReadAction","target":["https:\/\/lightweb.dev\/l\/svm-temp\/artiklar\/tva-varldar-och-ett-sund\/"]}]},{"@type":"ImageObject","inLanguage":"sv-SE","@id":"https:\/\/lightweb.dev\/l\/svm-temp\/artiklar\/tva-varldar-och-ett-sund\/#primaryimage","url":"https:\/\/lightweb.dev\/l\/svm-temp\/wp-content\/uploads\/2022\/04\/tv-vrldar-och-ett-sund.png","contentUrl":"https:\/\/lightweb.dev\/l\/svm-temp\/wp-content\/uploads\/2022\/04\/tv-vrldar-och-ett-sund.png","width":299,"height":200},{"@type":"BreadcrumbList","@id":"https:\/\/lightweb.dev\/l\/svm-temp\/artiklar\/tva-varldar-och-ett-sund\/#breadcrumb","itemListElement":[{"@type":"ListItem","position":1,"name":"Hem","item":"https:\/\/lightweb.dev\/l\/svm-temp\/"},{"@type":"ListItem","position":2,"name":"Tv\u00e5 v\u00e4rldar och ett sund"}]},{"@type":"WebSite","@id":"https:\/\/lightweb.dev\/l\/svm-temp\/#website","url":"https:\/\/lightweb.dev\/l\/svm-temp\/","name":"Svenska Magasinet","description":"Dina Spanska nyheter p&aring; Svenska","publisher":{"@id":"https:\/\/lightweb.dev\/l\/svm-temp\/#organization"},"potentialAction":[{"@type":"SearchAction","target":{"@type":"EntryPoint","urlTemplate":"https:\/\/lightweb.dev\/l\/svm-temp\/?s={search_term_string}"},"query-input":{"@type":"PropertyValueSpecification","valueRequired":true,"valueName":"search_term_string"}}],"inLanguage":"sv-SE"},{"@type":"Organization","@id":"https:\/\/lightweb.dev\/l\/svm-temp\/#organization","name":"Melkerson y Nott SL","alternateName":"Svenska Magasinet","url":"https:\/\/lightweb.dev\/l\/svm-temp\/","logo":{"@type":"ImageObject","inLanguage":"sv-SE","@id":"https:\/\/lightweb.dev\/l\/svm-temp\/#\/schema\/logo\/image\/","url":"https:\/\/lightweb.dev\/l\/svm-temp\/wp-content\/uploads\/2025\/02\/SvM-logo-Xtra-Centrerad-SVART.png","contentUrl":"https:\/\/lightweb.dev\/l\/svm-temp\/wp-content\/uploads\/2025\/02\/SvM-logo-Xtra-Centrerad-SVART.png","width":300,"height":99,"caption":"Melkerson y Nott SL"},"image":{"@id":"https:\/\/lightweb.dev\/l\/svm-temp\/#\/schema\/logo\/image\/"},"sameAs":["https:\/\/www.facebook.com\/svenskamagasinet","https:\/\/x.com\/SvenskaMagasine"]},{"@type":"Person","@id":"https:\/\/lightweb.dev\/l\/svm-temp\/#\/schema\/person\/206a3bda5b607b0c25e1749191e4d837","name":"Redaktionen SvM","description":"Redaktionen","sameAs":["https:\/\/lightweb.dev\/l\/svm-temp"],"url":"https:\/\/lightweb.dev\/l\/svm-temp\/reporter\/redaktionen\/"}]}},"_links":{"self":[{"href":"https:\/\/lightweb.dev\/l\/svm-temp\/wp-json\/wp\/v2\/posts\/2499","targetHints":{"allow":["GET"]}}],"collection":[{"href":"https:\/\/lightweb.dev\/l\/svm-temp\/wp-json\/wp\/v2\/posts"}],"about":[{"href":"https:\/\/lightweb.dev\/l\/svm-temp\/wp-json\/wp\/v2\/types\/post"}],"author":[{"embeddable":true,"href":"https:\/\/lightweb.dev\/l\/svm-temp\/wp-json\/wp\/v2\/users\/8"}],"replies":[{"embeddable":true,"href":"https:\/\/lightweb.dev\/l\/svm-temp\/wp-json\/wp\/v2\/comments?post=2499"}],"version-history":[{"count":0,"href":"https:\/\/lightweb.dev\/l\/svm-temp\/wp-json\/wp\/v2\/posts\/2499\/revisions"}],"wp:featuredmedia":[{"embeddable":true,"href":"https:\/\/lightweb.dev\/l\/svm-temp\/wp-json\/wp\/v2\/media\/2500"}],"wp:attachment":[{"href":"https:\/\/lightweb.dev\/l\/svm-temp\/wp-json\/wp\/v2\/media?parent=2499"}],"wp:term":[{"taxonomy":"category","embeddable":true,"href":"https:\/\/lightweb.dev\/l\/svm-temp\/wp-json\/wp\/v2\/categories?post=2499"},{"taxonomy":"post_tag","embeddable":true,"href":"https:\/\/lightweb.dev\/l\/svm-temp\/wp-json\/wp\/v2\/tags?post=2499"}],"curies":[{"name":"wp","href":"https:\/\/api.w.org\/{rel}","templated":true}]}}