{"id":2507,"date":"2008-12-02T00:00:00","date_gmt":"2008-12-01T23:00:00","guid":{"rendered":"https:\/\/lightweb.dev\/l\/svm-temp\/julbelysning-och-37-miljoner-lampor\/"},"modified":"2008-12-02T00:00:00","modified_gmt":"2008-12-01T23:00:00","slug":"julbelysning-och-37-miljoner-lampor","status":"publish","type":"post","link":"https:\/\/lightweb.dev\/l\/svm-temp\/artiklar\/julbelysning-och-37-miljoner-lampor\/","title":{"rendered":"Julbelysning och 3,7 miljoner lampor"},"content":{"rendered":"<p> Julbelysningen i M\u00e1laga \u00e4r extra sparsam i \u00e5r. Tack vare l\u00e5genergilampor hoppas myndigheterna att elr\u00e4kningen ska bli 15 procent l\u00e4gre j\u00e4mf\u00f6rt med 2007. Den ansvarige f\u00f6r den operativa verksamheten i M\u00e1laga kommun Teresa Porras s\u00e4ger att julbelysningen kommer att best\u00e5 av 3,7 miljoner lampor vilket \u00e4r 73.638 fler \u00e4n ifjol. Trots fler lampor landar elr\u00e4kningen p\u00e5 477.000 f\u00e4rre watt vilket inneb\u00e4r besparingar p\u00e5 15 procent.<br \/>\nDet \u00e4r l\u00e5genergilamporna LED som ligger till grund f\u00f6r besparingarna. Denna typ av lampor finns i julbelysningen vid plaza de la Merced, avenida de Andaluc\u00eda, plaza del Marqu\u00e9s de Larios och i tr\u00e4den utmed huvudgatan Alamedan.<\/p>\n<p>F\u00e4rre julklappar mer pengar p\u00e5 lotteri<br \/>\nDen ekonomiska krisen sl\u00e5r \u00e4ven mot julhandeln i Spanien. Spanjorerna kommer att k\u00f6pa f\u00e4rre julklappar men \u00e5 andra sidan t\u00e4nker de l\u00e4gga mer pengar p\u00e5 lotteri.<br \/>\nIst\u00e4llet f\u00f6r lamm blir det ugnsbakad fisk. Det blir r\u00e4kor ist\u00e4llet f\u00f6r hummer. Den ekonomiska krisen kommer att m\u00e4rkas \u00e4ven p\u00e5 julbordet under nochebuena, julafton. Och Los Reyes Magos kommer att lasta l\u00e4tt\u2026<br \/>\nDet \u00e4r konsumentorganisationen La Uni\u00f3n de Consumidores de Andaluc\u00eda som har presenterat sin traditionella unders\u00f6kning \u00f6ver hur mycket pengar det kommer att spenderas under julhelgen. Unders\u00f6kningen bygger p\u00e5 intervjuer med 800 personer mellan 25 och 65 \u00e5r.<br \/>\nDet blir mindre pengar p\u00e5 julklappar men paradoxalt nog kommer mer pengar att satsas p\u00e5 jul-lotteriet \u201dEl Gordo\u201d, cirka 20 euro mer, vilket \u00e4r ungef\u00e4r en tiondel mer j\u00e4mf\u00f6rt med f\u00f6rra \u00e5ret. Spanjorerna hoppas p\u00e5 att \u201dlyckan\u201d ska driva bort sp\u00f6ket av ekonomisk depression.<br \/>\nInv\u00e5narna i M\u00e1lagaprovinsen kommer att spendera i genomsnitt 620,08 euro per person j\u00e4mf\u00f6rt med 759,63 i fjol. Visst, prognoser \u00e4r en sak och de faktiska utgifterna n\u00e5got helt annat. Fjol\u00e5rets rekord \u00f6ver julhandeln \u00f6vertr\u00e4ffas f\u00f6r det mesta \u00e5ret efter. S\u00e5 n\u00e4r v\u00e4l julen \u00e4r \u00f6ver kanske siffrorna \u00e4r n\u00e5got helt annat.<br \/>\nInv\u00e5narna i M\u00e1lagaprovinsen prioriterat mat p\u00e5 julbordet f\u00f6r julklappar. Ifjol k\u00f6ptes julmat f\u00f6r 306 euro per person. Prognosen i \u00e5r stannar vid 196 euro. M\u00e1laga \u00e4r nummer tre av provinserna i Andalusien som satsar mest p\u00e5 julafton Nochebuena och ny\u00e5rshelgen Nochevieja.<\/p>\n<p>\u2026 men k\u00f6pm\u00e4nnen \u00e4r optimistiska<br \/>\nVintern kom tidigt till Solkusten i \u00e5r. Redan den 28 oktober hade det fallit sn\u00f6 p\u00e5 Montes de M\u00e1laga och i Sierra Nevada l\u00e5g sn\u00f6djupet p\u00e5 upp emot 50 centimeter. Och k\u00f6pm\u00e4nnen jublade.<br \/>\nF\u00f6rs\u00e4ljningen av vinterkl\u00e4der kom ig\u00e5ng rekordtidigt i M\u00e1lagaprovinsen den h\u00e4r s\u00e4songen, skriver La Opini\u00f3n de M\u00e1laga. Ov\u00e4dret och kallfronten som drog in \u00f6ver Solkusten i slutet p\u00e5 oktober bidrog till att f\u00f6rs\u00e4ljningen av vinterkl\u00e4der tog fart.<br \/>\nUtsikterna \u00e4r goda inf\u00f6r julhandeln, enligt Observatorio del Comercio Minorista de M\u00e1laga. 53 procent av butiksinnehavarna r\u00e4knar med att uppr\u00e4tth\u00e5lla f\u00f6rs\u00e4ljningen fr\u00e5n 2007. 22 procent tror att de kommer att \u00f6ka f\u00f6rs\u00e4ljningen trots det dystra v\u00e4rldsl\u00e4get i ekonomin.<br \/>\nM\u00e5nga konsumentorganisationer kommer med goda k\u00f6pr\u00e5d. Bland annat att inte skjuta upp julhandlandet till sista minuten, d\u00e5 blir det oftast dyrare. Med julstressen kommer impulsink\u00f6pen vilket kan bidra till skenande priser.<br \/>\nDet \u00e4r ocks\u00e5 en god id\u00e9 att g\u00f6ra en budget och en fullst\u00e4ndig f\u00f6rteckning \u00f6ver eventuella ink\u00f6p och att vara f\u00f6rsiktig med att k\u00f6pa p\u00e5 kredit. L\u00e4s prisunders\u00f6kningar och v\u00e4lj det b\u00e4sta erbjudandet mellan kvalitet och pris.  Det \u00e4r ocks\u00e5 v\u00e4rt att komma ih\u00e5g att den produkt som marknadsf\u00f6rs h\u00e5rdast inte n\u00f6dv\u00e4ndigtvis \u00e4r den b\u00e4sta. L\u00e4s etiketter, observera tillverkningsland eller annan information om varans material. Och spar alltid kvitton och fakturor som kan beh\u00f6vas vid ett eventuellt byte.<\/p>\n<p>Till sist\u2026<br \/>\nRedan i november kom den sedvanliga p\u00e5minnelsen fr\u00e5n Handelns Utredningsinstitut i Sverige om \u201d\u00e5rets julklapp\u201d och den vanliga prognosen: \u201dJulhandeln v\u00e4ntas sl\u00e5 rekord i \u00e5r igen\u201d. Fast en del bed\u00f6mare \u00e4r inte lika \u00f6vertygade om det: \u201dGod, nej sn\u00e5l, jul\u201d, var exempelvis rubriken i tidningen Metro.<br \/>\nI vilket fall som helt: 80-talets bakmaskin, 90-talets mobiltelefon och f\u00f6rra \u00e5rets GPS mottagare l\u00e4mnar plats f\u00f6r \u00e5rets immateriella \u201den upplevelse\u201d. <\/p>\n","protected":false},"excerpt":{"rendered":"<p>Julbelysningen i M\u00e1laga \u00e4r extra sparsam i \u00e5r. Tack vare l\u00e5genergilampor hoppas myndigheterna att elr\u00e4kningen ska bli 15 procent l\u00e4gre j\u00e4mf\u00f6rt med 2007. Den ansvarige f\u00f6r den operativa verksamheten i M\u00e1laga kommun Teresa Porras s\u00e4ger att julbelysningen kommer att best\u00e5 av 3,7 miljoner lampor vilket \u00e4r 73.638 fler \u00e4n ifjol. Trots fler lampor landar elr\u00e4kningen [&hellip;]<\/p>\n","protected":false},"author":8,"featured_media":2508,"comment_status":"open","ping_status":"open","sticky":false,"template":"","format":"standard","meta":{"_et_pb_use_builder":"","_et_pb_old_content":"","_et_gb_content_width":"","footnotes":""},"categories":[396,4],"tags":[],"class_list":["post-2507","post","type-post","status-publish","format-standard","has-post-thumbnail","hentry","category-arkiv-artiklar","category-artiklar"],"yoast_head":"<!-- This site is optimized with the Yoast SEO Premium plugin v26.2 (Yoast SEO v27.4) - https:\/\/yoast.com\/product\/yoast-seo-premium-wordpress\/ -->\n<title>Julbelysning och 3,7 miljoner lampor - Svenska Magasinet<\/title>\n<meta name=\"robots\" content=\"noindex, follow, max-snippet:-1, max-image-preview:large, max-video-preview:-1\" \/>\n<meta property=\"og:locale\" content=\"sv_SE\" \/>\n<meta property=\"og:type\" content=\"article\" \/>\n<meta property=\"og:title\" content=\"Julbelysning och 3,7 miljoner lampor\" \/>\n<meta property=\"og:description\" content=\"Julbelysningen i M\u00e1laga \u00e4r extra sparsam i \u00e5r. Tack vare l\u00e5genergilampor hoppas myndigheterna att elr\u00e4kningen ska bli 15 procent l\u00e4gre j\u00e4mf\u00f6rt med 2007. Den ansvarige f\u00f6r den operativa verksamheten i M\u00e1laga kommun Teresa Porras s\u00e4ger att julbelysningen kommer att best\u00e5 av 3,7 miljoner lampor vilket \u00e4r 73.638 fler \u00e4n ifjol. Trots fler lampor landar elr\u00e4kningen [&hellip;]\" \/>\n<meta property=\"og:url\" content=\"https:\/\/lightweb.dev\/l\/svm-temp\/artiklar\/julbelysning-och-37-miljoner-lampor\/\" \/>\n<meta property=\"og:site_name\" content=\"Svenska Magasinet\" \/>\n<meta property=\"article:publisher\" content=\"https:\/\/www.facebook.com\/svenskamagasinet\" \/>\n<meta property=\"article:published_time\" content=\"2008-12-01T23:00:00+00:00\" \/>\n<meta property=\"og:image\" content=\"https:\/\/lightweb.dev\/l\/svm-temp\/wp-content\/uploads\/2022\/04\/julbelysning-och-3-7-miljoner-lampor.png\" \/>\n\t<meta property=\"og:image:width\" content=\"280\" \/>\n\t<meta property=\"og:image:height\" content=\"419\" \/>\n\t<meta property=\"og:image:type\" content=\"image\/png\" \/>\n<meta name=\"author\" content=\"Redaktionen SvM\" \/>\n<meta name=\"twitter:card\" content=\"summary_large_image\" \/>\n<meta name=\"twitter:creator\" content=\"@SvenskaMagasine\" \/>\n<meta name=\"twitter:site\" content=\"@SvenskaMagasine\" \/>\n<script type=\"application\/ld+json\" class=\"yoast-schema-graph\">{\"@context\":\"https:\\\/\\\/schema.org\",\"@graph\":[{\"@type\":\"Article\",\"@id\":\"https:\\\/\\\/lightweb.dev\\\/l\\\/svm-temp\\\/artiklar\\\/julbelysning-och-37-miljoner-lampor\\\/#article\",\"isPartOf\":{\"@id\":\"https:\\\/\\\/lightweb.dev\\\/l\\\/svm-temp\\\/artiklar\\\/julbelysning-och-37-miljoner-lampor\\\/\"},\"author\":{\"name\":\"Redaktionen SvM\",\"@id\":\"https:\\\/\\\/lightweb.dev\\\/l\\\/svm-temp\\\/#\\\/schema\\\/person\\\/206a3bda5b607b0c25e1749191e4d837\"},\"headline\":\"Julbelysning och 3,7 miljoner lampor\",\"datePublished\":\"2008-12-01T23:00:00+00:00\",\"mainEntityOfPage\":{\"@id\":\"https:\\\/\\\/lightweb.dev\\\/l\\\/svm-temp\\\/artiklar\\\/julbelysning-och-37-miljoner-lampor\\\/\"},\"wordCount\":732,\"commentCount\":0,\"publisher\":{\"@id\":\"https:\\\/\\\/lightweb.dev\\\/l\\\/svm-temp\\\/#organization\"},\"image\":{\"@id\":\"https:\\\/\\\/lightweb.dev\\\/l\\\/svm-temp\\\/artiklar\\\/julbelysning-och-37-miljoner-lampor\\\/#primaryimage\"},\"thumbnailUrl\":\"https:\\\/\\\/lightweb.dev\\\/l\\\/svm-temp\\\/wp-content\\\/uploads\\\/2022\\\/04\\\/julbelysning-och-3-7-miljoner-lampor.png\",\"articleSection\":[\"Arkiv\",\"Artiklar\"],\"inLanguage\":\"sv-SE\"},{\"@type\":\"WebPage\",\"@id\":\"https:\\\/\\\/lightweb.dev\\\/l\\\/svm-temp\\\/artiklar\\\/julbelysning-och-37-miljoner-lampor\\\/\",\"url\":\"https:\\\/\\\/lightweb.dev\\\/l\\\/svm-temp\\\/artiklar\\\/julbelysning-och-37-miljoner-lampor\\\/\",\"name\":\"Julbelysning och 3,7 miljoner lampor - Svenska Magasinet\",\"isPartOf\":{\"@id\":\"https:\\\/\\\/lightweb.dev\\\/l\\\/svm-temp\\\/#website\"},\"primaryImageOfPage\":{\"@id\":\"https:\\\/\\\/lightweb.dev\\\/l\\\/svm-temp\\\/artiklar\\\/julbelysning-och-37-miljoner-lampor\\\/#primaryimage\"},\"image\":{\"@id\":\"https:\\\/\\\/lightweb.dev\\\/l\\\/svm-temp\\\/artiklar\\\/julbelysning-och-37-miljoner-lampor\\\/#primaryimage\"},\"thumbnailUrl\":\"https:\\\/\\\/lightweb.dev\\\/l\\\/svm-temp\\\/wp-content\\\/uploads\\\/2022\\\/04\\\/julbelysning-och-3-7-miljoner-lampor.png\",\"datePublished\":\"2008-12-01T23:00:00+00:00\",\"breadcrumb\":{\"@id\":\"https:\\\/\\\/lightweb.dev\\\/l\\\/svm-temp\\\/artiklar\\\/julbelysning-och-37-miljoner-lampor\\\/#breadcrumb\"},\"inLanguage\":\"sv-SE\",\"potentialAction\":[{\"@type\":\"ReadAction\",\"target\":[\"https:\\\/\\\/lightweb.dev\\\/l\\\/svm-temp\\\/artiklar\\\/julbelysning-och-37-miljoner-lampor\\\/\"]}]},{\"@type\":\"ImageObject\",\"inLanguage\":\"sv-SE\",\"@id\":\"https:\\\/\\\/lightweb.dev\\\/l\\\/svm-temp\\\/artiklar\\\/julbelysning-och-37-miljoner-lampor\\\/#primaryimage\",\"url\":\"https:\\\/\\\/lightweb.dev\\\/l\\\/svm-temp\\\/wp-content\\\/uploads\\\/2022\\\/04\\\/julbelysning-och-3-7-miljoner-lampor.png\",\"contentUrl\":\"https:\\\/\\\/lightweb.dev\\\/l\\\/svm-temp\\\/wp-content\\\/uploads\\\/2022\\\/04\\\/julbelysning-och-3-7-miljoner-lampor.png\",\"width\":280,\"height\":419},{\"@type\":\"BreadcrumbList\",\"@id\":\"https:\\\/\\\/lightweb.dev\\\/l\\\/svm-temp\\\/artiklar\\\/julbelysning-och-37-miljoner-lampor\\\/#breadcrumb\",\"itemListElement\":[{\"@type\":\"ListItem\",\"position\":1,\"name\":\"Hem\",\"item\":\"https:\\\/\\\/lightweb.dev\\\/l\\\/svm-temp\\\/\"},{\"@type\":\"ListItem\",\"position\":2,\"name\":\"Julbelysning och 3,7 miljoner lampor\"}]},{\"@type\":\"WebSite\",\"@id\":\"https:\\\/\\\/lightweb.dev\\\/l\\\/svm-temp\\\/#website\",\"url\":\"https:\\\/\\\/lightweb.dev\\\/l\\\/svm-temp\\\/\",\"name\":\"Svenska Magasinet\",\"description\":\"Dina Spanska nyheter p&aring; Svenska\",\"publisher\":{\"@id\":\"https:\\\/\\\/lightweb.dev\\\/l\\\/svm-temp\\\/#organization\"},\"potentialAction\":[{\"@type\":\"SearchAction\",\"target\":{\"@type\":\"EntryPoint\",\"urlTemplate\":\"https:\\\/\\\/lightweb.dev\\\/l\\\/svm-temp\\\/?s={search_term_string}\"},\"query-input\":{\"@type\":\"PropertyValueSpecification\",\"valueRequired\":true,\"valueName\":\"search_term_string\"}}],\"inLanguage\":\"sv-SE\"},{\"@type\":\"Organization\",\"@id\":\"https:\\\/\\\/lightweb.dev\\\/l\\\/svm-temp\\\/#organization\",\"name\":\"Melkerson y Nott SL\",\"alternateName\":\"Svenska Magasinet\",\"url\":\"https:\\\/\\\/lightweb.dev\\\/l\\\/svm-temp\\\/\",\"logo\":{\"@type\":\"ImageObject\",\"inLanguage\":\"sv-SE\",\"@id\":\"https:\\\/\\\/lightweb.dev\\\/l\\\/svm-temp\\\/#\\\/schema\\\/logo\\\/image\\\/\",\"url\":\"https:\\\/\\\/lightweb.dev\\\/l\\\/svm-temp\\\/wp-content\\\/uploads\\\/2025\\\/02\\\/SvM-logo-Xtra-Centrerad-SVART.png\",\"contentUrl\":\"https:\\\/\\\/lightweb.dev\\\/l\\\/svm-temp\\\/wp-content\\\/uploads\\\/2025\\\/02\\\/SvM-logo-Xtra-Centrerad-SVART.png\",\"width\":300,\"height\":99,\"caption\":\"Melkerson y Nott SL\"},\"image\":{\"@id\":\"https:\\\/\\\/lightweb.dev\\\/l\\\/svm-temp\\\/#\\\/schema\\\/logo\\\/image\\\/\"},\"sameAs\":[\"https:\\\/\\\/www.facebook.com\\\/svenskamagasinet\",\"https:\\\/\\\/x.com\\\/SvenskaMagasine\"]},{\"@type\":\"Person\",\"@id\":\"https:\\\/\\\/lightweb.dev\\\/l\\\/svm-temp\\\/#\\\/schema\\\/person\\\/206a3bda5b607b0c25e1749191e4d837\",\"name\":\"Redaktionen SvM\",\"description\":\"Redaktionen\",\"sameAs\":[\"https:\\\/\\\/lightweb.dev\\\/l\\\/svm-temp\"],\"url\":\"https:\\\/\\\/lightweb.dev\\\/l\\\/svm-temp\\\/reporter\\\/redaktionen\\\/\"}]}<\/script>\n<!-- \/ Yoast SEO Premium plugin. -->","yoast_head_json":{"title":"Julbelysning och 3,7 miljoner lampor - Svenska Magasinet","robots":{"index":"noindex","follow":"follow","max-snippet":"max-snippet:-1","max-image-preview":"max-image-preview:large","max-video-preview":"max-video-preview:-1"},"og_locale":"sv_SE","og_type":"article","og_title":"Julbelysning och 3,7 miljoner lampor","og_description":"Julbelysningen i M\u00e1laga \u00e4r extra sparsam i \u00e5r. Tack vare l\u00e5genergilampor hoppas myndigheterna att elr\u00e4kningen ska bli 15 procent l\u00e4gre j\u00e4mf\u00f6rt med 2007. Den ansvarige f\u00f6r den operativa verksamheten i M\u00e1laga kommun Teresa Porras s\u00e4ger att julbelysningen kommer att best\u00e5 av 3,7 miljoner lampor vilket \u00e4r 73.638 fler \u00e4n ifjol. Trots fler lampor landar elr\u00e4kningen [&hellip;]","og_url":"https:\/\/lightweb.dev\/l\/svm-temp\/artiklar\/julbelysning-och-37-miljoner-lampor\/","og_site_name":"Svenska Magasinet","article_publisher":"https:\/\/www.facebook.com\/svenskamagasinet","article_published_time":"2008-12-01T23:00:00+00:00","og_image":[{"width":280,"height":419,"url":"https:\/\/lightweb.dev\/l\/svm-temp\/wp-content\/uploads\/2022\/04\/julbelysning-och-3-7-miljoner-lampor.png","type":"image\/png"}],"author":"Redaktionen SvM","twitter_card":"summary_large_image","twitter_creator":"@SvenskaMagasine","twitter_site":"@SvenskaMagasine","schema":{"@context":"https:\/\/schema.org","@graph":[{"@type":"Article","@id":"https:\/\/lightweb.dev\/l\/svm-temp\/artiklar\/julbelysning-och-37-miljoner-lampor\/#article","isPartOf":{"@id":"https:\/\/lightweb.dev\/l\/svm-temp\/artiklar\/julbelysning-och-37-miljoner-lampor\/"},"author":{"name":"Redaktionen SvM","@id":"https:\/\/lightweb.dev\/l\/svm-temp\/#\/schema\/person\/206a3bda5b607b0c25e1749191e4d837"},"headline":"Julbelysning och 3,7 miljoner lampor","datePublished":"2008-12-01T23:00:00+00:00","mainEntityOfPage":{"@id":"https:\/\/lightweb.dev\/l\/svm-temp\/artiklar\/julbelysning-och-37-miljoner-lampor\/"},"wordCount":732,"commentCount":0,"publisher":{"@id":"https:\/\/lightweb.dev\/l\/svm-temp\/#organization"},"image":{"@id":"https:\/\/lightweb.dev\/l\/svm-temp\/artiklar\/julbelysning-och-37-miljoner-lampor\/#primaryimage"},"thumbnailUrl":"https:\/\/lightweb.dev\/l\/svm-temp\/wp-content\/uploads\/2022\/04\/julbelysning-och-3-7-miljoner-lampor.png","articleSection":["Arkiv","Artiklar"],"inLanguage":"sv-SE"},{"@type":"WebPage","@id":"https:\/\/lightweb.dev\/l\/svm-temp\/artiklar\/julbelysning-och-37-miljoner-lampor\/","url":"https:\/\/lightweb.dev\/l\/svm-temp\/artiklar\/julbelysning-och-37-miljoner-lampor\/","name":"Julbelysning och 3,7 miljoner lampor - Svenska Magasinet","isPartOf":{"@id":"https:\/\/lightweb.dev\/l\/svm-temp\/#website"},"primaryImageOfPage":{"@id":"https:\/\/lightweb.dev\/l\/svm-temp\/artiklar\/julbelysning-och-37-miljoner-lampor\/#primaryimage"},"image":{"@id":"https:\/\/lightweb.dev\/l\/svm-temp\/artiklar\/julbelysning-och-37-miljoner-lampor\/#primaryimage"},"thumbnailUrl":"https:\/\/lightweb.dev\/l\/svm-temp\/wp-content\/uploads\/2022\/04\/julbelysning-och-3-7-miljoner-lampor.png","datePublished":"2008-12-01T23:00:00+00:00","breadcrumb":{"@id":"https:\/\/lightweb.dev\/l\/svm-temp\/artiklar\/julbelysning-och-37-miljoner-lampor\/#breadcrumb"},"inLanguage":"sv-SE","potentialAction":[{"@type":"ReadAction","target":["https:\/\/lightweb.dev\/l\/svm-temp\/artiklar\/julbelysning-och-37-miljoner-lampor\/"]}]},{"@type":"ImageObject","inLanguage":"sv-SE","@id":"https:\/\/lightweb.dev\/l\/svm-temp\/artiklar\/julbelysning-och-37-miljoner-lampor\/#primaryimage","url":"https:\/\/lightweb.dev\/l\/svm-temp\/wp-content\/uploads\/2022\/04\/julbelysning-och-3-7-miljoner-lampor.png","contentUrl":"https:\/\/lightweb.dev\/l\/svm-temp\/wp-content\/uploads\/2022\/04\/julbelysning-och-3-7-miljoner-lampor.png","width":280,"height":419},{"@type":"BreadcrumbList","@id":"https:\/\/lightweb.dev\/l\/svm-temp\/artiklar\/julbelysning-och-37-miljoner-lampor\/#breadcrumb","itemListElement":[{"@type":"ListItem","position":1,"name":"Hem","item":"https:\/\/lightweb.dev\/l\/svm-temp\/"},{"@type":"ListItem","position":2,"name":"Julbelysning och 3,7 miljoner lampor"}]},{"@type":"WebSite","@id":"https:\/\/lightweb.dev\/l\/svm-temp\/#website","url":"https:\/\/lightweb.dev\/l\/svm-temp\/","name":"Svenska Magasinet","description":"Dina Spanska nyheter p&aring; Svenska","publisher":{"@id":"https:\/\/lightweb.dev\/l\/svm-temp\/#organization"},"potentialAction":[{"@type":"SearchAction","target":{"@type":"EntryPoint","urlTemplate":"https:\/\/lightweb.dev\/l\/svm-temp\/?s={search_term_string}"},"query-input":{"@type":"PropertyValueSpecification","valueRequired":true,"valueName":"search_term_string"}}],"inLanguage":"sv-SE"},{"@type":"Organization","@id":"https:\/\/lightweb.dev\/l\/svm-temp\/#organization","name":"Melkerson y Nott SL","alternateName":"Svenska Magasinet","url":"https:\/\/lightweb.dev\/l\/svm-temp\/","logo":{"@type":"ImageObject","inLanguage":"sv-SE","@id":"https:\/\/lightweb.dev\/l\/svm-temp\/#\/schema\/logo\/image\/","url":"https:\/\/lightweb.dev\/l\/svm-temp\/wp-content\/uploads\/2025\/02\/SvM-logo-Xtra-Centrerad-SVART.png","contentUrl":"https:\/\/lightweb.dev\/l\/svm-temp\/wp-content\/uploads\/2025\/02\/SvM-logo-Xtra-Centrerad-SVART.png","width":300,"height":99,"caption":"Melkerson y Nott SL"},"image":{"@id":"https:\/\/lightweb.dev\/l\/svm-temp\/#\/schema\/logo\/image\/"},"sameAs":["https:\/\/www.facebook.com\/svenskamagasinet","https:\/\/x.com\/SvenskaMagasine"]},{"@type":"Person","@id":"https:\/\/lightweb.dev\/l\/svm-temp\/#\/schema\/person\/206a3bda5b607b0c25e1749191e4d837","name":"Redaktionen SvM","description":"Redaktionen","sameAs":["https:\/\/lightweb.dev\/l\/svm-temp"],"url":"https:\/\/lightweb.dev\/l\/svm-temp\/reporter\/redaktionen\/"}]}},"_links":{"self":[{"href":"https:\/\/lightweb.dev\/l\/svm-temp\/wp-json\/wp\/v2\/posts\/2507","targetHints":{"allow":["GET"]}}],"collection":[{"href":"https:\/\/lightweb.dev\/l\/svm-temp\/wp-json\/wp\/v2\/posts"}],"about":[{"href":"https:\/\/lightweb.dev\/l\/svm-temp\/wp-json\/wp\/v2\/types\/post"}],"author":[{"embeddable":true,"href":"https:\/\/lightweb.dev\/l\/svm-temp\/wp-json\/wp\/v2\/users\/8"}],"replies":[{"embeddable":true,"href":"https:\/\/lightweb.dev\/l\/svm-temp\/wp-json\/wp\/v2\/comments?post=2507"}],"version-history":[{"count":0,"href":"https:\/\/lightweb.dev\/l\/svm-temp\/wp-json\/wp\/v2\/posts\/2507\/revisions"}],"wp:featuredmedia":[{"embeddable":true,"href":"https:\/\/lightweb.dev\/l\/svm-temp\/wp-json\/wp\/v2\/media\/2508"}],"wp:attachment":[{"href":"https:\/\/lightweb.dev\/l\/svm-temp\/wp-json\/wp\/v2\/media?parent=2507"}],"wp:term":[{"taxonomy":"category","embeddable":true,"href":"https:\/\/lightweb.dev\/l\/svm-temp\/wp-json\/wp\/v2\/categories?post=2507"},{"taxonomy":"post_tag","embeddable":true,"href":"https:\/\/lightweb.dev\/l\/svm-temp\/wp-json\/wp\/v2\/tags?post=2507"}],"curies":[{"name":"wp","href":"https:\/\/api.w.org\/{rel}","templated":true}]}}