{"id":2512,"date":"2008-12-02T00:00:00","date_gmt":"2008-12-01T23:00:00","guid":{"rendered":"https:\/\/lightweb.dev\/l\/svm-temp\/en-doft-av-spanien-ingela-brandbergs-nya-bok-om-spansk-mat\/"},"modified":"2008-12-02T00:00:00","modified_gmt":"2008-12-01T23:00:00","slug":"en-doft-av-spanien-ingela-brandbergs-nya-bok-om-spansk-mat","status":"publish","type":"post","link":"https:\/\/lightweb.dev\/l\/svm-temp\/artiklar\/en-doft-av-spanien-ingela-brandbergs-nya-bok-om-spansk-mat\/","title":{"rendered":"\u201dEn doft av Spanien\u201d &#8211; Ingela Brandbergs nya bok om spansk mat"},"content":{"rendered":"<p> Ingela \u00e4r utbildad journalist, men har alltid haft ett stort intresse f\u00f6r mat. Den nya boken, En doft av Spanien, har sin bakgrund s\u00e5 l\u00e5ngt tillbaka som till 1981 d\u00e5 Ingela Brandberg kom till Spanien och Madrid Av Anders Trense<\/p>\n<p>Den spanska mattraditionen \u00e4r mycket intressant och sp\u00e4nnande. Ingela kan verkligen j\u00e4mf\u00f6ra, eftersom hon under tio \u00e5r arbetat i olika l\u00e4nder innan hon kom till Spanien, f\u00f6rst Kanada, sedan Tyskland, Brasilien och Schweiz.<br \/>\nIngelas intresse f\u00f6r mat gjorde att hon direkt b\u00f6rjade \u201dforska\u201d om spansk mat. Det hon d\u00e5 uppt\u00e4ckte, var att det fanns n\u00e4stan ingenting p\u00e5 andra spr\u00e5k \u00e4n spanska. M\u00e5nga skrev om det franska k\u00f6ket, naturligtvis, och det italienska, men mycket litet om det spanska k\u00f6ket. De flesta svenskars kunskap om det spanska k\u00f6ket var grisfest, sangr\u00eda och paella. Ingela ins\u00e5g att det spanska k\u00f6ket gott stod sig i konkurrensen och detta borde man g\u00f6ra n\u00e5got \u00e5t.<\/p>\n<p>Ingela och en amerikansk v\u00e4ninna skrev en bok om spansk mat, p\u00e5 engelska. Boken blev en succ\u00e9 och trycktes i flera upplagor. Under \u00e5ren som gick skrev sedan Ingela m\u00e5nga artiklar om spansk mat, recept p\u00e5 olika r\u00e4tter, vilka viner som passade till och s\u00e5 vidare.<br \/>\nSt\u00e4ndigt m\u00f6tte hon m\u00e4nniskor som undrade, \u201dvarf\u00f6r \u00f6vers\u00e4tter du inte din bok till svenska?\u201d Ja, varf\u00f6r? Svaret \u00e4r nog s\u00e5 enkelt som ordet tid. Ingela har st\u00e4ndigt jobb som journalist.<br \/>\nEftersom hon beh\u00e4rskar b\u00e5de spr\u00e5k och levnadss\u00e4tt i Spanien och Sverige blir hon efterfr\u00e5gad av institutioner, n\u00e4ringslivet med mera. Hon har sedan l\u00e4nge ett eget f\u00f6retag. Till de stadiga jobben h\u00f6r en Spanienbilaga i Svenska Dagbladet, d\u00e4r hon \u00e4r redakt\u00f6r. Dessutom har hon i fyra \u00e5r varit redakt\u00f6r f\u00f6r tidigare Svenska Magasinet Costa Blanca, som d\u00e5 hade namnet Costa Blanca Magasinet.<\/p>\n<p>Det blev ingen \u00f6vers\u00e4ttning till svenska, det blev en ny bok, \u201dEn doft av Spanien\u201d, en genuin ber\u00e4ttelse om spansk mat. Ingela betonar att hon inte \u00e4r kock, utan journalist. H\u00e4r finns allts\u00e5 inga speciella \u201dingelarecept\u201d.<br \/>\n\u00c4ven om hon sj\u00e4lv skulle tycka, att \u201dlite mer socker\u201d skulle vara b\u00e4ttre, tummar hon inte p\u00e5 \u00e4ktheten. Det \u00e4r \u00e4kta spanska r\u00e5varor rakt igenom. Det fina \u00e4r att hon skrivit en fullst\u00e4ndig ordlista l\u00e4ngst bak.<br \/>\nDu kan ta boken med dig, f\u00f6r att f\u00e5 r\u00e4tt ingredienser vart du \u00e4n g\u00e5r och utan att kunna ett ord spanska. Detta kan \u00e4ven s\u00e4gas om bilderna i boken, som \u00e4r m\u00e5nga och beskrivande. Vi f\u00e5r heller inte gl\u00f6mma vintipsen till olika r\u00e4tter, som andas kunskap.<\/p>\n<p>Boken riktar sig till de flesta, men har inga snabbmatrecept. Du ska ha t\u00e5lamod, intresse och k\u00e4nna gl\u00e4dje n\u00e4r du skapar dina m\u00e4sterverk. Om du g\u00f6r det, kommer du att f\u00e5 m\u00e5nga nya v\u00e4nner. <\/p>\n","protected":false},"excerpt":{"rendered":"<p>Ingela \u00e4r utbildad journalist, men har alltid haft ett stort intresse f\u00f6r mat. Den nya boken, En doft av Spanien, har sin bakgrund s\u00e5 l\u00e5ngt tillbaka som till 1981 d\u00e5 Ingela Brandberg kom till Spanien och Madrid Av Anders Trense Den spanska mattraditionen \u00e4r mycket intressant och sp\u00e4nnande. Ingela kan verkligen j\u00e4mf\u00f6ra, eftersom hon under [&hellip;]<\/p>\n","protected":false},"author":8,"featured_media":2513,"comment_status":"open","ping_status":"open","sticky":false,"template":"","format":"standard","meta":{"_et_pb_use_builder":"","_et_pb_old_content":"","_et_gb_content_width":"","footnotes":""},"categories":[396,4],"tags":[],"class_list":["post-2512","post","type-post","status-publish","format-standard","has-post-thumbnail","hentry","category-arkiv-artiklar","category-artiklar"],"yoast_head":"<!-- This site is optimized with the Yoast SEO Premium plugin v26.2 (Yoast SEO v27.4) - https:\/\/yoast.com\/product\/yoast-seo-premium-wordpress\/ -->\n<title>\u201dEn doft av Spanien\u201d - Ingela Brandbergs nya bok om spansk mat - Svenska Magasinet<\/title>\n<meta name=\"robots\" content=\"noindex, follow, max-snippet:-1, max-image-preview:large, max-video-preview:-1\" \/>\n<meta property=\"og:locale\" content=\"sv_SE\" \/>\n<meta property=\"og:type\" content=\"article\" \/>\n<meta property=\"og:title\" content=\"\u201dEn doft av Spanien\u201d - Ingela Brandbergs nya bok om spansk mat\" \/>\n<meta property=\"og:description\" content=\"Ingela \u00e4r utbildad journalist, men har alltid haft ett stort intresse f\u00f6r mat. Den nya boken, En doft av Spanien, har sin bakgrund s\u00e5 l\u00e5ngt tillbaka som till 1981 d\u00e5 Ingela Brandberg kom till Spanien och Madrid Av Anders Trense Den spanska mattraditionen \u00e4r mycket intressant och sp\u00e4nnande. Ingela kan verkligen j\u00e4mf\u00f6ra, eftersom hon under [&hellip;]\" \/>\n<meta property=\"og:url\" content=\"https:\/\/lightweb.dev\/l\/svm-temp\/artiklar\/en-doft-av-spanien-ingela-brandbergs-nya-bok-om-spansk-mat\/\" \/>\n<meta property=\"og:site_name\" content=\"Svenska Magasinet\" \/>\n<meta property=\"article:publisher\" content=\"https:\/\/www.facebook.com\/svenskamagasinet\" \/>\n<meta property=\"article:published_time\" content=\"2008-12-01T23:00:00+00:00\" \/>\n<meta property=\"og:image\" content=\"https:\/\/lightweb.dev\/l\/svm-temp\/wp-content\/uploads\/2022\/04\/en-doft-av-spanien-ingela-brandbergs-nya-bok-om-spansk-mat.png\" \/>\n\t<meta property=\"og:image:width\" content=\"280\" \/>\n\t<meta property=\"og:image:height\" content=\"373\" \/>\n\t<meta property=\"og:image:type\" content=\"image\/png\" \/>\n<meta name=\"author\" content=\"Redaktionen SvM\" \/>\n<meta name=\"twitter:card\" content=\"summary_large_image\" \/>\n<meta name=\"twitter:creator\" content=\"@SvenskaMagasine\" \/>\n<meta name=\"twitter:site\" content=\"@SvenskaMagasine\" \/>\n<script type=\"application\/ld+json\" class=\"yoast-schema-graph\">{\"@context\":\"https:\\\/\\\/schema.org\",\"@graph\":[{\"@type\":\"Article\",\"@id\":\"https:\\\/\\\/lightweb.dev\\\/l\\\/svm-temp\\\/artiklar\\\/en-doft-av-spanien-ingela-brandbergs-nya-bok-om-spansk-mat\\\/#article\",\"isPartOf\":{\"@id\":\"https:\\\/\\\/lightweb.dev\\\/l\\\/svm-temp\\\/artiklar\\\/en-doft-av-spanien-ingela-brandbergs-nya-bok-om-spansk-mat\\\/\"},\"author\":{\"name\":\"Redaktionen SvM\",\"@id\":\"https:\\\/\\\/lightweb.dev\\\/l\\\/svm-temp\\\/#\\\/schema\\\/person\\\/206a3bda5b607b0c25e1749191e4d837\"},\"headline\":\"\u201dEn doft av Spanien\u201d &#8211; Ingela Brandbergs nya bok om spansk mat\",\"datePublished\":\"2008-12-01T23:00:00+00:00\",\"mainEntityOfPage\":{\"@id\":\"https:\\\/\\\/lightweb.dev\\\/l\\\/svm-temp\\\/artiklar\\\/en-doft-av-spanien-ingela-brandbergs-nya-bok-om-spansk-mat\\\/\"},\"wordCount\":518,\"commentCount\":0,\"publisher\":{\"@id\":\"https:\\\/\\\/lightweb.dev\\\/l\\\/svm-temp\\\/#organization\"},\"image\":{\"@id\":\"https:\\\/\\\/lightweb.dev\\\/l\\\/svm-temp\\\/artiklar\\\/en-doft-av-spanien-ingela-brandbergs-nya-bok-om-spansk-mat\\\/#primaryimage\"},\"thumbnailUrl\":\"https:\\\/\\\/lightweb.dev\\\/l\\\/svm-temp\\\/wp-content\\\/uploads\\\/2022\\\/04\\\/en-doft-av-spanien-ingela-brandbergs-nya-bok-om-spansk-mat.png\",\"articleSection\":[\"Arkiv\",\"Artiklar\"],\"inLanguage\":\"sv-SE\"},{\"@type\":\"WebPage\",\"@id\":\"https:\\\/\\\/lightweb.dev\\\/l\\\/svm-temp\\\/artiklar\\\/en-doft-av-spanien-ingela-brandbergs-nya-bok-om-spansk-mat\\\/\",\"url\":\"https:\\\/\\\/lightweb.dev\\\/l\\\/svm-temp\\\/artiklar\\\/en-doft-av-spanien-ingela-brandbergs-nya-bok-om-spansk-mat\\\/\",\"name\":\"\u201dEn doft av Spanien\u201d - Ingela Brandbergs nya bok om spansk mat - Svenska Magasinet\",\"isPartOf\":{\"@id\":\"https:\\\/\\\/lightweb.dev\\\/l\\\/svm-temp\\\/#website\"},\"primaryImageOfPage\":{\"@id\":\"https:\\\/\\\/lightweb.dev\\\/l\\\/svm-temp\\\/artiklar\\\/en-doft-av-spanien-ingela-brandbergs-nya-bok-om-spansk-mat\\\/#primaryimage\"},\"image\":{\"@id\":\"https:\\\/\\\/lightweb.dev\\\/l\\\/svm-temp\\\/artiklar\\\/en-doft-av-spanien-ingela-brandbergs-nya-bok-om-spansk-mat\\\/#primaryimage\"},\"thumbnailUrl\":\"https:\\\/\\\/lightweb.dev\\\/l\\\/svm-temp\\\/wp-content\\\/uploads\\\/2022\\\/04\\\/en-doft-av-spanien-ingela-brandbergs-nya-bok-om-spansk-mat.png\",\"datePublished\":\"2008-12-01T23:00:00+00:00\",\"breadcrumb\":{\"@id\":\"https:\\\/\\\/lightweb.dev\\\/l\\\/svm-temp\\\/artiklar\\\/en-doft-av-spanien-ingela-brandbergs-nya-bok-om-spansk-mat\\\/#breadcrumb\"},\"inLanguage\":\"sv-SE\",\"potentialAction\":[{\"@type\":\"ReadAction\",\"target\":[\"https:\\\/\\\/lightweb.dev\\\/l\\\/svm-temp\\\/artiklar\\\/en-doft-av-spanien-ingela-brandbergs-nya-bok-om-spansk-mat\\\/\"]}]},{\"@type\":\"ImageObject\",\"inLanguage\":\"sv-SE\",\"@id\":\"https:\\\/\\\/lightweb.dev\\\/l\\\/svm-temp\\\/artiklar\\\/en-doft-av-spanien-ingela-brandbergs-nya-bok-om-spansk-mat\\\/#primaryimage\",\"url\":\"https:\\\/\\\/lightweb.dev\\\/l\\\/svm-temp\\\/wp-content\\\/uploads\\\/2022\\\/04\\\/en-doft-av-spanien-ingela-brandbergs-nya-bok-om-spansk-mat.png\",\"contentUrl\":\"https:\\\/\\\/lightweb.dev\\\/l\\\/svm-temp\\\/wp-content\\\/uploads\\\/2022\\\/04\\\/en-doft-av-spanien-ingela-brandbergs-nya-bok-om-spansk-mat.png\",\"width\":280,\"height\":373},{\"@type\":\"BreadcrumbList\",\"@id\":\"https:\\\/\\\/lightweb.dev\\\/l\\\/svm-temp\\\/artiklar\\\/en-doft-av-spanien-ingela-brandbergs-nya-bok-om-spansk-mat\\\/#breadcrumb\",\"itemListElement\":[{\"@type\":\"ListItem\",\"position\":1,\"name\":\"Hem\",\"item\":\"https:\\\/\\\/lightweb.dev\\\/l\\\/svm-temp\\\/\"},{\"@type\":\"ListItem\",\"position\":2,\"name\":\"\u201dEn doft av Spanien\u201d &#8211; Ingela Brandbergs nya bok om spansk mat\"}]},{\"@type\":\"WebSite\",\"@id\":\"https:\\\/\\\/lightweb.dev\\\/l\\\/svm-temp\\\/#website\",\"url\":\"https:\\\/\\\/lightweb.dev\\\/l\\\/svm-temp\\\/\",\"name\":\"Svenska Magasinet\",\"description\":\"Dina Spanska nyheter p&aring; Svenska\",\"publisher\":{\"@id\":\"https:\\\/\\\/lightweb.dev\\\/l\\\/svm-temp\\\/#organization\"},\"potentialAction\":[{\"@type\":\"SearchAction\",\"target\":{\"@type\":\"EntryPoint\",\"urlTemplate\":\"https:\\\/\\\/lightweb.dev\\\/l\\\/svm-temp\\\/?s={search_term_string}\"},\"query-input\":{\"@type\":\"PropertyValueSpecification\",\"valueRequired\":true,\"valueName\":\"search_term_string\"}}],\"inLanguage\":\"sv-SE\"},{\"@type\":\"Organization\",\"@id\":\"https:\\\/\\\/lightweb.dev\\\/l\\\/svm-temp\\\/#organization\",\"name\":\"Melkerson y Nott SL\",\"alternateName\":\"Svenska Magasinet\",\"url\":\"https:\\\/\\\/lightweb.dev\\\/l\\\/svm-temp\\\/\",\"logo\":{\"@type\":\"ImageObject\",\"inLanguage\":\"sv-SE\",\"@id\":\"https:\\\/\\\/lightweb.dev\\\/l\\\/svm-temp\\\/#\\\/schema\\\/logo\\\/image\\\/\",\"url\":\"https:\\\/\\\/lightweb.dev\\\/l\\\/svm-temp\\\/wp-content\\\/uploads\\\/2025\\\/02\\\/SvM-logo-Xtra-Centrerad-SVART.png\",\"contentUrl\":\"https:\\\/\\\/lightweb.dev\\\/l\\\/svm-temp\\\/wp-content\\\/uploads\\\/2025\\\/02\\\/SvM-logo-Xtra-Centrerad-SVART.png\",\"width\":300,\"height\":99,\"caption\":\"Melkerson y Nott SL\"},\"image\":{\"@id\":\"https:\\\/\\\/lightweb.dev\\\/l\\\/svm-temp\\\/#\\\/schema\\\/logo\\\/image\\\/\"},\"sameAs\":[\"https:\\\/\\\/www.facebook.com\\\/svenskamagasinet\",\"https:\\\/\\\/x.com\\\/SvenskaMagasine\"]},{\"@type\":\"Person\",\"@id\":\"https:\\\/\\\/lightweb.dev\\\/l\\\/svm-temp\\\/#\\\/schema\\\/person\\\/206a3bda5b607b0c25e1749191e4d837\",\"name\":\"Redaktionen SvM\",\"description\":\"Redaktionen\",\"sameAs\":[\"https:\\\/\\\/lightweb.dev\\\/l\\\/svm-temp\"],\"url\":\"https:\\\/\\\/lightweb.dev\\\/l\\\/svm-temp\\\/reporter\\\/redaktionen\\\/\"}]}<\/script>\n<!-- \/ Yoast SEO Premium plugin. -->","yoast_head_json":{"title":"\u201dEn doft av Spanien\u201d - Ingela Brandbergs nya bok om spansk mat - Svenska Magasinet","robots":{"index":"noindex","follow":"follow","max-snippet":"max-snippet:-1","max-image-preview":"max-image-preview:large","max-video-preview":"max-video-preview:-1"},"og_locale":"sv_SE","og_type":"article","og_title":"\u201dEn doft av Spanien\u201d - Ingela Brandbergs nya bok om spansk mat","og_description":"Ingela \u00e4r utbildad journalist, men har alltid haft ett stort intresse f\u00f6r mat. Den nya boken, En doft av Spanien, har sin bakgrund s\u00e5 l\u00e5ngt tillbaka som till 1981 d\u00e5 Ingela Brandberg kom till Spanien och Madrid Av Anders Trense Den spanska mattraditionen \u00e4r mycket intressant och sp\u00e4nnande. Ingela kan verkligen j\u00e4mf\u00f6ra, eftersom hon under [&hellip;]","og_url":"https:\/\/lightweb.dev\/l\/svm-temp\/artiklar\/en-doft-av-spanien-ingela-brandbergs-nya-bok-om-spansk-mat\/","og_site_name":"Svenska Magasinet","article_publisher":"https:\/\/www.facebook.com\/svenskamagasinet","article_published_time":"2008-12-01T23:00:00+00:00","og_image":[{"width":280,"height":373,"url":"https:\/\/lightweb.dev\/l\/svm-temp\/wp-content\/uploads\/2022\/04\/en-doft-av-spanien-ingela-brandbergs-nya-bok-om-spansk-mat.png","type":"image\/png"}],"author":"Redaktionen SvM","twitter_card":"summary_large_image","twitter_creator":"@SvenskaMagasine","twitter_site":"@SvenskaMagasine","schema":{"@context":"https:\/\/schema.org","@graph":[{"@type":"Article","@id":"https:\/\/lightweb.dev\/l\/svm-temp\/artiklar\/en-doft-av-spanien-ingela-brandbergs-nya-bok-om-spansk-mat\/#article","isPartOf":{"@id":"https:\/\/lightweb.dev\/l\/svm-temp\/artiklar\/en-doft-av-spanien-ingela-brandbergs-nya-bok-om-spansk-mat\/"},"author":{"name":"Redaktionen SvM","@id":"https:\/\/lightweb.dev\/l\/svm-temp\/#\/schema\/person\/206a3bda5b607b0c25e1749191e4d837"},"headline":"\u201dEn doft av Spanien\u201d &#8211; Ingela Brandbergs nya bok om spansk mat","datePublished":"2008-12-01T23:00:00+00:00","mainEntityOfPage":{"@id":"https:\/\/lightweb.dev\/l\/svm-temp\/artiklar\/en-doft-av-spanien-ingela-brandbergs-nya-bok-om-spansk-mat\/"},"wordCount":518,"commentCount":0,"publisher":{"@id":"https:\/\/lightweb.dev\/l\/svm-temp\/#organization"},"image":{"@id":"https:\/\/lightweb.dev\/l\/svm-temp\/artiklar\/en-doft-av-spanien-ingela-brandbergs-nya-bok-om-spansk-mat\/#primaryimage"},"thumbnailUrl":"https:\/\/lightweb.dev\/l\/svm-temp\/wp-content\/uploads\/2022\/04\/en-doft-av-spanien-ingela-brandbergs-nya-bok-om-spansk-mat.png","articleSection":["Arkiv","Artiklar"],"inLanguage":"sv-SE"},{"@type":"WebPage","@id":"https:\/\/lightweb.dev\/l\/svm-temp\/artiklar\/en-doft-av-spanien-ingela-brandbergs-nya-bok-om-spansk-mat\/","url":"https:\/\/lightweb.dev\/l\/svm-temp\/artiklar\/en-doft-av-spanien-ingela-brandbergs-nya-bok-om-spansk-mat\/","name":"\u201dEn doft av Spanien\u201d - Ingela Brandbergs nya bok om spansk mat - Svenska Magasinet","isPartOf":{"@id":"https:\/\/lightweb.dev\/l\/svm-temp\/#website"},"primaryImageOfPage":{"@id":"https:\/\/lightweb.dev\/l\/svm-temp\/artiklar\/en-doft-av-spanien-ingela-brandbergs-nya-bok-om-spansk-mat\/#primaryimage"},"image":{"@id":"https:\/\/lightweb.dev\/l\/svm-temp\/artiklar\/en-doft-av-spanien-ingela-brandbergs-nya-bok-om-spansk-mat\/#primaryimage"},"thumbnailUrl":"https:\/\/lightweb.dev\/l\/svm-temp\/wp-content\/uploads\/2022\/04\/en-doft-av-spanien-ingela-brandbergs-nya-bok-om-spansk-mat.png","datePublished":"2008-12-01T23:00:00+00:00","breadcrumb":{"@id":"https:\/\/lightweb.dev\/l\/svm-temp\/artiklar\/en-doft-av-spanien-ingela-brandbergs-nya-bok-om-spansk-mat\/#breadcrumb"},"inLanguage":"sv-SE","potentialAction":[{"@type":"ReadAction","target":["https:\/\/lightweb.dev\/l\/svm-temp\/artiklar\/en-doft-av-spanien-ingela-brandbergs-nya-bok-om-spansk-mat\/"]}]},{"@type":"ImageObject","inLanguage":"sv-SE","@id":"https:\/\/lightweb.dev\/l\/svm-temp\/artiklar\/en-doft-av-spanien-ingela-brandbergs-nya-bok-om-spansk-mat\/#primaryimage","url":"https:\/\/lightweb.dev\/l\/svm-temp\/wp-content\/uploads\/2022\/04\/en-doft-av-spanien-ingela-brandbergs-nya-bok-om-spansk-mat.png","contentUrl":"https:\/\/lightweb.dev\/l\/svm-temp\/wp-content\/uploads\/2022\/04\/en-doft-av-spanien-ingela-brandbergs-nya-bok-om-spansk-mat.png","width":280,"height":373},{"@type":"BreadcrumbList","@id":"https:\/\/lightweb.dev\/l\/svm-temp\/artiklar\/en-doft-av-spanien-ingela-brandbergs-nya-bok-om-spansk-mat\/#breadcrumb","itemListElement":[{"@type":"ListItem","position":1,"name":"Hem","item":"https:\/\/lightweb.dev\/l\/svm-temp\/"},{"@type":"ListItem","position":2,"name":"\u201dEn doft av Spanien\u201d &#8211; Ingela Brandbergs nya bok om spansk mat"}]},{"@type":"WebSite","@id":"https:\/\/lightweb.dev\/l\/svm-temp\/#website","url":"https:\/\/lightweb.dev\/l\/svm-temp\/","name":"Svenska Magasinet","description":"Dina Spanska nyheter p&aring; Svenska","publisher":{"@id":"https:\/\/lightweb.dev\/l\/svm-temp\/#organization"},"potentialAction":[{"@type":"SearchAction","target":{"@type":"EntryPoint","urlTemplate":"https:\/\/lightweb.dev\/l\/svm-temp\/?s={search_term_string}"},"query-input":{"@type":"PropertyValueSpecification","valueRequired":true,"valueName":"search_term_string"}}],"inLanguage":"sv-SE"},{"@type":"Organization","@id":"https:\/\/lightweb.dev\/l\/svm-temp\/#organization","name":"Melkerson y Nott SL","alternateName":"Svenska Magasinet","url":"https:\/\/lightweb.dev\/l\/svm-temp\/","logo":{"@type":"ImageObject","inLanguage":"sv-SE","@id":"https:\/\/lightweb.dev\/l\/svm-temp\/#\/schema\/logo\/image\/","url":"https:\/\/lightweb.dev\/l\/svm-temp\/wp-content\/uploads\/2025\/02\/SvM-logo-Xtra-Centrerad-SVART.png","contentUrl":"https:\/\/lightweb.dev\/l\/svm-temp\/wp-content\/uploads\/2025\/02\/SvM-logo-Xtra-Centrerad-SVART.png","width":300,"height":99,"caption":"Melkerson y Nott SL"},"image":{"@id":"https:\/\/lightweb.dev\/l\/svm-temp\/#\/schema\/logo\/image\/"},"sameAs":["https:\/\/www.facebook.com\/svenskamagasinet","https:\/\/x.com\/SvenskaMagasine"]},{"@type":"Person","@id":"https:\/\/lightweb.dev\/l\/svm-temp\/#\/schema\/person\/206a3bda5b607b0c25e1749191e4d837","name":"Redaktionen SvM","description":"Redaktionen","sameAs":["https:\/\/lightweb.dev\/l\/svm-temp"],"url":"https:\/\/lightweb.dev\/l\/svm-temp\/reporter\/redaktionen\/"}]}},"_links":{"self":[{"href":"https:\/\/lightweb.dev\/l\/svm-temp\/wp-json\/wp\/v2\/posts\/2512","targetHints":{"allow":["GET"]}}],"collection":[{"href":"https:\/\/lightweb.dev\/l\/svm-temp\/wp-json\/wp\/v2\/posts"}],"about":[{"href":"https:\/\/lightweb.dev\/l\/svm-temp\/wp-json\/wp\/v2\/types\/post"}],"author":[{"embeddable":true,"href":"https:\/\/lightweb.dev\/l\/svm-temp\/wp-json\/wp\/v2\/users\/8"}],"replies":[{"embeddable":true,"href":"https:\/\/lightweb.dev\/l\/svm-temp\/wp-json\/wp\/v2\/comments?post=2512"}],"version-history":[{"count":0,"href":"https:\/\/lightweb.dev\/l\/svm-temp\/wp-json\/wp\/v2\/posts\/2512\/revisions"}],"wp:featuredmedia":[{"embeddable":true,"href":"https:\/\/lightweb.dev\/l\/svm-temp\/wp-json\/wp\/v2\/media\/2513"}],"wp:attachment":[{"href":"https:\/\/lightweb.dev\/l\/svm-temp\/wp-json\/wp\/v2\/media?parent=2512"}],"wp:term":[{"taxonomy":"category","embeddable":true,"href":"https:\/\/lightweb.dev\/l\/svm-temp\/wp-json\/wp\/v2\/categories?post=2512"},{"taxonomy":"post_tag","embeddable":true,"href":"https:\/\/lightweb.dev\/l\/svm-temp\/wp-json\/wp\/v2\/tags?post=2512"}],"curies":[{"name":"wp","href":"https:\/\/api.w.org\/{rel}","templated":true}]}}