{"id":2521,"date":"2008-11-20T00:00:00","date_gmt":"2008-11-19T23:00:00","guid":{"rendered":"https:\/\/lightweb.dev\/l\/svm-temp\/ny-ledningsgrupp-pa-nya-los-naranjos\/"},"modified":"2008-11-20T00:00:00","modified_gmt":"2008-11-19T23:00:00","slug":"ny-ledningsgrupp-pa-nya-los-naranjos","status":"publish","type":"post","link":"https:\/\/lightweb.dev\/l\/svm-temp\/artiklar\/ny-ledningsgrupp-pa-nya-los-naranjos\/","title":{"rendered":"Ny ledningsgrupp p\u00e5 \u201dnya\u201d Los Naranjos"},"content":{"rendered":"<p> Efter n\u00e4stan 20 \u00e5r s\u00e5lde den sk\u00e5nske byggherren Percy Nilsson av sin golfverksamhet Los Naranjos till ett svenskt aff\u00e4rskonsortium i slutet p\u00e5 2007. Bengt-Arne Bengtsson, Lennart Hall, Percy Nilsson, Hans Fagerlund och Alexander Kotton hostade upp i runda tal en halv miljard kronor f\u00f6r anl\u00e4ggningen. I en intervju i Svenska Magasinet ber\u00e4ttade de nya \u00e4garna om investeringar p\u00e5 omkring 15 miljoner euro skulle f\u00e5 Los Naranjos att sl\u00e5 sig in bland Europas fr\u00e4msta golfbanor och bli en m\u00e4sterskapsbana.<\/p>\n<p>Nu har det g\u00e5tt snart ett \u00e5r och \u201dApelsinbanan\u201d \u00e4r p\u00e5 god v\u00e4g. Golfbanan har genomg\u00e5tt en rej\u00e4l ansiktslyftning med det nya gr\u00e4set Bermuda Tifway samtidigt som ett nytt dr\u00e4neringssystem installerats och bunkrarna f\u00e5tt ny sand. Arbetet \u00e4r nu avslutat och insatsen har blivit mycket uppskattad av b\u00e5de medlemmar och green fee spelare, skriver Los Naranjos i ett pressmeddelande.<\/p>\n<p>Byggandet av en ny Golf Academy inleddes tidigare i \u00e5r. Denna akademi kommer att ha utslagsplatser p\u00e5 tv\u00e5 v\u00e5ningar. H\u00e4r finns den senaste tekniken och individuell undervisning med videoinspelning. H\u00e4r finns \u00e4ven andra tr\u00e4ningsutrymmen och driving range kommer att j\u00e4mnas ut vilket bidrar till b\u00e4ttre synlighet och med fler m\u00e5lomr\u00e5den f\u00f6r att g\u00f6ra tr\u00e4ningen mer intressant och mer autentisk.<\/p>\n<p>\u00c4ven utbyggnaden och renoveringen av klubbhuset g\u00e5r fram\u00e5t och r\u00e4knas vara f\u00e4rdig f\u00f6rsta halv\u00e5ret 2009. Restaurangen blir st\u00f6rre och f\u00e5r en bodega med ett stort vinutbud fr\u00e5n hela v\u00e4rlden.<\/p>\n<p>En ny ledningsgrupp kommer att leda och utveckla Los Naranjos Golf. Som Svenska Magasinets n\u00e4tupplaga uppgav i oktober \u00e4r Bj\u00f6rn Magnusson, med mer \u00e4n 20 \u00e5rs erfarenhet fr\u00e5n kusten, ny verkst\u00e4llande direkt\u00f6r. Bj\u00f6rn har tidigare innehaft ledande befattningar inom f\u00f6retag som La Cala Resort och Viva Estates.<\/p>\n<p>Jaime Bosch \u00e4r vice verkst\u00e4llande direkt\u00f6r medansvar f\u00f6r ekonomi. Jaime har varit verksam inom golfbranschen i mer \u00e4n 35 \u00e5r och har d\u00e4rf\u00f6r ett ov\u00e4rderligt n\u00e4tverk av kontakter, erfarenheter och kunskap.<\/p>\n<p>Jim Broberg har 30 \u00e5rs erfarenhet av Costa del Sol, fr\u00e4mst inom bygg-och fastighetssektorn med WASA Estates. Jim har p\u00e5tagit sig rollen som president i klubben samt ordf\u00f6rande i styrelsen.<\/p>\n<p>Restaurangen kommer att ledas av Martine Thuillier som har varit hovm\u00e4stare i m\u00e5nga \u00e5r. <\/p>\n","protected":false},"excerpt":{"rendered":"<p>Efter n\u00e4stan 20 \u00e5r s\u00e5lde den sk\u00e5nske byggherren Percy Nilsson av sin golfverksamhet Los Naranjos till ett svenskt aff\u00e4rskonsortium i slutet p\u00e5 2007. Bengt-Arne Bengtsson, Lennart Hall, Percy Nilsson, Hans Fagerlund och Alexander Kotton hostade upp i runda tal en halv miljard kronor f\u00f6r anl\u00e4ggningen. I en intervju i Svenska Magasinet ber\u00e4ttade de nya \u00e4garna [&hellip;]<\/p>\n","protected":false},"author":8,"featured_media":2522,"comment_status":"open","ping_status":"open","sticky":false,"template":"","format":"standard","meta":{"_et_pb_use_builder":"","_et_pb_old_content":"","_et_gb_content_width":"","footnotes":""},"categories":[4,400],"tags":[],"class_list":["post-2521","post","type-post","status-publish","format-standard","has-post-thumbnail","hentry","category-artiklar","category-sport-artiklar"],"yoast_head":"<!-- This site is optimized with the Yoast SEO Premium plugin v26.2 (Yoast SEO v27.4) - https:\/\/yoast.com\/product\/yoast-seo-premium-wordpress\/ -->\n<title>Ny ledningsgrupp p\u00e5 \u201dnya\u201d Los Naranjos - Svenska Magasinet<\/title>\n<meta name=\"robots\" content=\"noindex, follow, max-snippet:-1, max-image-preview:large, max-video-preview:-1\" \/>\n<meta property=\"og:locale\" content=\"sv_SE\" \/>\n<meta property=\"og:type\" content=\"article\" \/>\n<meta property=\"og:title\" content=\"Ny ledningsgrupp p\u00e5 \u201dnya\u201d Los Naranjos\" \/>\n<meta property=\"og:description\" content=\"Efter n\u00e4stan 20 \u00e5r s\u00e5lde den sk\u00e5nske byggherren Percy Nilsson av sin golfverksamhet Los Naranjos till ett svenskt aff\u00e4rskonsortium i slutet p\u00e5 2007. Bengt-Arne Bengtsson, Lennart Hall, Percy Nilsson, Hans Fagerlund och Alexander Kotton hostade upp i runda tal en halv miljard kronor f\u00f6r anl\u00e4ggningen. I en intervju i Svenska Magasinet ber\u00e4ttade de nya \u00e4garna [&hellip;]\" \/>\n<meta property=\"og:url\" content=\"https:\/\/lightweb.dev\/l\/svm-temp\/artiklar\/ny-ledningsgrupp-pa-nya-los-naranjos\/\" \/>\n<meta property=\"og:site_name\" content=\"Svenska Magasinet\" \/>\n<meta property=\"article:publisher\" content=\"https:\/\/www.facebook.com\/svenskamagasinet\" \/>\n<meta property=\"article:published_time\" content=\"2008-11-19T23:00:00+00:00\" \/>\n<meta property=\"og:image\" content=\"https:\/\/lightweb.dev\/l\/svm-temp\/wp-content\/uploads\/2022\/04\/ny-ledningsgrupp-p-nya-los-naranjos.png\" \/>\n\t<meta property=\"og:image:width\" content=\"280\" \/>\n\t<meta property=\"og:image:height\" content=\"210\" \/>\n\t<meta property=\"og:image:type\" content=\"image\/png\" \/>\n<meta name=\"author\" content=\"Redaktionen SvM\" \/>\n<meta name=\"twitter:card\" content=\"summary_large_image\" \/>\n<meta name=\"twitter:creator\" content=\"@SvenskaMagasine\" \/>\n<meta name=\"twitter:site\" content=\"@SvenskaMagasine\" \/>\n<script type=\"application\/ld+json\" class=\"yoast-schema-graph\">{\"@context\":\"https:\\\/\\\/schema.org\",\"@graph\":[{\"@type\":\"Article\",\"@id\":\"https:\\\/\\\/lightweb.dev\\\/l\\\/svm-temp\\\/artiklar\\\/ny-ledningsgrupp-pa-nya-los-naranjos\\\/#article\",\"isPartOf\":{\"@id\":\"https:\\\/\\\/lightweb.dev\\\/l\\\/svm-temp\\\/artiklar\\\/ny-ledningsgrupp-pa-nya-los-naranjos\\\/\"},\"author\":{\"name\":\"Redaktionen SvM\",\"@id\":\"https:\\\/\\\/lightweb.dev\\\/l\\\/svm-temp\\\/#\\\/schema\\\/person\\\/206a3bda5b607b0c25e1749191e4d837\"},\"headline\":\"Ny ledningsgrupp p\u00e5 \u201dnya\u201d Los Naranjos\",\"datePublished\":\"2008-11-19T23:00:00+00:00\",\"mainEntityOfPage\":{\"@id\":\"https:\\\/\\\/lightweb.dev\\\/l\\\/svm-temp\\\/artiklar\\\/ny-ledningsgrupp-pa-nya-los-naranjos\\\/\"},\"wordCount\":403,\"commentCount\":0,\"publisher\":{\"@id\":\"https:\\\/\\\/lightweb.dev\\\/l\\\/svm-temp\\\/#organization\"},\"image\":{\"@id\":\"https:\\\/\\\/lightweb.dev\\\/l\\\/svm-temp\\\/artiklar\\\/ny-ledningsgrupp-pa-nya-los-naranjos\\\/#primaryimage\"},\"thumbnailUrl\":\"https:\\\/\\\/lightweb.dev\\\/l\\\/svm-temp\\\/wp-content\\\/uploads\\\/2022\\\/04\\\/ny-ledningsgrupp-p-nya-los-naranjos.png\",\"articleSection\":[\"Artiklar\",\"Sport\"],\"inLanguage\":\"sv-SE\"},{\"@type\":\"WebPage\",\"@id\":\"https:\\\/\\\/lightweb.dev\\\/l\\\/svm-temp\\\/artiklar\\\/ny-ledningsgrupp-pa-nya-los-naranjos\\\/\",\"url\":\"https:\\\/\\\/lightweb.dev\\\/l\\\/svm-temp\\\/artiklar\\\/ny-ledningsgrupp-pa-nya-los-naranjos\\\/\",\"name\":\"Ny ledningsgrupp p\u00e5 \u201dnya\u201d Los Naranjos - Svenska Magasinet\",\"isPartOf\":{\"@id\":\"https:\\\/\\\/lightweb.dev\\\/l\\\/svm-temp\\\/#website\"},\"primaryImageOfPage\":{\"@id\":\"https:\\\/\\\/lightweb.dev\\\/l\\\/svm-temp\\\/artiklar\\\/ny-ledningsgrupp-pa-nya-los-naranjos\\\/#primaryimage\"},\"image\":{\"@id\":\"https:\\\/\\\/lightweb.dev\\\/l\\\/svm-temp\\\/artiklar\\\/ny-ledningsgrupp-pa-nya-los-naranjos\\\/#primaryimage\"},\"thumbnailUrl\":\"https:\\\/\\\/lightweb.dev\\\/l\\\/svm-temp\\\/wp-content\\\/uploads\\\/2022\\\/04\\\/ny-ledningsgrupp-p-nya-los-naranjos.png\",\"datePublished\":\"2008-11-19T23:00:00+00:00\",\"breadcrumb\":{\"@id\":\"https:\\\/\\\/lightweb.dev\\\/l\\\/svm-temp\\\/artiklar\\\/ny-ledningsgrupp-pa-nya-los-naranjos\\\/#breadcrumb\"},\"inLanguage\":\"sv-SE\",\"potentialAction\":[{\"@type\":\"ReadAction\",\"target\":[\"https:\\\/\\\/lightweb.dev\\\/l\\\/svm-temp\\\/artiklar\\\/ny-ledningsgrupp-pa-nya-los-naranjos\\\/\"]}]},{\"@type\":\"ImageObject\",\"inLanguage\":\"sv-SE\",\"@id\":\"https:\\\/\\\/lightweb.dev\\\/l\\\/svm-temp\\\/artiklar\\\/ny-ledningsgrupp-pa-nya-los-naranjos\\\/#primaryimage\",\"url\":\"https:\\\/\\\/lightweb.dev\\\/l\\\/svm-temp\\\/wp-content\\\/uploads\\\/2022\\\/04\\\/ny-ledningsgrupp-p-nya-los-naranjos.png\",\"contentUrl\":\"https:\\\/\\\/lightweb.dev\\\/l\\\/svm-temp\\\/wp-content\\\/uploads\\\/2022\\\/04\\\/ny-ledningsgrupp-p-nya-los-naranjos.png\",\"width\":280,\"height\":210},{\"@type\":\"BreadcrumbList\",\"@id\":\"https:\\\/\\\/lightweb.dev\\\/l\\\/svm-temp\\\/artiklar\\\/ny-ledningsgrupp-pa-nya-los-naranjos\\\/#breadcrumb\",\"itemListElement\":[{\"@type\":\"ListItem\",\"position\":1,\"name\":\"Hem\",\"item\":\"https:\\\/\\\/lightweb.dev\\\/l\\\/svm-temp\\\/\"},{\"@type\":\"ListItem\",\"position\":2,\"name\":\"Ny ledningsgrupp p\u00e5 \u201dnya\u201d Los Naranjos\"}]},{\"@type\":\"WebSite\",\"@id\":\"https:\\\/\\\/lightweb.dev\\\/l\\\/svm-temp\\\/#website\",\"url\":\"https:\\\/\\\/lightweb.dev\\\/l\\\/svm-temp\\\/\",\"name\":\"Svenska Magasinet\",\"description\":\"Dina Spanska nyheter p&aring; Svenska\",\"publisher\":{\"@id\":\"https:\\\/\\\/lightweb.dev\\\/l\\\/svm-temp\\\/#organization\"},\"potentialAction\":[{\"@type\":\"SearchAction\",\"target\":{\"@type\":\"EntryPoint\",\"urlTemplate\":\"https:\\\/\\\/lightweb.dev\\\/l\\\/svm-temp\\\/?s={search_term_string}\"},\"query-input\":{\"@type\":\"PropertyValueSpecification\",\"valueRequired\":true,\"valueName\":\"search_term_string\"}}],\"inLanguage\":\"sv-SE\"},{\"@type\":\"Organization\",\"@id\":\"https:\\\/\\\/lightweb.dev\\\/l\\\/svm-temp\\\/#organization\",\"name\":\"Melkerson y Nott SL\",\"alternateName\":\"Svenska Magasinet\",\"url\":\"https:\\\/\\\/lightweb.dev\\\/l\\\/svm-temp\\\/\",\"logo\":{\"@type\":\"ImageObject\",\"inLanguage\":\"sv-SE\",\"@id\":\"https:\\\/\\\/lightweb.dev\\\/l\\\/svm-temp\\\/#\\\/schema\\\/logo\\\/image\\\/\",\"url\":\"https:\\\/\\\/lightweb.dev\\\/l\\\/svm-temp\\\/wp-content\\\/uploads\\\/2025\\\/02\\\/SvM-logo-Xtra-Centrerad-SVART.png\",\"contentUrl\":\"https:\\\/\\\/lightweb.dev\\\/l\\\/svm-temp\\\/wp-content\\\/uploads\\\/2025\\\/02\\\/SvM-logo-Xtra-Centrerad-SVART.png\",\"width\":300,\"height\":99,\"caption\":\"Melkerson y Nott SL\"},\"image\":{\"@id\":\"https:\\\/\\\/lightweb.dev\\\/l\\\/svm-temp\\\/#\\\/schema\\\/logo\\\/image\\\/\"},\"sameAs\":[\"https:\\\/\\\/www.facebook.com\\\/svenskamagasinet\",\"https:\\\/\\\/x.com\\\/SvenskaMagasine\"]},{\"@type\":\"Person\",\"@id\":\"https:\\\/\\\/lightweb.dev\\\/l\\\/svm-temp\\\/#\\\/schema\\\/person\\\/206a3bda5b607b0c25e1749191e4d837\",\"name\":\"Redaktionen SvM\",\"description\":\"Redaktionen\",\"sameAs\":[\"https:\\\/\\\/lightweb.dev\\\/l\\\/svm-temp\"],\"url\":\"https:\\\/\\\/lightweb.dev\\\/l\\\/svm-temp\\\/reporter\\\/redaktionen\\\/\"}]}<\/script>\n<!-- \/ Yoast SEO Premium plugin. -->","yoast_head_json":{"title":"Ny ledningsgrupp p\u00e5 \u201dnya\u201d Los Naranjos - Svenska Magasinet","robots":{"index":"noindex","follow":"follow","max-snippet":"max-snippet:-1","max-image-preview":"max-image-preview:large","max-video-preview":"max-video-preview:-1"},"og_locale":"sv_SE","og_type":"article","og_title":"Ny ledningsgrupp p\u00e5 \u201dnya\u201d Los Naranjos","og_description":"Efter n\u00e4stan 20 \u00e5r s\u00e5lde den sk\u00e5nske byggherren Percy Nilsson av sin golfverksamhet Los Naranjos till ett svenskt aff\u00e4rskonsortium i slutet p\u00e5 2007. Bengt-Arne Bengtsson, Lennart Hall, Percy Nilsson, Hans Fagerlund och Alexander Kotton hostade upp i runda tal en halv miljard kronor f\u00f6r anl\u00e4ggningen. I en intervju i Svenska Magasinet ber\u00e4ttade de nya \u00e4garna [&hellip;]","og_url":"https:\/\/lightweb.dev\/l\/svm-temp\/artiklar\/ny-ledningsgrupp-pa-nya-los-naranjos\/","og_site_name":"Svenska Magasinet","article_publisher":"https:\/\/www.facebook.com\/svenskamagasinet","article_published_time":"2008-11-19T23:00:00+00:00","og_image":[{"width":280,"height":210,"url":"https:\/\/lightweb.dev\/l\/svm-temp\/wp-content\/uploads\/2022\/04\/ny-ledningsgrupp-p-nya-los-naranjos.png","type":"image\/png"}],"author":"Redaktionen SvM","twitter_card":"summary_large_image","twitter_creator":"@SvenskaMagasine","twitter_site":"@SvenskaMagasine","schema":{"@context":"https:\/\/schema.org","@graph":[{"@type":"Article","@id":"https:\/\/lightweb.dev\/l\/svm-temp\/artiklar\/ny-ledningsgrupp-pa-nya-los-naranjos\/#article","isPartOf":{"@id":"https:\/\/lightweb.dev\/l\/svm-temp\/artiklar\/ny-ledningsgrupp-pa-nya-los-naranjos\/"},"author":{"name":"Redaktionen SvM","@id":"https:\/\/lightweb.dev\/l\/svm-temp\/#\/schema\/person\/206a3bda5b607b0c25e1749191e4d837"},"headline":"Ny ledningsgrupp p\u00e5 \u201dnya\u201d Los Naranjos","datePublished":"2008-11-19T23:00:00+00:00","mainEntityOfPage":{"@id":"https:\/\/lightweb.dev\/l\/svm-temp\/artiklar\/ny-ledningsgrupp-pa-nya-los-naranjos\/"},"wordCount":403,"commentCount":0,"publisher":{"@id":"https:\/\/lightweb.dev\/l\/svm-temp\/#organization"},"image":{"@id":"https:\/\/lightweb.dev\/l\/svm-temp\/artiklar\/ny-ledningsgrupp-pa-nya-los-naranjos\/#primaryimage"},"thumbnailUrl":"https:\/\/lightweb.dev\/l\/svm-temp\/wp-content\/uploads\/2022\/04\/ny-ledningsgrupp-p-nya-los-naranjos.png","articleSection":["Artiklar","Sport"],"inLanguage":"sv-SE"},{"@type":"WebPage","@id":"https:\/\/lightweb.dev\/l\/svm-temp\/artiklar\/ny-ledningsgrupp-pa-nya-los-naranjos\/","url":"https:\/\/lightweb.dev\/l\/svm-temp\/artiklar\/ny-ledningsgrupp-pa-nya-los-naranjos\/","name":"Ny ledningsgrupp p\u00e5 \u201dnya\u201d Los Naranjos - Svenska Magasinet","isPartOf":{"@id":"https:\/\/lightweb.dev\/l\/svm-temp\/#website"},"primaryImageOfPage":{"@id":"https:\/\/lightweb.dev\/l\/svm-temp\/artiklar\/ny-ledningsgrupp-pa-nya-los-naranjos\/#primaryimage"},"image":{"@id":"https:\/\/lightweb.dev\/l\/svm-temp\/artiklar\/ny-ledningsgrupp-pa-nya-los-naranjos\/#primaryimage"},"thumbnailUrl":"https:\/\/lightweb.dev\/l\/svm-temp\/wp-content\/uploads\/2022\/04\/ny-ledningsgrupp-p-nya-los-naranjos.png","datePublished":"2008-11-19T23:00:00+00:00","breadcrumb":{"@id":"https:\/\/lightweb.dev\/l\/svm-temp\/artiklar\/ny-ledningsgrupp-pa-nya-los-naranjos\/#breadcrumb"},"inLanguage":"sv-SE","potentialAction":[{"@type":"ReadAction","target":["https:\/\/lightweb.dev\/l\/svm-temp\/artiklar\/ny-ledningsgrupp-pa-nya-los-naranjos\/"]}]},{"@type":"ImageObject","inLanguage":"sv-SE","@id":"https:\/\/lightweb.dev\/l\/svm-temp\/artiklar\/ny-ledningsgrupp-pa-nya-los-naranjos\/#primaryimage","url":"https:\/\/lightweb.dev\/l\/svm-temp\/wp-content\/uploads\/2022\/04\/ny-ledningsgrupp-p-nya-los-naranjos.png","contentUrl":"https:\/\/lightweb.dev\/l\/svm-temp\/wp-content\/uploads\/2022\/04\/ny-ledningsgrupp-p-nya-los-naranjos.png","width":280,"height":210},{"@type":"BreadcrumbList","@id":"https:\/\/lightweb.dev\/l\/svm-temp\/artiklar\/ny-ledningsgrupp-pa-nya-los-naranjos\/#breadcrumb","itemListElement":[{"@type":"ListItem","position":1,"name":"Hem","item":"https:\/\/lightweb.dev\/l\/svm-temp\/"},{"@type":"ListItem","position":2,"name":"Ny ledningsgrupp p\u00e5 \u201dnya\u201d Los Naranjos"}]},{"@type":"WebSite","@id":"https:\/\/lightweb.dev\/l\/svm-temp\/#website","url":"https:\/\/lightweb.dev\/l\/svm-temp\/","name":"Svenska Magasinet","description":"Dina Spanska nyheter p&aring; Svenska","publisher":{"@id":"https:\/\/lightweb.dev\/l\/svm-temp\/#organization"},"potentialAction":[{"@type":"SearchAction","target":{"@type":"EntryPoint","urlTemplate":"https:\/\/lightweb.dev\/l\/svm-temp\/?s={search_term_string}"},"query-input":{"@type":"PropertyValueSpecification","valueRequired":true,"valueName":"search_term_string"}}],"inLanguage":"sv-SE"},{"@type":"Organization","@id":"https:\/\/lightweb.dev\/l\/svm-temp\/#organization","name":"Melkerson y Nott SL","alternateName":"Svenska Magasinet","url":"https:\/\/lightweb.dev\/l\/svm-temp\/","logo":{"@type":"ImageObject","inLanguage":"sv-SE","@id":"https:\/\/lightweb.dev\/l\/svm-temp\/#\/schema\/logo\/image\/","url":"https:\/\/lightweb.dev\/l\/svm-temp\/wp-content\/uploads\/2025\/02\/SvM-logo-Xtra-Centrerad-SVART.png","contentUrl":"https:\/\/lightweb.dev\/l\/svm-temp\/wp-content\/uploads\/2025\/02\/SvM-logo-Xtra-Centrerad-SVART.png","width":300,"height":99,"caption":"Melkerson y Nott SL"},"image":{"@id":"https:\/\/lightweb.dev\/l\/svm-temp\/#\/schema\/logo\/image\/"},"sameAs":["https:\/\/www.facebook.com\/svenskamagasinet","https:\/\/x.com\/SvenskaMagasine"]},{"@type":"Person","@id":"https:\/\/lightweb.dev\/l\/svm-temp\/#\/schema\/person\/206a3bda5b607b0c25e1749191e4d837","name":"Redaktionen SvM","description":"Redaktionen","sameAs":["https:\/\/lightweb.dev\/l\/svm-temp"],"url":"https:\/\/lightweb.dev\/l\/svm-temp\/reporter\/redaktionen\/"}]}},"_links":{"self":[{"href":"https:\/\/lightweb.dev\/l\/svm-temp\/wp-json\/wp\/v2\/posts\/2521","targetHints":{"allow":["GET"]}}],"collection":[{"href":"https:\/\/lightweb.dev\/l\/svm-temp\/wp-json\/wp\/v2\/posts"}],"about":[{"href":"https:\/\/lightweb.dev\/l\/svm-temp\/wp-json\/wp\/v2\/types\/post"}],"author":[{"embeddable":true,"href":"https:\/\/lightweb.dev\/l\/svm-temp\/wp-json\/wp\/v2\/users\/8"}],"replies":[{"embeddable":true,"href":"https:\/\/lightweb.dev\/l\/svm-temp\/wp-json\/wp\/v2\/comments?post=2521"}],"version-history":[{"count":0,"href":"https:\/\/lightweb.dev\/l\/svm-temp\/wp-json\/wp\/v2\/posts\/2521\/revisions"}],"wp:featuredmedia":[{"embeddable":true,"href":"https:\/\/lightweb.dev\/l\/svm-temp\/wp-json\/wp\/v2\/media\/2522"}],"wp:attachment":[{"href":"https:\/\/lightweb.dev\/l\/svm-temp\/wp-json\/wp\/v2\/media?parent=2521"}],"wp:term":[{"taxonomy":"category","embeddable":true,"href":"https:\/\/lightweb.dev\/l\/svm-temp\/wp-json\/wp\/v2\/categories?post=2521"},{"taxonomy":"post_tag","embeddable":true,"href":"https:\/\/lightweb.dev\/l\/svm-temp\/wp-json\/wp\/v2\/tags?post=2521"}],"curies":[{"name":"wp","href":"https:\/\/api.w.org\/{rel}","templated":true}]}}