{"id":2523,"date":"2008-11-13T00:00:00","date_gmt":"2008-11-12T23:00:00","guid":{"rendered":"https:\/\/lightweb.dev\/l\/svm-temp\/med-rofylld-blick-mot-toppen\/"},"modified":"2008-11-13T00:00:00","modified_gmt":"2008-11-12T23:00:00","slug":"med-rofylld-blick-mot-toppen","status":"publish","type":"post","link":"https:\/\/lightweb.dev\/l\/svm-temp\/artiklar\/med-rofylld-blick-mot-toppen\/","title":{"rendered":"Med rofylld blick mot toppen"},"content":{"rendered":"<p> Det \u00e4r bl\u00f6tt och halt i gr\u00e4set uppf\u00f6r den ganska branta backen fr\u00e5n Valderramas 14:e green till 15:e tee. En smal g\u00e5ngstig, inh\u00e4gnad av tv\u00e5 tunna rep, markerar g\u00e5ngv\u00e4gen f\u00f6r spelarna i Volvo Masters. F\u00f6r Robert Karlsson ser den korta promenaden ut som hans  Via Dolorosa.  Av Anders Olow<\/p>\n<p>Med neds\u00e4nkt huvud tittar han ner i marken och har h\u00e4nderna i byxfickorna. Han har haft en d\u00e5lig sista runda. Hans s\u00e4msta runda hittills och han halkar ner i resultatlistan. Men \u00e4nd\u00e5, i dag \u00e4r det Order of Merit som g\u00e4ller, i dag avg\u00f6rs det vem som vunnit mest pengar under hela s\u00e4songen p\u00e5 Europatouren. I praktiken st\u00e5r det mellan Robert Karlsson, Lee Westwood och Padraig Harrington, men l\u00e4get just nu, med bara fyra h\u00e5l kvar att spela f\u00f6r Karlsson \u00e4r tydligt. Han kommer att vinna. Lee Westwood har g\u00e5tt bra, men det r\u00e4cker inte. Kanske vet han det just nu h\u00e4r i backen upp till 15:e, eller s\u00e5 vet han det inte. Karlsson \u00e4r koncentrerad p\u00e5 dagens runda. En spelare av hans kaliber t\u00e4nker i det precisa nuet. P\u00e5 varje slag f\u00f6r sig. Det \u00e4r d\u00e4rf\u00f6r han g\u00e5r med neds\u00e4nkt huvud, han \u00e4r koncentrerad p\u00e5 det som h\u00e4nder just nu och tre \u00f6ver par efter 14 h\u00e5l vill ingen tourspelare vara, \u00e4nnu mindre ligga p\u00e5 +8 totalt.<\/p>\n<p>Runtom i sluttningen st\u00e5r det publik, n\u00e5gra g\u00e5r med upp till tee. H\u00e4ruppe \u00e4r utsikten utm\u00e4rkt bara ett par meter fr\u00e5n utslaget och green p\u00e5 detta par tre ligger 203 meter bort och ner\u00e5t och syns tydligt.<br \/>\nAtt st\u00e5 h\u00e4r g\u00f6r hela skillnaden mellan att se golf p\u00e5 TV hemma i soffan och att uppleva den live p\u00e5 plats. H\u00e4r kan man h\u00f6ra spelarnas l\u00e5nga j\u00e4rn trycka till bollen p\u00e5 ett s\u00e4tt som f\u00e5r en att f\u00f6rst\u00e5 skillnaden mellan dem och oss andra. Svingen, som ser ganska lugn ut i TV-rutan, \u00e4r inte s\u00e5 lugn i verkligheten. H\u00e4r p\u00e5 plats b\u00e5de ser och h\u00f6r man att den egentligen \u00e4r betydligt kraftfullare, inte n\u00f6dv\u00e4ndigtvis snabbare, men mer fokuserad, f\u00f6rberedd och attackerande.<\/p>\n<p>H\u00e4r p\u00e5 tee \u00e4r v\u00e4ntan l\u00e4ngre \u00e4n vid tv:n. N\u00e4r den ena bollen slagit ut \u00e4r den andra redan p\u00e5 plats, s\u00e5 det l\u00e4r ju ta \u00e5tminstone tio till femton minuter innan det \u00e4r dags f\u00f6r n\u00e5gra spelare att sl\u00e5 ut igen. Man hinner betrakta de k\u00e4nda namnen. Darren Clark t\u00e4nder en cigarett och v\u00e4xlar en skrattande kommentar med Peter Hanson. Sergio Garcia g\u00e5r fram till en \u00e5sk\u00e5dare som han sett tappa sitt program innanf\u00f6r repen, tar upp det och str\u00e4cker \u00f6ver det. Men det \u00e4r \u00e4nd\u00e5 ganska l\u00e5gm\u00e4lt. Publiken \u00e4r kn\u00e4pp tyst. N\u00e5gra fotografer med r\u00f6da armbindlar tar plats snett framf\u00f6r och nedanf\u00f6r utslaget. En man i r\u00f6d officiell medhj\u00e4lparjacka g\u00e5r fram till en dam som precis tagit fram sin mobiltelefon med kamera och s\u00e4ger att fotografering inte \u00e4r till\u00e5ten.<\/p>\n<p>Det \u00e4r egentligen bara spelarnas caddies som pratar. Vi andra harklar oss p\u00e5 sin h\u00f6jd lite f\u00f6rsiktigt. Man vill ju inte vara den som h\u00f6rs mest i tystnaden. 15:e tee \u00e4r som en scen, akt\u00f6rerna trampar lite av och an, som vore det precis bakom rid\u00e5n backstage och de g\u00f6r sig redo f\u00f6r entr\u00e9 i en audition med oss som jury. Vindriktningen \u00e4r testad med uppsl\u00e4ngt gr\u00e4s och klubbvalet \u00e4r gjort. Bollen peggas upp&#8230; Den enda som inte anv\u00e4nder peg \u00e4r Sergio Garcia. Han trampar i st\u00e4llet till gr\u00e4set, provar sig fram med foten f\u00f6r att omsorgsfullt och eftert\u00e4nksamt v\u00e4lja den r\u00e4tta platsen. D\u00e4r l\u00e4gger han ner bollen l\u00e5ngsamt och f\u00f6rsiktigt och ser till att den ligger precist vilande p\u00e5 gr\u00e4sstr\u00e5na. (Inte som Laura Davies som l\u00e4gger ner sin boll p\u00e5 den lilla kulle som blir efter att hon dr\u00e4mt ner sin j\u00e4rnklubba i gr\u00e4set). Garcia tar n\u00e5gra steg bak\u00e5t, provar sin sving ett par g\u00e5nger, g\u00e5r tillbaka till bollen, s\u00e4tter ner klubban och stannar upp, koncentrerar sig\u2026 F\u00f6r bara n\u00e5gra \u00e5r sedan kunde han st\u00e5 s\u00e5 i vad som verkade en evighet. Han tog sin stance, lyfte klubban ett par decimeter, satte ner den p\u00e5 marken igen, upp i luften igen, ner p\u00e5 marken igen, upp i luften igen, ner p\u00e5 marken igen\u2026 Fast det tv\u00e5ngsbeteendet har han slutat med nu.<\/p>\n<p>Kanske har han en j\u00e4rntrea i handen, kanske en j\u00e4rnfyra. Hans sving \u00e4r ganska flack p\u00e5 toppen och han trycker till bollen i tillslaget med mer kraft \u00e4n m\u00e5nga andra. Jag kommer att t\u00e4nka p\u00e5 Ben Hogan. Hur han viker handlederna p\u00e5 toppen av svingen s\u00e5 att klubban ligger absolut horisontellt, hur han sedan drar ner nersvingen genom att skjuta h\u00f6ften \u00e5t v\u00e4nster och d\u00e4rigenom utv\u00e4xlar en enorm accelerationskraft. Garcia har dessutom lagt till en extra handledssn\u00e4rt som n\u00e4stan ser lite hafsig ut &#8211; men s\u00e5 h\u00f6r han ocks\u00e5 till de p\u00e5 touren som sl\u00e5r l\u00e4ngst. H\u00e4r p\u00e5 15:e trycker han till bollen det d\u00e4r lilla lilla f\u00f6r mycket, h\u00f6geraxeln roterar runt bara lite lite f\u00f6r fort och bollen dras \u00e5t v\u00e4nster &#8211; men bara strax utanf\u00f6r green.<\/p>\n<p>S\u00f6ren Kjeldsen tar en provsving och f\u00e4ster blicken p\u00e5 green. Han har gjort birdie p\u00e5 11:an och 12:an och s\u00e4krat sin ledning. S\u00e5nt ger sj\u00e4lvf\u00f6rtroende och det syns i h\u00e5llningen. En timme senare s\u00e4nker han sista putten p\u00e5 18:e, 5-\u00e5rige sonen Emil springer stolt och lycklig ut till pappa p\u00e5 green och sl\u00e4nger sig om hans hals. \u00c4ntligen! N\u00e4r Tiger Woods best\u00e4mde sig f\u00f6r att ta paus i sitt golfspelande hade n\u00e4mligen Emil sagt till pappa S\u00f6ren att \u201dNu har ju du chansen!\u201d och nu blev det s\u00e5!<br \/>\nS\u00f6ren Kjeldsen h\u00f6jer glaspokalen i luften, tackar Valderrama, Volvo, greenkeepers, alla frivilligarbetare och sin familj. Checken p\u00e5 sju miljoner viker han ihop och stoppar i fickan.<br \/>\nRobert Karlsson fr\u00e5n Katrineholm vinner Order of Merit, \u00e4r ekonomiskt f\u00f6rs\u00f6rjd f\u00f6r resten av livet sedan flera \u00e5r tillbaka med drygt 105 miljoner inspelade kronor. F\u00f6r honom \u00e4r The Harry Vardon Trophy ett bevis f\u00f6r att han den h\u00e4r s\u00e4songen \u00e4r Europas b\u00e4ste Karlsson. Han lyfter upp den i luften f\u00f6r fotografernas skull, men hustrun Ebba ropar i bakgrunden att nu det \u00e4r br\u00e5ttom! Han m\u00e5ste i v\u00e4g snabbt! Robert Karlsson l\u00e4mnar \u00f6ver trof\u00e9n och springer med l\u00e5nga snabba steg till en v\u00e4ntade XC60 courtesycar fr\u00e5n Volvo som st\u00e5r och v\u00e4ntar med motorn p\u00e5. Ett chartrat privatplan st\u00e5r och v\u00e4ntar p\u00e5 M\u00e1lagas flygplats f\u00f6r att ta honom till Paris och vidare till n\u00e4sta tourt\u00e4vling i Kina. Men sedan ska han vara ledig \u2013 kanske \u00e5ker han d\u00e5 till sin oas i Vuollerim i n\u00e4rheten av Jokkmokk. D\u00e4r kan han koppla av och njuta, f\u00f6r Robert Karlsson \u00e4r i dag en lycklig och harmonisk m\u00e4nniska. <\/p>\n","protected":false},"excerpt":{"rendered":"<p>Det \u00e4r bl\u00f6tt och halt i gr\u00e4set uppf\u00f6r den ganska branta backen fr\u00e5n Valderramas 14:e green till 15:e tee. En smal g\u00e5ngstig, inh\u00e4gnad av tv\u00e5 tunna rep, markerar g\u00e5ngv\u00e4gen f\u00f6r spelarna i Volvo Masters. F\u00f6r Robert Karlsson ser den korta promenaden ut som hans Via Dolorosa. Av Anders Olow Med neds\u00e4nkt huvud tittar han ner [&hellip;]<\/p>\n","protected":false},"author":8,"featured_media":2524,"comment_status":"open","ping_status":"open","sticky":false,"template":"","format":"standard","meta":{"_et_pb_use_builder":"","_et_pb_old_content":"","_et_gb_content_width":"","footnotes":""},"categories":[4,400],"tags":[],"class_list":["post-2523","post","type-post","status-publish","format-standard","has-post-thumbnail","hentry","category-artiklar","category-sport-artiklar"],"yoast_head":"<!-- This site is optimized with the Yoast SEO Premium plugin v26.2 (Yoast SEO v27.4) - https:\/\/yoast.com\/product\/yoast-seo-premium-wordpress\/ -->\n<title>Med rofylld blick mot toppen - Svenska Magasinet<\/title>\n<meta name=\"robots\" content=\"noindex, follow, max-snippet:-1, max-image-preview:large, max-video-preview:-1\" \/>\n<meta property=\"og:locale\" content=\"sv_SE\" \/>\n<meta property=\"og:type\" content=\"article\" \/>\n<meta property=\"og:title\" content=\"Med rofylld blick mot toppen\" \/>\n<meta property=\"og:description\" content=\"Det \u00e4r bl\u00f6tt och halt i gr\u00e4set uppf\u00f6r den ganska branta backen fr\u00e5n Valderramas 14:e green till 15:e tee. En smal g\u00e5ngstig, inh\u00e4gnad av tv\u00e5 tunna rep, markerar g\u00e5ngv\u00e4gen f\u00f6r spelarna i Volvo Masters. F\u00f6r Robert Karlsson ser den korta promenaden ut som hans Via Dolorosa. Av Anders Olow Med neds\u00e4nkt huvud tittar han ner [&hellip;]\" \/>\n<meta property=\"og:url\" content=\"https:\/\/lightweb.dev\/l\/svm-temp\/artiklar\/med-rofylld-blick-mot-toppen\/\" \/>\n<meta property=\"og:site_name\" content=\"Svenska Magasinet\" \/>\n<meta property=\"article:publisher\" content=\"https:\/\/www.facebook.com\/svenskamagasinet\" \/>\n<meta property=\"article:published_time\" content=\"2008-11-12T23:00:00+00:00\" \/>\n<meta property=\"og:image\" content=\"https:\/\/lightweb.dev\/l\/svm-temp\/wp-content\/uploads\/2022\/04\/med-rofylld-blick-mot-toppen.png\" \/>\n\t<meta property=\"og:image:width\" content=\"280\" \/>\n\t<meta property=\"og:image:height\" content=\"210\" \/>\n\t<meta property=\"og:image:type\" content=\"image\/png\" \/>\n<meta name=\"author\" content=\"Redaktionen SvM\" \/>\n<meta name=\"twitter:card\" content=\"summary_large_image\" \/>\n<meta name=\"twitter:creator\" content=\"@SvenskaMagasine\" \/>\n<meta name=\"twitter:site\" content=\"@SvenskaMagasine\" \/>\n<script type=\"application\/ld+json\" class=\"yoast-schema-graph\">{\"@context\":\"https:\\\/\\\/schema.org\",\"@graph\":[{\"@type\":\"Article\",\"@id\":\"https:\\\/\\\/lightweb.dev\\\/l\\\/svm-temp\\\/artiklar\\\/med-rofylld-blick-mot-toppen\\\/#article\",\"isPartOf\":{\"@id\":\"https:\\\/\\\/lightweb.dev\\\/l\\\/svm-temp\\\/artiklar\\\/med-rofylld-blick-mot-toppen\\\/\"},\"author\":{\"name\":\"Redaktionen SvM\",\"@id\":\"https:\\\/\\\/lightweb.dev\\\/l\\\/svm-temp\\\/#\\\/schema\\\/person\\\/206a3bda5b607b0c25e1749191e4d837\"},\"headline\":\"Med rofylld blick mot toppen\",\"datePublished\":\"2008-11-12T23:00:00+00:00\",\"mainEntityOfPage\":{\"@id\":\"https:\\\/\\\/lightweb.dev\\\/l\\\/svm-temp\\\/artiklar\\\/med-rofylld-blick-mot-toppen\\\/\"},\"wordCount\":1268,\"commentCount\":0,\"publisher\":{\"@id\":\"https:\\\/\\\/lightweb.dev\\\/l\\\/svm-temp\\\/#organization\"},\"image\":{\"@id\":\"https:\\\/\\\/lightweb.dev\\\/l\\\/svm-temp\\\/artiklar\\\/med-rofylld-blick-mot-toppen\\\/#primaryimage\"},\"thumbnailUrl\":\"https:\\\/\\\/lightweb.dev\\\/l\\\/svm-temp\\\/wp-content\\\/uploads\\\/2022\\\/04\\\/med-rofylld-blick-mot-toppen.png\",\"articleSection\":[\"Artiklar\",\"Sport\"],\"inLanguage\":\"sv-SE\"},{\"@type\":\"WebPage\",\"@id\":\"https:\\\/\\\/lightweb.dev\\\/l\\\/svm-temp\\\/artiklar\\\/med-rofylld-blick-mot-toppen\\\/\",\"url\":\"https:\\\/\\\/lightweb.dev\\\/l\\\/svm-temp\\\/artiklar\\\/med-rofylld-blick-mot-toppen\\\/\",\"name\":\"Med rofylld blick mot toppen - Svenska Magasinet\",\"isPartOf\":{\"@id\":\"https:\\\/\\\/lightweb.dev\\\/l\\\/svm-temp\\\/#website\"},\"primaryImageOfPage\":{\"@id\":\"https:\\\/\\\/lightweb.dev\\\/l\\\/svm-temp\\\/artiklar\\\/med-rofylld-blick-mot-toppen\\\/#primaryimage\"},\"image\":{\"@id\":\"https:\\\/\\\/lightweb.dev\\\/l\\\/svm-temp\\\/artiklar\\\/med-rofylld-blick-mot-toppen\\\/#primaryimage\"},\"thumbnailUrl\":\"https:\\\/\\\/lightweb.dev\\\/l\\\/svm-temp\\\/wp-content\\\/uploads\\\/2022\\\/04\\\/med-rofylld-blick-mot-toppen.png\",\"datePublished\":\"2008-11-12T23:00:00+00:00\",\"breadcrumb\":{\"@id\":\"https:\\\/\\\/lightweb.dev\\\/l\\\/svm-temp\\\/artiklar\\\/med-rofylld-blick-mot-toppen\\\/#breadcrumb\"},\"inLanguage\":\"sv-SE\",\"potentialAction\":[{\"@type\":\"ReadAction\",\"target\":[\"https:\\\/\\\/lightweb.dev\\\/l\\\/svm-temp\\\/artiklar\\\/med-rofylld-blick-mot-toppen\\\/\"]}]},{\"@type\":\"ImageObject\",\"inLanguage\":\"sv-SE\",\"@id\":\"https:\\\/\\\/lightweb.dev\\\/l\\\/svm-temp\\\/artiklar\\\/med-rofylld-blick-mot-toppen\\\/#primaryimage\",\"url\":\"https:\\\/\\\/lightweb.dev\\\/l\\\/svm-temp\\\/wp-content\\\/uploads\\\/2022\\\/04\\\/med-rofylld-blick-mot-toppen.png\",\"contentUrl\":\"https:\\\/\\\/lightweb.dev\\\/l\\\/svm-temp\\\/wp-content\\\/uploads\\\/2022\\\/04\\\/med-rofylld-blick-mot-toppen.png\",\"width\":280,\"height\":210},{\"@type\":\"BreadcrumbList\",\"@id\":\"https:\\\/\\\/lightweb.dev\\\/l\\\/svm-temp\\\/artiklar\\\/med-rofylld-blick-mot-toppen\\\/#breadcrumb\",\"itemListElement\":[{\"@type\":\"ListItem\",\"position\":1,\"name\":\"Hem\",\"item\":\"https:\\\/\\\/lightweb.dev\\\/l\\\/svm-temp\\\/\"},{\"@type\":\"ListItem\",\"position\":2,\"name\":\"Med rofylld blick mot toppen\"}]},{\"@type\":\"WebSite\",\"@id\":\"https:\\\/\\\/lightweb.dev\\\/l\\\/svm-temp\\\/#website\",\"url\":\"https:\\\/\\\/lightweb.dev\\\/l\\\/svm-temp\\\/\",\"name\":\"Svenska Magasinet\",\"description\":\"Dina Spanska nyheter p&aring; Svenska\",\"publisher\":{\"@id\":\"https:\\\/\\\/lightweb.dev\\\/l\\\/svm-temp\\\/#organization\"},\"potentialAction\":[{\"@type\":\"SearchAction\",\"target\":{\"@type\":\"EntryPoint\",\"urlTemplate\":\"https:\\\/\\\/lightweb.dev\\\/l\\\/svm-temp\\\/?s={search_term_string}\"},\"query-input\":{\"@type\":\"PropertyValueSpecification\",\"valueRequired\":true,\"valueName\":\"search_term_string\"}}],\"inLanguage\":\"sv-SE\"},{\"@type\":\"Organization\",\"@id\":\"https:\\\/\\\/lightweb.dev\\\/l\\\/svm-temp\\\/#organization\",\"name\":\"Melkerson y Nott SL\",\"alternateName\":\"Svenska Magasinet\",\"url\":\"https:\\\/\\\/lightweb.dev\\\/l\\\/svm-temp\\\/\",\"logo\":{\"@type\":\"ImageObject\",\"inLanguage\":\"sv-SE\",\"@id\":\"https:\\\/\\\/lightweb.dev\\\/l\\\/svm-temp\\\/#\\\/schema\\\/logo\\\/image\\\/\",\"url\":\"https:\\\/\\\/lightweb.dev\\\/l\\\/svm-temp\\\/wp-content\\\/uploads\\\/2025\\\/02\\\/SvM-logo-Xtra-Centrerad-SVART.png\",\"contentUrl\":\"https:\\\/\\\/lightweb.dev\\\/l\\\/svm-temp\\\/wp-content\\\/uploads\\\/2025\\\/02\\\/SvM-logo-Xtra-Centrerad-SVART.png\",\"width\":300,\"height\":99,\"caption\":\"Melkerson y Nott SL\"},\"image\":{\"@id\":\"https:\\\/\\\/lightweb.dev\\\/l\\\/svm-temp\\\/#\\\/schema\\\/logo\\\/image\\\/\"},\"sameAs\":[\"https:\\\/\\\/www.facebook.com\\\/svenskamagasinet\",\"https:\\\/\\\/x.com\\\/SvenskaMagasine\"]},{\"@type\":\"Person\",\"@id\":\"https:\\\/\\\/lightweb.dev\\\/l\\\/svm-temp\\\/#\\\/schema\\\/person\\\/206a3bda5b607b0c25e1749191e4d837\",\"name\":\"Redaktionen SvM\",\"description\":\"Redaktionen\",\"sameAs\":[\"https:\\\/\\\/lightweb.dev\\\/l\\\/svm-temp\"],\"url\":\"https:\\\/\\\/lightweb.dev\\\/l\\\/svm-temp\\\/reporter\\\/redaktionen\\\/\"}]}<\/script>\n<!-- \/ Yoast SEO Premium plugin. -->","yoast_head_json":{"title":"Med rofylld blick mot toppen - Svenska Magasinet","robots":{"index":"noindex","follow":"follow","max-snippet":"max-snippet:-1","max-image-preview":"max-image-preview:large","max-video-preview":"max-video-preview:-1"},"og_locale":"sv_SE","og_type":"article","og_title":"Med rofylld blick mot toppen","og_description":"Det \u00e4r bl\u00f6tt och halt i gr\u00e4set uppf\u00f6r den ganska branta backen fr\u00e5n Valderramas 14:e green till 15:e tee. En smal g\u00e5ngstig, inh\u00e4gnad av tv\u00e5 tunna rep, markerar g\u00e5ngv\u00e4gen f\u00f6r spelarna i Volvo Masters. F\u00f6r Robert Karlsson ser den korta promenaden ut som hans Via Dolorosa. Av Anders Olow Med neds\u00e4nkt huvud tittar han ner [&hellip;]","og_url":"https:\/\/lightweb.dev\/l\/svm-temp\/artiklar\/med-rofylld-blick-mot-toppen\/","og_site_name":"Svenska Magasinet","article_publisher":"https:\/\/www.facebook.com\/svenskamagasinet","article_published_time":"2008-11-12T23:00:00+00:00","og_image":[{"width":280,"height":210,"url":"https:\/\/lightweb.dev\/l\/svm-temp\/wp-content\/uploads\/2022\/04\/med-rofylld-blick-mot-toppen.png","type":"image\/png"}],"author":"Redaktionen SvM","twitter_card":"summary_large_image","twitter_creator":"@SvenskaMagasine","twitter_site":"@SvenskaMagasine","schema":{"@context":"https:\/\/schema.org","@graph":[{"@type":"Article","@id":"https:\/\/lightweb.dev\/l\/svm-temp\/artiklar\/med-rofylld-blick-mot-toppen\/#article","isPartOf":{"@id":"https:\/\/lightweb.dev\/l\/svm-temp\/artiklar\/med-rofylld-blick-mot-toppen\/"},"author":{"name":"Redaktionen SvM","@id":"https:\/\/lightweb.dev\/l\/svm-temp\/#\/schema\/person\/206a3bda5b607b0c25e1749191e4d837"},"headline":"Med rofylld blick mot toppen","datePublished":"2008-11-12T23:00:00+00:00","mainEntityOfPage":{"@id":"https:\/\/lightweb.dev\/l\/svm-temp\/artiklar\/med-rofylld-blick-mot-toppen\/"},"wordCount":1268,"commentCount":0,"publisher":{"@id":"https:\/\/lightweb.dev\/l\/svm-temp\/#organization"},"image":{"@id":"https:\/\/lightweb.dev\/l\/svm-temp\/artiklar\/med-rofylld-blick-mot-toppen\/#primaryimage"},"thumbnailUrl":"https:\/\/lightweb.dev\/l\/svm-temp\/wp-content\/uploads\/2022\/04\/med-rofylld-blick-mot-toppen.png","articleSection":["Artiklar","Sport"],"inLanguage":"sv-SE"},{"@type":"WebPage","@id":"https:\/\/lightweb.dev\/l\/svm-temp\/artiklar\/med-rofylld-blick-mot-toppen\/","url":"https:\/\/lightweb.dev\/l\/svm-temp\/artiklar\/med-rofylld-blick-mot-toppen\/","name":"Med rofylld blick mot toppen - Svenska Magasinet","isPartOf":{"@id":"https:\/\/lightweb.dev\/l\/svm-temp\/#website"},"primaryImageOfPage":{"@id":"https:\/\/lightweb.dev\/l\/svm-temp\/artiklar\/med-rofylld-blick-mot-toppen\/#primaryimage"},"image":{"@id":"https:\/\/lightweb.dev\/l\/svm-temp\/artiklar\/med-rofylld-blick-mot-toppen\/#primaryimage"},"thumbnailUrl":"https:\/\/lightweb.dev\/l\/svm-temp\/wp-content\/uploads\/2022\/04\/med-rofylld-blick-mot-toppen.png","datePublished":"2008-11-12T23:00:00+00:00","breadcrumb":{"@id":"https:\/\/lightweb.dev\/l\/svm-temp\/artiklar\/med-rofylld-blick-mot-toppen\/#breadcrumb"},"inLanguage":"sv-SE","potentialAction":[{"@type":"ReadAction","target":["https:\/\/lightweb.dev\/l\/svm-temp\/artiklar\/med-rofylld-blick-mot-toppen\/"]}]},{"@type":"ImageObject","inLanguage":"sv-SE","@id":"https:\/\/lightweb.dev\/l\/svm-temp\/artiklar\/med-rofylld-blick-mot-toppen\/#primaryimage","url":"https:\/\/lightweb.dev\/l\/svm-temp\/wp-content\/uploads\/2022\/04\/med-rofylld-blick-mot-toppen.png","contentUrl":"https:\/\/lightweb.dev\/l\/svm-temp\/wp-content\/uploads\/2022\/04\/med-rofylld-blick-mot-toppen.png","width":280,"height":210},{"@type":"BreadcrumbList","@id":"https:\/\/lightweb.dev\/l\/svm-temp\/artiklar\/med-rofylld-blick-mot-toppen\/#breadcrumb","itemListElement":[{"@type":"ListItem","position":1,"name":"Hem","item":"https:\/\/lightweb.dev\/l\/svm-temp\/"},{"@type":"ListItem","position":2,"name":"Med rofylld blick mot toppen"}]},{"@type":"WebSite","@id":"https:\/\/lightweb.dev\/l\/svm-temp\/#website","url":"https:\/\/lightweb.dev\/l\/svm-temp\/","name":"Svenska Magasinet","description":"Dina Spanska nyheter p&aring; Svenska","publisher":{"@id":"https:\/\/lightweb.dev\/l\/svm-temp\/#organization"},"potentialAction":[{"@type":"SearchAction","target":{"@type":"EntryPoint","urlTemplate":"https:\/\/lightweb.dev\/l\/svm-temp\/?s={search_term_string}"},"query-input":{"@type":"PropertyValueSpecification","valueRequired":true,"valueName":"search_term_string"}}],"inLanguage":"sv-SE"},{"@type":"Organization","@id":"https:\/\/lightweb.dev\/l\/svm-temp\/#organization","name":"Melkerson y Nott SL","alternateName":"Svenska Magasinet","url":"https:\/\/lightweb.dev\/l\/svm-temp\/","logo":{"@type":"ImageObject","inLanguage":"sv-SE","@id":"https:\/\/lightweb.dev\/l\/svm-temp\/#\/schema\/logo\/image\/","url":"https:\/\/lightweb.dev\/l\/svm-temp\/wp-content\/uploads\/2025\/02\/SvM-logo-Xtra-Centrerad-SVART.png","contentUrl":"https:\/\/lightweb.dev\/l\/svm-temp\/wp-content\/uploads\/2025\/02\/SvM-logo-Xtra-Centrerad-SVART.png","width":300,"height":99,"caption":"Melkerson y Nott SL"},"image":{"@id":"https:\/\/lightweb.dev\/l\/svm-temp\/#\/schema\/logo\/image\/"},"sameAs":["https:\/\/www.facebook.com\/svenskamagasinet","https:\/\/x.com\/SvenskaMagasine"]},{"@type":"Person","@id":"https:\/\/lightweb.dev\/l\/svm-temp\/#\/schema\/person\/206a3bda5b607b0c25e1749191e4d837","name":"Redaktionen SvM","description":"Redaktionen","sameAs":["https:\/\/lightweb.dev\/l\/svm-temp"],"url":"https:\/\/lightweb.dev\/l\/svm-temp\/reporter\/redaktionen\/"}]}},"_links":{"self":[{"href":"https:\/\/lightweb.dev\/l\/svm-temp\/wp-json\/wp\/v2\/posts\/2523","targetHints":{"allow":["GET"]}}],"collection":[{"href":"https:\/\/lightweb.dev\/l\/svm-temp\/wp-json\/wp\/v2\/posts"}],"about":[{"href":"https:\/\/lightweb.dev\/l\/svm-temp\/wp-json\/wp\/v2\/types\/post"}],"author":[{"embeddable":true,"href":"https:\/\/lightweb.dev\/l\/svm-temp\/wp-json\/wp\/v2\/users\/8"}],"replies":[{"embeddable":true,"href":"https:\/\/lightweb.dev\/l\/svm-temp\/wp-json\/wp\/v2\/comments?post=2523"}],"version-history":[{"count":0,"href":"https:\/\/lightweb.dev\/l\/svm-temp\/wp-json\/wp\/v2\/posts\/2523\/revisions"}],"wp:featuredmedia":[{"embeddable":true,"href":"https:\/\/lightweb.dev\/l\/svm-temp\/wp-json\/wp\/v2\/media\/2524"}],"wp:attachment":[{"href":"https:\/\/lightweb.dev\/l\/svm-temp\/wp-json\/wp\/v2\/media?parent=2523"}],"wp:term":[{"taxonomy":"category","embeddable":true,"href":"https:\/\/lightweb.dev\/l\/svm-temp\/wp-json\/wp\/v2\/categories?post=2523"},{"taxonomy":"post_tag","embeddable":true,"href":"https:\/\/lightweb.dev\/l\/svm-temp\/wp-json\/wp\/v2\/tags?post=2523"}],"curies":[{"name":"wp","href":"https:\/\/api.w.org\/{rel}","templated":true}]}}