{"id":2527,"date":"2008-11-04T00:00:00","date_gmt":"2008-11-03T23:00:00","guid":{"rendered":"https:\/\/lightweb.dev\/l\/svm-temp\/en-kuperad-utmaning-med-norsksvensk-support\/"},"modified":"2008-11-04T00:00:00","modified_gmt":"2008-11-03T23:00:00","slug":"en-kuperad-utmaning-med-norsksvensk-support","status":"publish","type":"post","link":"https:\/\/lightweb.dev\/l\/svm-temp\/artiklar\/en-kuperad-utmaning-med-norsksvensk-support\/","title":{"rendered":"En kuperad utmaning med norsksvensk support"},"content":{"rendered":"<p> Det \u00e4r skandinaverna som basar p\u00e5 Los Arqueros Golf &#038; Country Club i Benahavis kommun. Tillsammans med Los Naranjos \u00e4r vi nog det mest skandinaviska som finns p\u00e5 kusten, s\u00e4ger Ulf Svendsen, f\u00f6dd i Trondheim och direkt\u00f6r p\u00e5 Los Arqueros golfbana Av Ola Josefsson<\/p>\n<p>I golfrestaurangen st\u00e5r Lasse Eriksson sedan flera \u00e5r tillbaka. Golfcentral med klubbmakaren Anders Honk har butik i klubbhuset sedan i somras. Huvud\u00e4gare till hela anl\u00e4ggningen \u00e4r Taylor Woodrow de Espa\u00f1a S.A. med svensken \u00c5ke Olofsson som expansiv manager.<\/p>\n<p>BALLESTEROS<br \/>\nF\u00f6r dem som har missat denna kuperade utmaning kan vi upplysa om att Los Arqueros som \u00f6ppnade 1991 ligger utmed Rondav\u00e4gen, riksv\u00e4g A-397, fem kilometer fr\u00e5n San Pedro Alc\u00e1ntara. Namnet Los Arqueros, b\u00e5gskyttarna, kan h\u00e4rledas fr\u00e5n tv\u00e5 saker. Dels av n\u00e5gra torn fr\u00e5n 1200-talet som finns i omr\u00e5det och som d\u00e5 f\u00f6rsvarades av b\u00e5gskyttar.<br \/>\nAtt den forne v\u00e4rldsspelaren Severiano Ballesteros har designat golfbanan kan ocks\u00e5 ha ett finger med i spelet n\u00e4r banan skulle f\u00e5 ett namn. Armborst p\u00e5 spanska heter \u201dballesta\u201d varf\u00f6r Ballesteros blir \u201darmborstskyttar\u201d. S\u00e5 det fick bli n\u00e5got liknande i namnv\u00e4g.<\/p>\n<p>EKOGOLF<br \/>\nVi kanske inte ska kalla det f\u00f6r ekogolf men faktum \u00e4r att en runda p\u00e5 Los Arqueros \u00e4r det n\u00e4rmaste inom ekologisk golf du kan komma. Los Arqueros \u00e4r ensamma i provinsen om att ha en viss milj\u00f6policy som regleras via tre typer av managementsystem inom milj\u00f6system. Det \u00e4r spanska golff\u00f6rbundet som ligger bakom ett kvalitetssystem som ska k\u00e4nneteckna en milj\u00f6v\u00e4nlig bana.<br \/>\nM\u00e5let \u00e4r att f\u00f6rebygga och minimera eventuella negativa milj\u00f6konsekvenser. Det g\u00f6r man genom att minska anv\u00e4ndningen av konstg\u00f6dsel, v\u00e4xtskyddsmedel och vatten som anv\u00e4nds f\u00f6r underh\u00e5ll och bevattning av anl\u00e4ggningen men ocks\u00e5 att uppmuntra till \u00e5teranv\u00e4ndning och \u00e5tervinning s\u00e5 l\u00e5ngt som m\u00f6jligt.<br \/>\n-Vi uppfyller alla milj\u00f6krav till punkt. Vi g\u00f6r tester och f\u00f6ljer upp och varje \u00e5r har vi en lista p\u00e5 saker som vi ska f\u00f6rb\u00e4ttra, ber\u00e4ttar Ulf Svendsen stolt.<br \/>\nRedan som fyra\u00e5ring flyttade Ulf Svendsen fr\u00e5n Norge. Hans pappa var flygare, f\u00f6rst inom det milit\u00e4ra sedan inom trafikflyget. Pappans arbete tog Ulf till l\u00e4nder som Kenya och Japan. Sedan blev det Solkusten, f\u00f6rst p\u00e5 Alhaurin golfbana innan jobbet som direkt\u00f6r f\u00f6r Los Arqueros v\u00e4ntade.<\/p>\n<p>Det talas mycket om kris i Spanien. \u00c4r det kris p\u00e5 Costa del Golf?<br \/>\n-Generellt \u00e4r det sv\u00e5rt att s\u00e4ga om det \u00e4r mer eller f\u00e4rre golfspelare p\u00e5 kusten just nu \u00e4n tidigare. Antalet golfbanor \u00e4r fler vilket g\u00f6r det sv\u00e5rare att veta exakt om det \u00e4r f\u00e4rre spelare just nu.<br \/>\n-\u00c5 andra sidan \u00e4r det m\u00e5nga banor som pratar om att de har det tuffare nu \u00e4n tidigare. Vi p\u00e5 Los Arqueros har s\u00e5lt golfaktier fr\u00e5n 2006 och vi m\u00e4rker en \u00f6kning p\u00e5 det omr\u00e5de. Jag tror att vi f\u00e5r v\u00e4nta till januari 2009 d\u00e5 klubbarna har sammanst\u00e4llt r\u00e4kenskaperna f\u00f6r \u00e5ret. F\u00f6rst d\u00e5 kan vi s\u00e4ga hur \u00e5ret har varit och vad som h\u00e4nder.<\/p>\n<p>SV\u00c5NGREM<br \/>\nGolf \u00e4r en fritidssyssels\u00e4ttning och rankas inte som det mest livsn\u00f6dv\u00e4ndiga. Det kommer inte p\u00e5 f\u00f6rstaplats n\u00e4r vi drar \u00e5t sv\u00e5ngremmen. Samtidigt har golfchartern och kortsemestrar blivit i ropet, m\u00e5nga vill komma ned till ljus och v\u00e4rme under vinterhalv\u00e5ret, ladda batterierna, f\u00e5 sol och spela golf.<br \/>\n-Jag tr\u00e4ffade en svensk researrang\u00f6r f\u00f6r ett tag sedan och vi pratade om golfresor. Thailand kanske \u00e4r ett innest\u00e4lle just f\u00f6r tillf\u00e4llet men du \u00e5ker inte dit fyra eller fem dagar bara f\u00f6r att spela golf. Du stannar d\u00e4r betydligt l\u00e4ngre tid \u00e4n s\u00e5 och f\u00f6rbrukar mer pengar j\u00e4mf\u00f6rt med en kortsemester p\u00e5 n\u00e5gra dagar till Solkusten, s\u00e4ger Ulf Svendsen.<br \/>\nEfter sommarens heta dagar p\u00e5 Costa del Golf g\u00e5r vi mot en svalare \u00e5rstid vilket gynnar kvaliteten p\u00e5 golfbanorna. Ulf Svendsen utvecklar \u00e4mnet:<br \/>\n-Kvaliteten \u00e4r det lite si och s\u00e5 med under sommaren d\u00e5 gr\u00e4set p\u00e5 green ofta \u00e4r vintergr\u00e4s. N\u00e4r vi har passerat sommarens h\u00f6ga temperaturer blir gr\u00e4set p\u00e5 green b\u00e4ttre. Situationen \u00e4r lite komplicerad h\u00e4r nere med tanke p\u00e5 att vi har stora temperaturskillnader sommar och vinter. Bermudagr\u00e4set p\u00e5 fairways trivs b\u00e4st p\u00e5 sommaren medan gr\u00e4set p\u00e5 greener trivs b\u00e4st p\u00e5 vintern.<\/p>\n<p>VATTENFR\u00c5GAN<br \/>\nVattenfr\u00e5gan har i stort sett alla banor p\u00e5 Costa del Sol l\u00f6st genom att investera i moderna system med renat avloppsvatten. Klubbar p\u00e5 Solkusten f\u00e5r bes\u00f6k fr\u00e5n andra klubbar i olika l\u00e4nder som \u00e4r nyfikna p\u00e5 moderna anl\u00e4ggningar med renat avloppsvatten. F\u00f6retaget Acosol har totalt fyra reningsanl\u00e4ggningar p\u00e5 Solkusten och de flesta banor \u00e4r inkopplade p\u00e5 systemet.<br \/>\n-Men jag hoppas p\u00e5 regn. Det finns komplikationer med renat avloppsvatten. Det finns rester fr\u00e5n reningsprocessen som skapar vissa problem p\u00e5 gr\u00e4set. N\u00e4r regnet kommer tv\u00e4ttas dessa \u00e5terstoder bort.<br \/>\nKustradions Jennie Jons\u00e9r spelade Los Arqueros i maj tillsammans med Europatourspelaren Peter Gustafsson. Deras omd\u00f6me om 18-h\u00e5lsslingan kan ni ta del av p\u00e5 www.kustradion.nu<\/p>\n<p>Los Arqueros som bana<br \/>\nLos Arqueros f\u00e5r bra feedback fr\u00e5n m\u00e5nga spelare; intressant bana, kr\u00e4vande bana och inte ett dugg f\u00f6rl\u00e5tande \u00e4r betyget. Den \u00e4r kuperad men inget j\u00e4mf\u00f6rt med hur omr\u00e5det s\u00e5g ut f\u00f6re projekteringen. Tusentals kubikmeter jord flyttades, en kostsam historia.<br \/>\n-En viss \u00f6dmjukhet och sj\u00e4lvkritik \u00e4r p\u00e5 sin plats. Det \u00e4r en bana d\u00e4r det inte alltid g\u00e4ller att ge j\u00e4rnet, en fostrande bana, ej f\u00f6rl\u00e5tande. Spelare med \u00f6ver 20 i hcp b\u00f6r vara f\u00f6rsiktiga, s\u00e4ger \u00c5ke Olofsson som har varit med fr\u00e5n starten p\u00e5 Los Arqueros.<br \/>\nVi fr\u00e5gade Svenska Magasinets golfspelande AD Anders Olow, hcp 4, vad hans omd\u00f6me \u00e4r om Los Arqueros:<br \/>\n-En sp\u00e4nnande bana, utmanande i klubbval, t\u00e4nka efter vid klubbval, fantastiska vyer, vacker, varierande h\u00e5l. Just den dagen n\u00e4r jag spelade banan var greenerna dock under all kritik, h\u00e5lkanterna var s\u00e4mre \u00e4n v\u00e5ra vintergreener hemma. Kanske var det bara en tillf\u00e4llighet. <\/p>\n","protected":false},"excerpt":{"rendered":"<p>Det \u00e4r skandinaverna som basar p\u00e5 Los Arqueros Golf &#038; Country Club i Benahavis kommun. Tillsammans med Los Naranjos \u00e4r vi nog det mest skandinaviska som finns p\u00e5 kusten, s\u00e4ger Ulf Svendsen, f\u00f6dd i Trondheim och direkt\u00f6r p\u00e5 Los Arqueros golfbana Av Ola Josefsson I golfrestaurangen st\u00e5r Lasse Eriksson sedan flera \u00e5r tillbaka. Golfcentral med [&hellip;]<\/p>\n","protected":false},"author":8,"featured_media":2528,"comment_status":"open","ping_status":"open","sticky":false,"template":"","format":"standard","meta":{"_et_pb_use_builder":"","_et_pb_old_content":"","_et_gb_content_width":"","footnotes":""},"categories":[4,400],"tags":[],"class_list":["post-2527","post","type-post","status-publish","format-standard","has-post-thumbnail","hentry","category-artiklar","category-sport-artiklar"],"yoast_head":"<!-- This site is optimized with the Yoast SEO Premium plugin v26.2 (Yoast SEO v27.4) - https:\/\/yoast.com\/product\/yoast-seo-premium-wordpress\/ -->\n<title>En kuperad utmaning med norsksvensk support - Svenska Magasinet<\/title>\n<meta name=\"robots\" content=\"noindex, follow, max-snippet:-1, max-image-preview:large, max-video-preview:-1\" \/>\n<meta property=\"og:locale\" content=\"sv_SE\" \/>\n<meta property=\"og:type\" content=\"article\" \/>\n<meta property=\"og:title\" content=\"En kuperad utmaning med norsksvensk support\" \/>\n<meta property=\"og:description\" content=\"Det \u00e4r skandinaverna som basar p\u00e5 Los Arqueros Golf &#038; Country Club i Benahavis kommun. Tillsammans med Los Naranjos \u00e4r vi nog det mest skandinaviska som finns p\u00e5 kusten, s\u00e4ger Ulf Svendsen, f\u00f6dd i Trondheim och direkt\u00f6r p\u00e5 Los Arqueros golfbana Av Ola Josefsson I golfrestaurangen st\u00e5r Lasse Eriksson sedan flera \u00e5r tillbaka. Golfcentral med [&hellip;]\" \/>\n<meta property=\"og:url\" content=\"https:\/\/lightweb.dev\/l\/svm-temp\/artiklar\/en-kuperad-utmaning-med-norsksvensk-support\/\" \/>\n<meta property=\"og:site_name\" content=\"Svenska Magasinet\" \/>\n<meta property=\"article:publisher\" content=\"https:\/\/www.facebook.com\/svenskamagasinet\" \/>\n<meta property=\"article:published_time\" content=\"2008-11-03T23:00:00+00:00\" \/>\n<meta property=\"og:image\" content=\"https:\/\/lightweb.dev\/l\/svm-temp\/wp-content\/uploads\/2022\/04\/en-kuperad-utmaning-med-norsksvensk-support.png\" \/>\n\t<meta property=\"og:image:width\" content=\"280\" \/>\n\t<meta property=\"og:image:height\" content=\"420\" \/>\n\t<meta property=\"og:image:type\" content=\"image\/png\" \/>\n<meta name=\"author\" content=\"Redaktionen SvM\" \/>\n<meta name=\"twitter:card\" content=\"summary_large_image\" \/>\n<meta name=\"twitter:creator\" content=\"@SvenskaMagasine\" \/>\n<meta name=\"twitter:site\" content=\"@SvenskaMagasine\" \/>\n<script type=\"application\/ld+json\" class=\"yoast-schema-graph\">{\"@context\":\"https:\\\/\\\/schema.org\",\"@graph\":[{\"@type\":\"Article\",\"@id\":\"https:\\\/\\\/lightweb.dev\\\/l\\\/svm-temp\\\/artiklar\\\/en-kuperad-utmaning-med-norsksvensk-support\\\/#article\",\"isPartOf\":{\"@id\":\"https:\\\/\\\/lightweb.dev\\\/l\\\/svm-temp\\\/artiklar\\\/en-kuperad-utmaning-med-norsksvensk-support\\\/\"},\"author\":{\"name\":\"Redaktionen SvM\",\"@id\":\"https:\\\/\\\/lightweb.dev\\\/l\\\/svm-temp\\\/#\\\/schema\\\/person\\\/206a3bda5b607b0c25e1749191e4d837\"},\"headline\":\"En kuperad utmaning med norsksvensk support\",\"datePublished\":\"2008-11-03T23:00:00+00:00\",\"mainEntityOfPage\":{\"@id\":\"https:\\\/\\\/lightweb.dev\\\/l\\\/svm-temp\\\/artiklar\\\/en-kuperad-utmaning-med-norsksvensk-support\\\/\"},\"wordCount\":1088,\"commentCount\":0,\"publisher\":{\"@id\":\"https:\\\/\\\/lightweb.dev\\\/l\\\/svm-temp\\\/#organization\"},\"image\":{\"@id\":\"https:\\\/\\\/lightweb.dev\\\/l\\\/svm-temp\\\/artiklar\\\/en-kuperad-utmaning-med-norsksvensk-support\\\/#primaryimage\"},\"thumbnailUrl\":\"https:\\\/\\\/lightweb.dev\\\/l\\\/svm-temp\\\/wp-content\\\/uploads\\\/2022\\\/04\\\/en-kuperad-utmaning-med-norsksvensk-support.png\",\"articleSection\":[\"Artiklar\",\"Sport\"],\"inLanguage\":\"sv-SE\"},{\"@type\":\"WebPage\",\"@id\":\"https:\\\/\\\/lightweb.dev\\\/l\\\/svm-temp\\\/artiklar\\\/en-kuperad-utmaning-med-norsksvensk-support\\\/\",\"url\":\"https:\\\/\\\/lightweb.dev\\\/l\\\/svm-temp\\\/artiklar\\\/en-kuperad-utmaning-med-norsksvensk-support\\\/\",\"name\":\"En kuperad utmaning med norsksvensk support - Svenska Magasinet\",\"isPartOf\":{\"@id\":\"https:\\\/\\\/lightweb.dev\\\/l\\\/svm-temp\\\/#website\"},\"primaryImageOfPage\":{\"@id\":\"https:\\\/\\\/lightweb.dev\\\/l\\\/svm-temp\\\/artiklar\\\/en-kuperad-utmaning-med-norsksvensk-support\\\/#primaryimage\"},\"image\":{\"@id\":\"https:\\\/\\\/lightweb.dev\\\/l\\\/svm-temp\\\/artiklar\\\/en-kuperad-utmaning-med-norsksvensk-support\\\/#primaryimage\"},\"thumbnailUrl\":\"https:\\\/\\\/lightweb.dev\\\/l\\\/svm-temp\\\/wp-content\\\/uploads\\\/2022\\\/04\\\/en-kuperad-utmaning-med-norsksvensk-support.png\",\"datePublished\":\"2008-11-03T23:00:00+00:00\",\"breadcrumb\":{\"@id\":\"https:\\\/\\\/lightweb.dev\\\/l\\\/svm-temp\\\/artiklar\\\/en-kuperad-utmaning-med-norsksvensk-support\\\/#breadcrumb\"},\"inLanguage\":\"sv-SE\",\"potentialAction\":[{\"@type\":\"ReadAction\",\"target\":[\"https:\\\/\\\/lightweb.dev\\\/l\\\/svm-temp\\\/artiklar\\\/en-kuperad-utmaning-med-norsksvensk-support\\\/\"]}]},{\"@type\":\"ImageObject\",\"inLanguage\":\"sv-SE\",\"@id\":\"https:\\\/\\\/lightweb.dev\\\/l\\\/svm-temp\\\/artiklar\\\/en-kuperad-utmaning-med-norsksvensk-support\\\/#primaryimage\",\"url\":\"https:\\\/\\\/lightweb.dev\\\/l\\\/svm-temp\\\/wp-content\\\/uploads\\\/2022\\\/04\\\/en-kuperad-utmaning-med-norsksvensk-support.png\",\"contentUrl\":\"https:\\\/\\\/lightweb.dev\\\/l\\\/svm-temp\\\/wp-content\\\/uploads\\\/2022\\\/04\\\/en-kuperad-utmaning-med-norsksvensk-support.png\",\"width\":280,\"height\":420},{\"@type\":\"BreadcrumbList\",\"@id\":\"https:\\\/\\\/lightweb.dev\\\/l\\\/svm-temp\\\/artiklar\\\/en-kuperad-utmaning-med-norsksvensk-support\\\/#breadcrumb\",\"itemListElement\":[{\"@type\":\"ListItem\",\"position\":1,\"name\":\"Hem\",\"item\":\"https:\\\/\\\/lightweb.dev\\\/l\\\/svm-temp\\\/\"},{\"@type\":\"ListItem\",\"position\":2,\"name\":\"En kuperad utmaning med norsksvensk support\"}]},{\"@type\":\"WebSite\",\"@id\":\"https:\\\/\\\/lightweb.dev\\\/l\\\/svm-temp\\\/#website\",\"url\":\"https:\\\/\\\/lightweb.dev\\\/l\\\/svm-temp\\\/\",\"name\":\"Svenska Magasinet\",\"description\":\"Dina Spanska nyheter p&aring; Svenska\",\"publisher\":{\"@id\":\"https:\\\/\\\/lightweb.dev\\\/l\\\/svm-temp\\\/#organization\"},\"potentialAction\":[{\"@type\":\"SearchAction\",\"target\":{\"@type\":\"EntryPoint\",\"urlTemplate\":\"https:\\\/\\\/lightweb.dev\\\/l\\\/svm-temp\\\/?s={search_term_string}\"},\"query-input\":{\"@type\":\"PropertyValueSpecification\",\"valueRequired\":true,\"valueName\":\"search_term_string\"}}],\"inLanguage\":\"sv-SE\"},{\"@type\":\"Organization\",\"@id\":\"https:\\\/\\\/lightweb.dev\\\/l\\\/svm-temp\\\/#organization\",\"name\":\"Melkerson y Nott SL\",\"alternateName\":\"Svenska Magasinet\",\"url\":\"https:\\\/\\\/lightweb.dev\\\/l\\\/svm-temp\\\/\",\"logo\":{\"@type\":\"ImageObject\",\"inLanguage\":\"sv-SE\",\"@id\":\"https:\\\/\\\/lightweb.dev\\\/l\\\/svm-temp\\\/#\\\/schema\\\/logo\\\/image\\\/\",\"url\":\"https:\\\/\\\/lightweb.dev\\\/l\\\/svm-temp\\\/wp-content\\\/uploads\\\/2025\\\/02\\\/SvM-logo-Xtra-Centrerad-SVART.png\",\"contentUrl\":\"https:\\\/\\\/lightweb.dev\\\/l\\\/svm-temp\\\/wp-content\\\/uploads\\\/2025\\\/02\\\/SvM-logo-Xtra-Centrerad-SVART.png\",\"width\":300,\"height\":99,\"caption\":\"Melkerson y Nott SL\"},\"image\":{\"@id\":\"https:\\\/\\\/lightweb.dev\\\/l\\\/svm-temp\\\/#\\\/schema\\\/logo\\\/image\\\/\"},\"sameAs\":[\"https:\\\/\\\/www.facebook.com\\\/svenskamagasinet\",\"https:\\\/\\\/x.com\\\/SvenskaMagasine\"]},{\"@type\":\"Person\",\"@id\":\"https:\\\/\\\/lightweb.dev\\\/l\\\/svm-temp\\\/#\\\/schema\\\/person\\\/206a3bda5b607b0c25e1749191e4d837\",\"name\":\"Redaktionen SvM\",\"description\":\"Redaktionen\",\"sameAs\":[\"https:\\\/\\\/lightweb.dev\\\/l\\\/svm-temp\"],\"url\":\"https:\\\/\\\/lightweb.dev\\\/l\\\/svm-temp\\\/reporter\\\/redaktionen\\\/\"}]}<\/script>\n<!-- \/ Yoast SEO Premium plugin. -->","yoast_head_json":{"title":"En kuperad utmaning med norsksvensk support - Svenska Magasinet","robots":{"index":"noindex","follow":"follow","max-snippet":"max-snippet:-1","max-image-preview":"max-image-preview:large","max-video-preview":"max-video-preview:-1"},"og_locale":"sv_SE","og_type":"article","og_title":"En kuperad utmaning med norsksvensk support","og_description":"Det \u00e4r skandinaverna som basar p\u00e5 Los Arqueros Golf &#038; Country Club i Benahavis kommun. Tillsammans med Los Naranjos \u00e4r vi nog det mest skandinaviska som finns p\u00e5 kusten, s\u00e4ger Ulf Svendsen, f\u00f6dd i Trondheim och direkt\u00f6r p\u00e5 Los Arqueros golfbana Av Ola Josefsson I golfrestaurangen st\u00e5r Lasse Eriksson sedan flera \u00e5r tillbaka. Golfcentral med [&hellip;]","og_url":"https:\/\/lightweb.dev\/l\/svm-temp\/artiklar\/en-kuperad-utmaning-med-norsksvensk-support\/","og_site_name":"Svenska Magasinet","article_publisher":"https:\/\/www.facebook.com\/svenskamagasinet","article_published_time":"2008-11-03T23:00:00+00:00","og_image":[{"width":280,"height":420,"url":"https:\/\/lightweb.dev\/l\/svm-temp\/wp-content\/uploads\/2022\/04\/en-kuperad-utmaning-med-norsksvensk-support.png","type":"image\/png"}],"author":"Redaktionen SvM","twitter_card":"summary_large_image","twitter_creator":"@SvenskaMagasine","twitter_site":"@SvenskaMagasine","schema":{"@context":"https:\/\/schema.org","@graph":[{"@type":"Article","@id":"https:\/\/lightweb.dev\/l\/svm-temp\/artiklar\/en-kuperad-utmaning-med-norsksvensk-support\/#article","isPartOf":{"@id":"https:\/\/lightweb.dev\/l\/svm-temp\/artiklar\/en-kuperad-utmaning-med-norsksvensk-support\/"},"author":{"name":"Redaktionen SvM","@id":"https:\/\/lightweb.dev\/l\/svm-temp\/#\/schema\/person\/206a3bda5b607b0c25e1749191e4d837"},"headline":"En kuperad utmaning med norsksvensk support","datePublished":"2008-11-03T23:00:00+00:00","mainEntityOfPage":{"@id":"https:\/\/lightweb.dev\/l\/svm-temp\/artiklar\/en-kuperad-utmaning-med-norsksvensk-support\/"},"wordCount":1088,"commentCount":0,"publisher":{"@id":"https:\/\/lightweb.dev\/l\/svm-temp\/#organization"},"image":{"@id":"https:\/\/lightweb.dev\/l\/svm-temp\/artiklar\/en-kuperad-utmaning-med-norsksvensk-support\/#primaryimage"},"thumbnailUrl":"https:\/\/lightweb.dev\/l\/svm-temp\/wp-content\/uploads\/2022\/04\/en-kuperad-utmaning-med-norsksvensk-support.png","articleSection":["Artiklar","Sport"],"inLanguage":"sv-SE"},{"@type":"WebPage","@id":"https:\/\/lightweb.dev\/l\/svm-temp\/artiklar\/en-kuperad-utmaning-med-norsksvensk-support\/","url":"https:\/\/lightweb.dev\/l\/svm-temp\/artiklar\/en-kuperad-utmaning-med-norsksvensk-support\/","name":"En kuperad utmaning med norsksvensk support - Svenska Magasinet","isPartOf":{"@id":"https:\/\/lightweb.dev\/l\/svm-temp\/#website"},"primaryImageOfPage":{"@id":"https:\/\/lightweb.dev\/l\/svm-temp\/artiklar\/en-kuperad-utmaning-med-norsksvensk-support\/#primaryimage"},"image":{"@id":"https:\/\/lightweb.dev\/l\/svm-temp\/artiklar\/en-kuperad-utmaning-med-norsksvensk-support\/#primaryimage"},"thumbnailUrl":"https:\/\/lightweb.dev\/l\/svm-temp\/wp-content\/uploads\/2022\/04\/en-kuperad-utmaning-med-norsksvensk-support.png","datePublished":"2008-11-03T23:00:00+00:00","breadcrumb":{"@id":"https:\/\/lightweb.dev\/l\/svm-temp\/artiklar\/en-kuperad-utmaning-med-norsksvensk-support\/#breadcrumb"},"inLanguage":"sv-SE","potentialAction":[{"@type":"ReadAction","target":["https:\/\/lightweb.dev\/l\/svm-temp\/artiklar\/en-kuperad-utmaning-med-norsksvensk-support\/"]}]},{"@type":"ImageObject","inLanguage":"sv-SE","@id":"https:\/\/lightweb.dev\/l\/svm-temp\/artiklar\/en-kuperad-utmaning-med-norsksvensk-support\/#primaryimage","url":"https:\/\/lightweb.dev\/l\/svm-temp\/wp-content\/uploads\/2022\/04\/en-kuperad-utmaning-med-norsksvensk-support.png","contentUrl":"https:\/\/lightweb.dev\/l\/svm-temp\/wp-content\/uploads\/2022\/04\/en-kuperad-utmaning-med-norsksvensk-support.png","width":280,"height":420},{"@type":"BreadcrumbList","@id":"https:\/\/lightweb.dev\/l\/svm-temp\/artiklar\/en-kuperad-utmaning-med-norsksvensk-support\/#breadcrumb","itemListElement":[{"@type":"ListItem","position":1,"name":"Hem","item":"https:\/\/lightweb.dev\/l\/svm-temp\/"},{"@type":"ListItem","position":2,"name":"En kuperad utmaning med norsksvensk support"}]},{"@type":"WebSite","@id":"https:\/\/lightweb.dev\/l\/svm-temp\/#website","url":"https:\/\/lightweb.dev\/l\/svm-temp\/","name":"Svenska Magasinet","description":"Dina Spanska nyheter p&aring; Svenska","publisher":{"@id":"https:\/\/lightweb.dev\/l\/svm-temp\/#organization"},"potentialAction":[{"@type":"SearchAction","target":{"@type":"EntryPoint","urlTemplate":"https:\/\/lightweb.dev\/l\/svm-temp\/?s={search_term_string}"},"query-input":{"@type":"PropertyValueSpecification","valueRequired":true,"valueName":"search_term_string"}}],"inLanguage":"sv-SE"},{"@type":"Organization","@id":"https:\/\/lightweb.dev\/l\/svm-temp\/#organization","name":"Melkerson y Nott SL","alternateName":"Svenska Magasinet","url":"https:\/\/lightweb.dev\/l\/svm-temp\/","logo":{"@type":"ImageObject","inLanguage":"sv-SE","@id":"https:\/\/lightweb.dev\/l\/svm-temp\/#\/schema\/logo\/image\/","url":"https:\/\/lightweb.dev\/l\/svm-temp\/wp-content\/uploads\/2025\/02\/SvM-logo-Xtra-Centrerad-SVART.png","contentUrl":"https:\/\/lightweb.dev\/l\/svm-temp\/wp-content\/uploads\/2025\/02\/SvM-logo-Xtra-Centrerad-SVART.png","width":300,"height":99,"caption":"Melkerson y Nott SL"},"image":{"@id":"https:\/\/lightweb.dev\/l\/svm-temp\/#\/schema\/logo\/image\/"},"sameAs":["https:\/\/www.facebook.com\/svenskamagasinet","https:\/\/x.com\/SvenskaMagasine"]},{"@type":"Person","@id":"https:\/\/lightweb.dev\/l\/svm-temp\/#\/schema\/person\/206a3bda5b607b0c25e1749191e4d837","name":"Redaktionen SvM","description":"Redaktionen","sameAs":["https:\/\/lightweb.dev\/l\/svm-temp"],"url":"https:\/\/lightweb.dev\/l\/svm-temp\/reporter\/redaktionen\/"}]}},"_links":{"self":[{"href":"https:\/\/lightweb.dev\/l\/svm-temp\/wp-json\/wp\/v2\/posts\/2527","targetHints":{"allow":["GET"]}}],"collection":[{"href":"https:\/\/lightweb.dev\/l\/svm-temp\/wp-json\/wp\/v2\/posts"}],"about":[{"href":"https:\/\/lightweb.dev\/l\/svm-temp\/wp-json\/wp\/v2\/types\/post"}],"author":[{"embeddable":true,"href":"https:\/\/lightweb.dev\/l\/svm-temp\/wp-json\/wp\/v2\/users\/8"}],"replies":[{"embeddable":true,"href":"https:\/\/lightweb.dev\/l\/svm-temp\/wp-json\/wp\/v2\/comments?post=2527"}],"version-history":[{"count":0,"href":"https:\/\/lightweb.dev\/l\/svm-temp\/wp-json\/wp\/v2\/posts\/2527\/revisions"}],"wp:featuredmedia":[{"embeddable":true,"href":"https:\/\/lightweb.dev\/l\/svm-temp\/wp-json\/wp\/v2\/media\/2528"}],"wp:attachment":[{"href":"https:\/\/lightweb.dev\/l\/svm-temp\/wp-json\/wp\/v2\/media?parent=2527"}],"wp:term":[{"taxonomy":"category","embeddable":true,"href":"https:\/\/lightweb.dev\/l\/svm-temp\/wp-json\/wp\/v2\/categories?post=2527"},{"taxonomy":"post_tag","embeddable":true,"href":"https:\/\/lightweb.dev\/l\/svm-temp\/wp-json\/wp\/v2\/tags?post=2527"}],"curies":[{"name":"wp","href":"https:\/\/api.w.org\/{rel}","templated":true}]}}