{"id":2531,"date":"2008-11-04T00:00:00","date_gmt":"2008-11-03T23:00:00","guid":{"rendered":"https:\/\/lightweb.dev\/l\/svm-temp\/boka-tid-pa-vardcentralen-i-andalusien\/"},"modified":"2008-11-04T00:00:00","modified_gmt":"2008-11-03T23:00:00","slug":"boka-tid-pa-vardcentralen-i-andalusien","status":"publish","type":"post","link":"https:\/\/lightweb.dev\/l\/svm-temp\/artiklar\/boka-tid-pa-vardcentralen-i-andalusien\/","title":{"rendered":"BOKA TID P\u00c5 V\u00c5RDCENTRALEN I ANDALUSIEN"},"content":{"rendered":"<p> Numera \u00e4r det mycket l\u00e4ttare att be om tid hos sin husl\u00e4kare p\u00e5 v\u00e5rdcentralen (\u201dCentro de Salud\u201d eller \u201dAmbulatorio\u201d. Du beh\u00f6ver inte l\u00e4ngre st\u00e5 i de l\u00e5nga k\u00f6erna och tr\u00e4ngas. Idag kan du enkelt best\u00e4lla tid genom att ringa Salud Responde p\u00e5 telefon 902 505 060, eller best\u00e4lla tid direkt on-line p\u00e5 https:\/\/ws003.juntadeandalucia.es Av Elin Petersson<\/p>\n<p>P\u00e5 hemsidan p\u00e5 internet kommer det f\u00f6rst upp en sida du i kolumnen till v\u00e4nster m\u00e5ste v\u00e4lja alternativet \u201dCita para el m\u00e9dico\u201d (Best\u00e4lla tid hos l\u00e4karen). D\u00e4refter m\u00e5ste du fylla i ditt Seguridad Social nummer, dina f\u00f6delsedata (dag, m\u00e5nad, \u00e5r) och typ av idkort (tarjeta de extranjero) samt NIE nummer. D\u00e4refter \u00f6ppnas en ny sida upp med ditt namn och d\u00e4r du ges tv\u00e5 alternativ: 1) \u201dConsultar datos personales\u201d (Se \u00f6ver dina personliga uppgifter), eller 2) \u201dCita para el m\u00e9dico\u201d (Best\u00e4lla tid hos din husl\u00e4kare).<\/p>\n<p>D\u00e4refter kommer du till en sida d\u00e4r du m\u00e5ste klicka p\u00e5 alternativet \u201dSolicitar, consultar o cancelar cita para m\u00e9dico o pediatra\u201d (Ans\u00f6ka om, kolla upp eller avboka bes\u00f6k hos husl\u00e4kare eller barnl\u00e4kare) som st\u00e5r under ditt namn. D\u00e4refter kan du v\u00e4lja datum och tid d\u00e5 du vill tr\u00e4ffa din husl\u00e4kare, och bekr\u00e4fta best\u00e4llningen. Det \u00e4r viktigt att du skriver ut en kopia p\u00e5 tidsbokningen som du tar med dig till v\u00e5rdcentralen n\u00e4r dags f\u00f6r ditt bes\u00f6k.<\/p>\n<p>Vill du boka tid f\u00f6r blodprov etc. m\u00e5ste du f\u00f6rst best\u00e4lla tid f\u00f6r att tr\u00e4ffa din husl\u00e4kare som i sin tur ger dig ett speciellt formul\u00e4r som du m\u00e5ste l\u00e4mna in n\u00e4r du personligen p\u00e5 v\u00e5rdcentralen best\u00e4ller tid f\u00f6r provtagning. Detta kan endast best\u00e4llas p\u00e5 v\u00e5rdcentralen, inte via telefon eller internet eftersom du m\u00e5ste l\u00e4mna in doktorns formul\u00e4r.<\/p>\n<p>Blodprov sker i en sal med flera personer samtidigt, kan l\u00e4tt k\u00e4nnas mycket f\u00f6rvirrat och kaotiskt, men beh\u00e5ller du bara ditt lugn och \u00e4r uppm\u00e4rksam p\u00e5 n\u00e4r de ropar upp ditt namn fungerar allt bara bra. Resultatet p\u00e5 provtagningen f\u00e5r du f\u00f6rst tio dagar efter provtagningstillf\u00e4llet, och du m\u00e5ste best\u00e4lla tid igen f\u00f6r att f\u00e5 resultatet av din husl\u00e4kare, antingen direkt p\u00e5 v\u00e5rdcentralen, via internet eller telefon.<\/p>\n<p>F\u00f6r dig som svensk, kan det k\u00e4nnas frustrerande att bes\u00f6ka v\u00e5rdcentralen. Ofta finns inget ordentligt nummersystem, alla bes\u00f6kare \u00e4r tilldelade en speciell bes\u00f6kstid (var 5:e minut), men r\u00e4kna kallt med att du kan f\u00e5 v\u00e4nta allt mellan 20 minuter till tv\u00e5 timmar p\u00e5 att det blir din tur. Det \u00e4r n\u00e4stan en om\u00f6jlig ekvation f\u00f6r husl\u00e4karen att hj\u00e4lpa sina patienter p\u00e5 bara fem minuter vardera, speciellt n\u00e4r det g\u00e4ller pratglada \u00e4ldre spanjorer och spanjorskor. Och ett r\u00e5d, insistera inte p\u00e5 att din bes\u00f6kstid passerat, se f\u00f6rst efter vad de andra i v\u00e4ntsalen har f\u00f6r bes\u00f6kstid, vem vet, du kanske \u00e4r sist p\u00e5 tur? Ta med dig en bra bok, en liten sittkudde (stolarna \u00e4r fr\u00e5n ofta fr\u00e5n 70 talet och inte stoppade) och en stor dos t\u00e5lamod. Talar du inte spanska \u00e4r det att rekommendera att ta med sig n\u00e5gon som kan tolka.<\/p>\n<p>Det finns ofta tolkhj\u00e4lp b\u00e5de m\u00e5nga v\u00e5rdcentraler och p\u00e5 sjukhusen, men inte alla dagar i veckan, inte vid alla tidpunkter och sj\u00e4lvklart inte p\u00e5 alla spr\u00e5k. Det \u00e4r en viktig och beundransv\u00e4rd insats som de frivilliga och obetalda tolkarna g\u00f6r f\u00f6r att underl\u00e4tta b\u00e5de f\u00f6r utl\u00e4ndska patienter och de spanska l\u00e4karna. P\u00e5 v\u00e5rdcentralen och sjukhuset brukar det finnas information om n\u00e4r, var och p\u00e5 vilka spr\u00e5k man kan f\u00e5 tolkhj\u00e4lp.<\/p>\n<p>Ny serie om sjukv\u00e5rd i Spanien<br \/>\nI f\u00f6rra numret skrev vi om det europeiska sjukv\u00e5rdskortet och d\u00e4rmed inledde Svenska Magasinet en serie om sjukv\u00e5rden i Spanien. I kommande nummer kommer f\u00f6ljande \u00e4mnen att behandlas:<br \/>\nDen offentliga sjukv\u00e5rden i Spanien<br \/>\nDen privata sjukv\u00e5rden i Spanien<br \/>\nAkutv\u00e5rd<br \/>\nFritt val av sjukhus och av husl\u00e4kare<br \/>\nF\u00f6da barn i Spanien<br \/>\nN\u00e4r livets v\u00e4g tar slut i Spanien <\/p>\n","protected":false},"excerpt":{"rendered":"<p>Numera \u00e4r det mycket l\u00e4ttare att be om tid hos sin husl\u00e4kare p\u00e5 v\u00e5rdcentralen (\u201dCentro de Salud\u201d eller \u201dAmbulatorio\u201d. Du beh\u00f6ver inte l\u00e4ngre st\u00e5 i de l\u00e5nga k\u00f6erna och tr\u00e4ngas. Idag kan du enkelt best\u00e4lla tid genom att ringa Salud Responde p\u00e5 telefon 902 505 060, eller best\u00e4lla tid direkt on-line p\u00e5 https:\/\/ws003.juntadeandalucia.es Av Elin [&hellip;]<\/p>\n","protected":false},"author":8,"featured_media":2532,"comment_status":"open","ping_status":"open","sticky":false,"template":"","format":"standard","meta":{"_et_pb_use_builder":"","_et_pb_old_content":"","_et_gb_content_width":"","footnotes":""},"categories":[396,4],"tags":[],"class_list":["post-2531","post","type-post","status-publish","format-standard","has-post-thumbnail","hentry","category-arkiv-artiklar","category-artiklar"],"yoast_head":"<!-- This site is optimized with the Yoast SEO Premium plugin v26.2 (Yoast SEO v27.4) - https:\/\/yoast.com\/product\/yoast-seo-premium-wordpress\/ -->\n<title>BOKA TID P\u00c5 V\u00c5RDCENTRALEN I ANDALUSIEN - Svenska Magasinet<\/title>\n<meta name=\"robots\" content=\"noindex, follow, max-snippet:-1, max-image-preview:large, max-video-preview:-1\" \/>\n<meta property=\"og:locale\" content=\"sv_SE\" \/>\n<meta property=\"og:type\" content=\"article\" \/>\n<meta property=\"og:title\" content=\"BOKA TID P\u00c5 V\u00c5RDCENTRALEN I ANDALUSIEN\" \/>\n<meta property=\"og:description\" content=\"Numera \u00e4r det mycket l\u00e4ttare att be om tid hos sin husl\u00e4kare p\u00e5 v\u00e5rdcentralen (\u201dCentro de Salud\u201d eller \u201dAmbulatorio\u201d. Du beh\u00f6ver inte l\u00e4ngre st\u00e5 i de l\u00e5nga k\u00f6erna och tr\u00e4ngas. Idag kan du enkelt best\u00e4lla tid genom att ringa Salud Responde p\u00e5 telefon 902 505 060, eller best\u00e4lla tid direkt on-line p\u00e5 https:\/\/ws003.juntadeandalucia.es Av Elin [&hellip;]\" \/>\n<meta property=\"og:url\" content=\"https:\/\/lightweb.dev\/l\/svm-temp\/artiklar\/boka-tid-pa-vardcentralen-i-andalusien\/\" \/>\n<meta property=\"og:site_name\" content=\"Svenska Magasinet\" \/>\n<meta property=\"article:publisher\" content=\"https:\/\/www.facebook.com\/svenskamagasinet\" \/>\n<meta property=\"article:published_time\" content=\"2008-11-03T23:00:00+00:00\" \/>\n<meta property=\"og:image\" content=\"https:\/\/lightweb.dev\/l\/svm-temp\/wp-content\/uploads\/2022\/04\/boka-tid-p-vrdcentralen-i-andalusien.png\" \/>\n\t<meta property=\"og:image:width\" content=\"283\" \/>\n\t<meta property=\"og:image:height\" content=\"200\" \/>\n\t<meta property=\"og:image:type\" content=\"image\/png\" \/>\n<meta name=\"author\" content=\"Redaktionen SvM\" \/>\n<meta name=\"twitter:card\" content=\"summary_large_image\" \/>\n<meta name=\"twitter:creator\" content=\"@SvenskaMagasine\" \/>\n<meta name=\"twitter:site\" content=\"@SvenskaMagasine\" \/>\n<script type=\"application\/ld+json\" class=\"yoast-schema-graph\">{\"@context\":\"https:\\\/\\\/schema.org\",\"@graph\":[{\"@type\":\"Article\",\"@id\":\"https:\\\/\\\/lightweb.dev\\\/l\\\/svm-temp\\\/artiklar\\\/boka-tid-pa-vardcentralen-i-andalusien\\\/#article\",\"isPartOf\":{\"@id\":\"https:\\\/\\\/lightweb.dev\\\/l\\\/svm-temp\\\/artiklar\\\/boka-tid-pa-vardcentralen-i-andalusien\\\/\"},\"author\":{\"name\":\"Redaktionen SvM\",\"@id\":\"https:\\\/\\\/lightweb.dev\\\/l\\\/svm-temp\\\/#\\\/schema\\\/person\\\/206a3bda5b607b0c25e1749191e4d837\"},\"headline\":\"BOKA TID P\u00c5 V\u00c5RDCENTRALEN I ANDALUSIEN\",\"datePublished\":\"2008-11-03T23:00:00+00:00\",\"mainEntityOfPage\":{\"@id\":\"https:\\\/\\\/lightweb.dev\\\/l\\\/svm-temp\\\/artiklar\\\/boka-tid-pa-vardcentralen-i-andalusien\\\/\"},\"wordCount\":755,\"commentCount\":0,\"publisher\":{\"@id\":\"https:\\\/\\\/lightweb.dev\\\/l\\\/svm-temp\\\/#organization\"},\"image\":{\"@id\":\"https:\\\/\\\/lightweb.dev\\\/l\\\/svm-temp\\\/artiklar\\\/boka-tid-pa-vardcentralen-i-andalusien\\\/#primaryimage\"},\"thumbnailUrl\":\"https:\\\/\\\/lightweb.dev\\\/l\\\/svm-temp\\\/wp-content\\\/uploads\\\/2022\\\/04\\\/boka-tid-p-vrdcentralen-i-andalusien.png\",\"articleSection\":[\"Arkiv\",\"Artiklar\"],\"inLanguage\":\"sv-SE\"},{\"@type\":\"WebPage\",\"@id\":\"https:\\\/\\\/lightweb.dev\\\/l\\\/svm-temp\\\/artiklar\\\/boka-tid-pa-vardcentralen-i-andalusien\\\/\",\"url\":\"https:\\\/\\\/lightweb.dev\\\/l\\\/svm-temp\\\/artiklar\\\/boka-tid-pa-vardcentralen-i-andalusien\\\/\",\"name\":\"BOKA TID P\u00c5 V\u00c5RDCENTRALEN I ANDALUSIEN - Svenska Magasinet\",\"isPartOf\":{\"@id\":\"https:\\\/\\\/lightweb.dev\\\/l\\\/svm-temp\\\/#website\"},\"primaryImageOfPage\":{\"@id\":\"https:\\\/\\\/lightweb.dev\\\/l\\\/svm-temp\\\/artiklar\\\/boka-tid-pa-vardcentralen-i-andalusien\\\/#primaryimage\"},\"image\":{\"@id\":\"https:\\\/\\\/lightweb.dev\\\/l\\\/svm-temp\\\/artiklar\\\/boka-tid-pa-vardcentralen-i-andalusien\\\/#primaryimage\"},\"thumbnailUrl\":\"https:\\\/\\\/lightweb.dev\\\/l\\\/svm-temp\\\/wp-content\\\/uploads\\\/2022\\\/04\\\/boka-tid-p-vrdcentralen-i-andalusien.png\",\"datePublished\":\"2008-11-03T23:00:00+00:00\",\"breadcrumb\":{\"@id\":\"https:\\\/\\\/lightweb.dev\\\/l\\\/svm-temp\\\/artiklar\\\/boka-tid-pa-vardcentralen-i-andalusien\\\/#breadcrumb\"},\"inLanguage\":\"sv-SE\",\"potentialAction\":[{\"@type\":\"ReadAction\",\"target\":[\"https:\\\/\\\/lightweb.dev\\\/l\\\/svm-temp\\\/artiklar\\\/boka-tid-pa-vardcentralen-i-andalusien\\\/\"]}]},{\"@type\":\"ImageObject\",\"inLanguage\":\"sv-SE\",\"@id\":\"https:\\\/\\\/lightweb.dev\\\/l\\\/svm-temp\\\/artiklar\\\/boka-tid-pa-vardcentralen-i-andalusien\\\/#primaryimage\",\"url\":\"https:\\\/\\\/lightweb.dev\\\/l\\\/svm-temp\\\/wp-content\\\/uploads\\\/2022\\\/04\\\/boka-tid-p-vrdcentralen-i-andalusien.png\",\"contentUrl\":\"https:\\\/\\\/lightweb.dev\\\/l\\\/svm-temp\\\/wp-content\\\/uploads\\\/2022\\\/04\\\/boka-tid-p-vrdcentralen-i-andalusien.png\",\"width\":283,\"height\":200},{\"@type\":\"BreadcrumbList\",\"@id\":\"https:\\\/\\\/lightweb.dev\\\/l\\\/svm-temp\\\/artiklar\\\/boka-tid-pa-vardcentralen-i-andalusien\\\/#breadcrumb\",\"itemListElement\":[{\"@type\":\"ListItem\",\"position\":1,\"name\":\"Hem\",\"item\":\"https:\\\/\\\/lightweb.dev\\\/l\\\/svm-temp\\\/\"},{\"@type\":\"ListItem\",\"position\":2,\"name\":\"BOKA TID P\u00c5 V\u00c5RDCENTRALEN I ANDALUSIEN\"}]},{\"@type\":\"WebSite\",\"@id\":\"https:\\\/\\\/lightweb.dev\\\/l\\\/svm-temp\\\/#website\",\"url\":\"https:\\\/\\\/lightweb.dev\\\/l\\\/svm-temp\\\/\",\"name\":\"Svenska Magasinet\",\"description\":\"Dina Spanska nyheter p&aring; Svenska\",\"publisher\":{\"@id\":\"https:\\\/\\\/lightweb.dev\\\/l\\\/svm-temp\\\/#organization\"},\"potentialAction\":[{\"@type\":\"SearchAction\",\"target\":{\"@type\":\"EntryPoint\",\"urlTemplate\":\"https:\\\/\\\/lightweb.dev\\\/l\\\/svm-temp\\\/?s={search_term_string}\"},\"query-input\":{\"@type\":\"PropertyValueSpecification\",\"valueRequired\":true,\"valueName\":\"search_term_string\"}}],\"inLanguage\":\"sv-SE\"},{\"@type\":\"Organization\",\"@id\":\"https:\\\/\\\/lightweb.dev\\\/l\\\/svm-temp\\\/#organization\",\"name\":\"Melkerson y Nott SL\",\"alternateName\":\"Svenska Magasinet\",\"url\":\"https:\\\/\\\/lightweb.dev\\\/l\\\/svm-temp\\\/\",\"logo\":{\"@type\":\"ImageObject\",\"inLanguage\":\"sv-SE\",\"@id\":\"https:\\\/\\\/lightweb.dev\\\/l\\\/svm-temp\\\/#\\\/schema\\\/logo\\\/image\\\/\",\"url\":\"https:\\\/\\\/lightweb.dev\\\/l\\\/svm-temp\\\/wp-content\\\/uploads\\\/2025\\\/02\\\/SvM-logo-Xtra-Centrerad-SVART.png\",\"contentUrl\":\"https:\\\/\\\/lightweb.dev\\\/l\\\/svm-temp\\\/wp-content\\\/uploads\\\/2025\\\/02\\\/SvM-logo-Xtra-Centrerad-SVART.png\",\"width\":300,\"height\":99,\"caption\":\"Melkerson y Nott SL\"},\"image\":{\"@id\":\"https:\\\/\\\/lightweb.dev\\\/l\\\/svm-temp\\\/#\\\/schema\\\/logo\\\/image\\\/\"},\"sameAs\":[\"https:\\\/\\\/www.facebook.com\\\/svenskamagasinet\",\"https:\\\/\\\/x.com\\\/SvenskaMagasine\"]},{\"@type\":\"Person\",\"@id\":\"https:\\\/\\\/lightweb.dev\\\/l\\\/svm-temp\\\/#\\\/schema\\\/person\\\/206a3bda5b607b0c25e1749191e4d837\",\"name\":\"Redaktionen SvM\",\"description\":\"Redaktionen\",\"sameAs\":[\"https:\\\/\\\/lightweb.dev\\\/l\\\/svm-temp\"],\"url\":\"https:\\\/\\\/lightweb.dev\\\/l\\\/svm-temp\\\/reporter\\\/redaktionen\\\/\"}]}<\/script>\n<!-- \/ Yoast SEO Premium plugin. -->","yoast_head_json":{"title":"BOKA TID P\u00c5 V\u00c5RDCENTRALEN I ANDALUSIEN - Svenska Magasinet","robots":{"index":"noindex","follow":"follow","max-snippet":"max-snippet:-1","max-image-preview":"max-image-preview:large","max-video-preview":"max-video-preview:-1"},"og_locale":"sv_SE","og_type":"article","og_title":"BOKA TID P\u00c5 V\u00c5RDCENTRALEN I ANDALUSIEN","og_description":"Numera \u00e4r det mycket l\u00e4ttare att be om tid hos sin husl\u00e4kare p\u00e5 v\u00e5rdcentralen (\u201dCentro de Salud\u201d eller \u201dAmbulatorio\u201d. Du beh\u00f6ver inte l\u00e4ngre st\u00e5 i de l\u00e5nga k\u00f6erna och tr\u00e4ngas. Idag kan du enkelt best\u00e4lla tid genom att ringa Salud Responde p\u00e5 telefon 902 505 060, eller best\u00e4lla tid direkt on-line p\u00e5 https:\/\/ws003.juntadeandalucia.es Av Elin [&hellip;]","og_url":"https:\/\/lightweb.dev\/l\/svm-temp\/artiklar\/boka-tid-pa-vardcentralen-i-andalusien\/","og_site_name":"Svenska Magasinet","article_publisher":"https:\/\/www.facebook.com\/svenskamagasinet","article_published_time":"2008-11-03T23:00:00+00:00","og_image":[{"width":283,"height":200,"url":"https:\/\/lightweb.dev\/l\/svm-temp\/wp-content\/uploads\/2022\/04\/boka-tid-p-vrdcentralen-i-andalusien.png","type":"image\/png"}],"author":"Redaktionen SvM","twitter_card":"summary_large_image","twitter_creator":"@SvenskaMagasine","twitter_site":"@SvenskaMagasine","schema":{"@context":"https:\/\/schema.org","@graph":[{"@type":"Article","@id":"https:\/\/lightweb.dev\/l\/svm-temp\/artiklar\/boka-tid-pa-vardcentralen-i-andalusien\/#article","isPartOf":{"@id":"https:\/\/lightweb.dev\/l\/svm-temp\/artiklar\/boka-tid-pa-vardcentralen-i-andalusien\/"},"author":{"name":"Redaktionen SvM","@id":"https:\/\/lightweb.dev\/l\/svm-temp\/#\/schema\/person\/206a3bda5b607b0c25e1749191e4d837"},"headline":"BOKA TID P\u00c5 V\u00c5RDCENTRALEN I ANDALUSIEN","datePublished":"2008-11-03T23:00:00+00:00","mainEntityOfPage":{"@id":"https:\/\/lightweb.dev\/l\/svm-temp\/artiklar\/boka-tid-pa-vardcentralen-i-andalusien\/"},"wordCount":755,"commentCount":0,"publisher":{"@id":"https:\/\/lightweb.dev\/l\/svm-temp\/#organization"},"image":{"@id":"https:\/\/lightweb.dev\/l\/svm-temp\/artiklar\/boka-tid-pa-vardcentralen-i-andalusien\/#primaryimage"},"thumbnailUrl":"https:\/\/lightweb.dev\/l\/svm-temp\/wp-content\/uploads\/2022\/04\/boka-tid-p-vrdcentralen-i-andalusien.png","articleSection":["Arkiv","Artiklar"],"inLanguage":"sv-SE"},{"@type":"WebPage","@id":"https:\/\/lightweb.dev\/l\/svm-temp\/artiklar\/boka-tid-pa-vardcentralen-i-andalusien\/","url":"https:\/\/lightweb.dev\/l\/svm-temp\/artiklar\/boka-tid-pa-vardcentralen-i-andalusien\/","name":"BOKA TID P\u00c5 V\u00c5RDCENTRALEN I ANDALUSIEN - Svenska Magasinet","isPartOf":{"@id":"https:\/\/lightweb.dev\/l\/svm-temp\/#website"},"primaryImageOfPage":{"@id":"https:\/\/lightweb.dev\/l\/svm-temp\/artiklar\/boka-tid-pa-vardcentralen-i-andalusien\/#primaryimage"},"image":{"@id":"https:\/\/lightweb.dev\/l\/svm-temp\/artiklar\/boka-tid-pa-vardcentralen-i-andalusien\/#primaryimage"},"thumbnailUrl":"https:\/\/lightweb.dev\/l\/svm-temp\/wp-content\/uploads\/2022\/04\/boka-tid-p-vrdcentralen-i-andalusien.png","datePublished":"2008-11-03T23:00:00+00:00","breadcrumb":{"@id":"https:\/\/lightweb.dev\/l\/svm-temp\/artiklar\/boka-tid-pa-vardcentralen-i-andalusien\/#breadcrumb"},"inLanguage":"sv-SE","potentialAction":[{"@type":"ReadAction","target":["https:\/\/lightweb.dev\/l\/svm-temp\/artiklar\/boka-tid-pa-vardcentralen-i-andalusien\/"]}]},{"@type":"ImageObject","inLanguage":"sv-SE","@id":"https:\/\/lightweb.dev\/l\/svm-temp\/artiklar\/boka-tid-pa-vardcentralen-i-andalusien\/#primaryimage","url":"https:\/\/lightweb.dev\/l\/svm-temp\/wp-content\/uploads\/2022\/04\/boka-tid-p-vrdcentralen-i-andalusien.png","contentUrl":"https:\/\/lightweb.dev\/l\/svm-temp\/wp-content\/uploads\/2022\/04\/boka-tid-p-vrdcentralen-i-andalusien.png","width":283,"height":200},{"@type":"BreadcrumbList","@id":"https:\/\/lightweb.dev\/l\/svm-temp\/artiklar\/boka-tid-pa-vardcentralen-i-andalusien\/#breadcrumb","itemListElement":[{"@type":"ListItem","position":1,"name":"Hem","item":"https:\/\/lightweb.dev\/l\/svm-temp\/"},{"@type":"ListItem","position":2,"name":"BOKA TID P\u00c5 V\u00c5RDCENTRALEN I ANDALUSIEN"}]},{"@type":"WebSite","@id":"https:\/\/lightweb.dev\/l\/svm-temp\/#website","url":"https:\/\/lightweb.dev\/l\/svm-temp\/","name":"Svenska Magasinet","description":"Dina Spanska nyheter p&aring; Svenska","publisher":{"@id":"https:\/\/lightweb.dev\/l\/svm-temp\/#organization"},"potentialAction":[{"@type":"SearchAction","target":{"@type":"EntryPoint","urlTemplate":"https:\/\/lightweb.dev\/l\/svm-temp\/?s={search_term_string}"},"query-input":{"@type":"PropertyValueSpecification","valueRequired":true,"valueName":"search_term_string"}}],"inLanguage":"sv-SE"},{"@type":"Organization","@id":"https:\/\/lightweb.dev\/l\/svm-temp\/#organization","name":"Melkerson y Nott SL","alternateName":"Svenska Magasinet","url":"https:\/\/lightweb.dev\/l\/svm-temp\/","logo":{"@type":"ImageObject","inLanguage":"sv-SE","@id":"https:\/\/lightweb.dev\/l\/svm-temp\/#\/schema\/logo\/image\/","url":"https:\/\/lightweb.dev\/l\/svm-temp\/wp-content\/uploads\/2025\/02\/SvM-logo-Xtra-Centrerad-SVART.png","contentUrl":"https:\/\/lightweb.dev\/l\/svm-temp\/wp-content\/uploads\/2025\/02\/SvM-logo-Xtra-Centrerad-SVART.png","width":300,"height":99,"caption":"Melkerson y Nott SL"},"image":{"@id":"https:\/\/lightweb.dev\/l\/svm-temp\/#\/schema\/logo\/image\/"},"sameAs":["https:\/\/www.facebook.com\/svenskamagasinet","https:\/\/x.com\/SvenskaMagasine"]},{"@type":"Person","@id":"https:\/\/lightweb.dev\/l\/svm-temp\/#\/schema\/person\/206a3bda5b607b0c25e1749191e4d837","name":"Redaktionen SvM","description":"Redaktionen","sameAs":["https:\/\/lightweb.dev\/l\/svm-temp"],"url":"https:\/\/lightweb.dev\/l\/svm-temp\/reporter\/redaktionen\/"}]}},"_links":{"self":[{"href":"https:\/\/lightweb.dev\/l\/svm-temp\/wp-json\/wp\/v2\/posts\/2531","targetHints":{"allow":["GET"]}}],"collection":[{"href":"https:\/\/lightweb.dev\/l\/svm-temp\/wp-json\/wp\/v2\/posts"}],"about":[{"href":"https:\/\/lightweb.dev\/l\/svm-temp\/wp-json\/wp\/v2\/types\/post"}],"author":[{"embeddable":true,"href":"https:\/\/lightweb.dev\/l\/svm-temp\/wp-json\/wp\/v2\/users\/8"}],"replies":[{"embeddable":true,"href":"https:\/\/lightweb.dev\/l\/svm-temp\/wp-json\/wp\/v2\/comments?post=2531"}],"version-history":[{"count":0,"href":"https:\/\/lightweb.dev\/l\/svm-temp\/wp-json\/wp\/v2\/posts\/2531\/revisions"}],"wp:featuredmedia":[{"embeddable":true,"href":"https:\/\/lightweb.dev\/l\/svm-temp\/wp-json\/wp\/v2\/media\/2532"}],"wp:attachment":[{"href":"https:\/\/lightweb.dev\/l\/svm-temp\/wp-json\/wp\/v2\/media?parent=2531"}],"wp:term":[{"taxonomy":"category","embeddable":true,"href":"https:\/\/lightweb.dev\/l\/svm-temp\/wp-json\/wp\/v2\/categories?post=2531"},{"taxonomy":"post_tag","embeddable":true,"href":"https:\/\/lightweb.dev\/l\/svm-temp\/wp-json\/wp\/v2\/tags?post=2531"}],"curies":[{"name":"wp","href":"https:\/\/api.w.org\/{rel}","templated":true}]}}