{"id":2543,"date":"2008-11-03T00:00:00","date_gmt":"2008-11-02T23:00:00","guid":{"rendered":"https:\/\/lightweb.dev\/l\/svm-temp\/designskola-vid-kris-letar-foretagen-efter-valutbildad-personal\/"},"modified":"2008-11-03T00:00:00","modified_gmt":"2008-11-02T23:00:00","slug":"designskola-vid-kris-letar-foretagen-efter-valutbildad-personal","status":"publish","type":"post","link":"https:\/\/lightweb.dev\/l\/svm-temp\/artiklar\/designskola-vid-kris-letar-foretagen-efter-valutbildad-personal\/","title":{"rendered":"Designskola: &#8221;Vid kris letar f\u00f6retagen efter v\u00e4lutbildad personal\u201d"},"content":{"rendered":"<p> IDAM \u00e4r en ny\u00f6ppnad designskola i M\u00e1laga. Den 5 januari b\u00f6rjar de nya designutbildningarna inom grafisk design, interi\u00f6r och mode. -Det s\u00e4gs att det \u00e4r ekonomisk kris i v\u00e4rlden. Under tider av kris letar f\u00f6retagen efter duktig personal som \u00e4r v\u00e4lutbildade. S\u00e5 en p\u00e5byggd utbildning ligger r\u00e4tt i tiden, s\u00e4ger Manuel Espinoza som \u00e4r direkt\u00f6r f\u00f6r designskolan.<br \/>\nDesignskolan IDAM ligger n\u00e4stan granne med M\u00e1lagas katedral. Manuel \u00e4r f\u00f6dd i Chile, uppvuxen i Schweiz och ser sig mer som schweizare \u00e4n chilenare.<br \/>\n-Vi kommer med ett nytt koncept inom design och studenterna \u00e4r v\u00e4ldigt intresserade av v\u00e5ra utbildningar. V\u00e5r filosofi \u00e4r ocks\u00e5 att marknadsf\u00f6ra oss p\u00e5 olika platser, \u00e4ven p\u00e5 facebook, ber\u00e4ttar Manuel Espinoza.<\/p>\n<p>Undervisningen som sker under dagtid fr\u00e5n 9 till 15 \u00e4r p\u00e5 engelska och l\u00e4rarna kommer fr\u00e5n hela v\u00e4rlden.<br \/>\n-Undervisningen \u00e4r ocks\u00e5 organiserad p\u00e5 s\u00e5 s\u00e4tt att de olika grupperna m\u00f6ts regelbundet och l\u00e4r av varandra. Det finns basprogram som kan byggas p\u00e5 med m\u00e5nga andra kurser, ber\u00e4ttar Manuel Espinoza som ocks\u00e5 betonar att eleverna f\u00e5r en inblick i det spanska livet som kokar i M\u00e1laga.<br \/>\n-L\u00e4gg till tre timmars spanskundervisning p\u00e5 fredagar, det ing\u00e5r i kursutbudet.<\/p>\n<p>Det finns \u00e4ven kortare kurser som exempelvis fotodesign p\u00e5 fem veckor. Du kan \u00e4ven kombinera med filmtema och teater. Det kommer direkt\u00f6rer fr\u00e5n filmbolag och teatrar till skolan och f\u00f6rel\u00e4ser.<br \/>\n-En designskola f\u00e5r aldrig st\u00e5 stilla i utvecklingen, det ska vara nya vinklingar och aktiviteter varje dag som inspirerar eleverna.<\/p>\n<p>Designskolan IDAM \u00e4r en ackrediterad skola vilket betyder att du som elev \u00e4r ber\u00e4ttigad bidrag som om du skulle studera vid ett universitet.<br \/>\n-Vi hj\u00e4lper eleverna p\u00e5 alla s\u00e4tt \u00e4ven n\u00e4r det g\u00e4ller att hitta studentbostad, s\u00e4ger Manuel Espinoza till sist. <\/p>\n","protected":false},"excerpt":{"rendered":"<p>IDAM \u00e4r en ny\u00f6ppnad designskola i M\u00e1laga. Den 5 januari b\u00f6rjar de nya designutbildningarna inom grafisk design, interi\u00f6r och mode. -Det s\u00e4gs att det \u00e4r ekonomisk kris i v\u00e4rlden. Under tider av kris letar f\u00f6retagen efter duktig personal som \u00e4r v\u00e4lutbildade. S\u00e5 en p\u00e5byggd utbildning ligger r\u00e4tt i tiden, s\u00e4ger Manuel Espinoza som \u00e4r direkt\u00f6r [&hellip;]<\/p>\n","protected":false},"author":8,"featured_media":2544,"comment_status":"open","ping_status":"open","sticky":false,"template":"","format":"standard","meta":{"_et_pb_use_builder":"","_et_pb_old_content":"","_et_gb_content_width":"","footnotes":""},"categories":[396,4],"tags":[],"class_list":["post-2543","post","type-post","status-publish","format-standard","has-post-thumbnail","hentry","category-arkiv-artiklar","category-artiklar"],"yoast_head":"<!-- This site is optimized with the Yoast SEO Premium plugin v26.2 (Yoast SEO v27.4) - https:\/\/yoast.com\/product\/yoast-seo-premium-wordpress\/ -->\n<title>Designskola: &quot;Vid kris letar f\u00f6retagen efter v\u00e4lutbildad personal\u201d - Svenska Magasinet<\/title>\n<meta name=\"robots\" content=\"noindex, follow, max-snippet:-1, max-image-preview:large, max-video-preview:-1\" \/>\n<meta property=\"og:locale\" content=\"sv_SE\" \/>\n<meta property=\"og:type\" content=\"article\" \/>\n<meta property=\"og:title\" content=\"Designskola: &quot;Vid kris letar f\u00f6retagen efter v\u00e4lutbildad personal\u201d\" \/>\n<meta property=\"og:description\" content=\"IDAM \u00e4r en ny\u00f6ppnad designskola i M\u00e1laga. Den 5 januari b\u00f6rjar de nya designutbildningarna inom grafisk design, interi\u00f6r och mode. -Det s\u00e4gs att det \u00e4r ekonomisk kris i v\u00e4rlden. Under tider av kris letar f\u00f6retagen efter duktig personal som \u00e4r v\u00e4lutbildade. S\u00e5 en p\u00e5byggd utbildning ligger r\u00e4tt i tiden, s\u00e4ger Manuel Espinoza som \u00e4r direkt\u00f6r [&hellip;]\" \/>\n<meta property=\"og:url\" content=\"https:\/\/lightweb.dev\/l\/svm-temp\/artiklar\/designskola-vid-kris-letar-foretagen-efter-valutbildad-personal\/\" \/>\n<meta property=\"og:site_name\" content=\"Svenska Magasinet\" \/>\n<meta property=\"article:publisher\" content=\"https:\/\/www.facebook.com\/svenskamagasinet\" \/>\n<meta property=\"article:published_time\" content=\"2008-11-02T23:00:00+00:00\" \/>\n<meta property=\"og:image\" content=\"https:\/\/lightweb.dev\/l\/svm-temp\/wp-content\/uploads\/2022\/04\/designskola-vid-kris-letar-fretagen-efter-vlutbildad-personal.png\" \/>\n\t<meta property=\"og:image:width\" content=\"299\" \/>\n\t<meta property=\"og:image:height\" content=\"200\" \/>\n\t<meta property=\"og:image:type\" content=\"image\/png\" \/>\n<meta name=\"author\" content=\"Redaktionen SvM\" \/>\n<meta name=\"twitter:card\" content=\"summary_large_image\" \/>\n<meta name=\"twitter:creator\" content=\"@SvenskaMagasine\" \/>\n<meta name=\"twitter:site\" content=\"@SvenskaMagasine\" \/>\n<script type=\"application\/ld+json\" class=\"yoast-schema-graph\">{\"@context\":\"https:\\\/\\\/schema.org\",\"@graph\":[{\"@type\":\"Article\",\"@id\":\"https:\\\/\\\/lightweb.dev\\\/l\\\/svm-temp\\\/artiklar\\\/designskola-vid-kris-letar-foretagen-efter-valutbildad-personal\\\/#article\",\"isPartOf\":{\"@id\":\"https:\\\/\\\/lightweb.dev\\\/l\\\/svm-temp\\\/artiklar\\\/designskola-vid-kris-letar-foretagen-efter-valutbildad-personal\\\/\"},\"author\":{\"name\":\"Redaktionen SvM\",\"@id\":\"https:\\\/\\\/lightweb.dev\\\/l\\\/svm-temp\\\/#\\\/schema\\\/person\\\/206a3bda5b607b0c25e1749191e4d837\"},\"headline\":\"Designskola: &#8221;Vid kris letar f\u00f6retagen efter v\u00e4lutbildad personal\u201d\",\"datePublished\":\"2008-11-02T23:00:00+00:00\",\"mainEntityOfPage\":{\"@id\":\"https:\\\/\\\/lightweb.dev\\\/l\\\/svm-temp\\\/artiklar\\\/designskola-vid-kris-letar-foretagen-efter-valutbildad-personal\\\/\"},\"wordCount\":332,\"commentCount\":0,\"publisher\":{\"@id\":\"https:\\\/\\\/lightweb.dev\\\/l\\\/svm-temp\\\/#organization\"},\"image\":{\"@id\":\"https:\\\/\\\/lightweb.dev\\\/l\\\/svm-temp\\\/artiklar\\\/designskola-vid-kris-letar-foretagen-efter-valutbildad-personal\\\/#primaryimage\"},\"thumbnailUrl\":\"https:\\\/\\\/lightweb.dev\\\/l\\\/svm-temp\\\/wp-content\\\/uploads\\\/2022\\\/04\\\/designskola-vid-kris-letar-fretagen-efter-vlutbildad-personal.png\",\"articleSection\":[\"Arkiv\",\"Artiklar\"],\"inLanguage\":\"sv-SE\"},{\"@type\":\"WebPage\",\"@id\":\"https:\\\/\\\/lightweb.dev\\\/l\\\/svm-temp\\\/artiklar\\\/designskola-vid-kris-letar-foretagen-efter-valutbildad-personal\\\/\",\"url\":\"https:\\\/\\\/lightweb.dev\\\/l\\\/svm-temp\\\/artiklar\\\/designskola-vid-kris-letar-foretagen-efter-valutbildad-personal\\\/\",\"name\":\"Designskola: \\\"Vid kris letar f\u00f6retagen efter v\u00e4lutbildad personal\u201d - Svenska Magasinet\",\"isPartOf\":{\"@id\":\"https:\\\/\\\/lightweb.dev\\\/l\\\/svm-temp\\\/#website\"},\"primaryImageOfPage\":{\"@id\":\"https:\\\/\\\/lightweb.dev\\\/l\\\/svm-temp\\\/artiklar\\\/designskola-vid-kris-letar-foretagen-efter-valutbildad-personal\\\/#primaryimage\"},\"image\":{\"@id\":\"https:\\\/\\\/lightweb.dev\\\/l\\\/svm-temp\\\/artiklar\\\/designskola-vid-kris-letar-foretagen-efter-valutbildad-personal\\\/#primaryimage\"},\"thumbnailUrl\":\"https:\\\/\\\/lightweb.dev\\\/l\\\/svm-temp\\\/wp-content\\\/uploads\\\/2022\\\/04\\\/designskola-vid-kris-letar-fretagen-efter-vlutbildad-personal.png\",\"datePublished\":\"2008-11-02T23:00:00+00:00\",\"breadcrumb\":{\"@id\":\"https:\\\/\\\/lightweb.dev\\\/l\\\/svm-temp\\\/artiklar\\\/designskola-vid-kris-letar-foretagen-efter-valutbildad-personal\\\/#breadcrumb\"},\"inLanguage\":\"sv-SE\",\"potentialAction\":[{\"@type\":\"ReadAction\",\"target\":[\"https:\\\/\\\/lightweb.dev\\\/l\\\/svm-temp\\\/artiklar\\\/designskola-vid-kris-letar-foretagen-efter-valutbildad-personal\\\/\"]}]},{\"@type\":\"ImageObject\",\"inLanguage\":\"sv-SE\",\"@id\":\"https:\\\/\\\/lightweb.dev\\\/l\\\/svm-temp\\\/artiklar\\\/designskola-vid-kris-letar-foretagen-efter-valutbildad-personal\\\/#primaryimage\",\"url\":\"https:\\\/\\\/lightweb.dev\\\/l\\\/svm-temp\\\/wp-content\\\/uploads\\\/2022\\\/04\\\/designskola-vid-kris-letar-fretagen-efter-vlutbildad-personal.png\",\"contentUrl\":\"https:\\\/\\\/lightweb.dev\\\/l\\\/svm-temp\\\/wp-content\\\/uploads\\\/2022\\\/04\\\/designskola-vid-kris-letar-fretagen-efter-vlutbildad-personal.png\",\"width\":299,\"height\":200},{\"@type\":\"BreadcrumbList\",\"@id\":\"https:\\\/\\\/lightweb.dev\\\/l\\\/svm-temp\\\/artiklar\\\/designskola-vid-kris-letar-foretagen-efter-valutbildad-personal\\\/#breadcrumb\",\"itemListElement\":[{\"@type\":\"ListItem\",\"position\":1,\"name\":\"Hem\",\"item\":\"https:\\\/\\\/lightweb.dev\\\/l\\\/svm-temp\\\/\"},{\"@type\":\"ListItem\",\"position\":2,\"name\":\"Designskola: &#8221;Vid kris letar f\u00f6retagen efter v\u00e4lutbildad personal\u201d\"}]},{\"@type\":\"WebSite\",\"@id\":\"https:\\\/\\\/lightweb.dev\\\/l\\\/svm-temp\\\/#website\",\"url\":\"https:\\\/\\\/lightweb.dev\\\/l\\\/svm-temp\\\/\",\"name\":\"Svenska Magasinet\",\"description\":\"Dina Spanska nyheter p&aring; Svenska\",\"publisher\":{\"@id\":\"https:\\\/\\\/lightweb.dev\\\/l\\\/svm-temp\\\/#organization\"},\"potentialAction\":[{\"@type\":\"SearchAction\",\"target\":{\"@type\":\"EntryPoint\",\"urlTemplate\":\"https:\\\/\\\/lightweb.dev\\\/l\\\/svm-temp\\\/?s={search_term_string}\"},\"query-input\":{\"@type\":\"PropertyValueSpecification\",\"valueRequired\":true,\"valueName\":\"search_term_string\"}}],\"inLanguage\":\"sv-SE\"},{\"@type\":\"Organization\",\"@id\":\"https:\\\/\\\/lightweb.dev\\\/l\\\/svm-temp\\\/#organization\",\"name\":\"Melkerson y Nott SL\",\"alternateName\":\"Svenska Magasinet\",\"url\":\"https:\\\/\\\/lightweb.dev\\\/l\\\/svm-temp\\\/\",\"logo\":{\"@type\":\"ImageObject\",\"inLanguage\":\"sv-SE\",\"@id\":\"https:\\\/\\\/lightweb.dev\\\/l\\\/svm-temp\\\/#\\\/schema\\\/logo\\\/image\\\/\",\"url\":\"https:\\\/\\\/lightweb.dev\\\/l\\\/svm-temp\\\/wp-content\\\/uploads\\\/2025\\\/02\\\/SvM-logo-Xtra-Centrerad-SVART.png\",\"contentUrl\":\"https:\\\/\\\/lightweb.dev\\\/l\\\/svm-temp\\\/wp-content\\\/uploads\\\/2025\\\/02\\\/SvM-logo-Xtra-Centrerad-SVART.png\",\"width\":300,\"height\":99,\"caption\":\"Melkerson y Nott SL\"},\"image\":{\"@id\":\"https:\\\/\\\/lightweb.dev\\\/l\\\/svm-temp\\\/#\\\/schema\\\/logo\\\/image\\\/\"},\"sameAs\":[\"https:\\\/\\\/www.facebook.com\\\/svenskamagasinet\",\"https:\\\/\\\/x.com\\\/SvenskaMagasine\"]},{\"@type\":\"Person\",\"@id\":\"https:\\\/\\\/lightweb.dev\\\/l\\\/svm-temp\\\/#\\\/schema\\\/person\\\/206a3bda5b607b0c25e1749191e4d837\",\"name\":\"Redaktionen SvM\",\"description\":\"Redaktionen\",\"sameAs\":[\"https:\\\/\\\/lightweb.dev\\\/l\\\/svm-temp\"],\"url\":\"https:\\\/\\\/lightweb.dev\\\/l\\\/svm-temp\\\/reporter\\\/redaktionen\\\/\"}]}<\/script>\n<!-- \/ Yoast SEO Premium plugin. -->","yoast_head_json":{"title":"Designskola: \"Vid kris letar f\u00f6retagen efter v\u00e4lutbildad personal\u201d - Svenska Magasinet","robots":{"index":"noindex","follow":"follow","max-snippet":"max-snippet:-1","max-image-preview":"max-image-preview:large","max-video-preview":"max-video-preview:-1"},"og_locale":"sv_SE","og_type":"article","og_title":"Designskola: \"Vid kris letar f\u00f6retagen efter v\u00e4lutbildad personal\u201d","og_description":"IDAM \u00e4r en ny\u00f6ppnad designskola i M\u00e1laga. Den 5 januari b\u00f6rjar de nya designutbildningarna inom grafisk design, interi\u00f6r och mode. -Det s\u00e4gs att det \u00e4r ekonomisk kris i v\u00e4rlden. Under tider av kris letar f\u00f6retagen efter duktig personal som \u00e4r v\u00e4lutbildade. S\u00e5 en p\u00e5byggd utbildning ligger r\u00e4tt i tiden, s\u00e4ger Manuel Espinoza som \u00e4r direkt\u00f6r [&hellip;]","og_url":"https:\/\/lightweb.dev\/l\/svm-temp\/artiklar\/designskola-vid-kris-letar-foretagen-efter-valutbildad-personal\/","og_site_name":"Svenska Magasinet","article_publisher":"https:\/\/www.facebook.com\/svenskamagasinet","article_published_time":"2008-11-02T23:00:00+00:00","og_image":[{"width":299,"height":200,"url":"https:\/\/lightweb.dev\/l\/svm-temp\/wp-content\/uploads\/2022\/04\/designskola-vid-kris-letar-fretagen-efter-vlutbildad-personal.png","type":"image\/png"}],"author":"Redaktionen SvM","twitter_card":"summary_large_image","twitter_creator":"@SvenskaMagasine","twitter_site":"@SvenskaMagasine","schema":{"@context":"https:\/\/schema.org","@graph":[{"@type":"Article","@id":"https:\/\/lightweb.dev\/l\/svm-temp\/artiklar\/designskola-vid-kris-letar-foretagen-efter-valutbildad-personal\/#article","isPartOf":{"@id":"https:\/\/lightweb.dev\/l\/svm-temp\/artiklar\/designskola-vid-kris-letar-foretagen-efter-valutbildad-personal\/"},"author":{"name":"Redaktionen SvM","@id":"https:\/\/lightweb.dev\/l\/svm-temp\/#\/schema\/person\/206a3bda5b607b0c25e1749191e4d837"},"headline":"Designskola: &#8221;Vid kris letar f\u00f6retagen efter v\u00e4lutbildad personal\u201d","datePublished":"2008-11-02T23:00:00+00:00","mainEntityOfPage":{"@id":"https:\/\/lightweb.dev\/l\/svm-temp\/artiklar\/designskola-vid-kris-letar-foretagen-efter-valutbildad-personal\/"},"wordCount":332,"commentCount":0,"publisher":{"@id":"https:\/\/lightweb.dev\/l\/svm-temp\/#organization"},"image":{"@id":"https:\/\/lightweb.dev\/l\/svm-temp\/artiklar\/designskola-vid-kris-letar-foretagen-efter-valutbildad-personal\/#primaryimage"},"thumbnailUrl":"https:\/\/lightweb.dev\/l\/svm-temp\/wp-content\/uploads\/2022\/04\/designskola-vid-kris-letar-fretagen-efter-vlutbildad-personal.png","articleSection":["Arkiv","Artiklar"],"inLanguage":"sv-SE"},{"@type":"WebPage","@id":"https:\/\/lightweb.dev\/l\/svm-temp\/artiklar\/designskola-vid-kris-letar-foretagen-efter-valutbildad-personal\/","url":"https:\/\/lightweb.dev\/l\/svm-temp\/artiklar\/designskola-vid-kris-letar-foretagen-efter-valutbildad-personal\/","name":"Designskola: \"Vid kris letar f\u00f6retagen efter v\u00e4lutbildad personal\u201d - Svenska Magasinet","isPartOf":{"@id":"https:\/\/lightweb.dev\/l\/svm-temp\/#website"},"primaryImageOfPage":{"@id":"https:\/\/lightweb.dev\/l\/svm-temp\/artiklar\/designskola-vid-kris-letar-foretagen-efter-valutbildad-personal\/#primaryimage"},"image":{"@id":"https:\/\/lightweb.dev\/l\/svm-temp\/artiklar\/designskola-vid-kris-letar-foretagen-efter-valutbildad-personal\/#primaryimage"},"thumbnailUrl":"https:\/\/lightweb.dev\/l\/svm-temp\/wp-content\/uploads\/2022\/04\/designskola-vid-kris-letar-fretagen-efter-vlutbildad-personal.png","datePublished":"2008-11-02T23:00:00+00:00","breadcrumb":{"@id":"https:\/\/lightweb.dev\/l\/svm-temp\/artiklar\/designskola-vid-kris-letar-foretagen-efter-valutbildad-personal\/#breadcrumb"},"inLanguage":"sv-SE","potentialAction":[{"@type":"ReadAction","target":["https:\/\/lightweb.dev\/l\/svm-temp\/artiklar\/designskola-vid-kris-letar-foretagen-efter-valutbildad-personal\/"]}]},{"@type":"ImageObject","inLanguage":"sv-SE","@id":"https:\/\/lightweb.dev\/l\/svm-temp\/artiklar\/designskola-vid-kris-letar-foretagen-efter-valutbildad-personal\/#primaryimage","url":"https:\/\/lightweb.dev\/l\/svm-temp\/wp-content\/uploads\/2022\/04\/designskola-vid-kris-letar-fretagen-efter-vlutbildad-personal.png","contentUrl":"https:\/\/lightweb.dev\/l\/svm-temp\/wp-content\/uploads\/2022\/04\/designskola-vid-kris-letar-fretagen-efter-vlutbildad-personal.png","width":299,"height":200},{"@type":"BreadcrumbList","@id":"https:\/\/lightweb.dev\/l\/svm-temp\/artiklar\/designskola-vid-kris-letar-foretagen-efter-valutbildad-personal\/#breadcrumb","itemListElement":[{"@type":"ListItem","position":1,"name":"Hem","item":"https:\/\/lightweb.dev\/l\/svm-temp\/"},{"@type":"ListItem","position":2,"name":"Designskola: &#8221;Vid kris letar f\u00f6retagen efter v\u00e4lutbildad personal\u201d"}]},{"@type":"WebSite","@id":"https:\/\/lightweb.dev\/l\/svm-temp\/#website","url":"https:\/\/lightweb.dev\/l\/svm-temp\/","name":"Svenska Magasinet","description":"Dina Spanska nyheter p&aring; Svenska","publisher":{"@id":"https:\/\/lightweb.dev\/l\/svm-temp\/#organization"},"potentialAction":[{"@type":"SearchAction","target":{"@type":"EntryPoint","urlTemplate":"https:\/\/lightweb.dev\/l\/svm-temp\/?s={search_term_string}"},"query-input":{"@type":"PropertyValueSpecification","valueRequired":true,"valueName":"search_term_string"}}],"inLanguage":"sv-SE"},{"@type":"Organization","@id":"https:\/\/lightweb.dev\/l\/svm-temp\/#organization","name":"Melkerson y Nott SL","alternateName":"Svenska Magasinet","url":"https:\/\/lightweb.dev\/l\/svm-temp\/","logo":{"@type":"ImageObject","inLanguage":"sv-SE","@id":"https:\/\/lightweb.dev\/l\/svm-temp\/#\/schema\/logo\/image\/","url":"https:\/\/lightweb.dev\/l\/svm-temp\/wp-content\/uploads\/2025\/02\/SvM-logo-Xtra-Centrerad-SVART.png","contentUrl":"https:\/\/lightweb.dev\/l\/svm-temp\/wp-content\/uploads\/2025\/02\/SvM-logo-Xtra-Centrerad-SVART.png","width":300,"height":99,"caption":"Melkerson y Nott SL"},"image":{"@id":"https:\/\/lightweb.dev\/l\/svm-temp\/#\/schema\/logo\/image\/"},"sameAs":["https:\/\/www.facebook.com\/svenskamagasinet","https:\/\/x.com\/SvenskaMagasine"]},{"@type":"Person","@id":"https:\/\/lightweb.dev\/l\/svm-temp\/#\/schema\/person\/206a3bda5b607b0c25e1749191e4d837","name":"Redaktionen SvM","description":"Redaktionen","sameAs":["https:\/\/lightweb.dev\/l\/svm-temp"],"url":"https:\/\/lightweb.dev\/l\/svm-temp\/reporter\/redaktionen\/"}]}},"_links":{"self":[{"href":"https:\/\/lightweb.dev\/l\/svm-temp\/wp-json\/wp\/v2\/posts\/2543","targetHints":{"allow":["GET"]}}],"collection":[{"href":"https:\/\/lightweb.dev\/l\/svm-temp\/wp-json\/wp\/v2\/posts"}],"about":[{"href":"https:\/\/lightweb.dev\/l\/svm-temp\/wp-json\/wp\/v2\/types\/post"}],"author":[{"embeddable":true,"href":"https:\/\/lightweb.dev\/l\/svm-temp\/wp-json\/wp\/v2\/users\/8"}],"replies":[{"embeddable":true,"href":"https:\/\/lightweb.dev\/l\/svm-temp\/wp-json\/wp\/v2\/comments?post=2543"}],"version-history":[{"count":0,"href":"https:\/\/lightweb.dev\/l\/svm-temp\/wp-json\/wp\/v2\/posts\/2543\/revisions"}],"wp:featuredmedia":[{"embeddable":true,"href":"https:\/\/lightweb.dev\/l\/svm-temp\/wp-json\/wp\/v2\/media\/2544"}],"wp:attachment":[{"href":"https:\/\/lightweb.dev\/l\/svm-temp\/wp-json\/wp\/v2\/media?parent=2543"}],"wp:term":[{"taxonomy":"category","embeddable":true,"href":"https:\/\/lightweb.dev\/l\/svm-temp\/wp-json\/wp\/v2\/categories?post=2543"},{"taxonomy":"post_tag","embeddable":true,"href":"https:\/\/lightweb.dev\/l\/svm-temp\/wp-json\/wp\/v2\/tags?post=2543"}],"curies":[{"name":"wp","href":"https:\/\/api.w.org\/{rel}","templated":true}]}}