{"id":2549,"date":"2008-10-28T00:00:00","date_gmt":"2008-10-27T23:00:00","guid":{"rendered":"https:\/\/lightweb.dev\/l\/svm-temp\/malaga-gar-som-taget-i-fotbollens-finrum-efter-derbysegern-over-sevilla\/"},"modified":"2008-10-28T00:00:00","modified_gmt":"2008-10-27T23:00:00","slug":"malaga-gar-som-taget-i-fotbollens-finrum-efter-derbysegern-over-sevilla","status":"publish","type":"post","link":"https:\/\/lightweb.dev\/l\/svm-temp\/artiklar\/malaga-gar-som-taget-i-fotbollens-finrum-efter-derbysegern-over-sevilla\/","title":{"rendered":"M\u00e1laga g\u00e5r som t\u00e5get i fotbollens finrum efter derbysegern \u00f6ver Sevilla"},"content":{"rendered":"<p> Inte var det m\u00e5nga som f\u00f6r n\u00e5gra veckor sedan trodde att M\u00e1laga skulle kunna vinna mot Sevilla p\u00e5 bortaplan och ligga p\u00e5 UEFA-cup-plats i den spanska h\u00f6gstaligan. Men efter s\u00f6ndagens 1-0 vinst p\u00e5 Estadio Ramon Sanchez Pizjuan i Sevilla \u00e4r detta ett faktum.  Av Marcus Johansson<\/p>\n<p>Ingen fotbollsintresserad har v\u00e4l efter tv\u00e5 \u00e5rs harvande i andraligan missat de bl\u00e5vitas \u00e5terkomst till den spanska h\u00f6gstadivisionen. Inf\u00f6r s\u00e4songen gjordes i och med klubbens knackiga ekonomi inte de namnkunniga v\u00e4rvningar som man som supporter kanske hade hoppats p\u00e5.<br \/>\nPresident Fernando Sanz har tagit tillbaka tr\u00e4naren fr\u00e5n i b\u00f6rjan av 2000-talet, Antonio Tapia. Dessa tv\u00e5 herrar har v\u00e4rvat och l\u00e5nat ihop m\u00e5nga av de spelare som var med under den senaste sejouren s\u00e5som Duda, Fernando och Miguel Angel.<\/p>\n<p>Med en tveksam f\u00f6rs\u00e4song och med bara en po\u00e4ng p\u00e5 de fyra f\u00f6rsta matcherna i \u00e5terkomsten till la Primera dr\u00f6jde det inte l\u00e4nge innan de kr\u00e4vande M\u00e1lagafansen b\u00f6rjade tvivla p\u00e5 laget. M\u00e5nga var de som tyckte att tr\u00e4naren skulle avg\u00e5 redan efter dessa matcher.<br \/>\nTapia trodde dock p\u00e5 sitt lag och f\u00f6r varje match har spelet sett b\u00e4ttre ut. Fr\u00e5n att varit m\u00e5ll\u00f6sa och p\u00e5 nedflyttningsplats har laget nu tagit fyra raka skalper mot i tur och ordning Valladolid, Huelva, Getafe och Sevilla. Varav framf\u00f6rallt den sista gett eko i Fotbollsspanien.<\/p>\n<p>M\u00e1laga \u00e5kte allts\u00e5 i s\u00f6ndags till provinshuvudstaden f\u00f6r att f\u00f6rs\u00f6ka skaka j\u00e4ttarna Sevilla som vann UEFA-cupen b\u00e5de 2006 samt 2007 och som dessutom inte hade f\u00f6rlorat n\u00e5gon t\u00e4vlingsmatch sedan 16 april. Med r\u00f6dvita spelare som Fabiano, Chevanton och Jesus Navas visste man att det skulle bli ett stentufft derby. Tillsammans med M\u00e1laga \u00e5kte ocks\u00e5 ett n\u00e4rmare tusental supportrar till laget, d\u00e5 det \u00e4r f\u00f6r de flesta Malaguistas \u00e5rets match och deras chans att tysta de stolta Sevillaborna.<\/p>\n<p>Med h\u00e4rlig st\u00e4mning bland de 45.000 p\u00e5 l\u00e4ktaren b\u00f6rjade bortalaget aggressivt och det dr\u00f6jde inte l\u00e4nge innan de tillresta fansen fick jubla. I den 16 minuten spelar den hypersnabbe Eliseu fram Adrian som f\u00e5r fritt l\u00e4ge och g\u00f6r inget misstag.<\/p>\n<p>M\u00e1laga genomf\u00f6r en praktiskt taget full\u00e4ndad taktisk insats och n\u00e4r Adriano blir utvisad f\u00f6r hemmalaget i 66 minuten b\u00f6rjar man inse att skr\u00e4llen kunde bli ett faktum.<\/p>\n<p>Slutresultatet kunde blivet st\u00f6rre, bortalaget br\u00e4nde ett par riktigt klara chanser p\u00e5 slutet. Men det \u00e4r inget som varken laget eller supportrarna t\u00e4nker p\u00e5 n\u00e4r domaren bl\u00e5ste av matchen. 0-1 och de tre po\u00e4ngen med i bagaget hem till M\u00e1laga.<\/p>\n<p>Dock finns det inte mycket tid att suga p\u00e5 karamellen d\u00e5 det i morgon onsdag \u00e4r Copa del Rey mot Mallorca klockan 21 p\u00e5 La Rosaleda och senare p\u00e5 l\u00f6rdag stormatch mot Barcelona ocks\u00e5 hemma p\u00e5 La Rosaleda klockan 20.00. <\/p>\n","protected":false},"excerpt":{"rendered":"<p>Inte var det m\u00e5nga som f\u00f6r n\u00e5gra veckor sedan trodde att M\u00e1laga skulle kunna vinna mot Sevilla p\u00e5 bortaplan och ligga p\u00e5 UEFA-cup-plats i den spanska h\u00f6gstaligan. Men efter s\u00f6ndagens 1-0 vinst p\u00e5 Estadio Ramon Sanchez Pizjuan i Sevilla \u00e4r detta ett faktum. Av Marcus Johansson Ingen fotbollsintresserad har v\u00e4l efter tv\u00e5 \u00e5rs harvande i [&hellip;]<\/p>\n","protected":false},"author":8,"featured_media":2550,"comment_status":"open","ping_status":"open","sticky":false,"template":"","format":"standard","meta":{"_et_pb_use_builder":"","_et_pb_old_content":"","_et_gb_content_width":"","footnotes":""},"categories":[4,400],"tags":[],"class_list":["post-2549","post","type-post","status-publish","format-standard","has-post-thumbnail","hentry","category-artiklar","category-sport-artiklar"],"yoast_head":"<!-- This site is optimized with the Yoast SEO Premium plugin v26.2 (Yoast SEO v27.4) - https:\/\/yoast.com\/product\/yoast-seo-premium-wordpress\/ -->\n<title>M\u00e1laga g\u00e5r som t\u00e5get i fotbollens finrum efter derbysegern \u00f6ver Sevilla - Svenska Magasinet<\/title>\n<meta name=\"robots\" content=\"noindex, follow, max-snippet:-1, max-image-preview:large, max-video-preview:-1\" \/>\n<meta property=\"og:locale\" content=\"sv_SE\" \/>\n<meta property=\"og:type\" content=\"article\" \/>\n<meta property=\"og:title\" content=\"M\u00e1laga g\u00e5r som t\u00e5get i fotbollens finrum efter derbysegern \u00f6ver Sevilla\" \/>\n<meta property=\"og:description\" content=\"Inte var det m\u00e5nga som f\u00f6r n\u00e5gra veckor sedan trodde att M\u00e1laga skulle kunna vinna mot Sevilla p\u00e5 bortaplan och ligga p\u00e5 UEFA-cup-plats i den spanska h\u00f6gstaligan. Men efter s\u00f6ndagens 1-0 vinst p\u00e5 Estadio Ramon Sanchez Pizjuan i Sevilla \u00e4r detta ett faktum. Av Marcus Johansson Ingen fotbollsintresserad har v\u00e4l efter tv\u00e5 \u00e5rs harvande i [&hellip;]\" \/>\n<meta property=\"og:url\" content=\"https:\/\/lightweb.dev\/l\/svm-temp\/artiklar\/malaga-gar-som-taget-i-fotbollens-finrum-efter-derbysegern-over-sevilla\/\" \/>\n<meta property=\"og:site_name\" content=\"Svenska Magasinet\" \/>\n<meta property=\"article:publisher\" content=\"https:\/\/www.facebook.com\/svenskamagasinet\" \/>\n<meta property=\"article:published_time\" content=\"2008-10-27T23:00:00+00:00\" \/>\n<meta property=\"og:image\" content=\"https:\/\/lightweb.dev\/l\/svm-temp\/wp-content\/uploads\/2022\/04\/mlaga-gr-som-tget-i-fotbollens-finrum-efter-derbysegern-ver-sevilla.png\" \/>\n\t<meta property=\"og:image:width\" content=\"280\" \/>\n\t<meta property=\"og:image:height\" content=\"210\" \/>\n\t<meta property=\"og:image:type\" content=\"image\/png\" \/>\n<meta name=\"author\" content=\"Redaktionen SvM\" \/>\n<meta name=\"twitter:card\" content=\"summary_large_image\" \/>\n<meta name=\"twitter:creator\" content=\"@SvenskaMagasine\" \/>\n<meta name=\"twitter:site\" content=\"@SvenskaMagasine\" \/>\n<script type=\"application\/ld+json\" class=\"yoast-schema-graph\">{\"@context\":\"https:\\\/\\\/schema.org\",\"@graph\":[{\"@type\":\"Article\",\"@id\":\"https:\\\/\\\/lightweb.dev\\\/l\\\/svm-temp\\\/artiklar\\\/malaga-gar-som-taget-i-fotbollens-finrum-efter-derbysegern-over-sevilla\\\/#article\",\"isPartOf\":{\"@id\":\"https:\\\/\\\/lightweb.dev\\\/l\\\/svm-temp\\\/artiklar\\\/malaga-gar-som-taget-i-fotbollens-finrum-efter-derbysegern-over-sevilla\\\/\"},\"author\":{\"name\":\"Redaktionen SvM\",\"@id\":\"https:\\\/\\\/lightweb.dev\\\/l\\\/svm-temp\\\/#\\\/schema\\\/person\\\/206a3bda5b607b0c25e1749191e4d837\"},\"headline\":\"M\u00e1laga g\u00e5r som t\u00e5get i fotbollens finrum efter derbysegern \u00f6ver Sevilla\",\"datePublished\":\"2008-10-27T23:00:00+00:00\",\"mainEntityOfPage\":{\"@id\":\"https:\\\/\\\/lightweb.dev\\\/l\\\/svm-temp\\\/artiklar\\\/malaga-gar-som-taget-i-fotbollens-finrum-efter-derbysegern-over-sevilla\\\/\"},\"wordCount\":519,\"commentCount\":0,\"publisher\":{\"@id\":\"https:\\\/\\\/lightweb.dev\\\/l\\\/svm-temp\\\/#organization\"},\"image\":{\"@id\":\"https:\\\/\\\/lightweb.dev\\\/l\\\/svm-temp\\\/artiklar\\\/malaga-gar-som-taget-i-fotbollens-finrum-efter-derbysegern-over-sevilla\\\/#primaryimage\"},\"thumbnailUrl\":\"https:\\\/\\\/lightweb.dev\\\/l\\\/svm-temp\\\/wp-content\\\/uploads\\\/2022\\\/04\\\/mlaga-gr-som-tget-i-fotbollens-finrum-efter-derbysegern-ver-sevilla.png\",\"articleSection\":[\"Artiklar\",\"Sport\"],\"inLanguage\":\"sv-SE\"},{\"@type\":\"WebPage\",\"@id\":\"https:\\\/\\\/lightweb.dev\\\/l\\\/svm-temp\\\/artiklar\\\/malaga-gar-som-taget-i-fotbollens-finrum-efter-derbysegern-over-sevilla\\\/\",\"url\":\"https:\\\/\\\/lightweb.dev\\\/l\\\/svm-temp\\\/artiklar\\\/malaga-gar-som-taget-i-fotbollens-finrum-efter-derbysegern-over-sevilla\\\/\",\"name\":\"M\u00e1laga g\u00e5r som t\u00e5get i fotbollens finrum efter derbysegern \u00f6ver Sevilla - Svenska Magasinet\",\"isPartOf\":{\"@id\":\"https:\\\/\\\/lightweb.dev\\\/l\\\/svm-temp\\\/#website\"},\"primaryImageOfPage\":{\"@id\":\"https:\\\/\\\/lightweb.dev\\\/l\\\/svm-temp\\\/artiklar\\\/malaga-gar-som-taget-i-fotbollens-finrum-efter-derbysegern-over-sevilla\\\/#primaryimage\"},\"image\":{\"@id\":\"https:\\\/\\\/lightweb.dev\\\/l\\\/svm-temp\\\/artiklar\\\/malaga-gar-som-taget-i-fotbollens-finrum-efter-derbysegern-over-sevilla\\\/#primaryimage\"},\"thumbnailUrl\":\"https:\\\/\\\/lightweb.dev\\\/l\\\/svm-temp\\\/wp-content\\\/uploads\\\/2022\\\/04\\\/mlaga-gr-som-tget-i-fotbollens-finrum-efter-derbysegern-ver-sevilla.png\",\"datePublished\":\"2008-10-27T23:00:00+00:00\",\"breadcrumb\":{\"@id\":\"https:\\\/\\\/lightweb.dev\\\/l\\\/svm-temp\\\/artiklar\\\/malaga-gar-som-taget-i-fotbollens-finrum-efter-derbysegern-over-sevilla\\\/#breadcrumb\"},\"inLanguage\":\"sv-SE\",\"potentialAction\":[{\"@type\":\"ReadAction\",\"target\":[\"https:\\\/\\\/lightweb.dev\\\/l\\\/svm-temp\\\/artiklar\\\/malaga-gar-som-taget-i-fotbollens-finrum-efter-derbysegern-over-sevilla\\\/\"]}]},{\"@type\":\"ImageObject\",\"inLanguage\":\"sv-SE\",\"@id\":\"https:\\\/\\\/lightweb.dev\\\/l\\\/svm-temp\\\/artiklar\\\/malaga-gar-som-taget-i-fotbollens-finrum-efter-derbysegern-over-sevilla\\\/#primaryimage\",\"url\":\"https:\\\/\\\/lightweb.dev\\\/l\\\/svm-temp\\\/wp-content\\\/uploads\\\/2022\\\/04\\\/mlaga-gr-som-tget-i-fotbollens-finrum-efter-derbysegern-ver-sevilla.png\",\"contentUrl\":\"https:\\\/\\\/lightweb.dev\\\/l\\\/svm-temp\\\/wp-content\\\/uploads\\\/2022\\\/04\\\/mlaga-gr-som-tget-i-fotbollens-finrum-efter-derbysegern-ver-sevilla.png\",\"width\":280,\"height\":210},{\"@type\":\"BreadcrumbList\",\"@id\":\"https:\\\/\\\/lightweb.dev\\\/l\\\/svm-temp\\\/artiklar\\\/malaga-gar-som-taget-i-fotbollens-finrum-efter-derbysegern-over-sevilla\\\/#breadcrumb\",\"itemListElement\":[{\"@type\":\"ListItem\",\"position\":1,\"name\":\"Hem\",\"item\":\"https:\\\/\\\/lightweb.dev\\\/l\\\/svm-temp\\\/\"},{\"@type\":\"ListItem\",\"position\":2,\"name\":\"M\u00e1laga g\u00e5r som t\u00e5get i fotbollens finrum efter derbysegern \u00f6ver Sevilla\"}]},{\"@type\":\"WebSite\",\"@id\":\"https:\\\/\\\/lightweb.dev\\\/l\\\/svm-temp\\\/#website\",\"url\":\"https:\\\/\\\/lightweb.dev\\\/l\\\/svm-temp\\\/\",\"name\":\"Svenska Magasinet\",\"description\":\"Dina Spanska nyheter p&aring; Svenska\",\"publisher\":{\"@id\":\"https:\\\/\\\/lightweb.dev\\\/l\\\/svm-temp\\\/#organization\"},\"potentialAction\":[{\"@type\":\"SearchAction\",\"target\":{\"@type\":\"EntryPoint\",\"urlTemplate\":\"https:\\\/\\\/lightweb.dev\\\/l\\\/svm-temp\\\/?s={search_term_string}\"},\"query-input\":{\"@type\":\"PropertyValueSpecification\",\"valueRequired\":true,\"valueName\":\"search_term_string\"}}],\"inLanguage\":\"sv-SE\"},{\"@type\":\"Organization\",\"@id\":\"https:\\\/\\\/lightweb.dev\\\/l\\\/svm-temp\\\/#organization\",\"name\":\"Melkerson y Nott SL\",\"alternateName\":\"Svenska Magasinet\",\"url\":\"https:\\\/\\\/lightweb.dev\\\/l\\\/svm-temp\\\/\",\"logo\":{\"@type\":\"ImageObject\",\"inLanguage\":\"sv-SE\",\"@id\":\"https:\\\/\\\/lightweb.dev\\\/l\\\/svm-temp\\\/#\\\/schema\\\/logo\\\/image\\\/\",\"url\":\"https:\\\/\\\/lightweb.dev\\\/l\\\/svm-temp\\\/wp-content\\\/uploads\\\/2025\\\/02\\\/SvM-logo-Xtra-Centrerad-SVART.png\",\"contentUrl\":\"https:\\\/\\\/lightweb.dev\\\/l\\\/svm-temp\\\/wp-content\\\/uploads\\\/2025\\\/02\\\/SvM-logo-Xtra-Centrerad-SVART.png\",\"width\":300,\"height\":99,\"caption\":\"Melkerson y Nott SL\"},\"image\":{\"@id\":\"https:\\\/\\\/lightweb.dev\\\/l\\\/svm-temp\\\/#\\\/schema\\\/logo\\\/image\\\/\"},\"sameAs\":[\"https:\\\/\\\/www.facebook.com\\\/svenskamagasinet\",\"https:\\\/\\\/x.com\\\/SvenskaMagasine\"]},{\"@type\":\"Person\",\"@id\":\"https:\\\/\\\/lightweb.dev\\\/l\\\/svm-temp\\\/#\\\/schema\\\/person\\\/206a3bda5b607b0c25e1749191e4d837\",\"name\":\"Redaktionen SvM\",\"description\":\"Redaktionen\",\"sameAs\":[\"https:\\\/\\\/lightweb.dev\\\/l\\\/svm-temp\"],\"url\":\"https:\\\/\\\/lightweb.dev\\\/l\\\/svm-temp\\\/reporter\\\/redaktionen\\\/\"}]}<\/script>\n<!-- \/ Yoast SEO Premium plugin. -->","yoast_head_json":{"title":"M\u00e1laga g\u00e5r som t\u00e5get i fotbollens finrum efter derbysegern \u00f6ver Sevilla - Svenska Magasinet","robots":{"index":"noindex","follow":"follow","max-snippet":"max-snippet:-1","max-image-preview":"max-image-preview:large","max-video-preview":"max-video-preview:-1"},"og_locale":"sv_SE","og_type":"article","og_title":"M\u00e1laga g\u00e5r som t\u00e5get i fotbollens finrum efter derbysegern \u00f6ver Sevilla","og_description":"Inte var det m\u00e5nga som f\u00f6r n\u00e5gra veckor sedan trodde att M\u00e1laga skulle kunna vinna mot Sevilla p\u00e5 bortaplan och ligga p\u00e5 UEFA-cup-plats i den spanska h\u00f6gstaligan. Men efter s\u00f6ndagens 1-0 vinst p\u00e5 Estadio Ramon Sanchez Pizjuan i Sevilla \u00e4r detta ett faktum. Av Marcus Johansson Ingen fotbollsintresserad har v\u00e4l efter tv\u00e5 \u00e5rs harvande i [&hellip;]","og_url":"https:\/\/lightweb.dev\/l\/svm-temp\/artiklar\/malaga-gar-som-taget-i-fotbollens-finrum-efter-derbysegern-over-sevilla\/","og_site_name":"Svenska Magasinet","article_publisher":"https:\/\/www.facebook.com\/svenskamagasinet","article_published_time":"2008-10-27T23:00:00+00:00","og_image":[{"width":280,"height":210,"url":"https:\/\/lightweb.dev\/l\/svm-temp\/wp-content\/uploads\/2022\/04\/mlaga-gr-som-tget-i-fotbollens-finrum-efter-derbysegern-ver-sevilla.png","type":"image\/png"}],"author":"Redaktionen SvM","twitter_card":"summary_large_image","twitter_creator":"@SvenskaMagasine","twitter_site":"@SvenskaMagasine","schema":{"@context":"https:\/\/schema.org","@graph":[{"@type":"Article","@id":"https:\/\/lightweb.dev\/l\/svm-temp\/artiklar\/malaga-gar-som-taget-i-fotbollens-finrum-efter-derbysegern-over-sevilla\/#article","isPartOf":{"@id":"https:\/\/lightweb.dev\/l\/svm-temp\/artiklar\/malaga-gar-som-taget-i-fotbollens-finrum-efter-derbysegern-over-sevilla\/"},"author":{"name":"Redaktionen SvM","@id":"https:\/\/lightweb.dev\/l\/svm-temp\/#\/schema\/person\/206a3bda5b607b0c25e1749191e4d837"},"headline":"M\u00e1laga g\u00e5r som t\u00e5get i fotbollens finrum efter derbysegern \u00f6ver Sevilla","datePublished":"2008-10-27T23:00:00+00:00","mainEntityOfPage":{"@id":"https:\/\/lightweb.dev\/l\/svm-temp\/artiklar\/malaga-gar-som-taget-i-fotbollens-finrum-efter-derbysegern-over-sevilla\/"},"wordCount":519,"commentCount":0,"publisher":{"@id":"https:\/\/lightweb.dev\/l\/svm-temp\/#organization"},"image":{"@id":"https:\/\/lightweb.dev\/l\/svm-temp\/artiklar\/malaga-gar-som-taget-i-fotbollens-finrum-efter-derbysegern-over-sevilla\/#primaryimage"},"thumbnailUrl":"https:\/\/lightweb.dev\/l\/svm-temp\/wp-content\/uploads\/2022\/04\/mlaga-gr-som-tget-i-fotbollens-finrum-efter-derbysegern-ver-sevilla.png","articleSection":["Artiklar","Sport"],"inLanguage":"sv-SE"},{"@type":"WebPage","@id":"https:\/\/lightweb.dev\/l\/svm-temp\/artiklar\/malaga-gar-som-taget-i-fotbollens-finrum-efter-derbysegern-over-sevilla\/","url":"https:\/\/lightweb.dev\/l\/svm-temp\/artiklar\/malaga-gar-som-taget-i-fotbollens-finrum-efter-derbysegern-over-sevilla\/","name":"M\u00e1laga g\u00e5r som t\u00e5get i fotbollens finrum efter derbysegern \u00f6ver Sevilla - Svenska Magasinet","isPartOf":{"@id":"https:\/\/lightweb.dev\/l\/svm-temp\/#website"},"primaryImageOfPage":{"@id":"https:\/\/lightweb.dev\/l\/svm-temp\/artiklar\/malaga-gar-som-taget-i-fotbollens-finrum-efter-derbysegern-over-sevilla\/#primaryimage"},"image":{"@id":"https:\/\/lightweb.dev\/l\/svm-temp\/artiklar\/malaga-gar-som-taget-i-fotbollens-finrum-efter-derbysegern-over-sevilla\/#primaryimage"},"thumbnailUrl":"https:\/\/lightweb.dev\/l\/svm-temp\/wp-content\/uploads\/2022\/04\/mlaga-gr-som-tget-i-fotbollens-finrum-efter-derbysegern-ver-sevilla.png","datePublished":"2008-10-27T23:00:00+00:00","breadcrumb":{"@id":"https:\/\/lightweb.dev\/l\/svm-temp\/artiklar\/malaga-gar-som-taget-i-fotbollens-finrum-efter-derbysegern-over-sevilla\/#breadcrumb"},"inLanguage":"sv-SE","potentialAction":[{"@type":"ReadAction","target":["https:\/\/lightweb.dev\/l\/svm-temp\/artiklar\/malaga-gar-som-taget-i-fotbollens-finrum-efter-derbysegern-over-sevilla\/"]}]},{"@type":"ImageObject","inLanguage":"sv-SE","@id":"https:\/\/lightweb.dev\/l\/svm-temp\/artiklar\/malaga-gar-som-taget-i-fotbollens-finrum-efter-derbysegern-over-sevilla\/#primaryimage","url":"https:\/\/lightweb.dev\/l\/svm-temp\/wp-content\/uploads\/2022\/04\/mlaga-gr-som-tget-i-fotbollens-finrum-efter-derbysegern-ver-sevilla.png","contentUrl":"https:\/\/lightweb.dev\/l\/svm-temp\/wp-content\/uploads\/2022\/04\/mlaga-gr-som-tget-i-fotbollens-finrum-efter-derbysegern-ver-sevilla.png","width":280,"height":210},{"@type":"BreadcrumbList","@id":"https:\/\/lightweb.dev\/l\/svm-temp\/artiklar\/malaga-gar-som-taget-i-fotbollens-finrum-efter-derbysegern-over-sevilla\/#breadcrumb","itemListElement":[{"@type":"ListItem","position":1,"name":"Hem","item":"https:\/\/lightweb.dev\/l\/svm-temp\/"},{"@type":"ListItem","position":2,"name":"M\u00e1laga g\u00e5r som t\u00e5get i fotbollens finrum efter derbysegern \u00f6ver Sevilla"}]},{"@type":"WebSite","@id":"https:\/\/lightweb.dev\/l\/svm-temp\/#website","url":"https:\/\/lightweb.dev\/l\/svm-temp\/","name":"Svenska Magasinet","description":"Dina Spanska nyheter p&aring; Svenska","publisher":{"@id":"https:\/\/lightweb.dev\/l\/svm-temp\/#organization"},"potentialAction":[{"@type":"SearchAction","target":{"@type":"EntryPoint","urlTemplate":"https:\/\/lightweb.dev\/l\/svm-temp\/?s={search_term_string}"},"query-input":{"@type":"PropertyValueSpecification","valueRequired":true,"valueName":"search_term_string"}}],"inLanguage":"sv-SE"},{"@type":"Organization","@id":"https:\/\/lightweb.dev\/l\/svm-temp\/#organization","name":"Melkerson y Nott SL","alternateName":"Svenska Magasinet","url":"https:\/\/lightweb.dev\/l\/svm-temp\/","logo":{"@type":"ImageObject","inLanguage":"sv-SE","@id":"https:\/\/lightweb.dev\/l\/svm-temp\/#\/schema\/logo\/image\/","url":"https:\/\/lightweb.dev\/l\/svm-temp\/wp-content\/uploads\/2025\/02\/SvM-logo-Xtra-Centrerad-SVART.png","contentUrl":"https:\/\/lightweb.dev\/l\/svm-temp\/wp-content\/uploads\/2025\/02\/SvM-logo-Xtra-Centrerad-SVART.png","width":300,"height":99,"caption":"Melkerson y Nott SL"},"image":{"@id":"https:\/\/lightweb.dev\/l\/svm-temp\/#\/schema\/logo\/image\/"},"sameAs":["https:\/\/www.facebook.com\/svenskamagasinet","https:\/\/x.com\/SvenskaMagasine"]},{"@type":"Person","@id":"https:\/\/lightweb.dev\/l\/svm-temp\/#\/schema\/person\/206a3bda5b607b0c25e1749191e4d837","name":"Redaktionen SvM","description":"Redaktionen","sameAs":["https:\/\/lightweb.dev\/l\/svm-temp"],"url":"https:\/\/lightweb.dev\/l\/svm-temp\/reporter\/redaktionen\/"}]}},"_links":{"self":[{"href":"https:\/\/lightweb.dev\/l\/svm-temp\/wp-json\/wp\/v2\/posts\/2549","targetHints":{"allow":["GET"]}}],"collection":[{"href":"https:\/\/lightweb.dev\/l\/svm-temp\/wp-json\/wp\/v2\/posts"}],"about":[{"href":"https:\/\/lightweb.dev\/l\/svm-temp\/wp-json\/wp\/v2\/types\/post"}],"author":[{"embeddable":true,"href":"https:\/\/lightweb.dev\/l\/svm-temp\/wp-json\/wp\/v2\/users\/8"}],"replies":[{"embeddable":true,"href":"https:\/\/lightweb.dev\/l\/svm-temp\/wp-json\/wp\/v2\/comments?post=2549"}],"version-history":[{"count":0,"href":"https:\/\/lightweb.dev\/l\/svm-temp\/wp-json\/wp\/v2\/posts\/2549\/revisions"}],"wp:featuredmedia":[{"embeddable":true,"href":"https:\/\/lightweb.dev\/l\/svm-temp\/wp-json\/wp\/v2\/media\/2550"}],"wp:attachment":[{"href":"https:\/\/lightweb.dev\/l\/svm-temp\/wp-json\/wp\/v2\/media?parent=2549"}],"wp:term":[{"taxonomy":"category","embeddable":true,"href":"https:\/\/lightweb.dev\/l\/svm-temp\/wp-json\/wp\/v2\/categories?post=2549"},{"taxonomy":"post_tag","embeddable":true,"href":"https:\/\/lightweb.dev\/l\/svm-temp\/wp-json\/wp\/v2\/tags?post=2549"}],"curies":[{"name":"wp","href":"https:\/\/api.w.org\/{rel}","templated":true}]}}