{"id":2555,"date":"2008-10-09T00:00:00","date_gmt":"2008-10-08T22:00:00","guid":{"rendered":"https:\/\/lightweb.dev\/l\/svm-temp\/smagodis-om-cadiz\/"},"modified":"2008-10-09T00:00:00","modified_gmt":"2008-10-08T22:00:00","slug":"smagodis-om-cadiz","status":"publish","type":"post","link":"https:\/\/lightweb.dev\/l\/svm-temp\/artiklar\/smagodis-om-cadiz\/","title":{"rendered":"Sm\u00e5godis om C\u00e1diz"},"content":{"rendered":"<p> Inte som Madrid, Barcelona eller n\u00e5gon turistort. Men du kan roa dig i C\u00e1diz ocks\u00e5. Bar Havanna, Tinte, Nahu, Bar Cuba och Diwan \u00e4r klassiska st\u00e4llen att h\u00e5lla utkik efter. B\u00e4sta tapas \u00e4ter du p\u00e5 Bar Veedor som ligger p\u00e5 C\/Veedor. Det finns en nyare p\u00e5 samma gata men den \u00e4ldre tapasbaren \u00e4r b\u00e4ttre. Av Ola Josefsson<\/p>\n<p>Boende i gamla stan<br \/>\nVi rekommenderar: Hotel Las Cortes, C\/San Francisco 9, tlf 956 220 489, www.hotellascortes.com. Eller: Hotel Argantonio, C\/Argantonio 3, tlf 956 211 640, www.hotelargantonio.com.<\/p>\n<p>Spr\u00e5kskolor:<br \/>\nwww.spanishincadiz.com<br \/>\nwww.centromelkart.com<\/p>\n<p>Melodier<br \/>\nI Evert Taubes \u201dFritiof Anderssons paradmarsch\u201d sjunger vi att i \u201dC\u00e1diz och Kastilien d\u00e4r stannar vi en tid\u201d.<br \/>\nLennart Reuterski\u00f6ld skrev den svenska texten i \u201dFr\u00e4mmande l\u00e4nder\u201d d\u00e4r en av verserna \u00e4r \u201dJag reser till Cuba, till Capri och Rom, en lycklig vagabond. Jag h\u00f6r serenader i C\u00e1diz en kv\u00e4ll, ser Lima mot Andernas fond\u201d.<\/p>\n<p>Minikjolar i v\u00e5rden<br \/>\nDet var v\u00e5ren 2008 nyheten kablades ut att kvinnliga sjuksk\u00f6terskor p\u00e5 sjukv\u00e5rdskliniken San Rafael i C\u00e1diz \u00e4r tvungna att b\u00e4ra f\u00f6retagets uniform som f\u00f6r kvinnor inneb\u00e4r kort kjol \u2013 annars f\u00e5r de l\u00f6neavdrag. F\u00f6retagets kl\u00e4dpolicy ledde till starka protester.<br \/>\nArbetsgivaren drog in en m\u00e5natlig produktionsbonus p\u00e5 30 euro (cirka 280 kronor) f\u00f6r minst \u00e5tta anst\u00e4llda.<br \/>\nSenare h\u00f6lls en demonstration utanf\u00f6r kliniken d\u00e4r n\u00e4ra 500 anst\u00e4llda och fackrepresentanter protesterade mot diskrimineringen. \u00c4ven m\u00e4n kl\u00e4dde sig i kjolliknande kl\u00e4der f\u00f6r att visa p\u00e5 det absurda i kl\u00e4dpolicyn.<\/p>\n<p>Svensk aff\u00e4rsman vill locka svenskar till C\u00e1diz<br \/>\nDen genomsnittliga turisten som bes\u00f6ker C\u00e1diz g\u00f6r av med 54 euro per dag. En svensk p\u00e5 utlandsresa g\u00f6r av med 84 euro per dag. \u00c4r det en aff\u00e4rsresa kan utgiften ligga p\u00e5 300 euro.<br \/>\nFredrik Paulin jobbar inom konsultbranschen med olika aff\u00e4rsstrategier. Hans fru heter Pilar Vecilla, kommer fr\u00e5n San Sebastian och jobbar som inredningsarkitekt vid Ikea i Stockholm.<br \/>\nNu har de varit i C\u00e1diz, tr\u00e4ffat turistchefen och kontaktat dagstidningar i omr\u00e5det f\u00f6r att synas. Och f\u00f6r att knyta kontakter f\u00f6r att lansera id\u00e9n med G\u00e1diz som resm\u00e5l f\u00f6r svenskar.<br \/>\n-Jag har bott fem \u00e5r i Spanien tidigare och k\u00e4nner att det \u00e4r dags att g\u00f6ra n\u00e5got i C\u00e1diz, s\u00e4ger Fredrik Paul\u00edn till Svenska Magasinet.<br \/>\n-Fastighetsmarknaden \u00e4r inte s\u00e5 het, det \u00e4r sv\u00e5rt att hitta investerare. Vi har en id\u00e9 om ett hotell som ska rikta sig till den svenska marknaden f\u00f6r dem som \u00e4r intresserade av det riktiga Spanien.<br \/>\nEfter en artikel i dagstidningen Diario de G\u00e1diz har det blivit n\u00e5gra kontakter.<br \/>\n-Vi har f\u00e5tt mycket samtal men det handlar mer om de som vill s\u00e4lja fastigheter i st\u00e4llet f\u00f6r att bli partners. Vi riktar oss i f\u00f6rsta hand till f\u00f6retag och kanske att organisera rundturer fr\u00e5n Solkusten till C\u00e1diz, s\u00e4ger Fredrik Paulin.<\/p>\n<p>Jerker har l\u00e5ngtidsparkering vid J\u00e9rez flygplats<br \/>\nJerker Carlqvist, 70 \u00e5r, har varit C\u00e1dizbo i m\u00e5nga \u00e5r. Nu \u00e4r han pension\u00e4r men driver en liten l\u00e5ngtidsparkering vid J\u00e9rez flygplats som tidsf\u00f6rdriv.<br \/>\n-J\u00e9rez \u00e4r en l\u00e5gprisflygplats med flera Ryanair-linjer. Givetvis ska det vara billigt att parkera ocks\u00e5 s\u00e5 f\u00f6r n\u00e5gra \u00e5r sedan s\u00e5 k\u00f6pte jag upp ett litet landomr\u00e5de vid flygplatsen. De flesta av mina kunder \u00e4r engelsm\u00e4n fr\u00e5n Gibraltar eller tyskar och spanjorer som ska till Storbritannien eller Tyskland, s\u00e4ger Jerker som har runt 50 kunder i m\u00e5naden.<br \/>\nParkeringen ligger tio minuters promenad fr\u00e5n terminalen.<br \/>\nL\u00e4s mer p\u00e5: www.olofpark.com <\/p>\n","protected":false},"excerpt":{"rendered":"<p>Inte som Madrid, Barcelona eller n\u00e5gon turistort. Men du kan roa dig i C\u00e1diz ocks\u00e5. Bar Havanna, Tinte, Nahu, Bar Cuba och Diwan \u00e4r klassiska st\u00e4llen att h\u00e5lla utkik efter. B\u00e4sta tapas \u00e4ter du p\u00e5 Bar Veedor som ligger p\u00e5 C\/Veedor. Det finns en nyare p\u00e5 samma gata men den \u00e4ldre tapasbaren \u00e4r b\u00e4ttre. Av [&hellip;]<\/p>\n","protected":false},"author":8,"featured_media":2556,"comment_status":"open","ping_status":"open","sticky":false,"template":"","format":"standard","meta":{"_et_pb_use_builder":"","_et_pb_old_content":"","_et_gb_content_width":"","footnotes":""},"categories":[396,4],"tags":[],"class_list":["post-2555","post","type-post","status-publish","format-standard","has-post-thumbnail","hentry","category-arkiv-artiklar","category-artiklar"],"yoast_head":"<!-- This site is optimized with the Yoast SEO Premium plugin v26.2 (Yoast SEO v27.4) - https:\/\/yoast.com\/product\/yoast-seo-premium-wordpress\/ -->\n<title>Sm\u00e5godis om C\u00e1diz - Svenska Magasinet<\/title>\n<meta name=\"robots\" content=\"noindex, follow, max-snippet:-1, max-image-preview:large, max-video-preview:-1\" \/>\n<meta property=\"og:locale\" content=\"sv_SE\" \/>\n<meta property=\"og:type\" content=\"article\" \/>\n<meta property=\"og:title\" content=\"Sm\u00e5godis om C\u00e1diz\" \/>\n<meta property=\"og:description\" content=\"Inte som Madrid, Barcelona eller n\u00e5gon turistort. Men du kan roa dig i C\u00e1diz ocks\u00e5. Bar Havanna, Tinte, Nahu, Bar Cuba och Diwan \u00e4r klassiska st\u00e4llen att h\u00e5lla utkik efter. B\u00e4sta tapas \u00e4ter du p\u00e5 Bar Veedor som ligger p\u00e5 C\/Veedor. Det finns en nyare p\u00e5 samma gata men den \u00e4ldre tapasbaren \u00e4r b\u00e4ttre. Av [&hellip;]\" \/>\n<meta property=\"og:url\" content=\"https:\/\/lightweb.dev\/l\/svm-temp\/artiklar\/smagodis-om-cadiz\/\" \/>\n<meta property=\"og:site_name\" content=\"Svenska Magasinet\" \/>\n<meta property=\"article:publisher\" content=\"https:\/\/www.facebook.com\/svenskamagasinet\" \/>\n<meta property=\"article:published_time\" content=\"2008-10-08T22:00:00+00:00\" \/>\n<meta property=\"og:image\" content=\"https:\/\/lightweb.dev\/l\/svm-temp\/wp-content\/uploads\/2022\/04\/smgodis-om-cdiz.png\" \/>\n\t<meta property=\"og:image:width\" content=\"299\" \/>\n\t<meta property=\"og:image:height\" content=\"200\" \/>\n\t<meta property=\"og:image:type\" content=\"image\/png\" \/>\n<meta name=\"author\" content=\"Redaktionen SvM\" \/>\n<meta name=\"twitter:card\" content=\"summary_large_image\" \/>\n<meta name=\"twitter:creator\" content=\"@SvenskaMagasine\" \/>\n<meta name=\"twitter:site\" content=\"@SvenskaMagasine\" \/>\n<script type=\"application\/ld+json\" class=\"yoast-schema-graph\">{\"@context\":\"https:\\\/\\\/schema.org\",\"@graph\":[{\"@type\":\"Article\",\"@id\":\"https:\\\/\\\/lightweb.dev\\\/l\\\/svm-temp\\\/artiklar\\\/smagodis-om-cadiz\\\/#article\",\"isPartOf\":{\"@id\":\"https:\\\/\\\/lightweb.dev\\\/l\\\/svm-temp\\\/artiklar\\\/smagodis-om-cadiz\\\/\"},\"author\":{\"name\":\"Redaktionen SvM\",\"@id\":\"https:\\\/\\\/lightweb.dev\\\/l\\\/svm-temp\\\/#\\\/schema\\\/person\\\/206a3bda5b607b0c25e1749191e4d837\"},\"headline\":\"Sm\u00e5godis om C\u00e1diz\",\"datePublished\":\"2008-10-08T22:00:00+00:00\",\"mainEntityOfPage\":{\"@id\":\"https:\\\/\\\/lightweb.dev\\\/l\\\/svm-temp\\\/artiklar\\\/smagodis-om-cadiz\\\/\"},\"wordCount\":640,\"commentCount\":0,\"publisher\":{\"@id\":\"https:\\\/\\\/lightweb.dev\\\/l\\\/svm-temp\\\/#organization\"},\"image\":{\"@id\":\"https:\\\/\\\/lightweb.dev\\\/l\\\/svm-temp\\\/artiklar\\\/smagodis-om-cadiz\\\/#primaryimage\"},\"thumbnailUrl\":\"https:\\\/\\\/lightweb.dev\\\/l\\\/svm-temp\\\/wp-content\\\/uploads\\\/2022\\\/04\\\/smgodis-om-cdiz.png\",\"articleSection\":[\"Arkiv\",\"Artiklar\"],\"inLanguage\":\"sv-SE\"},{\"@type\":\"WebPage\",\"@id\":\"https:\\\/\\\/lightweb.dev\\\/l\\\/svm-temp\\\/artiklar\\\/smagodis-om-cadiz\\\/\",\"url\":\"https:\\\/\\\/lightweb.dev\\\/l\\\/svm-temp\\\/artiklar\\\/smagodis-om-cadiz\\\/\",\"name\":\"Sm\u00e5godis om C\u00e1diz - Svenska Magasinet\",\"isPartOf\":{\"@id\":\"https:\\\/\\\/lightweb.dev\\\/l\\\/svm-temp\\\/#website\"},\"primaryImageOfPage\":{\"@id\":\"https:\\\/\\\/lightweb.dev\\\/l\\\/svm-temp\\\/artiklar\\\/smagodis-om-cadiz\\\/#primaryimage\"},\"image\":{\"@id\":\"https:\\\/\\\/lightweb.dev\\\/l\\\/svm-temp\\\/artiklar\\\/smagodis-om-cadiz\\\/#primaryimage\"},\"thumbnailUrl\":\"https:\\\/\\\/lightweb.dev\\\/l\\\/svm-temp\\\/wp-content\\\/uploads\\\/2022\\\/04\\\/smgodis-om-cdiz.png\",\"datePublished\":\"2008-10-08T22:00:00+00:00\",\"breadcrumb\":{\"@id\":\"https:\\\/\\\/lightweb.dev\\\/l\\\/svm-temp\\\/artiklar\\\/smagodis-om-cadiz\\\/#breadcrumb\"},\"inLanguage\":\"sv-SE\",\"potentialAction\":[{\"@type\":\"ReadAction\",\"target\":[\"https:\\\/\\\/lightweb.dev\\\/l\\\/svm-temp\\\/artiklar\\\/smagodis-om-cadiz\\\/\"]}]},{\"@type\":\"ImageObject\",\"inLanguage\":\"sv-SE\",\"@id\":\"https:\\\/\\\/lightweb.dev\\\/l\\\/svm-temp\\\/artiklar\\\/smagodis-om-cadiz\\\/#primaryimage\",\"url\":\"https:\\\/\\\/lightweb.dev\\\/l\\\/svm-temp\\\/wp-content\\\/uploads\\\/2022\\\/04\\\/smgodis-om-cdiz.png\",\"contentUrl\":\"https:\\\/\\\/lightweb.dev\\\/l\\\/svm-temp\\\/wp-content\\\/uploads\\\/2022\\\/04\\\/smgodis-om-cdiz.png\",\"width\":299,\"height\":200},{\"@type\":\"BreadcrumbList\",\"@id\":\"https:\\\/\\\/lightweb.dev\\\/l\\\/svm-temp\\\/artiklar\\\/smagodis-om-cadiz\\\/#breadcrumb\",\"itemListElement\":[{\"@type\":\"ListItem\",\"position\":1,\"name\":\"Hem\",\"item\":\"https:\\\/\\\/lightweb.dev\\\/l\\\/svm-temp\\\/\"},{\"@type\":\"ListItem\",\"position\":2,\"name\":\"Sm\u00e5godis om C\u00e1diz\"}]},{\"@type\":\"WebSite\",\"@id\":\"https:\\\/\\\/lightweb.dev\\\/l\\\/svm-temp\\\/#website\",\"url\":\"https:\\\/\\\/lightweb.dev\\\/l\\\/svm-temp\\\/\",\"name\":\"Svenska Magasinet\",\"description\":\"Dina Spanska nyheter p&aring; Svenska\",\"publisher\":{\"@id\":\"https:\\\/\\\/lightweb.dev\\\/l\\\/svm-temp\\\/#organization\"},\"potentialAction\":[{\"@type\":\"SearchAction\",\"target\":{\"@type\":\"EntryPoint\",\"urlTemplate\":\"https:\\\/\\\/lightweb.dev\\\/l\\\/svm-temp\\\/?s={search_term_string}\"},\"query-input\":{\"@type\":\"PropertyValueSpecification\",\"valueRequired\":true,\"valueName\":\"search_term_string\"}}],\"inLanguage\":\"sv-SE\"},{\"@type\":\"Organization\",\"@id\":\"https:\\\/\\\/lightweb.dev\\\/l\\\/svm-temp\\\/#organization\",\"name\":\"Melkerson y Nott SL\",\"alternateName\":\"Svenska Magasinet\",\"url\":\"https:\\\/\\\/lightweb.dev\\\/l\\\/svm-temp\\\/\",\"logo\":{\"@type\":\"ImageObject\",\"inLanguage\":\"sv-SE\",\"@id\":\"https:\\\/\\\/lightweb.dev\\\/l\\\/svm-temp\\\/#\\\/schema\\\/logo\\\/image\\\/\",\"url\":\"https:\\\/\\\/lightweb.dev\\\/l\\\/svm-temp\\\/wp-content\\\/uploads\\\/2025\\\/02\\\/SvM-logo-Xtra-Centrerad-SVART.png\",\"contentUrl\":\"https:\\\/\\\/lightweb.dev\\\/l\\\/svm-temp\\\/wp-content\\\/uploads\\\/2025\\\/02\\\/SvM-logo-Xtra-Centrerad-SVART.png\",\"width\":300,\"height\":99,\"caption\":\"Melkerson y Nott SL\"},\"image\":{\"@id\":\"https:\\\/\\\/lightweb.dev\\\/l\\\/svm-temp\\\/#\\\/schema\\\/logo\\\/image\\\/\"},\"sameAs\":[\"https:\\\/\\\/www.facebook.com\\\/svenskamagasinet\",\"https:\\\/\\\/x.com\\\/SvenskaMagasine\"]},{\"@type\":\"Person\",\"@id\":\"https:\\\/\\\/lightweb.dev\\\/l\\\/svm-temp\\\/#\\\/schema\\\/person\\\/206a3bda5b607b0c25e1749191e4d837\",\"name\":\"Redaktionen SvM\",\"description\":\"Redaktionen\",\"sameAs\":[\"https:\\\/\\\/lightweb.dev\\\/l\\\/svm-temp\"],\"url\":\"https:\\\/\\\/lightweb.dev\\\/l\\\/svm-temp\\\/reporter\\\/redaktionen\\\/\"}]}<\/script>\n<!-- \/ Yoast SEO Premium plugin. -->","yoast_head_json":{"title":"Sm\u00e5godis om C\u00e1diz - Svenska Magasinet","robots":{"index":"noindex","follow":"follow","max-snippet":"max-snippet:-1","max-image-preview":"max-image-preview:large","max-video-preview":"max-video-preview:-1"},"og_locale":"sv_SE","og_type":"article","og_title":"Sm\u00e5godis om C\u00e1diz","og_description":"Inte som Madrid, Barcelona eller n\u00e5gon turistort. Men du kan roa dig i C\u00e1diz ocks\u00e5. Bar Havanna, Tinte, Nahu, Bar Cuba och Diwan \u00e4r klassiska st\u00e4llen att h\u00e5lla utkik efter. B\u00e4sta tapas \u00e4ter du p\u00e5 Bar Veedor som ligger p\u00e5 C\/Veedor. Det finns en nyare p\u00e5 samma gata men den \u00e4ldre tapasbaren \u00e4r b\u00e4ttre. Av [&hellip;]","og_url":"https:\/\/lightweb.dev\/l\/svm-temp\/artiklar\/smagodis-om-cadiz\/","og_site_name":"Svenska Magasinet","article_publisher":"https:\/\/www.facebook.com\/svenskamagasinet","article_published_time":"2008-10-08T22:00:00+00:00","og_image":[{"width":299,"height":200,"url":"https:\/\/lightweb.dev\/l\/svm-temp\/wp-content\/uploads\/2022\/04\/smgodis-om-cdiz.png","type":"image\/png"}],"author":"Redaktionen SvM","twitter_card":"summary_large_image","twitter_creator":"@SvenskaMagasine","twitter_site":"@SvenskaMagasine","schema":{"@context":"https:\/\/schema.org","@graph":[{"@type":"Article","@id":"https:\/\/lightweb.dev\/l\/svm-temp\/artiklar\/smagodis-om-cadiz\/#article","isPartOf":{"@id":"https:\/\/lightweb.dev\/l\/svm-temp\/artiklar\/smagodis-om-cadiz\/"},"author":{"name":"Redaktionen SvM","@id":"https:\/\/lightweb.dev\/l\/svm-temp\/#\/schema\/person\/206a3bda5b607b0c25e1749191e4d837"},"headline":"Sm\u00e5godis om C\u00e1diz","datePublished":"2008-10-08T22:00:00+00:00","mainEntityOfPage":{"@id":"https:\/\/lightweb.dev\/l\/svm-temp\/artiklar\/smagodis-om-cadiz\/"},"wordCount":640,"commentCount":0,"publisher":{"@id":"https:\/\/lightweb.dev\/l\/svm-temp\/#organization"},"image":{"@id":"https:\/\/lightweb.dev\/l\/svm-temp\/artiklar\/smagodis-om-cadiz\/#primaryimage"},"thumbnailUrl":"https:\/\/lightweb.dev\/l\/svm-temp\/wp-content\/uploads\/2022\/04\/smgodis-om-cdiz.png","articleSection":["Arkiv","Artiklar"],"inLanguage":"sv-SE"},{"@type":"WebPage","@id":"https:\/\/lightweb.dev\/l\/svm-temp\/artiklar\/smagodis-om-cadiz\/","url":"https:\/\/lightweb.dev\/l\/svm-temp\/artiklar\/smagodis-om-cadiz\/","name":"Sm\u00e5godis om C\u00e1diz - Svenska Magasinet","isPartOf":{"@id":"https:\/\/lightweb.dev\/l\/svm-temp\/#website"},"primaryImageOfPage":{"@id":"https:\/\/lightweb.dev\/l\/svm-temp\/artiklar\/smagodis-om-cadiz\/#primaryimage"},"image":{"@id":"https:\/\/lightweb.dev\/l\/svm-temp\/artiklar\/smagodis-om-cadiz\/#primaryimage"},"thumbnailUrl":"https:\/\/lightweb.dev\/l\/svm-temp\/wp-content\/uploads\/2022\/04\/smgodis-om-cdiz.png","datePublished":"2008-10-08T22:00:00+00:00","breadcrumb":{"@id":"https:\/\/lightweb.dev\/l\/svm-temp\/artiklar\/smagodis-om-cadiz\/#breadcrumb"},"inLanguage":"sv-SE","potentialAction":[{"@type":"ReadAction","target":["https:\/\/lightweb.dev\/l\/svm-temp\/artiklar\/smagodis-om-cadiz\/"]}]},{"@type":"ImageObject","inLanguage":"sv-SE","@id":"https:\/\/lightweb.dev\/l\/svm-temp\/artiklar\/smagodis-om-cadiz\/#primaryimage","url":"https:\/\/lightweb.dev\/l\/svm-temp\/wp-content\/uploads\/2022\/04\/smgodis-om-cdiz.png","contentUrl":"https:\/\/lightweb.dev\/l\/svm-temp\/wp-content\/uploads\/2022\/04\/smgodis-om-cdiz.png","width":299,"height":200},{"@type":"BreadcrumbList","@id":"https:\/\/lightweb.dev\/l\/svm-temp\/artiklar\/smagodis-om-cadiz\/#breadcrumb","itemListElement":[{"@type":"ListItem","position":1,"name":"Hem","item":"https:\/\/lightweb.dev\/l\/svm-temp\/"},{"@type":"ListItem","position":2,"name":"Sm\u00e5godis om C\u00e1diz"}]},{"@type":"WebSite","@id":"https:\/\/lightweb.dev\/l\/svm-temp\/#website","url":"https:\/\/lightweb.dev\/l\/svm-temp\/","name":"Svenska Magasinet","description":"Dina Spanska nyheter p&aring; Svenska","publisher":{"@id":"https:\/\/lightweb.dev\/l\/svm-temp\/#organization"},"potentialAction":[{"@type":"SearchAction","target":{"@type":"EntryPoint","urlTemplate":"https:\/\/lightweb.dev\/l\/svm-temp\/?s={search_term_string}"},"query-input":{"@type":"PropertyValueSpecification","valueRequired":true,"valueName":"search_term_string"}}],"inLanguage":"sv-SE"},{"@type":"Organization","@id":"https:\/\/lightweb.dev\/l\/svm-temp\/#organization","name":"Melkerson y Nott SL","alternateName":"Svenska Magasinet","url":"https:\/\/lightweb.dev\/l\/svm-temp\/","logo":{"@type":"ImageObject","inLanguage":"sv-SE","@id":"https:\/\/lightweb.dev\/l\/svm-temp\/#\/schema\/logo\/image\/","url":"https:\/\/lightweb.dev\/l\/svm-temp\/wp-content\/uploads\/2025\/02\/SvM-logo-Xtra-Centrerad-SVART.png","contentUrl":"https:\/\/lightweb.dev\/l\/svm-temp\/wp-content\/uploads\/2025\/02\/SvM-logo-Xtra-Centrerad-SVART.png","width":300,"height":99,"caption":"Melkerson y Nott SL"},"image":{"@id":"https:\/\/lightweb.dev\/l\/svm-temp\/#\/schema\/logo\/image\/"},"sameAs":["https:\/\/www.facebook.com\/svenskamagasinet","https:\/\/x.com\/SvenskaMagasine"]},{"@type":"Person","@id":"https:\/\/lightweb.dev\/l\/svm-temp\/#\/schema\/person\/206a3bda5b607b0c25e1749191e4d837","name":"Redaktionen SvM","description":"Redaktionen","sameAs":["https:\/\/lightweb.dev\/l\/svm-temp"],"url":"https:\/\/lightweb.dev\/l\/svm-temp\/reporter\/redaktionen\/"}]}},"_links":{"self":[{"href":"https:\/\/lightweb.dev\/l\/svm-temp\/wp-json\/wp\/v2\/posts\/2555","targetHints":{"allow":["GET"]}}],"collection":[{"href":"https:\/\/lightweb.dev\/l\/svm-temp\/wp-json\/wp\/v2\/posts"}],"about":[{"href":"https:\/\/lightweb.dev\/l\/svm-temp\/wp-json\/wp\/v2\/types\/post"}],"author":[{"embeddable":true,"href":"https:\/\/lightweb.dev\/l\/svm-temp\/wp-json\/wp\/v2\/users\/8"}],"replies":[{"embeddable":true,"href":"https:\/\/lightweb.dev\/l\/svm-temp\/wp-json\/wp\/v2\/comments?post=2555"}],"version-history":[{"count":0,"href":"https:\/\/lightweb.dev\/l\/svm-temp\/wp-json\/wp\/v2\/posts\/2555\/revisions"}],"wp:featuredmedia":[{"embeddable":true,"href":"https:\/\/lightweb.dev\/l\/svm-temp\/wp-json\/wp\/v2\/media\/2556"}],"wp:attachment":[{"href":"https:\/\/lightweb.dev\/l\/svm-temp\/wp-json\/wp\/v2\/media?parent=2555"}],"wp:term":[{"taxonomy":"category","embeddable":true,"href":"https:\/\/lightweb.dev\/l\/svm-temp\/wp-json\/wp\/v2\/categories?post=2555"},{"taxonomy":"post_tag","embeddable":true,"href":"https:\/\/lightweb.dev\/l\/svm-temp\/wp-json\/wp\/v2\/tags?post=2555"}],"curies":[{"name":"wp","href":"https:\/\/api.w.org\/{rel}","templated":true}]}}