{"id":2559,"date":"2008-10-01T00:00:00","date_gmt":"2008-09-30T22:00:00","guid":{"rendered":"https:\/\/lightweb.dev\/l\/svm-temp\/solnedgangens-stad\/"},"modified":"2008-10-01T00:00:00","modified_gmt":"2008-09-30T22:00:00","slug":"solnedgangens-stad","status":"publish","type":"post","link":"https:\/\/lightweb.dev\/l\/svm-temp\/artiklar\/solnedgangens-stad\/","title":{"rendered":"Solnedg\u00e5ngens stad"},"content":{"rendered":"<p> Det \u00e4r om\u00f6jligt att g\u00e5 vilse i C\u00e1diz. Oavsett \u00e5t vilket h\u00e5ll du g\u00e5r s\u00e5 m\u00f6ter havet dig. N\u00e5gon version av vilse i pannkakan utspelar sig knappast i V\u00e4steuropas \u00e4ldsta stad. D\u00e4remot har James Bond varit p\u00e5 bes\u00f6k. Men Napoleon d\u00e4remot lyckades aldrig ta sig in Text Ola Josefsson<br \/>\nFoto Gustavo Fern\u00e1ndez<\/p>\n<p>Det s\u00e4gs att C\u00e1diz har bland de vackraste solnedg\u00e5ngarna. Och den ena \u00e4r inte den andra lik. N\u00e4r solen s\u00e4nker sig i det bl\u00e5 Atlanten sitter man g\u00e4rna b\u00e4nkad inf\u00f6r f\u00f6rest\u00e4llningen. Och i C\u00e1diz sitter du p\u00e5 f\u00f6rsta parkett. Gissa om jag har m\u00e5nga kort p\u00e5 solnedg\u00e5ngar, s\u00e4ger en svensk spr\u00e5kstudent till mig.<br \/>\nC\u00e1diz kan liknas vid tummen p\u00e5 den h\u00f6gra handen. P\u00e5 ena sidan det \u00f6ppna Atlanten, p\u00e5 den andra sidan C\u00e1dizbukten med varvsindustri och norska Kvaerner i Puerto Real och flygindustrin Airbus.<\/p>\n<p>NATURLIG FLOTTBAS<br \/>\nEn g\u00e5ng i tiden slutade v\u00e4rlden h\u00e4r. Bortom C\u00e1diz fanns inget mer. Fram till 1910 l\u00e5g nollmeridianen h\u00e4r innan den \u00f6vertogs av Greenwich. L\u00e4get mellan Atlanten och Medelhavet gjorde C\u00e1diz till en naturlig flottbas. Redan 1509 anl\u00e4nde silverflottorna hit p\u00e5 v\u00e4g mot Sevilla. Ocks\u00e5 svenska ostindiefarare vilade ut i v\u00e4rldens f\u00f6rsta frihamn.<br \/>\nDet blev en av Europas rikaste hamnar. Kryddor, frukter, gr\u00f6nsaker, metaller kom till C\u00e1diz fr\u00e5n \u201dnya v\u00e4rlden\u201d och pr\u00e4ster, soldater, aff\u00e4rsm\u00e4n, skeppsbyggare, redare och skeppshandlare, alla tj\u00e4nade pengar.<br \/>\nInv\u00e5narna \u00e4r stolta \u00f6ver sin historia av att den franske h\u00e4rf\u00f6raren Napoleon aldrig lyckades inta C\u00e1diz n\u00e4r han tog resten av Spanien efter att ha invaderat landet 1808. Mitt under den franska ockupationen samlades Cort\u00e9s innanf\u00f6r de solida f\u00e4stningsmurarna i C\u00e1diz.<br \/>\nDet var h\u00e4r som den spanska liberalismen f\u00f6ddes och fick sitt fotf\u00e4ste. H\u00e4r skrevs den f\u00f6rsta spanska frihetsv\u00e4nliga konstitutionen eller f\u00f6rfattningen. Men det var en period av stor oro och turbulens. Spanien f\u00f6rlorade slaget mot England och amiral Nelson vid Trafalgar, en udde s\u00f6der om C\u00e1diz. Napoleon invaderade Spanien tre \u00e5r senare.<br \/>\nDen spanske kungen Ferdinand VII sl\u00e4pptes senare fri och kunde \u00e5terta tronen vilket ledde till \u00e4nnu en resning i C\u00e1diz d\u00e4r liberalerna 1823 lyckades f\u00e4ngsla kungen.<br \/>\nMetropolens liberala v\u00e4rldsbild \u00e4r en av drivkrafterna till en av Spaniens \u00e4ldsta dagstidningar. Ansedda och grafiskt snygga Diario de C\u00e1diz kom ut med sitt f\u00f6rsta nummer redan 1867. Bara El Norte de Castilla (1854, Valladolid) och Las Provincias (1865, Valencia) \u00e4r \u00e4ldre.<\/p>\n<p>TV\u00c5 HUVUDV\u00c4GAR<br \/>\nDet finns tv\u00e5 huvudv\u00e4gar in i C\u00e1diz. Den ena byter namn ett antal g\u00e5nger, den andra heter Avenida Juan Carlos I som \u00e4r byggd \u00f6ver j\u00e4rnv\u00e4gen som sedan n\u00e5gra tillbaka g\u00e5r under mark fram till nybyggda stationen i gamla stan.<br \/>\nStaden har en 3.000-\u00e5rig historia. Det mesta tyder p\u00e5 att fenicierna grundade staden n\u00e5gon g\u00e5ng p\u00e5 1100-talet f.v.t. Fr\u00e5n b\u00f6rjan bestod C\u00e1diz av tre mindre \u00f6ar. Efter utfyllnad har staden vuxit och best\u00e5r i v\u00e5ra dagar av en halv\u00f6 eller landtunga, cirka 4.800 meter l\u00e5ng och mellan 1.000 till 1.200 meter bred. P\u00e5 det tightaste st\u00e4llet \u00e4r det bara n\u00e5gra hundra meter brett.<br \/>\nGamla stan i C\u00e1diz m\u00e4ter cirka 1.800 meter p\u00e5 l\u00e4ngden och 1.200 meter p\u00e5 bredden och det \u00e4r h\u00e4r man h\u00e5ller sig vid sina C\u00e1dizbes\u00f6k. Nya delen av C\u00e1diz har fantastiska str\u00e4nder. N\u00e4r inv\u00e5narna h\u00e4r ska \u00e5ka ut p\u00e5 udden s\u00e4ger de att de ska \u00e5ka till C\u00e1diz \u00e4ven om de redan befinner sig d\u00e4r\u2026<br \/>\n-F\u00f6r 70 \u00e5r sedan bestod den h\u00e4r delen av sumpmark, \u00f6ar, laguner och vatten. Ett och annat litet hus fanns h\u00e4r ocks\u00e5, s\u00e4ger Ernesto P\u00e9rez Hormaeche.<br \/>\nErnestos f\u00f6r\u00e4ldrar kommer fr\u00e5n C\u00e1diz \u00e4ven om han sj\u00e4lv \u00e4r f\u00f6dd i Afrika. Hans far \u00e4r l\u00e4kare och jobbade just d\u00e5 i Nigeria. Ernesto \u00e4r gift med \u00d6stersundstjejen \u00c5sa Olsson och de har tre barn.<br \/>\nErnesto \u00e4r utbildad arkeolog. Nu jobbar han som grafisk designer (www.gesdata.net) och vi tr\u00e4ffar honom utanf\u00f6r hans arbetsplats p\u00e5 Paseo Maritimo vid den vackra Atlantstranden Playa de la Victoria.<\/p>\n<p>2012<br \/>\nDet har h\u00e4nt mycket, det h\u00e4nder mycket och det kommer med all f\u00f6rmodan att h\u00e4nda mycket i C\u00e1diz. \u00c5ret 2012 st\u00e5r f\u00f6r d\u00f6rren och staden fr\u00e4schas upp. D\u00e5 firas tv\u00e5hundra\u00e5rsjubileet av den f\u00f6rsta spanska f\u00f6rfattningen.<br \/>\n-Det blir en stor h\u00e4ndelse och ett viktigt \u00e5r f\u00f6r C\u00e1diz. Gamla byggnader renoveras, kommunen k\u00f6per upp \u00e4ldre hus som blir kongresshallar eller utst\u00e4llningshallar.<br \/>\nVi uppm\u00e4rksammar att m\u00e5nga byggnader som renoveras har skyltar. H\u00e4r ber\u00e4ttas det om att byggnaden ing\u00e5r i ett st\u00f6rre kulturprojekt som har att g\u00f6ra med \u00e5ret 2012 d\u00e5 jubileet \u00f6ver den spanska konstitutionen ska firas. Ny j\u00e4rnv\u00e4gsstation, en tidigare tobaksfabrik har blivit kongresshall, arkeologiska utgr\u00e4vningar har \u00f6ppnats f\u00f6r allm\u00e4nheten. Projekten st\u00e5r p\u00e5 rad inf\u00f6r C\u00e1diz\u00e5ret 2012 d\u00e5 det ska firas rej\u00e4lt.<br \/>\nG\u00e1diz \u00e4r en stad som jag g\u00e4rna sliter skosulor i. De smala gr\u00e4nderna, den starka n\u00e4rvaron av havet, det behagliga klimatet, sev\u00e4rdheterna och historien, C\u00e1diz har s\u00e5 mycket att ge. Den \u00e4r g\u00e4stv\u00e4nlig och det \u00e4r l\u00e4tt att promenera. Turistmyndigheternas bussar guidar p\u00e5 svenska om du har sv\u00e5rt f\u00f6r att g\u00e5.<\/p>\n<p>007<br \/>\nGamla stan har en egen liten strand, Playa de la Caleta. Det var h\u00e4r snyggingen Halle Berry klev upp ur vattnet p\u00e5 b\u00e4sta Ursula Andress-vis och givetvis kunde inte Agent 007 (Pierce Brosnan) motst\u00e5 hennes sk\u00f6nhet.<br \/>\nDet har g\u00e5tt sex \u00e5r sedan inspelningen av Bondfilmen Die another day d\u00e4r C\u00e1diz skulle f\u00f6rest\u00e4lla Kuba. Och faktum \u00e4r att C\u00e1diz \u00e4r v\u00e4ldigt likt Havanna p\u00e5 Kuba. Columbus andra expedition 25 september 1493 avgick fr\u00e5n C\u00e1diz med 17 fartyg och 1.500 utvandrare. M\u00e5nga av dessa kom fr\u00e5n omr\u00e5det. Tankarna gick till hembygden och C\u00e1diz n\u00e4r \u201dnya v\u00e4rlden\u201d koloniserades. Att i C\u00e1diz se den gyllne kupolen p\u00e5 katedralen p\u00e5 avst\u00e5nd \u00e4r som att st\u00e5 och betrakta en bakgrundsbild \u00f6ver Havanna p\u00e5 Kuba.<br \/>\nKatedralen som dessutom \u00e4r i tv\u00e5 f\u00e4rger. Varf\u00f6r? Natursten fr\u00e5n havet anv\u00e4ndes i b\u00f6rjan, sedan tog pengarna slut och ingen ville jobba. Det gick n\u00e5gra \u00e5r och arbetet kunde slutf\u00f6ras. Katedralen har tv\u00e5 torn, Torre de Poniente och Torre de Levante. Det f\u00f6rstn\u00e4mnda kan du bes\u00f6ka.<br \/>\nH\u00f6gsta tornet \u00e4r \u00e5 andra sidan Torre Tavira (www.torretavira.com) som m\u00e4ter 45,51 meter. Missa inte det n\u00e4r du bes\u00f6ker C\u00e1diz. Ett sinnrikt system med linser och speglar g\u00f6r att du, f\u00f6rutom att se stadslivet fr\u00e5n toppen, \u00e4ven i en svart kammare kan f\u00f6lja omgivningarna genom att titta ned i en v\u00e4ldig sk\u00e5lformig duk.<br \/>\nEn annan sev\u00e4rd plats som \u00e4r ganska ny f\u00f6r allm\u00e4nheten \u00e4r Yacimiento Arquel\u00f3gico Casa del Obispo. Vill du veta historien bakom C\u00e1diz, fenicierna, romarna och hur staden anlades \u00e4r detta ett sj\u00e4lvklart val.<br \/>\nC\u00e1diz har ett svalare klimat sommartid j\u00e4mf\u00f6rt med M\u00e1laga. Luftfuktigheten \u00e4r l\u00e4gre. Vintertid k\u00e4nns C\u00e1diz en aning mildare \u00e4n provinsgrannen.<\/p>\n<p>KARNEVAL<br \/>\nPlatsen m\u00e5ste ocks\u00e5 vara ensam om i Spanien att inte ha en feria. H\u00e4r \u00e4r det karnevalen i februari eller cirka 40 dagar f\u00f6re p\u00e5sk som \u00e4r \u00e5rets stora tilldragelse. Den \u00e4r k\u00e4nd \u00f6verallt och fr\u00e5gar du C\u00e1dizborna \u00e4r den vida \u00f6verl\u00e4gsen karnevalen p\u00e5 Teneriffa som anses vara ett jippo.<br \/>\nKarnevalen i C\u00e1diz k\u00e4nns riktig och \u00e4kta. K\u00f6rer som sjunger, utkl\u00e4dda m\u00e4nniskor som inte bara kl\u00e4r ut sig f\u00f6r att vara utkl\u00e4dda. Det finns en tanke bakom varje deltagares iscens\u00e4ttning p\u00e5 gatan samtidigt som den popul\u00e4ra borgm\u00e4staren, Te\u00f3fila Mart\u00ednez (PP) f\u00e5r sig en sl\u00e4ng av sleven (!).<br \/>\nInv\u00e5narna i C\u00e1diz har en annorlunda dialekt \u2013 sv\u00e5r att l\u00e4ra sig &#8211; de \u00e4r roliga och det \u00e4r inte m\u00e4rkligt att n\u00e5gra av Spaniens fr\u00e4msta humorister som exempelvis Paz Padilla kommer h\u00e4rifr\u00e5n. En del s\u00e5nger under karnevalen \u00e4r till en viss del kritiska men har en humoristisk ton.<br \/>\nFOTNOT. Scenen med Halle Berry var n\u00e4stan en exakt kopia av sekvensen med Ursula Andress som kliver upp ur havet i den f\u00f6rsta James Bond-filmen Doktor No eller Med r\u00e4tt att d\u00f6da. I den filmen spelade Sean Connery Agent 007.<\/p>\n","protected":false},"excerpt":{"rendered":"<p>Det \u00e4r om\u00f6jligt att g\u00e5 vilse i C\u00e1diz. Oavsett \u00e5t vilket h\u00e5ll du g\u00e5r s\u00e5 m\u00f6ter havet dig. N\u00e5gon version av vilse i pannkakan utspelar sig knappast i V\u00e4steuropas \u00e4ldsta stad. D\u00e4remot har James Bond varit p\u00e5 bes\u00f6k. Men Napoleon d\u00e4remot lyckades aldrig ta sig in Text Ola Josefsson Foto Gustavo Fern\u00e1ndez Det s\u00e4gs att [&hellip;]<\/p>\n","protected":false},"author":8,"featured_media":2560,"comment_status":"open","ping_status":"open","sticky":false,"template":"","format":"standard","meta":{"_et_pb_use_builder":"","_et_pb_old_content":"","_et_gb_content_width":"","footnotes":""},"categories":[396,4],"tags":[],"class_list":["post-2559","post","type-post","status-publish","format-standard","has-post-thumbnail","hentry","category-arkiv-artiklar","category-artiklar"],"yoast_head":"<!-- This site is optimized with the Yoast SEO Premium plugin v26.2 (Yoast SEO v27.4) - https:\/\/yoast.com\/product\/yoast-seo-premium-wordpress\/ -->\n<title>Solnedg\u00e5ngens stad - Svenska Magasinet<\/title>\n<meta name=\"robots\" content=\"noindex, follow, max-snippet:-1, max-image-preview:large, max-video-preview:-1\" \/>\n<meta property=\"og:locale\" content=\"sv_SE\" \/>\n<meta property=\"og:type\" content=\"article\" \/>\n<meta property=\"og:title\" content=\"Solnedg\u00e5ngens stad\" \/>\n<meta property=\"og:description\" content=\"Det \u00e4r om\u00f6jligt att g\u00e5 vilse i C\u00e1diz. Oavsett \u00e5t vilket h\u00e5ll du g\u00e5r s\u00e5 m\u00f6ter havet dig. N\u00e5gon version av vilse i pannkakan utspelar sig knappast i V\u00e4steuropas \u00e4ldsta stad. D\u00e4remot har James Bond varit p\u00e5 bes\u00f6k. Men Napoleon d\u00e4remot lyckades aldrig ta sig in Text Ola Josefsson Foto Gustavo Fern\u00e1ndez Det s\u00e4gs att [&hellip;]\" \/>\n<meta property=\"og:url\" content=\"https:\/\/lightweb.dev\/l\/svm-temp\/artiklar\/solnedgangens-stad\/\" \/>\n<meta property=\"og:site_name\" content=\"Svenska Magasinet\" \/>\n<meta property=\"article:publisher\" content=\"https:\/\/www.facebook.com\/svenskamagasinet\" \/>\n<meta property=\"article:published_time\" content=\"2008-09-30T22:00:00+00:00\" \/>\n<meta property=\"og:image\" content=\"https:\/\/lightweb.dev\/l\/svm-temp\/wp-content\/uploads\/2022\/04\/solnedgngens-stad.png\" \/>\n\t<meta property=\"og:image:width\" content=\"280\" \/>\n\t<meta property=\"og:image:height\" content=\"210\" \/>\n\t<meta property=\"og:image:type\" content=\"image\/png\" \/>\n<meta name=\"author\" content=\"Redaktionen SvM\" \/>\n<meta name=\"twitter:card\" content=\"summary_large_image\" \/>\n<meta name=\"twitter:creator\" content=\"@SvenskaMagasine\" \/>\n<meta name=\"twitter:site\" content=\"@SvenskaMagasine\" \/>\n<script type=\"application\/ld+json\" class=\"yoast-schema-graph\">{\"@context\":\"https:\\\/\\\/schema.org\",\"@graph\":[{\"@type\":\"Article\",\"@id\":\"https:\\\/\\\/lightweb.dev\\\/l\\\/svm-temp\\\/artiklar\\\/solnedgangens-stad\\\/#article\",\"isPartOf\":{\"@id\":\"https:\\\/\\\/lightweb.dev\\\/l\\\/svm-temp\\\/artiklar\\\/solnedgangens-stad\\\/\"},\"author\":{\"name\":\"Redaktionen SvM\",\"@id\":\"https:\\\/\\\/lightweb.dev\\\/l\\\/svm-temp\\\/#\\\/schema\\\/person\\\/206a3bda5b607b0c25e1749191e4d837\"},\"headline\":\"Solnedg\u00e5ngens stad\",\"datePublished\":\"2008-09-30T22:00:00+00:00\",\"mainEntityOfPage\":{\"@id\":\"https:\\\/\\\/lightweb.dev\\\/l\\\/svm-temp\\\/artiklar\\\/solnedgangens-stad\\\/\"},\"wordCount\":1500,\"commentCount\":0,\"publisher\":{\"@id\":\"https:\\\/\\\/lightweb.dev\\\/l\\\/svm-temp\\\/#organization\"},\"image\":{\"@id\":\"https:\\\/\\\/lightweb.dev\\\/l\\\/svm-temp\\\/artiklar\\\/solnedgangens-stad\\\/#primaryimage\"},\"thumbnailUrl\":\"https:\\\/\\\/lightweb.dev\\\/l\\\/svm-temp\\\/wp-content\\\/uploads\\\/2022\\\/04\\\/solnedgngens-stad.png\",\"articleSection\":[\"Arkiv\",\"Artiklar\"],\"inLanguage\":\"sv-SE\"},{\"@type\":\"WebPage\",\"@id\":\"https:\\\/\\\/lightweb.dev\\\/l\\\/svm-temp\\\/artiklar\\\/solnedgangens-stad\\\/\",\"url\":\"https:\\\/\\\/lightweb.dev\\\/l\\\/svm-temp\\\/artiklar\\\/solnedgangens-stad\\\/\",\"name\":\"Solnedg\u00e5ngens stad - Svenska Magasinet\",\"isPartOf\":{\"@id\":\"https:\\\/\\\/lightweb.dev\\\/l\\\/svm-temp\\\/#website\"},\"primaryImageOfPage\":{\"@id\":\"https:\\\/\\\/lightweb.dev\\\/l\\\/svm-temp\\\/artiklar\\\/solnedgangens-stad\\\/#primaryimage\"},\"image\":{\"@id\":\"https:\\\/\\\/lightweb.dev\\\/l\\\/svm-temp\\\/artiklar\\\/solnedgangens-stad\\\/#primaryimage\"},\"thumbnailUrl\":\"https:\\\/\\\/lightweb.dev\\\/l\\\/svm-temp\\\/wp-content\\\/uploads\\\/2022\\\/04\\\/solnedgngens-stad.png\",\"datePublished\":\"2008-09-30T22:00:00+00:00\",\"breadcrumb\":{\"@id\":\"https:\\\/\\\/lightweb.dev\\\/l\\\/svm-temp\\\/artiklar\\\/solnedgangens-stad\\\/#breadcrumb\"},\"inLanguage\":\"sv-SE\",\"potentialAction\":[{\"@type\":\"ReadAction\",\"target\":[\"https:\\\/\\\/lightweb.dev\\\/l\\\/svm-temp\\\/artiklar\\\/solnedgangens-stad\\\/\"]}]},{\"@type\":\"ImageObject\",\"inLanguage\":\"sv-SE\",\"@id\":\"https:\\\/\\\/lightweb.dev\\\/l\\\/svm-temp\\\/artiklar\\\/solnedgangens-stad\\\/#primaryimage\",\"url\":\"https:\\\/\\\/lightweb.dev\\\/l\\\/svm-temp\\\/wp-content\\\/uploads\\\/2022\\\/04\\\/solnedgngens-stad.png\",\"contentUrl\":\"https:\\\/\\\/lightweb.dev\\\/l\\\/svm-temp\\\/wp-content\\\/uploads\\\/2022\\\/04\\\/solnedgngens-stad.png\",\"width\":280,\"height\":210},{\"@type\":\"BreadcrumbList\",\"@id\":\"https:\\\/\\\/lightweb.dev\\\/l\\\/svm-temp\\\/artiklar\\\/solnedgangens-stad\\\/#breadcrumb\",\"itemListElement\":[{\"@type\":\"ListItem\",\"position\":1,\"name\":\"Hem\",\"item\":\"https:\\\/\\\/lightweb.dev\\\/l\\\/svm-temp\\\/\"},{\"@type\":\"ListItem\",\"position\":2,\"name\":\"Solnedg\u00e5ngens stad\"}]},{\"@type\":\"WebSite\",\"@id\":\"https:\\\/\\\/lightweb.dev\\\/l\\\/svm-temp\\\/#website\",\"url\":\"https:\\\/\\\/lightweb.dev\\\/l\\\/svm-temp\\\/\",\"name\":\"Svenska Magasinet\",\"description\":\"Dina Spanska nyheter p&aring; Svenska\",\"publisher\":{\"@id\":\"https:\\\/\\\/lightweb.dev\\\/l\\\/svm-temp\\\/#organization\"},\"potentialAction\":[{\"@type\":\"SearchAction\",\"target\":{\"@type\":\"EntryPoint\",\"urlTemplate\":\"https:\\\/\\\/lightweb.dev\\\/l\\\/svm-temp\\\/?s={search_term_string}\"},\"query-input\":{\"@type\":\"PropertyValueSpecification\",\"valueRequired\":true,\"valueName\":\"search_term_string\"}}],\"inLanguage\":\"sv-SE\"},{\"@type\":\"Organization\",\"@id\":\"https:\\\/\\\/lightweb.dev\\\/l\\\/svm-temp\\\/#organization\",\"name\":\"Melkerson y Nott SL\",\"alternateName\":\"Svenska Magasinet\",\"url\":\"https:\\\/\\\/lightweb.dev\\\/l\\\/svm-temp\\\/\",\"logo\":{\"@type\":\"ImageObject\",\"inLanguage\":\"sv-SE\",\"@id\":\"https:\\\/\\\/lightweb.dev\\\/l\\\/svm-temp\\\/#\\\/schema\\\/logo\\\/image\\\/\",\"url\":\"https:\\\/\\\/lightweb.dev\\\/l\\\/svm-temp\\\/wp-content\\\/uploads\\\/2025\\\/02\\\/SvM-logo-Xtra-Centrerad-SVART.png\",\"contentUrl\":\"https:\\\/\\\/lightweb.dev\\\/l\\\/svm-temp\\\/wp-content\\\/uploads\\\/2025\\\/02\\\/SvM-logo-Xtra-Centrerad-SVART.png\",\"width\":300,\"height\":99,\"caption\":\"Melkerson y Nott SL\"},\"image\":{\"@id\":\"https:\\\/\\\/lightweb.dev\\\/l\\\/svm-temp\\\/#\\\/schema\\\/logo\\\/image\\\/\"},\"sameAs\":[\"https:\\\/\\\/www.facebook.com\\\/svenskamagasinet\",\"https:\\\/\\\/x.com\\\/SvenskaMagasine\"]},{\"@type\":\"Person\",\"@id\":\"https:\\\/\\\/lightweb.dev\\\/l\\\/svm-temp\\\/#\\\/schema\\\/person\\\/206a3bda5b607b0c25e1749191e4d837\",\"name\":\"Redaktionen SvM\",\"description\":\"Redaktionen\",\"sameAs\":[\"https:\\\/\\\/lightweb.dev\\\/l\\\/svm-temp\"],\"url\":\"https:\\\/\\\/lightweb.dev\\\/l\\\/svm-temp\\\/reporter\\\/redaktionen\\\/\"}]}<\/script>\n<!-- \/ Yoast SEO Premium plugin. -->","yoast_head_json":{"title":"Solnedg\u00e5ngens stad - Svenska Magasinet","robots":{"index":"noindex","follow":"follow","max-snippet":"max-snippet:-1","max-image-preview":"max-image-preview:large","max-video-preview":"max-video-preview:-1"},"og_locale":"sv_SE","og_type":"article","og_title":"Solnedg\u00e5ngens stad","og_description":"Det \u00e4r om\u00f6jligt att g\u00e5 vilse i C\u00e1diz. Oavsett \u00e5t vilket h\u00e5ll du g\u00e5r s\u00e5 m\u00f6ter havet dig. N\u00e5gon version av vilse i pannkakan utspelar sig knappast i V\u00e4steuropas \u00e4ldsta stad. D\u00e4remot har James Bond varit p\u00e5 bes\u00f6k. Men Napoleon d\u00e4remot lyckades aldrig ta sig in Text Ola Josefsson Foto Gustavo Fern\u00e1ndez Det s\u00e4gs att [&hellip;]","og_url":"https:\/\/lightweb.dev\/l\/svm-temp\/artiklar\/solnedgangens-stad\/","og_site_name":"Svenska Magasinet","article_publisher":"https:\/\/www.facebook.com\/svenskamagasinet","article_published_time":"2008-09-30T22:00:00+00:00","og_image":[{"width":280,"height":210,"url":"https:\/\/lightweb.dev\/l\/svm-temp\/wp-content\/uploads\/2022\/04\/solnedgngens-stad.png","type":"image\/png"}],"author":"Redaktionen SvM","twitter_card":"summary_large_image","twitter_creator":"@SvenskaMagasine","twitter_site":"@SvenskaMagasine","schema":{"@context":"https:\/\/schema.org","@graph":[{"@type":"Article","@id":"https:\/\/lightweb.dev\/l\/svm-temp\/artiklar\/solnedgangens-stad\/#article","isPartOf":{"@id":"https:\/\/lightweb.dev\/l\/svm-temp\/artiklar\/solnedgangens-stad\/"},"author":{"name":"Redaktionen SvM","@id":"https:\/\/lightweb.dev\/l\/svm-temp\/#\/schema\/person\/206a3bda5b607b0c25e1749191e4d837"},"headline":"Solnedg\u00e5ngens stad","datePublished":"2008-09-30T22:00:00+00:00","mainEntityOfPage":{"@id":"https:\/\/lightweb.dev\/l\/svm-temp\/artiklar\/solnedgangens-stad\/"},"wordCount":1500,"commentCount":0,"publisher":{"@id":"https:\/\/lightweb.dev\/l\/svm-temp\/#organization"},"image":{"@id":"https:\/\/lightweb.dev\/l\/svm-temp\/artiklar\/solnedgangens-stad\/#primaryimage"},"thumbnailUrl":"https:\/\/lightweb.dev\/l\/svm-temp\/wp-content\/uploads\/2022\/04\/solnedgngens-stad.png","articleSection":["Arkiv","Artiklar"],"inLanguage":"sv-SE"},{"@type":"WebPage","@id":"https:\/\/lightweb.dev\/l\/svm-temp\/artiklar\/solnedgangens-stad\/","url":"https:\/\/lightweb.dev\/l\/svm-temp\/artiklar\/solnedgangens-stad\/","name":"Solnedg\u00e5ngens stad - Svenska Magasinet","isPartOf":{"@id":"https:\/\/lightweb.dev\/l\/svm-temp\/#website"},"primaryImageOfPage":{"@id":"https:\/\/lightweb.dev\/l\/svm-temp\/artiklar\/solnedgangens-stad\/#primaryimage"},"image":{"@id":"https:\/\/lightweb.dev\/l\/svm-temp\/artiklar\/solnedgangens-stad\/#primaryimage"},"thumbnailUrl":"https:\/\/lightweb.dev\/l\/svm-temp\/wp-content\/uploads\/2022\/04\/solnedgngens-stad.png","datePublished":"2008-09-30T22:00:00+00:00","breadcrumb":{"@id":"https:\/\/lightweb.dev\/l\/svm-temp\/artiklar\/solnedgangens-stad\/#breadcrumb"},"inLanguage":"sv-SE","potentialAction":[{"@type":"ReadAction","target":["https:\/\/lightweb.dev\/l\/svm-temp\/artiklar\/solnedgangens-stad\/"]}]},{"@type":"ImageObject","inLanguage":"sv-SE","@id":"https:\/\/lightweb.dev\/l\/svm-temp\/artiklar\/solnedgangens-stad\/#primaryimage","url":"https:\/\/lightweb.dev\/l\/svm-temp\/wp-content\/uploads\/2022\/04\/solnedgngens-stad.png","contentUrl":"https:\/\/lightweb.dev\/l\/svm-temp\/wp-content\/uploads\/2022\/04\/solnedgngens-stad.png","width":280,"height":210},{"@type":"BreadcrumbList","@id":"https:\/\/lightweb.dev\/l\/svm-temp\/artiklar\/solnedgangens-stad\/#breadcrumb","itemListElement":[{"@type":"ListItem","position":1,"name":"Hem","item":"https:\/\/lightweb.dev\/l\/svm-temp\/"},{"@type":"ListItem","position":2,"name":"Solnedg\u00e5ngens stad"}]},{"@type":"WebSite","@id":"https:\/\/lightweb.dev\/l\/svm-temp\/#website","url":"https:\/\/lightweb.dev\/l\/svm-temp\/","name":"Svenska Magasinet","description":"Dina Spanska nyheter p&aring; Svenska","publisher":{"@id":"https:\/\/lightweb.dev\/l\/svm-temp\/#organization"},"potentialAction":[{"@type":"SearchAction","target":{"@type":"EntryPoint","urlTemplate":"https:\/\/lightweb.dev\/l\/svm-temp\/?s={search_term_string}"},"query-input":{"@type":"PropertyValueSpecification","valueRequired":true,"valueName":"search_term_string"}}],"inLanguage":"sv-SE"},{"@type":"Organization","@id":"https:\/\/lightweb.dev\/l\/svm-temp\/#organization","name":"Melkerson y Nott SL","alternateName":"Svenska Magasinet","url":"https:\/\/lightweb.dev\/l\/svm-temp\/","logo":{"@type":"ImageObject","inLanguage":"sv-SE","@id":"https:\/\/lightweb.dev\/l\/svm-temp\/#\/schema\/logo\/image\/","url":"https:\/\/lightweb.dev\/l\/svm-temp\/wp-content\/uploads\/2025\/02\/SvM-logo-Xtra-Centrerad-SVART.png","contentUrl":"https:\/\/lightweb.dev\/l\/svm-temp\/wp-content\/uploads\/2025\/02\/SvM-logo-Xtra-Centrerad-SVART.png","width":300,"height":99,"caption":"Melkerson y Nott SL"},"image":{"@id":"https:\/\/lightweb.dev\/l\/svm-temp\/#\/schema\/logo\/image\/"},"sameAs":["https:\/\/www.facebook.com\/svenskamagasinet","https:\/\/x.com\/SvenskaMagasine"]},{"@type":"Person","@id":"https:\/\/lightweb.dev\/l\/svm-temp\/#\/schema\/person\/206a3bda5b607b0c25e1749191e4d837","name":"Redaktionen SvM","description":"Redaktionen","sameAs":["https:\/\/lightweb.dev\/l\/svm-temp"],"url":"https:\/\/lightweb.dev\/l\/svm-temp\/reporter\/redaktionen\/"}]}},"_links":{"self":[{"href":"https:\/\/lightweb.dev\/l\/svm-temp\/wp-json\/wp\/v2\/posts\/2559","targetHints":{"allow":["GET"]}}],"collection":[{"href":"https:\/\/lightweb.dev\/l\/svm-temp\/wp-json\/wp\/v2\/posts"}],"about":[{"href":"https:\/\/lightweb.dev\/l\/svm-temp\/wp-json\/wp\/v2\/types\/post"}],"author":[{"embeddable":true,"href":"https:\/\/lightweb.dev\/l\/svm-temp\/wp-json\/wp\/v2\/users\/8"}],"replies":[{"embeddable":true,"href":"https:\/\/lightweb.dev\/l\/svm-temp\/wp-json\/wp\/v2\/comments?post=2559"}],"version-history":[{"count":0,"href":"https:\/\/lightweb.dev\/l\/svm-temp\/wp-json\/wp\/v2\/posts\/2559\/revisions"}],"wp:featuredmedia":[{"embeddable":true,"href":"https:\/\/lightweb.dev\/l\/svm-temp\/wp-json\/wp\/v2\/media\/2560"}],"wp:attachment":[{"href":"https:\/\/lightweb.dev\/l\/svm-temp\/wp-json\/wp\/v2\/media?parent=2559"}],"wp:term":[{"taxonomy":"category","embeddable":true,"href":"https:\/\/lightweb.dev\/l\/svm-temp\/wp-json\/wp\/v2\/categories?post=2559"},{"taxonomy":"post_tag","embeddable":true,"href":"https:\/\/lightweb.dev\/l\/svm-temp\/wp-json\/wp\/v2\/tags?post=2559"}],"curies":[{"name":"wp","href":"https:\/\/api.w.org\/{rel}","templated":true}]}}