{"id":2561,"date":"2008-10-01T00:00:00","date_gmt":"2008-09-30T22:00:00","guid":{"rendered":"https:\/\/lightweb.dev\/l\/svm-temp\/drommen-om-cadiz\/"},"modified":"2008-10-01T00:00:00","modified_gmt":"2008-09-30T22:00:00","slug":"drommen-om-cadiz","status":"publish","type":"post","link":"https:\/\/lightweb.dev\/l\/svm-temp\/artiklar\/drommen-om-cadiz\/","title":{"rendered":"Dr\u00f6mmen om C\u00e1diz"},"content":{"rendered":"<p> Den svenska n\u00e4rvaron i C\u00e1diz \u00e4r sedan honor\u00e4rkonsulatet st\u00e4ngde obetydlig i V\u00e4steuropas \u00e4ldsta stad. Det finns p\u00e5 det hela taget inte s\u00e5 m\u00e5nga utl\u00e4nningar i C\u00e1diz. \u00d6verv\u00e4gande delen av bes\u00f6karna \u00e4r spanska turister. S\u00f6der om C\u00e1diz ligger d\u00e4remot Chiclana och golfbanan Sancti Petri med tyska turister och vinterg\u00e4ster. Av Ola Josefsson<\/p>\n<p>Ett stort svenskevenemang i C\u00e1diz var l\u00f6rdagen den 19 november 2005 vid 11-tiden. D\u00e5 siktades Ostindiefararen G\u00f6theborg III strax utanf\u00f6r C\u00e1diz hamninlopp. P\u00e5 kajen hade ett tusental personer samlats f\u00f6r att ta emot G\u00f6theborg.<br \/>\nDet var spanjorer och m\u00e5nga tillresta svenskar som h\u00e4lsade skeppet och dess bes\u00e4ttning v\u00e4lkommen med svenska flaggor och hurrarop ackompanjerade till C\u00e1diz egen bl\u00e5sorkester. Under tio dagar l\u00e5g hon i hamn.<\/p>\n<p>HANDFULL SVENSKAR<br \/>\nDet finns en handfull bofasta svenskar ut\u00f6ver de svenska spr\u00e5kstudenter som \u00e4r p\u00e5 tillf\u00e4lligt bes\u00f6k. Irene Lindberg fr\u00e5n Link\u00f6ping kom till C\u00e1diz redan f\u00f6r 38 \u00e5r sedan. F\u00f6rutom n\u00e5gra kortare perioder i La Coru\u00f1a, Madrid och Sverige har hon varit bosatt i C\u00e1diz d\u00e4r hon ocks\u00e5 har en l\u00e4genhet med fyra sovrum som 1970 kostade 650.000 pesetas.<br \/>\nHon var tidigare gift med en spanjor som arbetade vid marinen. Nu jobbar hon inom hemtj\u00e4nsten f\u00f6r ett privat bolag vars tj\u00e4nster kommunen k\u00f6per in. Irene har fyra \u00e4ldre personer som hon v\u00e5rdar.<br \/>\n-C\u00e1diz \u00e4r en trevlig stad med m\u00e5nga festligheter, s\u00e4ger Irene som antagligen flyttar till Sverige inom kort f\u00f6r att sk\u00f6ta om sin mamma.<br \/>\nIrene har fyra d\u00f6ttrar varav en bor i Link\u00f6ping. En annan \u00e4r Eva Lindberg, 26, f\u00f6dd i C\u00e1diz, svensk- och spansktalande och som utbildar sig till journalist i Sevilla.<\/p>\n<p>\u00d6STERSUNDSTJEJ<br \/>\nI C\u00e1diz gamla stad bor \u00d6stersundstjejen \u00c5sa Olsson P\u00e9rez. Hon tr\u00e4ffade Ernesto P\u00e9rez Hormaeche i samband med utbildning i London. Han var d\u00e4r f\u00f6r att g\u00f6ra en doktorsavhandling i arkeologi.<br \/>\nDe blev ett par och det blev Madrid i sju \u00e5r. \u00c5sa jobbade med diverse jobb i den spanska huvudstaden. Hotel Suecia, Restaurang Bellman, flygbolaget Spanair, Electrolux innan det blev jobb som flygv\u00e4rdinna.<br \/>\n-Men jag ville till C\u00e1diz, men Ernesto ville flytta till Sverige. Jag fick som jag ville\u2026<br \/>\nV\u00e4steuropas \u00e4ldsta stad har h\u00f6g arbetsl\u00f6shet men det ordnade sig fint f\u00f6r \u00c5sa som fick jobb p\u00e5 Det Norske Veritas Espa\u00f1a, S.L., ett f\u00f6retag som arbetar med certifiering och utf\u00f6r kontroller p\u00e5 fartyg s\u00e5 att dessa uppfyller internationella regler. DNV finns i flera spanska hamnst\u00e4der med huvudkontor i Madrid.<br \/>\n-C\u00e1diz \u00e4r fin och har mycket att erbjuda.  M\u00e4nniskorna bryr sig inte s\u00e5 mycket om det materiella, de lever enkelt, umg\u00e5s, g\u00e5r p\u00e5 caf\u00e9er och lever f\u00f6r dagen. H\u00e4rifr\u00e5n kommer m\u00e5nga artister, s\u00e5ngare, dansare, musiker och konstn\u00e4rer, ber\u00e4ttar \u00c5sa Olsson P\u00e9rez.<\/p>\n<p>SPR\u00c5KSKOLA<br \/>\nNyligen hade \u00c5sa och Ernesto en svensk barnflicka som avslutat sina studier vid spr\u00e5kskolan SIC i C\u00e1diz. Stina Yxsj\u00f6, 23, fr\u00e5n \u00d6rebro och Fr\u00f6vi ska till Sverige n\u00e5gra veckor, sedan v\u00e4ntar Barcelona.<br \/>\n-Men jag vill tillbaka till C\u00e1diz. Jag hoppas kunna hitta ett arbete h\u00e4r. Men det \u00e4r sv\u00e5rt, det \u00e4r l\u00e4ttare i Barcelona som har flera telemarketingf\u00f6retag som anst\u00e4ller massvis av svenska ungdomar, s\u00e4ger Stina Yxsj\u00f6 n\u00e4r vi tr\u00e4ffar henne dagen f\u00f6re avresan till Sverige.<br \/>\n-C\u00e1diz har inte samma utbud som Barcelona men det \u00e4r mer spanskt genuint. Trevliga enkla m\u00e4nniskor som \u00e4r stolta \u00f6ver sin historia. <\/p>\n","protected":false},"excerpt":{"rendered":"<p>Den svenska n\u00e4rvaron i C\u00e1diz \u00e4r sedan honor\u00e4rkonsulatet st\u00e4ngde obetydlig i V\u00e4steuropas \u00e4ldsta stad. Det finns p\u00e5 det hela taget inte s\u00e5 m\u00e5nga utl\u00e4nningar i C\u00e1diz. \u00d6verv\u00e4gande delen av bes\u00f6karna \u00e4r spanska turister. S\u00f6der om C\u00e1diz ligger d\u00e4remot Chiclana och golfbanan Sancti Petri med tyska turister och vinterg\u00e4ster. Av Ola Josefsson Ett stort svenskevenemang i [&hellip;]<\/p>\n","protected":false},"author":8,"featured_media":2562,"comment_status":"open","ping_status":"open","sticky":false,"template":"","format":"standard","meta":{"_et_pb_use_builder":"","_et_pb_old_content":"","_et_gb_content_width":"","footnotes":""},"categories":[396,4],"tags":[],"class_list":["post-2561","post","type-post","status-publish","format-standard","has-post-thumbnail","hentry","category-arkiv-artiklar","category-artiklar"],"yoast_head":"<!-- This site is optimized with the Yoast SEO Premium plugin v26.2 (Yoast SEO v27.4) - https:\/\/yoast.com\/product\/yoast-seo-premium-wordpress\/ -->\n<title>Dr\u00f6mmen om C\u00e1diz - Svenska Magasinet<\/title>\n<meta name=\"robots\" content=\"noindex, follow, max-snippet:-1, max-image-preview:large, max-video-preview:-1\" \/>\n<meta property=\"og:locale\" content=\"sv_SE\" \/>\n<meta property=\"og:type\" content=\"article\" \/>\n<meta property=\"og:title\" content=\"Dr\u00f6mmen om C\u00e1diz\" \/>\n<meta property=\"og:description\" content=\"Den svenska n\u00e4rvaron i C\u00e1diz \u00e4r sedan honor\u00e4rkonsulatet st\u00e4ngde obetydlig i V\u00e4steuropas \u00e4ldsta stad. Det finns p\u00e5 det hela taget inte s\u00e5 m\u00e5nga utl\u00e4nningar i C\u00e1diz. \u00d6verv\u00e4gande delen av bes\u00f6karna \u00e4r spanska turister. S\u00f6der om C\u00e1diz ligger d\u00e4remot Chiclana och golfbanan Sancti Petri med tyska turister och vinterg\u00e4ster. Av Ola Josefsson Ett stort svenskevenemang i [&hellip;]\" \/>\n<meta property=\"og:url\" content=\"https:\/\/lightweb.dev\/l\/svm-temp\/artiklar\/drommen-om-cadiz\/\" \/>\n<meta property=\"og:site_name\" content=\"Svenska Magasinet\" \/>\n<meta property=\"article:publisher\" content=\"https:\/\/www.facebook.com\/svenskamagasinet\" \/>\n<meta property=\"article:published_time\" content=\"2008-09-30T22:00:00+00:00\" \/>\n<meta property=\"og:image\" content=\"https:\/\/lightweb.dev\/l\/svm-temp\/wp-content\/uploads\/2022\/04\/drmmen-om-cdiz.png\" \/>\n\t<meta property=\"og:image:width\" content=\"299\" \/>\n\t<meta property=\"og:image:height\" content=\"200\" \/>\n\t<meta property=\"og:image:type\" content=\"image\/png\" \/>\n<meta name=\"author\" content=\"Redaktionen SvM\" \/>\n<meta name=\"twitter:card\" content=\"summary_large_image\" \/>\n<meta name=\"twitter:creator\" content=\"@SvenskaMagasine\" \/>\n<meta name=\"twitter:site\" content=\"@SvenskaMagasine\" \/>\n<script type=\"application\/ld+json\" class=\"yoast-schema-graph\">{\"@context\":\"https:\\\/\\\/schema.org\",\"@graph\":[{\"@type\":\"Article\",\"@id\":\"https:\\\/\\\/lightweb.dev\\\/l\\\/svm-temp\\\/artiklar\\\/drommen-om-cadiz\\\/#article\",\"isPartOf\":{\"@id\":\"https:\\\/\\\/lightweb.dev\\\/l\\\/svm-temp\\\/artiklar\\\/drommen-om-cadiz\\\/\"},\"author\":{\"name\":\"Redaktionen SvM\",\"@id\":\"https:\\\/\\\/lightweb.dev\\\/l\\\/svm-temp\\\/#\\\/schema\\\/person\\\/206a3bda5b607b0c25e1749191e4d837\"},\"headline\":\"Dr\u00f6mmen om C\u00e1diz\",\"datePublished\":\"2008-09-30T22:00:00+00:00\",\"mainEntityOfPage\":{\"@id\":\"https:\\\/\\\/lightweb.dev\\\/l\\\/svm-temp\\\/artiklar\\\/drommen-om-cadiz\\\/\"},\"wordCount\":633,\"commentCount\":0,\"publisher\":{\"@id\":\"https:\\\/\\\/lightweb.dev\\\/l\\\/svm-temp\\\/#organization\"},\"image\":{\"@id\":\"https:\\\/\\\/lightweb.dev\\\/l\\\/svm-temp\\\/artiklar\\\/drommen-om-cadiz\\\/#primaryimage\"},\"thumbnailUrl\":\"https:\\\/\\\/lightweb.dev\\\/l\\\/svm-temp\\\/wp-content\\\/uploads\\\/2022\\\/04\\\/drmmen-om-cdiz.png\",\"articleSection\":[\"Arkiv\",\"Artiklar\"],\"inLanguage\":\"sv-SE\"},{\"@type\":\"WebPage\",\"@id\":\"https:\\\/\\\/lightweb.dev\\\/l\\\/svm-temp\\\/artiklar\\\/drommen-om-cadiz\\\/\",\"url\":\"https:\\\/\\\/lightweb.dev\\\/l\\\/svm-temp\\\/artiklar\\\/drommen-om-cadiz\\\/\",\"name\":\"Dr\u00f6mmen om C\u00e1diz - Svenska Magasinet\",\"isPartOf\":{\"@id\":\"https:\\\/\\\/lightweb.dev\\\/l\\\/svm-temp\\\/#website\"},\"primaryImageOfPage\":{\"@id\":\"https:\\\/\\\/lightweb.dev\\\/l\\\/svm-temp\\\/artiklar\\\/drommen-om-cadiz\\\/#primaryimage\"},\"image\":{\"@id\":\"https:\\\/\\\/lightweb.dev\\\/l\\\/svm-temp\\\/artiklar\\\/drommen-om-cadiz\\\/#primaryimage\"},\"thumbnailUrl\":\"https:\\\/\\\/lightweb.dev\\\/l\\\/svm-temp\\\/wp-content\\\/uploads\\\/2022\\\/04\\\/drmmen-om-cdiz.png\",\"datePublished\":\"2008-09-30T22:00:00+00:00\",\"breadcrumb\":{\"@id\":\"https:\\\/\\\/lightweb.dev\\\/l\\\/svm-temp\\\/artiklar\\\/drommen-om-cadiz\\\/#breadcrumb\"},\"inLanguage\":\"sv-SE\",\"potentialAction\":[{\"@type\":\"ReadAction\",\"target\":[\"https:\\\/\\\/lightweb.dev\\\/l\\\/svm-temp\\\/artiklar\\\/drommen-om-cadiz\\\/\"]}]},{\"@type\":\"ImageObject\",\"inLanguage\":\"sv-SE\",\"@id\":\"https:\\\/\\\/lightweb.dev\\\/l\\\/svm-temp\\\/artiklar\\\/drommen-om-cadiz\\\/#primaryimage\",\"url\":\"https:\\\/\\\/lightweb.dev\\\/l\\\/svm-temp\\\/wp-content\\\/uploads\\\/2022\\\/04\\\/drmmen-om-cdiz.png\",\"contentUrl\":\"https:\\\/\\\/lightweb.dev\\\/l\\\/svm-temp\\\/wp-content\\\/uploads\\\/2022\\\/04\\\/drmmen-om-cdiz.png\",\"width\":299,\"height\":200},{\"@type\":\"BreadcrumbList\",\"@id\":\"https:\\\/\\\/lightweb.dev\\\/l\\\/svm-temp\\\/artiklar\\\/drommen-om-cadiz\\\/#breadcrumb\",\"itemListElement\":[{\"@type\":\"ListItem\",\"position\":1,\"name\":\"Hem\",\"item\":\"https:\\\/\\\/lightweb.dev\\\/l\\\/svm-temp\\\/\"},{\"@type\":\"ListItem\",\"position\":2,\"name\":\"Dr\u00f6mmen om C\u00e1diz\"}]},{\"@type\":\"WebSite\",\"@id\":\"https:\\\/\\\/lightweb.dev\\\/l\\\/svm-temp\\\/#website\",\"url\":\"https:\\\/\\\/lightweb.dev\\\/l\\\/svm-temp\\\/\",\"name\":\"Svenska Magasinet\",\"description\":\"Dina Spanska nyheter p&aring; Svenska\",\"publisher\":{\"@id\":\"https:\\\/\\\/lightweb.dev\\\/l\\\/svm-temp\\\/#organization\"},\"potentialAction\":[{\"@type\":\"SearchAction\",\"target\":{\"@type\":\"EntryPoint\",\"urlTemplate\":\"https:\\\/\\\/lightweb.dev\\\/l\\\/svm-temp\\\/?s={search_term_string}\"},\"query-input\":{\"@type\":\"PropertyValueSpecification\",\"valueRequired\":true,\"valueName\":\"search_term_string\"}}],\"inLanguage\":\"sv-SE\"},{\"@type\":\"Organization\",\"@id\":\"https:\\\/\\\/lightweb.dev\\\/l\\\/svm-temp\\\/#organization\",\"name\":\"Melkerson y Nott SL\",\"alternateName\":\"Svenska Magasinet\",\"url\":\"https:\\\/\\\/lightweb.dev\\\/l\\\/svm-temp\\\/\",\"logo\":{\"@type\":\"ImageObject\",\"inLanguage\":\"sv-SE\",\"@id\":\"https:\\\/\\\/lightweb.dev\\\/l\\\/svm-temp\\\/#\\\/schema\\\/logo\\\/image\\\/\",\"url\":\"https:\\\/\\\/lightweb.dev\\\/l\\\/svm-temp\\\/wp-content\\\/uploads\\\/2025\\\/02\\\/SvM-logo-Xtra-Centrerad-SVART.png\",\"contentUrl\":\"https:\\\/\\\/lightweb.dev\\\/l\\\/svm-temp\\\/wp-content\\\/uploads\\\/2025\\\/02\\\/SvM-logo-Xtra-Centrerad-SVART.png\",\"width\":300,\"height\":99,\"caption\":\"Melkerson y Nott SL\"},\"image\":{\"@id\":\"https:\\\/\\\/lightweb.dev\\\/l\\\/svm-temp\\\/#\\\/schema\\\/logo\\\/image\\\/\"},\"sameAs\":[\"https:\\\/\\\/www.facebook.com\\\/svenskamagasinet\",\"https:\\\/\\\/x.com\\\/SvenskaMagasine\"]},{\"@type\":\"Person\",\"@id\":\"https:\\\/\\\/lightweb.dev\\\/l\\\/svm-temp\\\/#\\\/schema\\\/person\\\/206a3bda5b607b0c25e1749191e4d837\",\"name\":\"Redaktionen SvM\",\"description\":\"Redaktionen\",\"sameAs\":[\"https:\\\/\\\/lightweb.dev\\\/l\\\/svm-temp\"],\"url\":\"https:\\\/\\\/lightweb.dev\\\/l\\\/svm-temp\\\/reporter\\\/redaktionen\\\/\"}]}<\/script>\n<!-- \/ Yoast SEO Premium plugin. -->","yoast_head_json":{"title":"Dr\u00f6mmen om C\u00e1diz - Svenska Magasinet","robots":{"index":"noindex","follow":"follow","max-snippet":"max-snippet:-1","max-image-preview":"max-image-preview:large","max-video-preview":"max-video-preview:-1"},"og_locale":"sv_SE","og_type":"article","og_title":"Dr\u00f6mmen om C\u00e1diz","og_description":"Den svenska n\u00e4rvaron i C\u00e1diz \u00e4r sedan honor\u00e4rkonsulatet st\u00e4ngde obetydlig i V\u00e4steuropas \u00e4ldsta stad. Det finns p\u00e5 det hela taget inte s\u00e5 m\u00e5nga utl\u00e4nningar i C\u00e1diz. \u00d6verv\u00e4gande delen av bes\u00f6karna \u00e4r spanska turister. S\u00f6der om C\u00e1diz ligger d\u00e4remot Chiclana och golfbanan Sancti Petri med tyska turister och vinterg\u00e4ster. Av Ola Josefsson Ett stort svenskevenemang i [&hellip;]","og_url":"https:\/\/lightweb.dev\/l\/svm-temp\/artiklar\/drommen-om-cadiz\/","og_site_name":"Svenska Magasinet","article_publisher":"https:\/\/www.facebook.com\/svenskamagasinet","article_published_time":"2008-09-30T22:00:00+00:00","og_image":[{"width":299,"height":200,"url":"https:\/\/lightweb.dev\/l\/svm-temp\/wp-content\/uploads\/2022\/04\/drmmen-om-cdiz.png","type":"image\/png"}],"author":"Redaktionen SvM","twitter_card":"summary_large_image","twitter_creator":"@SvenskaMagasine","twitter_site":"@SvenskaMagasine","schema":{"@context":"https:\/\/schema.org","@graph":[{"@type":"Article","@id":"https:\/\/lightweb.dev\/l\/svm-temp\/artiklar\/drommen-om-cadiz\/#article","isPartOf":{"@id":"https:\/\/lightweb.dev\/l\/svm-temp\/artiklar\/drommen-om-cadiz\/"},"author":{"name":"Redaktionen SvM","@id":"https:\/\/lightweb.dev\/l\/svm-temp\/#\/schema\/person\/206a3bda5b607b0c25e1749191e4d837"},"headline":"Dr\u00f6mmen om C\u00e1diz","datePublished":"2008-09-30T22:00:00+00:00","mainEntityOfPage":{"@id":"https:\/\/lightweb.dev\/l\/svm-temp\/artiklar\/drommen-om-cadiz\/"},"wordCount":633,"commentCount":0,"publisher":{"@id":"https:\/\/lightweb.dev\/l\/svm-temp\/#organization"},"image":{"@id":"https:\/\/lightweb.dev\/l\/svm-temp\/artiklar\/drommen-om-cadiz\/#primaryimage"},"thumbnailUrl":"https:\/\/lightweb.dev\/l\/svm-temp\/wp-content\/uploads\/2022\/04\/drmmen-om-cdiz.png","articleSection":["Arkiv","Artiklar"],"inLanguage":"sv-SE"},{"@type":"WebPage","@id":"https:\/\/lightweb.dev\/l\/svm-temp\/artiklar\/drommen-om-cadiz\/","url":"https:\/\/lightweb.dev\/l\/svm-temp\/artiklar\/drommen-om-cadiz\/","name":"Dr\u00f6mmen om C\u00e1diz - Svenska Magasinet","isPartOf":{"@id":"https:\/\/lightweb.dev\/l\/svm-temp\/#website"},"primaryImageOfPage":{"@id":"https:\/\/lightweb.dev\/l\/svm-temp\/artiklar\/drommen-om-cadiz\/#primaryimage"},"image":{"@id":"https:\/\/lightweb.dev\/l\/svm-temp\/artiklar\/drommen-om-cadiz\/#primaryimage"},"thumbnailUrl":"https:\/\/lightweb.dev\/l\/svm-temp\/wp-content\/uploads\/2022\/04\/drmmen-om-cdiz.png","datePublished":"2008-09-30T22:00:00+00:00","breadcrumb":{"@id":"https:\/\/lightweb.dev\/l\/svm-temp\/artiklar\/drommen-om-cadiz\/#breadcrumb"},"inLanguage":"sv-SE","potentialAction":[{"@type":"ReadAction","target":["https:\/\/lightweb.dev\/l\/svm-temp\/artiklar\/drommen-om-cadiz\/"]}]},{"@type":"ImageObject","inLanguage":"sv-SE","@id":"https:\/\/lightweb.dev\/l\/svm-temp\/artiklar\/drommen-om-cadiz\/#primaryimage","url":"https:\/\/lightweb.dev\/l\/svm-temp\/wp-content\/uploads\/2022\/04\/drmmen-om-cdiz.png","contentUrl":"https:\/\/lightweb.dev\/l\/svm-temp\/wp-content\/uploads\/2022\/04\/drmmen-om-cdiz.png","width":299,"height":200},{"@type":"BreadcrumbList","@id":"https:\/\/lightweb.dev\/l\/svm-temp\/artiklar\/drommen-om-cadiz\/#breadcrumb","itemListElement":[{"@type":"ListItem","position":1,"name":"Hem","item":"https:\/\/lightweb.dev\/l\/svm-temp\/"},{"@type":"ListItem","position":2,"name":"Dr\u00f6mmen om C\u00e1diz"}]},{"@type":"WebSite","@id":"https:\/\/lightweb.dev\/l\/svm-temp\/#website","url":"https:\/\/lightweb.dev\/l\/svm-temp\/","name":"Svenska Magasinet","description":"Dina Spanska nyheter p&aring; Svenska","publisher":{"@id":"https:\/\/lightweb.dev\/l\/svm-temp\/#organization"},"potentialAction":[{"@type":"SearchAction","target":{"@type":"EntryPoint","urlTemplate":"https:\/\/lightweb.dev\/l\/svm-temp\/?s={search_term_string}"},"query-input":{"@type":"PropertyValueSpecification","valueRequired":true,"valueName":"search_term_string"}}],"inLanguage":"sv-SE"},{"@type":"Organization","@id":"https:\/\/lightweb.dev\/l\/svm-temp\/#organization","name":"Melkerson y Nott SL","alternateName":"Svenska Magasinet","url":"https:\/\/lightweb.dev\/l\/svm-temp\/","logo":{"@type":"ImageObject","inLanguage":"sv-SE","@id":"https:\/\/lightweb.dev\/l\/svm-temp\/#\/schema\/logo\/image\/","url":"https:\/\/lightweb.dev\/l\/svm-temp\/wp-content\/uploads\/2025\/02\/SvM-logo-Xtra-Centrerad-SVART.png","contentUrl":"https:\/\/lightweb.dev\/l\/svm-temp\/wp-content\/uploads\/2025\/02\/SvM-logo-Xtra-Centrerad-SVART.png","width":300,"height":99,"caption":"Melkerson y Nott SL"},"image":{"@id":"https:\/\/lightweb.dev\/l\/svm-temp\/#\/schema\/logo\/image\/"},"sameAs":["https:\/\/www.facebook.com\/svenskamagasinet","https:\/\/x.com\/SvenskaMagasine"]},{"@type":"Person","@id":"https:\/\/lightweb.dev\/l\/svm-temp\/#\/schema\/person\/206a3bda5b607b0c25e1749191e4d837","name":"Redaktionen SvM","description":"Redaktionen","sameAs":["https:\/\/lightweb.dev\/l\/svm-temp"],"url":"https:\/\/lightweb.dev\/l\/svm-temp\/reporter\/redaktionen\/"}]}},"_links":{"self":[{"href":"https:\/\/lightweb.dev\/l\/svm-temp\/wp-json\/wp\/v2\/posts\/2561","targetHints":{"allow":["GET"]}}],"collection":[{"href":"https:\/\/lightweb.dev\/l\/svm-temp\/wp-json\/wp\/v2\/posts"}],"about":[{"href":"https:\/\/lightweb.dev\/l\/svm-temp\/wp-json\/wp\/v2\/types\/post"}],"author":[{"embeddable":true,"href":"https:\/\/lightweb.dev\/l\/svm-temp\/wp-json\/wp\/v2\/users\/8"}],"replies":[{"embeddable":true,"href":"https:\/\/lightweb.dev\/l\/svm-temp\/wp-json\/wp\/v2\/comments?post=2561"}],"version-history":[{"count":0,"href":"https:\/\/lightweb.dev\/l\/svm-temp\/wp-json\/wp\/v2\/posts\/2561\/revisions"}],"wp:featuredmedia":[{"embeddable":true,"href":"https:\/\/lightweb.dev\/l\/svm-temp\/wp-json\/wp\/v2\/media\/2562"}],"wp:attachment":[{"href":"https:\/\/lightweb.dev\/l\/svm-temp\/wp-json\/wp\/v2\/media?parent=2561"}],"wp:term":[{"taxonomy":"category","embeddable":true,"href":"https:\/\/lightweb.dev\/l\/svm-temp\/wp-json\/wp\/v2\/categories?post=2561"},{"taxonomy":"post_tag","embeddable":true,"href":"https:\/\/lightweb.dev\/l\/svm-temp\/wp-json\/wp\/v2\/tags?post=2561"}],"curies":[{"name":"wp","href":"https:\/\/api.w.org\/{rel}","templated":true}]}}