{"id":2565,"date":"2008-10-01T00:00:00","date_gmt":"2008-09-30T22:00:00","guid":{"rendered":"https:\/\/lightweb.dev\/l\/svm-temp\/prisbelonte-fotografen-mattias-klum-kommer-till-solkusten-det-ar-fantastiskt-att-fa-sitta-pa-forsta-parkett-i-livets-laboratorium\/"},"modified":"2008-10-01T00:00:00","modified_gmt":"2008-09-30T22:00:00","slug":"prisbelonte-fotografen-mattias-klum-kommer-till-solkusten-det-ar-fantastiskt-att-fa-sitta-pa-forsta-parkett-i-livets-laboratorium","status":"publish","type":"post","link":"https:\/\/lightweb.dev\/l\/svm-temp\/artiklar\/prisbelonte-fotografen-mattias-klum-kommer-till-solkusten-det-ar-fantastiskt-att-fa-sitta-pa-forsta-parkett-i-livets-laboratorium\/","title":{"rendered":"Prisbel\u00f6nte fotografen Mattias Klum kommer till Solkusten: &#8221;Det \u00e4r fantastiskt att f\u00e5 sitta p\u00e5 f\u00f6rsta parkett i livets laboratorium\u201d"},"content":{"rendered":"<p> Hans arbete har blivit publicerat i m\u00e5nga av v\u00e4rldens ledande tidskrifter. Det har blivit b\u00f6cker, foto och film f\u00f6r att ber\u00f6ra m\u00e4nniskor av det som han sj\u00e4lv blivit ber\u00f6rd av. Mattias Klum som kommer till Solkusten i november i samband med Swedbanks seminarier vill visa att vi lever i en sk\u00f6r v\u00e4rld, d\u00e4r vi med v\u00e5r livsstil p\u00e5verkar andra platser d\u00e4r vi sj\u00e4lva inte bor. Av Ola Josefsson<\/p>\n<p>N\u00e4r jag n\u00e5r Mattias Klum p\u00e5 telefon har han precis blivit intervjuad av Expressen ang\u00e5ende milj\u00f6situationen i \u00d6stersj\u00f6n. Senare p\u00e5 dagen reser han till Kina.<br \/>\n-Det \u00e4r World Economic Forum i Davos som har utvalt n\u00e5gra unga globala ledare till n\u00e5gra dagars m\u00f6te i Kina f\u00f6r att diskutera hur vi ska f\u00e5 en h\u00e5llbar v\u00e4rld, s\u00e4ger Mattias Klum.<\/p>\n<p>UPPSALASON<br \/>\nMattias Klum, f\u00f6ddes1968 i Uppsala. I ton\u00e5ren blev han natur\u2013 och milj\u00f6engagerad. Sedan 17 \u00e5rs \u00e5lder har han fotograferat p\u00e5 heltid inom natur, milj\u00f6 och kultur.<br \/>\nSedan dess har hans arbete blivit publicerat i m\u00e5nga av v\u00e4rldens ledande tidskrifter s\u00e5som National Geographic, Wildlife Conservation, Audubon och Geo. Hans fotografier \u00e4r representerade i The National Geographic Image Collection. Han har \u00e4ven producerat ett par l\u00e4ngre dokument\u00e4rfilmer; &#8221;The Eye of the Forest&#8221;, en film om Borneo, &#8221;Den Sk\u00f6ra Tr\u00e5den&#8221; och &#8221;Search for the Sea Eagle&#8221; tillsammans med sin fru och kollega Monika Klum och &#8221;Expedition Linn\u00e9&#8221; tillsammans med producent Folke Ryd\u00e9n.<\/p>\n<p>BER\u00d6RD<br \/>\nMattias Klum blir ber\u00f6rd och han v\u00e4ljer olika metoder att f\u00e5nga det han blir ber\u00f6rda av som fantastiska v\u00e4rldar, arter och kulturer. Det blir b\u00f6cker, foto och film f\u00f6r att i sin tur ber\u00f6ra andra m\u00e4nniskor. Det kan vara allt fr\u00e5n stort till sm\u00e5tt, lokala f\u00f6reteelser som till det v\u00e4rldsvida globala.<br \/>\n-Jag vill ber\u00f6ra till f\u00f6r\u00e4ndring och f\u00e5 m\u00e4nniskor att se hur vi beter oss och vad det blir f\u00f6r konsekvenser av v\u00e5r livsstil. Vi kan inte bara skjuta \u00f6ver ansvaret p\u00e5 politiker. Det handlar om individansvar, betonar Mattias Klum. Det \u00e4r farligt om vi l\u00e4gger oss till med inst\u00e4llningen att det vi g\u00f6r inte skulle ha n\u00e5gon inverkan p\u00e5 saker och ting.<\/p>\n<p>EXPEDITIONER<br \/>\nStora expeditioner har tagit honom g\u00e5tt till Malaysiska Borneo och Brunei 1988, Nigeria 1990, Brasilien och Costa Rica 1991, Malaysiska Borneo 1995-1996, Indien 1999, Guyana 1999, Indien 2000 och Malaysia, Thailand, Indien, Sydafrika 2001, Ecuador, Panama och Mongoliet 2002, Malaysia 2003 och 2004, Peru och Antarktis 2005, Expedition Linn\u00e9, ett \u00e4ventyr i sju v\u00e4rldsdelar 2006-2007, Island 2007 samt Indonesien, Malaysia 2007 och 2008.<br \/>\n-Varje expedition bjuder p\u00e5 n\u00e5got nytt. Men att vara mitt inne i Amazonas \u00e4r en fantastisk upplevelse, det \u00e4r en fantastisk kontinent, b\u00e5de kulturellt och biologiskt. Borneo \u00e4r en annan h\u00f6jdare. En paradox \u00e4r att jag ofta blir fascinerad av det lilla. Det fantastiska med jorden \u00e4r att vi inte beh\u00f6ver \u00e5ka s\u00e5 l\u00e5ngt, vi kan gr\u00e4va d\u00e4r vi st\u00e5r just f\u00f6r tillf\u00e4llet. Det \u00e4r viktigt att inte bli hemmablind, d\u00e5 blir livet tr\u00e5kigt.<\/p>\n<p>Den 20 och 21 november kommer du att f\u00f6rel\u00e4sa och visa bilder i samband med Swedbanks seminarier i Marbella och Fuengirola. Vad kommer du att bjuda p\u00e5?<br \/>\n-Jag vill ta med publiken p\u00e5 en sp\u00e4nnande resa med intressanta m\u00f6ten med m\u00e4nniskor och djur exempelvis kungskobran. Jag vill ocks\u00e5 visa att vi lever i en sk\u00f6r v\u00e4rld, d\u00e4r v\u00e5r livsstil p\u00e5verkar andra platser d\u00e4r vi sj\u00e4lva inte bor.<br \/>\n-Jag \u00e4r v\u00e4ldigt glad och tacksam f\u00f6r att jag f\u00e5tt denna inbjudan av Swedbank som dessutom \u00e4r ett milj\u00f6certifierat f\u00f6retag. Ska verkligen bli roligt att komma till Solkusten. Faktum \u00e4r att Spanien \u00e4r ganska outforskat f\u00f6r min egen del. Jag har f\u00f6rel\u00e4st i Bilbao och bes\u00f6ker ibland \u00f6stra delen av Solkusten d\u00e4r jag har en v\u00e4n jag h\u00e4lsar p\u00e5. Jag gillar spansk mat och dryck men jag har aldrig fotat eller filmat i Spanien.<\/p>\n<p>Vad k\u00e4nner du kring klimatf\u00f6r\u00e4ndringen?<br \/>\n-Klimatf\u00f6r\u00e4ndringen blir tydliga n\u00e4r man arbetar som jag g\u00f6r. Det kan vara sv\u00e5rt att se klimatf\u00f6r\u00e4ndringen om man inte f\u00e5r referenser om hur det har varit tidigare. N\u00e4r vi studerar glaci\u00e4rernas f\u00f6r\u00e4ndringar blir det tydligt att vi har f\u00f6r\u00e4ndringar som g\u00e5r ovanligt snabbt. Sedan finns det olika teorier om detta. Jag tror precis som m\u00e5nga forskare att en stor orsak till f\u00f6r\u00e4ndringen \u00e4r koldioxidutsl\u00e4ppen som alstrar v\u00e4xthuseffekten och det g\u00e4ller f\u00f6r oss att l\u00e4gga tid och kraft att motverka denna.<br \/>\n-Oavsett om det beror p\u00e5 oss eller hur mycket som \u00e4r m\u00e4nniskorelaterat \u00e4r det ett faktum att isen sm\u00e4lter liksom glaci\u00e4rerna och att det kommer att p\u00e5verka oss. Vi m\u00e5ste bromsa situationen och inte l\u00e4gga oss till med inst\u00e4llningen att detta inte ang\u00e5r mig eller sv\u00e4ra sig fri. Gl\u00e4djande \u00e4r att det finns en trend att m\u00e4nniskor ser och vill engagera sig.<\/p>\n<p>URSPRUNGET<br \/>\nMattias Klum har sv\u00e5rt att f\u00f6rklara ursprunget till allt det vackra som vi har runt omkring oss. Han beskriver det som en \u201dNobelprisfr\u00e5ga\u201d. Desto tydligare, enligt honom sj\u00e4lv, \u00e4r att vi befinner oss i en evolutionisk utvecklingsprocess d\u00e4r varelser anpassar sig efter de f\u00f6rh\u00e5llanden som r\u00e5der.<br \/>\n-Det \u00e4r fantastiskt att f\u00e5 sitta p\u00e5 f\u00f6rsta parkett i livets laboratorium. Hitta nya arter och f\u00e5 se att allt h\u00e4nger samman och att allt \u00e4r beroende av varandra. Men ursprunget till allt, det \u00e4r en sv\u00e5r fr\u00e5ga\u2026<br \/>\nG\u00e4stf\u00f6rel\u00e4saren vid Swedbanks seminarier i november har f\u00e5tt ett stort antal utm\u00e4rkelser och stipendier f\u00f6r sitt arbete under \u00e5rens lopp. Hemkommunen Uppsala har tilldelat Klum sin hedersmedalj i guld. I \u00e5r nominerades Klum som Young Global Leader av World Economic Forum vilket gjorde att han inbj\u00f6d till Kina i september. Hans Majest\u00e4t Konungen har f\u00f6rl\u00e4nat sin medalj i 8:e storleken i h\u00f6gbl\u00e5tt band till Klum f\u00f6r hans betydelsefulla insatser som naturfotograf. Tv\u00e5 av hans nio b\u00f6cker har blivit utn\u00e4mnda till \u00c5rets Pandabok i Sverige. Klum \u00e4r medlem i f\u00f6rtroender\u00e5det f\u00f6r WWF &#8211; Sverige, medlem i Naturfotograferna sedan 2006 samt medlem i The Linnean Society of London.<br \/>\nOch den 17 juli i somras kunde vi h\u00f6ra honom som Sommarpratare i Sveriges Radio P1, precis som sommaren 1997. I november finns m\u00f6jligheten att h\u00f6ra och se honom p\u00e5 Solkusten.<br \/>\nFotnot. Missa inte Mattias Klums unika fotoutst\u00e4llning p\u00e5 Los Naranjos Golf Club, som p\u00e5g\u00e5r mellan den 22 november och 31 december. <\/p>\n","protected":false},"excerpt":{"rendered":"<p>Hans arbete har blivit publicerat i m\u00e5nga av v\u00e4rldens ledande tidskrifter. Det har blivit b\u00f6cker, foto och film f\u00f6r att ber\u00f6ra m\u00e4nniskor av det som han sj\u00e4lv blivit ber\u00f6rd av. Mattias Klum som kommer till Solkusten i november i samband med Swedbanks seminarier vill visa att vi lever i en sk\u00f6r v\u00e4rld, d\u00e4r vi med [&hellip;]<\/p>\n","protected":false},"author":8,"featured_media":2566,"comment_status":"open","ping_status":"open","sticky":false,"template":"","format":"standard","meta":{"_et_pb_use_builder":"","_et_pb_old_content":"","_et_gb_content_width":"","footnotes":""},"categories":[396,4],"tags":[],"class_list":["post-2565","post","type-post","status-publish","format-standard","has-post-thumbnail","hentry","category-arkiv-artiklar","category-artiklar"],"yoast_head":"<!-- This site is optimized with the Yoast SEO Premium plugin v26.2 (Yoast SEO v27.4) - https:\/\/yoast.com\/product\/yoast-seo-premium-wordpress\/ -->\n<title>Prisbel\u00f6nte fotografen Mattias Klum kommer till Solkusten: &quot;Det \u00e4r fantastiskt att f\u00e5 sitta p\u00e5 f\u00f6rsta parkett i livets laboratorium\u201d - Svenska Magasinet<\/title>\n<meta name=\"robots\" content=\"noindex, follow, max-snippet:-1, max-image-preview:large, max-video-preview:-1\" \/>\n<meta property=\"og:locale\" content=\"sv_SE\" \/>\n<meta property=\"og:type\" content=\"article\" \/>\n<meta property=\"og:title\" content=\"Prisbel\u00f6nte fotografen Mattias Klum kommer till Solkusten: &quot;Det \u00e4r fantastiskt att f\u00e5 sitta p\u00e5 f\u00f6rsta parkett i livets laboratorium\u201d\" \/>\n<meta property=\"og:description\" content=\"Hans arbete har blivit publicerat i m\u00e5nga av v\u00e4rldens ledande tidskrifter. Det har blivit b\u00f6cker, foto och film f\u00f6r att ber\u00f6ra m\u00e4nniskor av det som han sj\u00e4lv blivit ber\u00f6rd av. Mattias Klum som kommer till Solkusten i november i samband med Swedbanks seminarier vill visa att vi lever i en sk\u00f6r v\u00e4rld, d\u00e4r vi med [&hellip;]\" \/>\n<meta property=\"og:url\" content=\"https:\/\/lightweb.dev\/l\/svm-temp\/artiklar\/prisbelonte-fotografen-mattias-klum-kommer-till-solkusten-det-ar-fantastiskt-att-fa-sitta-pa-forsta-parkett-i-livets-laboratorium\/\" \/>\n<meta property=\"og:site_name\" content=\"Svenska Magasinet\" \/>\n<meta property=\"article:publisher\" content=\"https:\/\/www.facebook.com\/svenskamagasinet\" \/>\n<meta property=\"article:published_time\" content=\"2008-09-30T22:00:00+00:00\" \/>\n<meta property=\"og:image\" content=\"https:\/\/lightweb.dev\/l\/svm-temp\/wp-content\/uploads\/2022\/04\/prisbelnte-fotografen-mattias-klum-kommer-till-solkusten-det-r-fantastiskt-att-f-sitta-p-frsta-parkett-i-livets-laboratorium.png\" \/>\n\t<meta property=\"og:image:width\" content=\"298\" \/>\n\t<meta property=\"og:image:height\" content=\"200\" \/>\n\t<meta property=\"og:image:type\" content=\"image\/png\" \/>\n<meta name=\"author\" content=\"Redaktionen SvM\" \/>\n<meta name=\"twitter:card\" content=\"summary_large_image\" \/>\n<meta name=\"twitter:creator\" content=\"@SvenskaMagasine\" \/>\n<meta name=\"twitter:site\" content=\"@SvenskaMagasine\" \/>\n<script type=\"application\/ld+json\" class=\"yoast-schema-graph\">{\"@context\":\"https:\\\/\\\/schema.org\",\"@graph\":[{\"@type\":\"Article\",\"@id\":\"https:\\\/\\\/lightweb.dev\\\/l\\\/svm-temp\\\/artiklar\\\/prisbelonte-fotografen-mattias-klum-kommer-till-solkusten-det-ar-fantastiskt-att-fa-sitta-pa-forsta-parkett-i-livets-laboratorium\\\/#article\",\"isPartOf\":{\"@id\":\"https:\\\/\\\/lightweb.dev\\\/l\\\/svm-temp\\\/artiklar\\\/prisbelonte-fotografen-mattias-klum-kommer-till-solkusten-det-ar-fantastiskt-att-fa-sitta-pa-forsta-parkett-i-livets-laboratorium\\\/\"},\"author\":{\"name\":\"Redaktionen SvM\",\"@id\":\"https:\\\/\\\/lightweb.dev\\\/l\\\/svm-temp\\\/#\\\/schema\\\/person\\\/206a3bda5b607b0c25e1749191e4d837\"},\"headline\":\"Prisbel\u00f6nte fotografen Mattias Klum kommer till Solkusten: &#8221;Det \u00e4r fantastiskt att f\u00e5 sitta p\u00e5 f\u00f6rsta parkett i livets laboratorium\u201d\",\"datePublished\":\"2008-09-30T22:00:00+00:00\",\"mainEntityOfPage\":{\"@id\":\"https:\\\/\\\/lightweb.dev\\\/l\\\/svm-temp\\\/artiklar\\\/prisbelonte-fotografen-mattias-klum-kommer-till-solkusten-det-ar-fantastiskt-att-fa-sitta-pa-forsta-parkett-i-livets-laboratorium\\\/\"},\"wordCount\":1180,\"commentCount\":0,\"publisher\":{\"@id\":\"https:\\\/\\\/lightweb.dev\\\/l\\\/svm-temp\\\/#organization\"},\"image\":{\"@id\":\"https:\\\/\\\/lightweb.dev\\\/l\\\/svm-temp\\\/artiklar\\\/prisbelonte-fotografen-mattias-klum-kommer-till-solkusten-det-ar-fantastiskt-att-fa-sitta-pa-forsta-parkett-i-livets-laboratorium\\\/#primaryimage\"},\"thumbnailUrl\":\"https:\\\/\\\/lightweb.dev\\\/l\\\/svm-temp\\\/wp-content\\\/uploads\\\/2022\\\/04\\\/prisbelnte-fotografen-mattias-klum-kommer-till-solkusten-det-r-fantastiskt-att-f-sitta-p-frsta-parkett-i-livets-laboratorium.png\",\"articleSection\":[\"Arkiv\",\"Artiklar\"],\"inLanguage\":\"sv-SE\"},{\"@type\":\"WebPage\",\"@id\":\"https:\\\/\\\/lightweb.dev\\\/l\\\/svm-temp\\\/artiklar\\\/prisbelonte-fotografen-mattias-klum-kommer-till-solkusten-det-ar-fantastiskt-att-fa-sitta-pa-forsta-parkett-i-livets-laboratorium\\\/\",\"url\":\"https:\\\/\\\/lightweb.dev\\\/l\\\/svm-temp\\\/artiklar\\\/prisbelonte-fotografen-mattias-klum-kommer-till-solkusten-det-ar-fantastiskt-att-fa-sitta-pa-forsta-parkett-i-livets-laboratorium\\\/\",\"name\":\"Prisbel\u00f6nte fotografen Mattias Klum kommer till Solkusten: \\\"Det \u00e4r fantastiskt att f\u00e5 sitta p\u00e5 f\u00f6rsta parkett i livets laboratorium\u201d - Svenska Magasinet\",\"isPartOf\":{\"@id\":\"https:\\\/\\\/lightweb.dev\\\/l\\\/svm-temp\\\/#website\"},\"primaryImageOfPage\":{\"@id\":\"https:\\\/\\\/lightweb.dev\\\/l\\\/svm-temp\\\/artiklar\\\/prisbelonte-fotografen-mattias-klum-kommer-till-solkusten-det-ar-fantastiskt-att-fa-sitta-pa-forsta-parkett-i-livets-laboratorium\\\/#primaryimage\"},\"image\":{\"@id\":\"https:\\\/\\\/lightweb.dev\\\/l\\\/svm-temp\\\/artiklar\\\/prisbelonte-fotografen-mattias-klum-kommer-till-solkusten-det-ar-fantastiskt-att-fa-sitta-pa-forsta-parkett-i-livets-laboratorium\\\/#primaryimage\"},\"thumbnailUrl\":\"https:\\\/\\\/lightweb.dev\\\/l\\\/svm-temp\\\/wp-content\\\/uploads\\\/2022\\\/04\\\/prisbelnte-fotografen-mattias-klum-kommer-till-solkusten-det-r-fantastiskt-att-f-sitta-p-frsta-parkett-i-livets-laboratorium.png\",\"datePublished\":\"2008-09-30T22:00:00+00:00\",\"breadcrumb\":{\"@id\":\"https:\\\/\\\/lightweb.dev\\\/l\\\/svm-temp\\\/artiklar\\\/prisbelonte-fotografen-mattias-klum-kommer-till-solkusten-det-ar-fantastiskt-att-fa-sitta-pa-forsta-parkett-i-livets-laboratorium\\\/#breadcrumb\"},\"inLanguage\":\"sv-SE\",\"potentialAction\":[{\"@type\":\"ReadAction\",\"target\":[\"https:\\\/\\\/lightweb.dev\\\/l\\\/svm-temp\\\/artiklar\\\/prisbelonte-fotografen-mattias-klum-kommer-till-solkusten-det-ar-fantastiskt-att-fa-sitta-pa-forsta-parkett-i-livets-laboratorium\\\/\"]}]},{\"@type\":\"ImageObject\",\"inLanguage\":\"sv-SE\",\"@id\":\"https:\\\/\\\/lightweb.dev\\\/l\\\/svm-temp\\\/artiklar\\\/prisbelonte-fotografen-mattias-klum-kommer-till-solkusten-det-ar-fantastiskt-att-fa-sitta-pa-forsta-parkett-i-livets-laboratorium\\\/#primaryimage\",\"url\":\"https:\\\/\\\/lightweb.dev\\\/l\\\/svm-temp\\\/wp-content\\\/uploads\\\/2022\\\/04\\\/prisbelnte-fotografen-mattias-klum-kommer-till-solkusten-det-r-fantastiskt-att-f-sitta-p-frsta-parkett-i-livets-laboratorium.png\",\"contentUrl\":\"https:\\\/\\\/lightweb.dev\\\/l\\\/svm-temp\\\/wp-content\\\/uploads\\\/2022\\\/04\\\/prisbelnte-fotografen-mattias-klum-kommer-till-solkusten-det-r-fantastiskt-att-f-sitta-p-frsta-parkett-i-livets-laboratorium.png\",\"width\":298,\"height\":200},{\"@type\":\"BreadcrumbList\",\"@id\":\"https:\\\/\\\/lightweb.dev\\\/l\\\/svm-temp\\\/artiklar\\\/prisbelonte-fotografen-mattias-klum-kommer-till-solkusten-det-ar-fantastiskt-att-fa-sitta-pa-forsta-parkett-i-livets-laboratorium\\\/#breadcrumb\",\"itemListElement\":[{\"@type\":\"ListItem\",\"position\":1,\"name\":\"Hem\",\"item\":\"https:\\\/\\\/lightweb.dev\\\/l\\\/svm-temp\\\/\"},{\"@type\":\"ListItem\",\"position\":2,\"name\":\"Prisbel\u00f6nte fotografen Mattias Klum kommer till Solkusten: &#8221;Det \u00e4r fantastiskt att f\u00e5 sitta p\u00e5 f\u00f6rsta parkett i livets laboratorium\u201d\"}]},{\"@type\":\"WebSite\",\"@id\":\"https:\\\/\\\/lightweb.dev\\\/l\\\/svm-temp\\\/#website\",\"url\":\"https:\\\/\\\/lightweb.dev\\\/l\\\/svm-temp\\\/\",\"name\":\"Svenska Magasinet\",\"description\":\"Dina Spanska nyheter p&aring; Svenska\",\"publisher\":{\"@id\":\"https:\\\/\\\/lightweb.dev\\\/l\\\/svm-temp\\\/#organization\"},\"potentialAction\":[{\"@type\":\"SearchAction\",\"target\":{\"@type\":\"EntryPoint\",\"urlTemplate\":\"https:\\\/\\\/lightweb.dev\\\/l\\\/svm-temp\\\/?s={search_term_string}\"},\"query-input\":{\"@type\":\"PropertyValueSpecification\",\"valueRequired\":true,\"valueName\":\"search_term_string\"}}],\"inLanguage\":\"sv-SE\"},{\"@type\":\"Organization\",\"@id\":\"https:\\\/\\\/lightweb.dev\\\/l\\\/svm-temp\\\/#organization\",\"name\":\"Melkerson y Nott SL\",\"alternateName\":\"Svenska Magasinet\",\"url\":\"https:\\\/\\\/lightweb.dev\\\/l\\\/svm-temp\\\/\",\"logo\":{\"@type\":\"ImageObject\",\"inLanguage\":\"sv-SE\",\"@id\":\"https:\\\/\\\/lightweb.dev\\\/l\\\/svm-temp\\\/#\\\/schema\\\/logo\\\/image\\\/\",\"url\":\"https:\\\/\\\/lightweb.dev\\\/l\\\/svm-temp\\\/wp-content\\\/uploads\\\/2025\\\/02\\\/SvM-logo-Xtra-Centrerad-SVART.png\",\"contentUrl\":\"https:\\\/\\\/lightweb.dev\\\/l\\\/svm-temp\\\/wp-content\\\/uploads\\\/2025\\\/02\\\/SvM-logo-Xtra-Centrerad-SVART.png\",\"width\":300,\"height\":99,\"caption\":\"Melkerson y Nott SL\"},\"image\":{\"@id\":\"https:\\\/\\\/lightweb.dev\\\/l\\\/svm-temp\\\/#\\\/schema\\\/logo\\\/image\\\/\"},\"sameAs\":[\"https:\\\/\\\/www.facebook.com\\\/svenskamagasinet\",\"https:\\\/\\\/x.com\\\/SvenskaMagasine\"]},{\"@type\":\"Person\",\"@id\":\"https:\\\/\\\/lightweb.dev\\\/l\\\/svm-temp\\\/#\\\/schema\\\/person\\\/206a3bda5b607b0c25e1749191e4d837\",\"name\":\"Redaktionen SvM\",\"description\":\"Redaktionen\",\"sameAs\":[\"https:\\\/\\\/lightweb.dev\\\/l\\\/svm-temp\"],\"url\":\"https:\\\/\\\/lightweb.dev\\\/l\\\/svm-temp\\\/reporter\\\/redaktionen\\\/\"}]}<\/script>\n<!-- \/ Yoast SEO Premium plugin. -->","yoast_head_json":{"title":"Prisbel\u00f6nte fotografen Mattias Klum kommer till Solkusten: \"Det \u00e4r fantastiskt att f\u00e5 sitta p\u00e5 f\u00f6rsta parkett i livets laboratorium\u201d - Svenska Magasinet","robots":{"index":"noindex","follow":"follow","max-snippet":"max-snippet:-1","max-image-preview":"max-image-preview:large","max-video-preview":"max-video-preview:-1"},"og_locale":"sv_SE","og_type":"article","og_title":"Prisbel\u00f6nte fotografen Mattias Klum kommer till Solkusten: \"Det \u00e4r fantastiskt att f\u00e5 sitta p\u00e5 f\u00f6rsta parkett i livets laboratorium\u201d","og_description":"Hans arbete har blivit publicerat i m\u00e5nga av v\u00e4rldens ledande tidskrifter. Det har blivit b\u00f6cker, foto och film f\u00f6r att ber\u00f6ra m\u00e4nniskor av det som han sj\u00e4lv blivit ber\u00f6rd av. Mattias Klum som kommer till Solkusten i november i samband med Swedbanks seminarier vill visa att vi lever i en sk\u00f6r v\u00e4rld, d\u00e4r vi med [&hellip;]","og_url":"https:\/\/lightweb.dev\/l\/svm-temp\/artiklar\/prisbelonte-fotografen-mattias-klum-kommer-till-solkusten-det-ar-fantastiskt-att-fa-sitta-pa-forsta-parkett-i-livets-laboratorium\/","og_site_name":"Svenska Magasinet","article_publisher":"https:\/\/www.facebook.com\/svenskamagasinet","article_published_time":"2008-09-30T22:00:00+00:00","og_image":[{"width":298,"height":200,"url":"https:\/\/lightweb.dev\/l\/svm-temp\/wp-content\/uploads\/2022\/04\/prisbelnte-fotografen-mattias-klum-kommer-till-solkusten-det-r-fantastiskt-att-f-sitta-p-frsta-parkett-i-livets-laboratorium.png","type":"image\/png"}],"author":"Redaktionen SvM","twitter_card":"summary_large_image","twitter_creator":"@SvenskaMagasine","twitter_site":"@SvenskaMagasine","schema":{"@context":"https:\/\/schema.org","@graph":[{"@type":"Article","@id":"https:\/\/lightweb.dev\/l\/svm-temp\/artiklar\/prisbelonte-fotografen-mattias-klum-kommer-till-solkusten-det-ar-fantastiskt-att-fa-sitta-pa-forsta-parkett-i-livets-laboratorium\/#article","isPartOf":{"@id":"https:\/\/lightweb.dev\/l\/svm-temp\/artiklar\/prisbelonte-fotografen-mattias-klum-kommer-till-solkusten-det-ar-fantastiskt-att-fa-sitta-pa-forsta-parkett-i-livets-laboratorium\/"},"author":{"name":"Redaktionen SvM","@id":"https:\/\/lightweb.dev\/l\/svm-temp\/#\/schema\/person\/206a3bda5b607b0c25e1749191e4d837"},"headline":"Prisbel\u00f6nte fotografen Mattias Klum kommer till Solkusten: &#8221;Det \u00e4r fantastiskt att f\u00e5 sitta p\u00e5 f\u00f6rsta parkett i livets laboratorium\u201d","datePublished":"2008-09-30T22:00:00+00:00","mainEntityOfPage":{"@id":"https:\/\/lightweb.dev\/l\/svm-temp\/artiklar\/prisbelonte-fotografen-mattias-klum-kommer-till-solkusten-det-ar-fantastiskt-att-fa-sitta-pa-forsta-parkett-i-livets-laboratorium\/"},"wordCount":1180,"commentCount":0,"publisher":{"@id":"https:\/\/lightweb.dev\/l\/svm-temp\/#organization"},"image":{"@id":"https:\/\/lightweb.dev\/l\/svm-temp\/artiklar\/prisbelonte-fotografen-mattias-klum-kommer-till-solkusten-det-ar-fantastiskt-att-fa-sitta-pa-forsta-parkett-i-livets-laboratorium\/#primaryimage"},"thumbnailUrl":"https:\/\/lightweb.dev\/l\/svm-temp\/wp-content\/uploads\/2022\/04\/prisbelnte-fotografen-mattias-klum-kommer-till-solkusten-det-r-fantastiskt-att-f-sitta-p-frsta-parkett-i-livets-laboratorium.png","articleSection":["Arkiv","Artiklar"],"inLanguage":"sv-SE"},{"@type":"WebPage","@id":"https:\/\/lightweb.dev\/l\/svm-temp\/artiklar\/prisbelonte-fotografen-mattias-klum-kommer-till-solkusten-det-ar-fantastiskt-att-fa-sitta-pa-forsta-parkett-i-livets-laboratorium\/","url":"https:\/\/lightweb.dev\/l\/svm-temp\/artiklar\/prisbelonte-fotografen-mattias-klum-kommer-till-solkusten-det-ar-fantastiskt-att-fa-sitta-pa-forsta-parkett-i-livets-laboratorium\/","name":"Prisbel\u00f6nte fotografen Mattias Klum kommer till Solkusten: \"Det \u00e4r fantastiskt att f\u00e5 sitta p\u00e5 f\u00f6rsta parkett i livets laboratorium\u201d - Svenska Magasinet","isPartOf":{"@id":"https:\/\/lightweb.dev\/l\/svm-temp\/#website"},"primaryImageOfPage":{"@id":"https:\/\/lightweb.dev\/l\/svm-temp\/artiklar\/prisbelonte-fotografen-mattias-klum-kommer-till-solkusten-det-ar-fantastiskt-att-fa-sitta-pa-forsta-parkett-i-livets-laboratorium\/#primaryimage"},"image":{"@id":"https:\/\/lightweb.dev\/l\/svm-temp\/artiklar\/prisbelonte-fotografen-mattias-klum-kommer-till-solkusten-det-ar-fantastiskt-att-fa-sitta-pa-forsta-parkett-i-livets-laboratorium\/#primaryimage"},"thumbnailUrl":"https:\/\/lightweb.dev\/l\/svm-temp\/wp-content\/uploads\/2022\/04\/prisbelnte-fotografen-mattias-klum-kommer-till-solkusten-det-r-fantastiskt-att-f-sitta-p-frsta-parkett-i-livets-laboratorium.png","datePublished":"2008-09-30T22:00:00+00:00","breadcrumb":{"@id":"https:\/\/lightweb.dev\/l\/svm-temp\/artiklar\/prisbelonte-fotografen-mattias-klum-kommer-till-solkusten-det-ar-fantastiskt-att-fa-sitta-pa-forsta-parkett-i-livets-laboratorium\/#breadcrumb"},"inLanguage":"sv-SE","potentialAction":[{"@type":"ReadAction","target":["https:\/\/lightweb.dev\/l\/svm-temp\/artiklar\/prisbelonte-fotografen-mattias-klum-kommer-till-solkusten-det-ar-fantastiskt-att-fa-sitta-pa-forsta-parkett-i-livets-laboratorium\/"]}]},{"@type":"ImageObject","inLanguage":"sv-SE","@id":"https:\/\/lightweb.dev\/l\/svm-temp\/artiklar\/prisbelonte-fotografen-mattias-klum-kommer-till-solkusten-det-ar-fantastiskt-att-fa-sitta-pa-forsta-parkett-i-livets-laboratorium\/#primaryimage","url":"https:\/\/lightweb.dev\/l\/svm-temp\/wp-content\/uploads\/2022\/04\/prisbelnte-fotografen-mattias-klum-kommer-till-solkusten-det-r-fantastiskt-att-f-sitta-p-frsta-parkett-i-livets-laboratorium.png","contentUrl":"https:\/\/lightweb.dev\/l\/svm-temp\/wp-content\/uploads\/2022\/04\/prisbelnte-fotografen-mattias-klum-kommer-till-solkusten-det-r-fantastiskt-att-f-sitta-p-frsta-parkett-i-livets-laboratorium.png","width":298,"height":200},{"@type":"BreadcrumbList","@id":"https:\/\/lightweb.dev\/l\/svm-temp\/artiklar\/prisbelonte-fotografen-mattias-klum-kommer-till-solkusten-det-ar-fantastiskt-att-fa-sitta-pa-forsta-parkett-i-livets-laboratorium\/#breadcrumb","itemListElement":[{"@type":"ListItem","position":1,"name":"Hem","item":"https:\/\/lightweb.dev\/l\/svm-temp\/"},{"@type":"ListItem","position":2,"name":"Prisbel\u00f6nte fotografen Mattias Klum kommer till Solkusten: &#8221;Det \u00e4r fantastiskt att f\u00e5 sitta p\u00e5 f\u00f6rsta parkett i livets laboratorium\u201d"}]},{"@type":"WebSite","@id":"https:\/\/lightweb.dev\/l\/svm-temp\/#website","url":"https:\/\/lightweb.dev\/l\/svm-temp\/","name":"Svenska Magasinet","description":"Dina Spanska nyheter p&aring; Svenska","publisher":{"@id":"https:\/\/lightweb.dev\/l\/svm-temp\/#organization"},"potentialAction":[{"@type":"SearchAction","target":{"@type":"EntryPoint","urlTemplate":"https:\/\/lightweb.dev\/l\/svm-temp\/?s={search_term_string}"},"query-input":{"@type":"PropertyValueSpecification","valueRequired":true,"valueName":"search_term_string"}}],"inLanguage":"sv-SE"},{"@type":"Organization","@id":"https:\/\/lightweb.dev\/l\/svm-temp\/#organization","name":"Melkerson y Nott SL","alternateName":"Svenska Magasinet","url":"https:\/\/lightweb.dev\/l\/svm-temp\/","logo":{"@type":"ImageObject","inLanguage":"sv-SE","@id":"https:\/\/lightweb.dev\/l\/svm-temp\/#\/schema\/logo\/image\/","url":"https:\/\/lightweb.dev\/l\/svm-temp\/wp-content\/uploads\/2025\/02\/SvM-logo-Xtra-Centrerad-SVART.png","contentUrl":"https:\/\/lightweb.dev\/l\/svm-temp\/wp-content\/uploads\/2025\/02\/SvM-logo-Xtra-Centrerad-SVART.png","width":300,"height":99,"caption":"Melkerson y Nott SL"},"image":{"@id":"https:\/\/lightweb.dev\/l\/svm-temp\/#\/schema\/logo\/image\/"},"sameAs":["https:\/\/www.facebook.com\/svenskamagasinet","https:\/\/x.com\/SvenskaMagasine"]},{"@type":"Person","@id":"https:\/\/lightweb.dev\/l\/svm-temp\/#\/schema\/person\/206a3bda5b607b0c25e1749191e4d837","name":"Redaktionen SvM","description":"Redaktionen","sameAs":["https:\/\/lightweb.dev\/l\/svm-temp"],"url":"https:\/\/lightweb.dev\/l\/svm-temp\/reporter\/redaktionen\/"}]}},"_links":{"self":[{"href":"https:\/\/lightweb.dev\/l\/svm-temp\/wp-json\/wp\/v2\/posts\/2565","targetHints":{"allow":["GET"]}}],"collection":[{"href":"https:\/\/lightweb.dev\/l\/svm-temp\/wp-json\/wp\/v2\/posts"}],"about":[{"href":"https:\/\/lightweb.dev\/l\/svm-temp\/wp-json\/wp\/v2\/types\/post"}],"author":[{"embeddable":true,"href":"https:\/\/lightweb.dev\/l\/svm-temp\/wp-json\/wp\/v2\/users\/8"}],"replies":[{"embeddable":true,"href":"https:\/\/lightweb.dev\/l\/svm-temp\/wp-json\/wp\/v2\/comments?post=2565"}],"version-history":[{"count":0,"href":"https:\/\/lightweb.dev\/l\/svm-temp\/wp-json\/wp\/v2\/posts\/2565\/revisions"}],"wp:featuredmedia":[{"embeddable":true,"href":"https:\/\/lightweb.dev\/l\/svm-temp\/wp-json\/wp\/v2\/media\/2566"}],"wp:attachment":[{"href":"https:\/\/lightweb.dev\/l\/svm-temp\/wp-json\/wp\/v2\/media?parent=2565"}],"wp:term":[{"taxonomy":"category","embeddable":true,"href":"https:\/\/lightweb.dev\/l\/svm-temp\/wp-json\/wp\/v2\/categories?post=2565"},{"taxonomy":"post_tag","embeddable":true,"href":"https:\/\/lightweb.dev\/l\/svm-temp\/wp-json\/wp\/v2\/tags?post=2565"}],"curies":[{"name":"wp","href":"https:\/\/api.w.org\/{rel}","templated":true}]}}