{"id":2583,"date":"2008-09-09T00:00:00","date_gmt":"2008-09-08T22:00:00","guid":{"rendered":"https:\/\/lightweb.dev\/l\/svm-temp\/spanien-just-nu-tid-och-oforutsedda-handelser\/"},"modified":"2008-09-09T00:00:00","modified_gmt":"2008-09-08T22:00:00","slug":"spanien-just-nu-tid-och-oforutsedda-handelser","status":"publish","type":"post","link":"https:\/\/lightweb.dev\/l\/svm-temp\/artiklar\/spanien-just-nu-tid-och-oforutsedda-handelser\/","title":{"rendered":"Spanien just nu \u2013 Tid och of\u00f6rutsedda h\u00e4ndelser"},"content":{"rendered":"<p> Under fjol\u00e5ret omkom 2.741 personer p\u00e5 de spanska v\u00e4garna. Det betyder att p\u00e5 lite mer \u00e4n 20 dagar omkom lika m\u00e5nga som i flygkraschen p\u00e5 Barajas som hittills kr\u00e4vt 154 d\u00f6dsoffer. Kanske dags att utlysa ett \u00e5rs landssorg i Spanien? Av Ola Josefsson<\/p>\n<p>Den vise kung Salomo l\u00e4r ha sagt att \u201dtid och of\u00f6rutsedda h\u00e4ndelser\u201d drabbar m\u00e4nniskor. Olyckor av skiljda slag intr\u00e4ffar varje dag och flygolyckan p\u00e5 Barjas-flygplatsen utanf\u00f6r Madrid l\u00e4r inte bli den sista.<\/p>\n<p>Som l\u00e4sare har du kanske n\u00e5gra speciella olycksh\u00e4ndelser p\u00e5 n\u00e4thinnan. Du kanske till och med tillh\u00f6r den unika skara som har \u00f6verlevt en incident. Samtidigt har du kanske mist n\u00e4ra och k\u00e4ra.<\/p>\n<p>N\u00e4r en MD-82 fr\u00e5n SAS-\u00e4gda Spanair kraschar kort efter start fr\u00e5n rullbana 36L vid terminal 4 p\u00e5 Barajasflygplatsen utanf\u00f6r Madrid omkommer 154 och 18 \u00f6verlever, varav tv\u00e5 just f\u00f6r tillf\u00e4llet befinner sig i ett kritiskt tillst\u00e5nd. Efter tragedin utlyste Madrids borgm\u00e4stare och Spaniens regeringschef en tre dagar l\u00e5ng landssorg.<\/p>\n<p>Som flygintresserad parvel p\u00e5 tio \u00e5r f\u00f6ljde jag mediebruset och de vuxnas reaktion av flygolyckorna p\u00e5 Tenerife och i Stockholm 1977. Minns de tv\u00e5 Jumbojetplan som kolliderade p\u00e5 Los Rodeos-flygplatsen p\u00e5 norra Teneriffa och 583 m\u00e4nniskor omkom. Den 15 januari 1977 havererade ett av Linjeflygs inhyrda flygplan, en Vickers Viscount p\u00e5 en parkeringsplats mitt bland bostadshus i K\u00e4lvesta. Alla 22 ombordvarande omkom. Olyckor jag aldrig gl\u00f6mmer.<\/p>\n<p>Vid flygolyckor fungerar medier som en spegelbild av verkligen p\u00e5 s\u00e5 s\u00e4tt att reaktionerna \u00e4r m\u00e5nga. Misst\u00e4nksamheter mot flygbolags tekniker, olika livs\u00f6den skildras eller solskenshistorier av \u00f6verlevande redovisas spaltmeter efter spaltmeter. Vid bilolyckor skiljer sig rapporteringen \u00e4ven om olyckorna \u00e4r lika tragiska och l\u00e4mnar m\u00e4ngder anh\u00f6riga i stor sorg.<\/p>\n<p>Vid trafikolyckor p\u00e5 de spanska v\u00e4garna \u00e4r det i de flesta fall den m\u00e4nskliga faktorn som \u00e4r bevekelsegrunden. N\u00e4r en alkoholp\u00e5verkad yngling i alltf\u00f6r h\u00f6g hastighet tappade kontrollen och k\u00f6rde in i en turistbuss blev han orsak till att nio finl\u00e4ndska turister miste livet den 19 april i Benalm\u00e1dena.<\/p>\n<p>N\u00e5gra dagar efter flygolyckan p\u00e5 Barajas uppt\u00e4cker jag en liten notis i dagstidningen kring en trafikolycka vid Vejer de la Frontera i C\u00e1dizprovinsen med fyra omkomna ungdomar, 19, 23, 25 och 26 \u00e5r gamla. Hur deras anh\u00f6riga upplever h\u00e4ndelsen redovisas inte med ett ord.<br \/>\nEn flygkrasch d\u00e4remot speglas fr\u00e5n otaliga vinklar, och visst, vi \u00e4r med till att skapa bilden. Lite mer \u00e4n en timme efter Spanairkraschen publicerade Svenska Magasinets n\u00e4tupplaga teorier kring olyckan med h\u00e4nvisning till flera k\u00e4llor. Samma prioritering g\u00f6r knappast vi eller n\u00e5gra andra medier \u00f6ver de lite mer \u00e4n 150 som d\u00f6r p\u00e5 de spanska v\u00e4garna under 20 dagar.<br \/>\nN\u00e4r en olycka intr\u00e4ffar \u00e4r det antalet d\u00f6dsoffer och tidpunkten som avg\u00f6r storlek p\u00e5 rubriker och spalter. Om Spanairplanet hade kraschat i mitten p\u00e5 januari hade kabinfaktorn legat p\u00e5 50 procent och antalet omkomna barn hade varit f\u00e4rre. Nu var det semesterm\u00e5naden augusti, barnen var fria fr\u00e5n skolan och skulle bes\u00f6ka sl\u00e4kt och v\u00e4nner.<br \/>\nMen det g\u00e5r inte att komma ifr\u00e5n det ofr\u00e5nkomliga. Just i dag n\u00e4r du l\u00e4ser dessa rader omkommer statistiskt sett lite mer \u00e4n sju personer p\u00e5 de spanska v\u00e4garna. Vi t\u00e4nker p\u00e5 deras anh\u00f6riga i denna sv\u00e5ra stund. <\/p>\n","protected":false},"excerpt":{"rendered":"<p>Under fjol\u00e5ret omkom 2.741 personer p\u00e5 de spanska v\u00e4garna. Det betyder att p\u00e5 lite mer \u00e4n 20 dagar omkom lika m\u00e5nga som i flygkraschen p\u00e5 Barajas som hittills kr\u00e4vt 154 d\u00f6dsoffer. Kanske dags att utlysa ett \u00e5rs landssorg i Spanien? Av Ola Josefsson Den vise kung Salomo l\u00e4r ha sagt att \u201dtid och of\u00f6rutsedda h\u00e4ndelser\u201d [&hellip;]<\/p>\n","protected":false},"author":8,"featured_media":2584,"comment_status":"open","ping_status":"open","sticky":false,"template":"","format":"standard","meta":{"_et_pb_use_builder":"","_et_pb_old_content":"","_et_gb_content_width":"","footnotes":""},"categories":[4,36],"tags":[],"class_list":["post-2583","post","type-post","status-publish","format-standard","has-post-thumbnail","hentry","category-artiklar","category-spanien-just-nu"],"yoast_head":"<!-- This site is optimized with the Yoast SEO Premium plugin v26.2 (Yoast SEO v27.4) - https:\/\/yoast.com\/product\/yoast-seo-premium-wordpress\/ -->\n<title>Spanien just nu \u2013 Tid och of\u00f6rutsedda h\u00e4ndelser - Svenska Magasinet<\/title>\n<meta name=\"robots\" content=\"noindex, follow, max-snippet:-1, max-image-preview:large, max-video-preview:-1\" \/>\n<meta property=\"og:locale\" content=\"sv_SE\" \/>\n<meta property=\"og:type\" content=\"article\" \/>\n<meta property=\"og:title\" content=\"Spanien just nu \u2013 Tid och of\u00f6rutsedda h\u00e4ndelser\" \/>\n<meta property=\"og:description\" content=\"Under fjol\u00e5ret omkom 2.741 personer p\u00e5 de spanska v\u00e4garna. Det betyder att p\u00e5 lite mer \u00e4n 20 dagar omkom lika m\u00e5nga som i flygkraschen p\u00e5 Barajas som hittills kr\u00e4vt 154 d\u00f6dsoffer. Kanske dags att utlysa ett \u00e5rs landssorg i Spanien? Av Ola Josefsson Den vise kung Salomo l\u00e4r ha sagt att \u201dtid och of\u00f6rutsedda h\u00e4ndelser\u201d [&hellip;]\" \/>\n<meta property=\"og:url\" content=\"https:\/\/lightweb.dev\/l\/svm-temp\/artiklar\/spanien-just-nu-tid-och-oforutsedda-handelser\/\" \/>\n<meta property=\"og:site_name\" content=\"Svenska Magasinet\" \/>\n<meta property=\"article:publisher\" content=\"https:\/\/www.facebook.com\/svenskamagasinet\" \/>\n<meta property=\"article:published_time\" content=\"2008-09-08T22:00:00+00:00\" \/>\n<meta property=\"og:image\" content=\"https:\/\/lightweb.dev\/l\/svm-temp\/wp-content\/uploads\/2022\/04\/spanien-just-nu-tid-och-ofrutsedda-hndelser.png\" \/>\n\t<meta property=\"og:image:width\" content=\"280\" \/>\n\t<meta property=\"og:image:height\" content=\"374\" \/>\n\t<meta property=\"og:image:type\" content=\"image\/png\" \/>\n<meta name=\"author\" content=\"Redaktionen SvM\" \/>\n<meta name=\"twitter:card\" content=\"summary_large_image\" \/>\n<meta name=\"twitter:creator\" content=\"@SvenskaMagasine\" \/>\n<meta name=\"twitter:site\" content=\"@SvenskaMagasine\" \/>\n<script type=\"application\/ld+json\" class=\"yoast-schema-graph\">{\"@context\":\"https:\\\/\\\/schema.org\",\"@graph\":[{\"@type\":\"Article\",\"@id\":\"https:\\\/\\\/lightweb.dev\\\/l\\\/svm-temp\\\/artiklar\\\/spanien-just-nu-tid-och-oforutsedda-handelser\\\/#article\",\"isPartOf\":{\"@id\":\"https:\\\/\\\/lightweb.dev\\\/l\\\/svm-temp\\\/artiklar\\\/spanien-just-nu-tid-och-oforutsedda-handelser\\\/\"},\"author\":{\"name\":\"Redaktionen SvM\",\"@id\":\"https:\\\/\\\/lightweb.dev\\\/l\\\/svm-temp\\\/#\\\/schema\\\/person\\\/206a3bda5b607b0c25e1749191e4d837\"},\"headline\":\"Spanien just nu \u2013 Tid och of\u00f6rutsedda h\u00e4ndelser\",\"datePublished\":\"2008-09-08T22:00:00+00:00\",\"mainEntityOfPage\":{\"@id\":\"https:\\\/\\\/lightweb.dev\\\/l\\\/svm-temp\\\/artiklar\\\/spanien-just-nu-tid-och-oforutsedda-handelser\\\/\"},\"wordCount\":587,\"commentCount\":0,\"publisher\":{\"@id\":\"https:\\\/\\\/lightweb.dev\\\/l\\\/svm-temp\\\/#organization\"},\"image\":{\"@id\":\"https:\\\/\\\/lightweb.dev\\\/l\\\/svm-temp\\\/artiklar\\\/spanien-just-nu-tid-och-oforutsedda-handelser\\\/#primaryimage\"},\"thumbnailUrl\":\"https:\\\/\\\/lightweb.dev\\\/l\\\/svm-temp\\\/wp-content\\\/uploads\\\/2022\\\/04\\\/spanien-just-nu-tid-och-ofrutsedda-hndelser.png\",\"articleSection\":[\"Artiklar\",\"Spanien just nu\"],\"inLanguage\":\"sv-SE\"},{\"@type\":\"WebPage\",\"@id\":\"https:\\\/\\\/lightweb.dev\\\/l\\\/svm-temp\\\/artiklar\\\/spanien-just-nu-tid-och-oforutsedda-handelser\\\/\",\"url\":\"https:\\\/\\\/lightweb.dev\\\/l\\\/svm-temp\\\/artiklar\\\/spanien-just-nu-tid-och-oforutsedda-handelser\\\/\",\"name\":\"Spanien just nu \u2013 Tid och of\u00f6rutsedda h\u00e4ndelser - Svenska Magasinet\",\"isPartOf\":{\"@id\":\"https:\\\/\\\/lightweb.dev\\\/l\\\/svm-temp\\\/#website\"},\"primaryImageOfPage\":{\"@id\":\"https:\\\/\\\/lightweb.dev\\\/l\\\/svm-temp\\\/artiklar\\\/spanien-just-nu-tid-och-oforutsedda-handelser\\\/#primaryimage\"},\"image\":{\"@id\":\"https:\\\/\\\/lightweb.dev\\\/l\\\/svm-temp\\\/artiklar\\\/spanien-just-nu-tid-och-oforutsedda-handelser\\\/#primaryimage\"},\"thumbnailUrl\":\"https:\\\/\\\/lightweb.dev\\\/l\\\/svm-temp\\\/wp-content\\\/uploads\\\/2022\\\/04\\\/spanien-just-nu-tid-och-ofrutsedda-hndelser.png\",\"datePublished\":\"2008-09-08T22:00:00+00:00\",\"breadcrumb\":{\"@id\":\"https:\\\/\\\/lightweb.dev\\\/l\\\/svm-temp\\\/artiklar\\\/spanien-just-nu-tid-och-oforutsedda-handelser\\\/#breadcrumb\"},\"inLanguage\":\"sv-SE\",\"potentialAction\":[{\"@type\":\"ReadAction\",\"target\":[\"https:\\\/\\\/lightweb.dev\\\/l\\\/svm-temp\\\/artiklar\\\/spanien-just-nu-tid-och-oforutsedda-handelser\\\/\"]}]},{\"@type\":\"ImageObject\",\"inLanguage\":\"sv-SE\",\"@id\":\"https:\\\/\\\/lightweb.dev\\\/l\\\/svm-temp\\\/artiklar\\\/spanien-just-nu-tid-och-oforutsedda-handelser\\\/#primaryimage\",\"url\":\"https:\\\/\\\/lightweb.dev\\\/l\\\/svm-temp\\\/wp-content\\\/uploads\\\/2022\\\/04\\\/spanien-just-nu-tid-och-ofrutsedda-hndelser.png\",\"contentUrl\":\"https:\\\/\\\/lightweb.dev\\\/l\\\/svm-temp\\\/wp-content\\\/uploads\\\/2022\\\/04\\\/spanien-just-nu-tid-och-ofrutsedda-hndelser.png\",\"width\":280,\"height\":374},{\"@type\":\"BreadcrumbList\",\"@id\":\"https:\\\/\\\/lightweb.dev\\\/l\\\/svm-temp\\\/artiklar\\\/spanien-just-nu-tid-och-oforutsedda-handelser\\\/#breadcrumb\",\"itemListElement\":[{\"@type\":\"ListItem\",\"position\":1,\"name\":\"Hem\",\"item\":\"https:\\\/\\\/lightweb.dev\\\/l\\\/svm-temp\\\/\"},{\"@type\":\"ListItem\",\"position\":2,\"name\":\"Spanien just nu \u2013 Tid och of\u00f6rutsedda h\u00e4ndelser\"}]},{\"@type\":\"WebSite\",\"@id\":\"https:\\\/\\\/lightweb.dev\\\/l\\\/svm-temp\\\/#website\",\"url\":\"https:\\\/\\\/lightweb.dev\\\/l\\\/svm-temp\\\/\",\"name\":\"Svenska Magasinet\",\"description\":\"Dina Spanska nyheter p&aring; Svenska\",\"publisher\":{\"@id\":\"https:\\\/\\\/lightweb.dev\\\/l\\\/svm-temp\\\/#organization\"},\"potentialAction\":[{\"@type\":\"SearchAction\",\"target\":{\"@type\":\"EntryPoint\",\"urlTemplate\":\"https:\\\/\\\/lightweb.dev\\\/l\\\/svm-temp\\\/?s={search_term_string}\"},\"query-input\":{\"@type\":\"PropertyValueSpecification\",\"valueRequired\":true,\"valueName\":\"search_term_string\"}}],\"inLanguage\":\"sv-SE\"},{\"@type\":\"Organization\",\"@id\":\"https:\\\/\\\/lightweb.dev\\\/l\\\/svm-temp\\\/#organization\",\"name\":\"Melkerson y Nott SL\",\"alternateName\":\"Svenska Magasinet\",\"url\":\"https:\\\/\\\/lightweb.dev\\\/l\\\/svm-temp\\\/\",\"logo\":{\"@type\":\"ImageObject\",\"inLanguage\":\"sv-SE\",\"@id\":\"https:\\\/\\\/lightweb.dev\\\/l\\\/svm-temp\\\/#\\\/schema\\\/logo\\\/image\\\/\",\"url\":\"https:\\\/\\\/lightweb.dev\\\/l\\\/svm-temp\\\/wp-content\\\/uploads\\\/2025\\\/02\\\/SvM-logo-Xtra-Centrerad-SVART.png\",\"contentUrl\":\"https:\\\/\\\/lightweb.dev\\\/l\\\/svm-temp\\\/wp-content\\\/uploads\\\/2025\\\/02\\\/SvM-logo-Xtra-Centrerad-SVART.png\",\"width\":300,\"height\":99,\"caption\":\"Melkerson y Nott SL\"},\"image\":{\"@id\":\"https:\\\/\\\/lightweb.dev\\\/l\\\/svm-temp\\\/#\\\/schema\\\/logo\\\/image\\\/\"},\"sameAs\":[\"https:\\\/\\\/www.facebook.com\\\/svenskamagasinet\",\"https:\\\/\\\/x.com\\\/SvenskaMagasine\"]},{\"@type\":\"Person\",\"@id\":\"https:\\\/\\\/lightweb.dev\\\/l\\\/svm-temp\\\/#\\\/schema\\\/person\\\/206a3bda5b607b0c25e1749191e4d837\",\"name\":\"Redaktionen SvM\",\"description\":\"Redaktionen\",\"sameAs\":[\"https:\\\/\\\/lightweb.dev\\\/l\\\/svm-temp\"],\"url\":\"https:\\\/\\\/lightweb.dev\\\/l\\\/svm-temp\\\/reporter\\\/redaktionen\\\/\"}]}<\/script>\n<!-- \/ Yoast SEO Premium plugin. -->","yoast_head_json":{"title":"Spanien just nu \u2013 Tid och of\u00f6rutsedda h\u00e4ndelser - Svenska Magasinet","robots":{"index":"noindex","follow":"follow","max-snippet":"max-snippet:-1","max-image-preview":"max-image-preview:large","max-video-preview":"max-video-preview:-1"},"og_locale":"sv_SE","og_type":"article","og_title":"Spanien just nu \u2013 Tid och of\u00f6rutsedda h\u00e4ndelser","og_description":"Under fjol\u00e5ret omkom 2.741 personer p\u00e5 de spanska v\u00e4garna. Det betyder att p\u00e5 lite mer \u00e4n 20 dagar omkom lika m\u00e5nga som i flygkraschen p\u00e5 Barajas som hittills kr\u00e4vt 154 d\u00f6dsoffer. Kanske dags att utlysa ett \u00e5rs landssorg i Spanien? Av Ola Josefsson Den vise kung Salomo l\u00e4r ha sagt att \u201dtid och of\u00f6rutsedda h\u00e4ndelser\u201d [&hellip;]","og_url":"https:\/\/lightweb.dev\/l\/svm-temp\/artiklar\/spanien-just-nu-tid-och-oforutsedda-handelser\/","og_site_name":"Svenska Magasinet","article_publisher":"https:\/\/www.facebook.com\/svenskamagasinet","article_published_time":"2008-09-08T22:00:00+00:00","og_image":[{"width":280,"height":374,"url":"https:\/\/lightweb.dev\/l\/svm-temp\/wp-content\/uploads\/2022\/04\/spanien-just-nu-tid-och-ofrutsedda-hndelser.png","type":"image\/png"}],"author":"Redaktionen SvM","twitter_card":"summary_large_image","twitter_creator":"@SvenskaMagasine","twitter_site":"@SvenskaMagasine","schema":{"@context":"https:\/\/schema.org","@graph":[{"@type":"Article","@id":"https:\/\/lightweb.dev\/l\/svm-temp\/artiklar\/spanien-just-nu-tid-och-oforutsedda-handelser\/#article","isPartOf":{"@id":"https:\/\/lightweb.dev\/l\/svm-temp\/artiklar\/spanien-just-nu-tid-och-oforutsedda-handelser\/"},"author":{"name":"Redaktionen SvM","@id":"https:\/\/lightweb.dev\/l\/svm-temp\/#\/schema\/person\/206a3bda5b607b0c25e1749191e4d837"},"headline":"Spanien just nu \u2013 Tid och of\u00f6rutsedda h\u00e4ndelser","datePublished":"2008-09-08T22:00:00+00:00","mainEntityOfPage":{"@id":"https:\/\/lightweb.dev\/l\/svm-temp\/artiklar\/spanien-just-nu-tid-och-oforutsedda-handelser\/"},"wordCount":587,"commentCount":0,"publisher":{"@id":"https:\/\/lightweb.dev\/l\/svm-temp\/#organization"},"image":{"@id":"https:\/\/lightweb.dev\/l\/svm-temp\/artiklar\/spanien-just-nu-tid-och-oforutsedda-handelser\/#primaryimage"},"thumbnailUrl":"https:\/\/lightweb.dev\/l\/svm-temp\/wp-content\/uploads\/2022\/04\/spanien-just-nu-tid-och-ofrutsedda-hndelser.png","articleSection":["Artiklar","Spanien just nu"],"inLanguage":"sv-SE"},{"@type":"WebPage","@id":"https:\/\/lightweb.dev\/l\/svm-temp\/artiklar\/spanien-just-nu-tid-och-oforutsedda-handelser\/","url":"https:\/\/lightweb.dev\/l\/svm-temp\/artiklar\/spanien-just-nu-tid-och-oforutsedda-handelser\/","name":"Spanien just nu \u2013 Tid och of\u00f6rutsedda h\u00e4ndelser - Svenska Magasinet","isPartOf":{"@id":"https:\/\/lightweb.dev\/l\/svm-temp\/#website"},"primaryImageOfPage":{"@id":"https:\/\/lightweb.dev\/l\/svm-temp\/artiklar\/spanien-just-nu-tid-och-oforutsedda-handelser\/#primaryimage"},"image":{"@id":"https:\/\/lightweb.dev\/l\/svm-temp\/artiklar\/spanien-just-nu-tid-och-oforutsedda-handelser\/#primaryimage"},"thumbnailUrl":"https:\/\/lightweb.dev\/l\/svm-temp\/wp-content\/uploads\/2022\/04\/spanien-just-nu-tid-och-ofrutsedda-hndelser.png","datePublished":"2008-09-08T22:00:00+00:00","breadcrumb":{"@id":"https:\/\/lightweb.dev\/l\/svm-temp\/artiklar\/spanien-just-nu-tid-och-oforutsedda-handelser\/#breadcrumb"},"inLanguage":"sv-SE","potentialAction":[{"@type":"ReadAction","target":["https:\/\/lightweb.dev\/l\/svm-temp\/artiklar\/spanien-just-nu-tid-och-oforutsedda-handelser\/"]}]},{"@type":"ImageObject","inLanguage":"sv-SE","@id":"https:\/\/lightweb.dev\/l\/svm-temp\/artiklar\/spanien-just-nu-tid-och-oforutsedda-handelser\/#primaryimage","url":"https:\/\/lightweb.dev\/l\/svm-temp\/wp-content\/uploads\/2022\/04\/spanien-just-nu-tid-och-ofrutsedda-hndelser.png","contentUrl":"https:\/\/lightweb.dev\/l\/svm-temp\/wp-content\/uploads\/2022\/04\/spanien-just-nu-tid-och-ofrutsedda-hndelser.png","width":280,"height":374},{"@type":"BreadcrumbList","@id":"https:\/\/lightweb.dev\/l\/svm-temp\/artiklar\/spanien-just-nu-tid-och-oforutsedda-handelser\/#breadcrumb","itemListElement":[{"@type":"ListItem","position":1,"name":"Hem","item":"https:\/\/lightweb.dev\/l\/svm-temp\/"},{"@type":"ListItem","position":2,"name":"Spanien just nu \u2013 Tid och of\u00f6rutsedda h\u00e4ndelser"}]},{"@type":"WebSite","@id":"https:\/\/lightweb.dev\/l\/svm-temp\/#website","url":"https:\/\/lightweb.dev\/l\/svm-temp\/","name":"Svenska Magasinet","description":"Dina Spanska nyheter p&aring; Svenska","publisher":{"@id":"https:\/\/lightweb.dev\/l\/svm-temp\/#organization"},"potentialAction":[{"@type":"SearchAction","target":{"@type":"EntryPoint","urlTemplate":"https:\/\/lightweb.dev\/l\/svm-temp\/?s={search_term_string}"},"query-input":{"@type":"PropertyValueSpecification","valueRequired":true,"valueName":"search_term_string"}}],"inLanguage":"sv-SE"},{"@type":"Organization","@id":"https:\/\/lightweb.dev\/l\/svm-temp\/#organization","name":"Melkerson y Nott SL","alternateName":"Svenska Magasinet","url":"https:\/\/lightweb.dev\/l\/svm-temp\/","logo":{"@type":"ImageObject","inLanguage":"sv-SE","@id":"https:\/\/lightweb.dev\/l\/svm-temp\/#\/schema\/logo\/image\/","url":"https:\/\/lightweb.dev\/l\/svm-temp\/wp-content\/uploads\/2025\/02\/SvM-logo-Xtra-Centrerad-SVART.png","contentUrl":"https:\/\/lightweb.dev\/l\/svm-temp\/wp-content\/uploads\/2025\/02\/SvM-logo-Xtra-Centrerad-SVART.png","width":300,"height":99,"caption":"Melkerson y Nott SL"},"image":{"@id":"https:\/\/lightweb.dev\/l\/svm-temp\/#\/schema\/logo\/image\/"},"sameAs":["https:\/\/www.facebook.com\/svenskamagasinet","https:\/\/x.com\/SvenskaMagasine"]},{"@type":"Person","@id":"https:\/\/lightweb.dev\/l\/svm-temp\/#\/schema\/person\/206a3bda5b607b0c25e1749191e4d837","name":"Redaktionen SvM","description":"Redaktionen","sameAs":["https:\/\/lightweb.dev\/l\/svm-temp"],"url":"https:\/\/lightweb.dev\/l\/svm-temp\/reporter\/redaktionen\/"}]}},"_links":{"self":[{"href":"https:\/\/lightweb.dev\/l\/svm-temp\/wp-json\/wp\/v2\/posts\/2583","targetHints":{"allow":["GET"]}}],"collection":[{"href":"https:\/\/lightweb.dev\/l\/svm-temp\/wp-json\/wp\/v2\/posts"}],"about":[{"href":"https:\/\/lightweb.dev\/l\/svm-temp\/wp-json\/wp\/v2\/types\/post"}],"author":[{"embeddable":true,"href":"https:\/\/lightweb.dev\/l\/svm-temp\/wp-json\/wp\/v2\/users\/8"}],"replies":[{"embeddable":true,"href":"https:\/\/lightweb.dev\/l\/svm-temp\/wp-json\/wp\/v2\/comments?post=2583"}],"version-history":[{"count":0,"href":"https:\/\/lightweb.dev\/l\/svm-temp\/wp-json\/wp\/v2\/posts\/2583\/revisions"}],"wp:featuredmedia":[{"embeddable":true,"href":"https:\/\/lightweb.dev\/l\/svm-temp\/wp-json\/wp\/v2\/media\/2584"}],"wp:attachment":[{"href":"https:\/\/lightweb.dev\/l\/svm-temp\/wp-json\/wp\/v2\/media?parent=2583"}],"wp:term":[{"taxonomy":"category","embeddable":true,"href":"https:\/\/lightweb.dev\/l\/svm-temp\/wp-json\/wp\/v2\/categories?post=2583"},{"taxonomy":"post_tag","embeddable":true,"href":"https:\/\/lightweb.dev\/l\/svm-temp\/wp-json\/wp\/v2\/tags?post=2583"}],"curies":[{"name":"wp","href":"https:\/\/api.w.org\/{rel}","templated":true}]}}