{"id":2585,"date":"2008-09-09T00:00:00","date_gmt":"2008-09-08T22:00:00","guid":{"rendered":"https:\/\/lightweb.dev\/l\/svm-temp\/gifta-sig-eller-registrera-sig-som-sambo\/"},"modified":"2008-09-09T00:00:00","modified_gmt":"2008-09-08T22:00:00","slug":"gifta-sig-eller-registrera-sig-som-sambo","status":"publish","type":"post","link":"https:\/\/lightweb.dev\/l\/svm-temp\/artiklar\/gifta-sig-eller-registrera-sig-som-sambo\/","title":{"rendered":"Gifta sig eller registrera sig som sambo?"},"content":{"rendered":"<p> Det \u00e4r stora beslut, och l\u00e5ngt ifr\u00e5n j\u00e4mlika. Att skriva in sig som sambo hos myndigheterna inneb\u00e4r inte att man f\u00e5r samma r\u00e4ttigheter som de som v\u00e4ljer att gifta sig. Av Elin Petersson<\/p>\n<p>Fr\u00e5n och med januari 2008 har den spanska staten \u00e4ndrat den omdebatterade Seguridad Social lagen, d\u00e4r man tidigare bara kunde f\u00e5 \u00e4nkepension som sambo om man av lagliga sk\u00e4l, till exempel att det var om\u00f6jligt f\u00f6r personen i fr\u00e5ga att f\u00e5 igenom skilsm\u00e4ssa fr\u00e5n tidigare partner, eller om det fanns exceptionella omst\u00e4ndigheter (till exempel terroristattentat). Numera har personer som skrivit sig som sambo samma r\u00e4tt till \u00e4nkepension som de som \u00e4r gifta, om de skrivit sig som sambo efter januari 2008. F\u00f6r de som skrivit sig som sambo innan januari 2008 m\u00e5ste de bevisa att de bott tillsammans i minst sex \u00e5r eller om de har barn tillsammans f\u00f6r att ha r\u00e4tt till denna pension.<\/p>\n<p>Den 15 juli 1998 var Barcelona den f\u00f6rsta spanska regionen att godk\u00e4nna en sambolag. Sedan dess har elva regioner i Spanien antagit liknande lagar f\u00f6r att reglera det som idag \u00e4r en vanligt f\u00f6rekommande situation: att tv\u00e5 personer v\u00e4ljer att leva tillsammans utan att ha ett \u00e4ktenskapskontrakt mellan dem.<\/p>\n<p>Varje region har sina egna regler och best\u00e4mmelser om vad som kr\u00e4vs f\u00f6r att kunna registrera sig som sambo. Det \u00e4r dock vanligt att man kr\u00e4ver att paret har levt tillsammans i ett till tv\u00e5 \u00e5r innan de registrerar sig som sambo. Dessutom kr\u00e4vs oftast f\u00f6ljande:<br \/>\n\u2022 Att b\u00e5da personerna \u00e4r myndiga<br \/>\n\u2022 Att b\u00e5da personerna \u00e4r ensamst\u00e5ende, \u00e4nkeman eller \u00e4nka, fr\u00e5nskilda eller lagligt separerade.<br \/>\n\u2022 Att personerna inte \u00e4r besl\u00e4ktade varken i f\u00f6rsta, andra eller tredje led<br \/>\n\u2022 Att personerna inte bildar ett f\u00f6rh\u00e5llande med en tredje person<br \/>\n\u2022 \u00c5tminstone en av personerna b\u00f6r vara folkbokf\u00f6rda i kommunen d\u00e4r de vill bo tillsammans<br \/>\n\u2022 De flesta regioner kr\u00e4ver att paret tar med sig tv\u00e5 myndiga vittnen som kan intyga att paret uppfyller dessa krav, vid registreringen av sammanboendet<br \/>\n\u2022 Sammanboendet upph\u00f6r d\u00e5 1) en av parterna avlider, 2) d\u00e5 b\u00e5da parter eller bara en av parterna vill avsluta f\u00f6rh\u00e5llandet, 3) d\u00e5 parterna lever fr\u00e5nskilda i mer \u00e4n ett \u00e5r eller 4) d\u00e5 n\u00e5gon av parterna inleder \u00e4ktenskap.<\/p>\n<p>H\u00e4r f\u00f6ljer en lista \u00f6ver de skillnader i r\u00e4ttigheter som i dagsl\u00e4get finns mellan \u00e4ktenskap och sammanboende:<\/p>\n<p>\u00c4nkepension<br \/>\nSambo: Ja, sedan januari 2008 har sambo r\u00e4tt till \u00e4nkepension p\u00e5 samma villkor som gifta.<br \/>\nGifta: Ja<\/p>\n<p>Underh\u00e5ll efter det att relationen avslutas<br \/>\nSambo: Ja, om paret har barn tillsammans eller om den ekonomiska situationen f\u00f6rv\u00e4rras mycket efter uppbrottet<br \/>\nGifta: Ja, om det finns gemensamma barn eller om situationen \u00e4r mycket komplicerad<\/p>\n<p>Adoption<br \/>\nSambo: Bara godk\u00e4nt i Kantabrien, Arag\u00f3n, Navarra och Baskien. I Andalusien och Extremadura kan sambo g\u00e5 in som fosterfamiljer.<br \/>\nGifta: Ja<\/p>\n<p>Arvsr\u00e4tt<br \/>\nSambo: Katalonien \u00f6verv\u00e4ger att inf\u00f6ra arvsr\u00e4tt f\u00f6r sammanboende. Resten av regionerna till\u00e5ter inte att sambo kan \u00e4rva familjeegendomar eller v\u00e4rdesaker.<br \/>\nGifta: Ja<\/p>\n<p>Skatt<br \/>\nSambo: Kan inte deklarera tillsammans<br \/>\nGifta: Kan v\u00e4lja om de vill deklarera tillsammans eller individuellt<\/p>\n<p>Samboavtal\/\u00c4ktenskapsf\u00f6rord<br \/>\nSambo: Det avg\u00f6r de sammanboende<br \/>\nGifta: Det blir automatiskt det som \u00e4r giltigt i den region d\u00e4r man bor<\/p>\n<p>Skadest\u00e5nd vid olycksfall eller arbetsskada<br \/>\nSambo: Nej. Man \u00f6verv\u00e4ger om man ska till\u00e5ta det \u00e4ven f\u00f6r sammanboende<br \/>\nGifta: Ja<br \/>\nK\u00e4lla: Diario Sur <\/p>\n","protected":false},"excerpt":{"rendered":"<p>Det \u00e4r stora beslut, och l\u00e5ngt ifr\u00e5n j\u00e4mlika. Att skriva in sig som sambo hos myndigheterna inneb\u00e4r inte att man f\u00e5r samma r\u00e4ttigheter som de som v\u00e4ljer att gifta sig. Av Elin Petersson Fr\u00e5n och med januari 2008 har den spanska staten \u00e4ndrat den omdebatterade Seguridad Social lagen, d\u00e4r man tidigare bara kunde f\u00e5 \u00e4nkepension [&hellip;]<\/p>\n","protected":false},"author":8,"featured_media":2586,"comment_status":"open","ping_status":"open","sticky":false,"template":"","format":"standard","meta":{"_et_pb_use_builder":"","_et_pb_old_content":"","_et_gb_content_width":"","footnotes":""},"categories":[396,4],"tags":[],"class_list":["post-2585","post","type-post","status-publish","format-standard","has-post-thumbnail","hentry","category-arkiv-artiklar","category-artiklar"],"yoast_head":"<!-- This site is optimized with the Yoast SEO Premium plugin v26.2 (Yoast SEO v27.4) - https:\/\/yoast.com\/product\/yoast-seo-premium-wordpress\/ -->\n<title>Gifta sig eller registrera sig som sambo? - Svenska Magasinet<\/title>\n<meta name=\"robots\" content=\"noindex, follow, max-snippet:-1, max-image-preview:large, max-video-preview:-1\" \/>\n<meta property=\"og:locale\" content=\"sv_SE\" \/>\n<meta property=\"og:type\" content=\"article\" \/>\n<meta property=\"og:title\" content=\"Gifta sig eller registrera sig som sambo?\" \/>\n<meta property=\"og:description\" content=\"Det \u00e4r stora beslut, och l\u00e5ngt ifr\u00e5n j\u00e4mlika. Att skriva in sig som sambo hos myndigheterna inneb\u00e4r inte att man f\u00e5r samma r\u00e4ttigheter som de som v\u00e4ljer att gifta sig. Av Elin Petersson Fr\u00e5n och med januari 2008 har den spanska staten \u00e4ndrat den omdebatterade Seguridad Social lagen, d\u00e4r man tidigare bara kunde f\u00e5 \u00e4nkepension [&hellip;]\" \/>\n<meta property=\"og:url\" content=\"https:\/\/lightweb.dev\/l\/svm-temp\/artiklar\/gifta-sig-eller-registrera-sig-som-sambo\/\" \/>\n<meta property=\"og:site_name\" content=\"Svenska Magasinet\" \/>\n<meta property=\"article:publisher\" content=\"https:\/\/www.facebook.com\/svenskamagasinet\" \/>\n<meta property=\"article:published_time\" content=\"2008-09-08T22:00:00+00:00\" \/>\n<meta property=\"og:image\" content=\"https:\/\/lightweb.dev\/l\/svm-temp\/wp-content\/uploads\/2022\/04\/gifta-sig-eller-registrera-sig-som-sambo.png\" \/>\n\t<meta property=\"og:image:width\" content=\"280\" \/>\n\t<meta property=\"og:image:height\" content=\"373\" \/>\n\t<meta property=\"og:image:type\" content=\"image\/png\" \/>\n<meta name=\"author\" content=\"Redaktionen SvM\" \/>\n<meta name=\"twitter:card\" content=\"summary_large_image\" \/>\n<meta name=\"twitter:creator\" content=\"@SvenskaMagasine\" \/>\n<meta name=\"twitter:site\" content=\"@SvenskaMagasine\" \/>\n<script type=\"application\/ld+json\" class=\"yoast-schema-graph\">{\"@context\":\"https:\\\/\\\/schema.org\",\"@graph\":[{\"@type\":\"Article\",\"@id\":\"https:\\\/\\\/lightweb.dev\\\/l\\\/svm-temp\\\/artiklar\\\/gifta-sig-eller-registrera-sig-som-sambo\\\/#article\",\"isPartOf\":{\"@id\":\"https:\\\/\\\/lightweb.dev\\\/l\\\/svm-temp\\\/artiklar\\\/gifta-sig-eller-registrera-sig-som-sambo\\\/\"},\"author\":{\"name\":\"Redaktionen SvM\",\"@id\":\"https:\\\/\\\/lightweb.dev\\\/l\\\/svm-temp\\\/#\\\/schema\\\/person\\\/206a3bda5b607b0c25e1749191e4d837\"},\"headline\":\"Gifta sig eller registrera sig som sambo?\",\"datePublished\":\"2008-09-08T22:00:00+00:00\",\"mainEntityOfPage\":{\"@id\":\"https:\\\/\\\/lightweb.dev\\\/l\\\/svm-temp\\\/artiklar\\\/gifta-sig-eller-registrera-sig-som-sambo\\\/\"},\"wordCount\":605,\"commentCount\":0,\"publisher\":{\"@id\":\"https:\\\/\\\/lightweb.dev\\\/l\\\/svm-temp\\\/#organization\"},\"image\":{\"@id\":\"https:\\\/\\\/lightweb.dev\\\/l\\\/svm-temp\\\/artiklar\\\/gifta-sig-eller-registrera-sig-som-sambo\\\/#primaryimage\"},\"thumbnailUrl\":\"https:\\\/\\\/lightweb.dev\\\/l\\\/svm-temp\\\/wp-content\\\/uploads\\\/2022\\\/04\\\/gifta-sig-eller-registrera-sig-som-sambo.png\",\"articleSection\":[\"Arkiv\",\"Artiklar\"],\"inLanguage\":\"sv-SE\"},{\"@type\":\"WebPage\",\"@id\":\"https:\\\/\\\/lightweb.dev\\\/l\\\/svm-temp\\\/artiklar\\\/gifta-sig-eller-registrera-sig-som-sambo\\\/\",\"url\":\"https:\\\/\\\/lightweb.dev\\\/l\\\/svm-temp\\\/artiklar\\\/gifta-sig-eller-registrera-sig-som-sambo\\\/\",\"name\":\"Gifta sig eller registrera sig som sambo? - Svenska Magasinet\",\"isPartOf\":{\"@id\":\"https:\\\/\\\/lightweb.dev\\\/l\\\/svm-temp\\\/#website\"},\"primaryImageOfPage\":{\"@id\":\"https:\\\/\\\/lightweb.dev\\\/l\\\/svm-temp\\\/artiklar\\\/gifta-sig-eller-registrera-sig-som-sambo\\\/#primaryimage\"},\"image\":{\"@id\":\"https:\\\/\\\/lightweb.dev\\\/l\\\/svm-temp\\\/artiklar\\\/gifta-sig-eller-registrera-sig-som-sambo\\\/#primaryimage\"},\"thumbnailUrl\":\"https:\\\/\\\/lightweb.dev\\\/l\\\/svm-temp\\\/wp-content\\\/uploads\\\/2022\\\/04\\\/gifta-sig-eller-registrera-sig-som-sambo.png\",\"datePublished\":\"2008-09-08T22:00:00+00:00\",\"breadcrumb\":{\"@id\":\"https:\\\/\\\/lightweb.dev\\\/l\\\/svm-temp\\\/artiklar\\\/gifta-sig-eller-registrera-sig-som-sambo\\\/#breadcrumb\"},\"inLanguage\":\"sv-SE\",\"potentialAction\":[{\"@type\":\"ReadAction\",\"target\":[\"https:\\\/\\\/lightweb.dev\\\/l\\\/svm-temp\\\/artiklar\\\/gifta-sig-eller-registrera-sig-som-sambo\\\/\"]}]},{\"@type\":\"ImageObject\",\"inLanguage\":\"sv-SE\",\"@id\":\"https:\\\/\\\/lightweb.dev\\\/l\\\/svm-temp\\\/artiklar\\\/gifta-sig-eller-registrera-sig-som-sambo\\\/#primaryimage\",\"url\":\"https:\\\/\\\/lightweb.dev\\\/l\\\/svm-temp\\\/wp-content\\\/uploads\\\/2022\\\/04\\\/gifta-sig-eller-registrera-sig-som-sambo.png\",\"contentUrl\":\"https:\\\/\\\/lightweb.dev\\\/l\\\/svm-temp\\\/wp-content\\\/uploads\\\/2022\\\/04\\\/gifta-sig-eller-registrera-sig-som-sambo.png\",\"width\":280,\"height\":373},{\"@type\":\"BreadcrumbList\",\"@id\":\"https:\\\/\\\/lightweb.dev\\\/l\\\/svm-temp\\\/artiklar\\\/gifta-sig-eller-registrera-sig-som-sambo\\\/#breadcrumb\",\"itemListElement\":[{\"@type\":\"ListItem\",\"position\":1,\"name\":\"Hem\",\"item\":\"https:\\\/\\\/lightweb.dev\\\/l\\\/svm-temp\\\/\"},{\"@type\":\"ListItem\",\"position\":2,\"name\":\"Gifta sig eller registrera sig som sambo?\"}]},{\"@type\":\"WebSite\",\"@id\":\"https:\\\/\\\/lightweb.dev\\\/l\\\/svm-temp\\\/#website\",\"url\":\"https:\\\/\\\/lightweb.dev\\\/l\\\/svm-temp\\\/\",\"name\":\"Svenska Magasinet\",\"description\":\"Dina Spanska nyheter p&aring; Svenska\",\"publisher\":{\"@id\":\"https:\\\/\\\/lightweb.dev\\\/l\\\/svm-temp\\\/#organization\"},\"potentialAction\":[{\"@type\":\"SearchAction\",\"target\":{\"@type\":\"EntryPoint\",\"urlTemplate\":\"https:\\\/\\\/lightweb.dev\\\/l\\\/svm-temp\\\/?s={search_term_string}\"},\"query-input\":{\"@type\":\"PropertyValueSpecification\",\"valueRequired\":true,\"valueName\":\"search_term_string\"}}],\"inLanguage\":\"sv-SE\"},{\"@type\":\"Organization\",\"@id\":\"https:\\\/\\\/lightweb.dev\\\/l\\\/svm-temp\\\/#organization\",\"name\":\"Melkerson y Nott SL\",\"alternateName\":\"Svenska Magasinet\",\"url\":\"https:\\\/\\\/lightweb.dev\\\/l\\\/svm-temp\\\/\",\"logo\":{\"@type\":\"ImageObject\",\"inLanguage\":\"sv-SE\",\"@id\":\"https:\\\/\\\/lightweb.dev\\\/l\\\/svm-temp\\\/#\\\/schema\\\/logo\\\/image\\\/\",\"url\":\"https:\\\/\\\/lightweb.dev\\\/l\\\/svm-temp\\\/wp-content\\\/uploads\\\/2025\\\/02\\\/SvM-logo-Xtra-Centrerad-SVART.png\",\"contentUrl\":\"https:\\\/\\\/lightweb.dev\\\/l\\\/svm-temp\\\/wp-content\\\/uploads\\\/2025\\\/02\\\/SvM-logo-Xtra-Centrerad-SVART.png\",\"width\":300,\"height\":99,\"caption\":\"Melkerson y Nott SL\"},\"image\":{\"@id\":\"https:\\\/\\\/lightweb.dev\\\/l\\\/svm-temp\\\/#\\\/schema\\\/logo\\\/image\\\/\"},\"sameAs\":[\"https:\\\/\\\/www.facebook.com\\\/svenskamagasinet\",\"https:\\\/\\\/x.com\\\/SvenskaMagasine\"]},{\"@type\":\"Person\",\"@id\":\"https:\\\/\\\/lightweb.dev\\\/l\\\/svm-temp\\\/#\\\/schema\\\/person\\\/206a3bda5b607b0c25e1749191e4d837\",\"name\":\"Redaktionen SvM\",\"description\":\"Redaktionen\",\"sameAs\":[\"https:\\\/\\\/lightweb.dev\\\/l\\\/svm-temp\"],\"url\":\"https:\\\/\\\/lightweb.dev\\\/l\\\/svm-temp\\\/reporter\\\/redaktionen\\\/\"}]}<\/script>\n<!-- \/ Yoast SEO Premium plugin. -->","yoast_head_json":{"title":"Gifta sig eller registrera sig som sambo? - Svenska Magasinet","robots":{"index":"noindex","follow":"follow","max-snippet":"max-snippet:-1","max-image-preview":"max-image-preview:large","max-video-preview":"max-video-preview:-1"},"og_locale":"sv_SE","og_type":"article","og_title":"Gifta sig eller registrera sig som sambo?","og_description":"Det \u00e4r stora beslut, och l\u00e5ngt ifr\u00e5n j\u00e4mlika. Att skriva in sig som sambo hos myndigheterna inneb\u00e4r inte att man f\u00e5r samma r\u00e4ttigheter som de som v\u00e4ljer att gifta sig. Av Elin Petersson Fr\u00e5n och med januari 2008 har den spanska staten \u00e4ndrat den omdebatterade Seguridad Social lagen, d\u00e4r man tidigare bara kunde f\u00e5 \u00e4nkepension [&hellip;]","og_url":"https:\/\/lightweb.dev\/l\/svm-temp\/artiklar\/gifta-sig-eller-registrera-sig-som-sambo\/","og_site_name":"Svenska Magasinet","article_publisher":"https:\/\/www.facebook.com\/svenskamagasinet","article_published_time":"2008-09-08T22:00:00+00:00","og_image":[{"width":280,"height":373,"url":"https:\/\/lightweb.dev\/l\/svm-temp\/wp-content\/uploads\/2022\/04\/gifta-sig-eller-registrera-sig-som-sambo.png","type":"image\/png"}],"author":"Redaktionen SvM","twitter_card":"summary_large_image","twitter_creator":"@SvenskaMagasine","twitter_site":"@SvenskaMagasine","schema":{"@context":"https:\/\/schema.org","@graph":[{"@type":"Article","@id":"https:\/\/lightweb.dev\/l\/svm-temp\/artiklar\/gifta-sig-eller-registrera-sig-som-sambo\/#article","isPartOf":{"@id":"https:\/\/lightweb.dev\/l\/svm-temp\/artiklar\/gifta-sig-eller-registrera-sig-som-sambo\/"},"author":{"name":"Redaktionen SvM","@id":"https:\/\/lightweb.dev\/l\/svm-temp\/#\/schema\/person\/206a3bda5b607b0c25e1749191e4d837"},"headline":"Gifta sig eller registrera sig som sambo?","datePublished":"2008-09-08T22:00:00+00:00","mainEntityOfPage":{"@id":"https:\/\/lightweb.dev\/l\/svm-temp\/artiklar\/gifta-sig-eller-registrera-sig-som-sambo\/"},"wordCount":605,"commentCount":0,"publisher":{"@id":"https:\/\/lightweb.dev\/l\/svm-temp\/#organization"},"image":{"@id":"https:\/\/lightweb.dev\/l\/svm-temp\/artiklar\/gifta-sig-eller-registrera-sig-som-sambo\/#primaryimage"},"thumbnailUrl":"https:\/\/lightweb.dev\/l\/svm-temp\/wp-content\/uploads\/2022\/04\/gifta-sig-eller-registrera-sig-som-sambo.png","articleSection":["Arkiv","Artiklar"],"inLanguage":"sv-SE"},{"@type":"WebPage","@id":"https:\/\/lightweb.dev\/l\/svm-temp\/artiklar\/gifta-sig-eller-registrera-sig-som-sambo\/","url":"https:\/\/lightweb.dev\/l\/svm-temp\/artiklar\/gifta-sig-eller-registrera-sig-som-sambo\/","name":"Gifta sig eller registrera sig som sambo? - Svenska Magasinet","isPartOf":{"@id":"https:\/\/lightweb.dev\/l\/svm-temp\/#website"},"primaryImageOfPage":{"@id":"https:\/\/lightweb.dev\/l\/svm-temp\/artiklar\/gifta-sig-eller-registrera-sig-som-sambo\/#primaryimage"},"image":{"@id":"https:\/\/lightweb.dev\/l\/svm-temp\/artiklar\/gifta-sig-eller-registrera-sig-som-sambo\/#primaryimage"},"thumbnailUrl":"https:\/\/lightweb.dev\/l\/svm-temp\/wp-content\/uploads\/2022\/04\/gifta-sig-eller-registrera-sig-som-sambo.png","datePublished":"2008-09-08T22:00:00+00:00","breadcrumb":{"@id":"https:\/\/lightweb.dev\/l\/svm-temp\/artiklar\/gifta-sig-eller-registrera-sig-som-sambo\/#breadcrumb"},"inLanguage":"sv-SE","potentialAction":[{"@type":"ReadAction","target":["https:\/\/lightweb.dev\/l\/svm-temp\/artiklar\/gifta-sig-eller-registrera-sig-som-sambo\/"]}]},{"@type":"ImageObject","inLanguage":"sv-SE","@id":"https:\/\/lightweb.dev\/l\/svm-temp\/artiklar\/gifta-sig-eller-registrera-sig-som-sambo\/#primaryimage","url":"https:\/\/lightweb.dev\/l\/svm-temp\/wp-content\/uploads\/2022\/04\/gifta-sig-eller-registrera-sig-som-sambo.png","contentUrl":"https:\/\/lightweb.dev\/l\/svm-temp\/wp-content\/uploads\/2022\/04\/gifta-sig-eller-registrera-sig-som-sambo.png","width":280,"height":373},{"@type":"BreadcrumbList","@id":"https:\/\/lightweb.dev\/l\/svm-temp\/artiklar\/gifta-sig-eller-registrera-sig-som-sambo\/#breadcrumb","itemListElement":[{"@type":"ListItem","position":1,"name":"Hem","item":"https:\/\/lightweb.dev\/l\/svm-temp\/"},{"@type":"ListItem","position":2,"name":"Gifta sig eller registrera sig som sambo?"}]},{"@type":"WebSite","@id":"https:\/\/lightweb.dev\/l\/svm-temp\/#website","url":"https:\/\/lightweb.dev\/l\/svm-temp\/","name":"Svenska Magasinet","description":"Dina Spanska nyheter p&aring; Svenska","publisher":{"@id":"https:\/\/lightweb.dev\/l\/svm-temp\/#organization"},"potentialAction":[{"@type":"SearchAction","target":{"@type":"EntryPoint","urlTemplate":"https:\/\/lightweb.dev\/l\/svm-temp\/?s={search_term_string}"},"query-input":{"@type":"PropertyValueSpecification","valueRequired":true,"valueName":"search_term_string"}}],"inLanguage":"sv-SE"},{"@type":"Organization","@id":"https:\/\/lightweb.dev\/l\/svm-temp\/#organization","name":"Melkerson y Nott SL","alternateName":"Svenska Magasinet","url":"https:\/\/lightweb.dev\/l\/svm-temp\/","logo":{"@type":"ImageObject","inLanguage":"sv-SE","@id":"https:\/\/lightweb.dev\/l\/svm-temp\/#\/schema\/logo\/image\/","url":"https:\/\/lightweb.dev\/l\/svm-temp\/wp-content\/uploads\/2025\/02\/SvM-logo-Xtra-Centrerad-SVART.png","contentUrl":"https:\/\/lightweb.dev\/l\/svm-temp\/wp-content\/uploads\/2025\/02\/SvM-logo-Xtra-Centrerad-SVART.png","width":300,"height":99,"caption":"Melkerson y Nott SL"},"image":{"@id":"https:\/\/lightweb.dev\/l\/svm-temp\/#\/schema\/logo\/image\/"},"sameAs":["https:\/\/www.facebook.com\/svenskamagasinet","https:\/\/x.com\/SvenskaMagasine"]},{"@type":"Person","@id":"https:\/\/lightweb.dev\/l\/svm-temp\/#\/schema\/person\/206a3bda5b607b0c25e1749191e4d837","name":"Redaktionen SvM","description":"Redaktionen","sameAs":["https:\/\/lightweb.dev\/l\/svm-temp"],"url":"https:\/\/lightweb.dev\/l\/svm-temp\/reporter\/redaktionen\/"}]}},"_links":{"self":[{"href":"https:\/\/lightweb.dev\/l\/svm-temp\/wp-json\/wp\/v2\/posts\/2585","targetHints":{"allow":["GET"]}}],"collection":[{"href":"https:\/\/lightweb.dev\/l\/svm-temp\/wp-json\/wp\/v2\/posts"}],"about":[{"href":"https:\/\/lightweb.dev\/l\/svm-temp\/wp-json\/wp\/v2\/types\/post"}],"author":[{"embeddable":true,"href":"https:\/\/lightweb.dev\/l\/svm-temp\/wp-json\/wp\/v2\/users\/8"}],"replies":[{"embeddable":true,"href":"https:\/\/lightweb.dev\/l\/svm-temp\/wp-json\/wp\/v2\/comments?post=2585"}],"version-history":[{"count":0,"href":"https:\/\/lightweb.dev\/l\/svm-temp\/wp-json\/wp\/v2\/posts\/2585\/revisions"}],"wp:featuredmedia":[{"embeddable":true,"href":"https:\/\/lightweb.dev\/l\/svm-temp\/wp-json\/wp\/v2\/media\/2586"}],"wp:attachment":[{"href":"https:\/\/lightweb.dev\/l\/svm-temp\/wp-json\/wp\/v2\/media?parent=2585"}],"wp:term":[{"taxonomy":"category","embeddable":true,"href":"https:\/\/lightweb.dev\/l\/svm-temp\/wp-json\/wp\/v2\/categories?post=2585"},{"taxonomy":"post_tag","embeddable":true,"href":"https:\/\/lightweb.dev\/l\/svm-temp\/wp-json\/wp\/v2\/tags?post=2585"}],"curies":[{"name":"wp","href":"https:\/\/api.w.org\/{rel}","templated":true}]}}