{"id":2593,"date":"2008-09-09T00:00:00","date_gmt":"2008-09-08T22:00:00","guid":{"rendered":"https:\/\/lightweb.dev\/l\/svm-temp\/sa-hittar-du-till-sierra-nevada\/"},"modified":"2008-09-09T00:00:00","modified_gmt":"2008-09-08T22:00:00","slug":"sa-hittar-du-till-sierra-nevada","status":"publish","type":"post","link":"https:\/\/lightweb.dev\/l\/svm-temp\/artiklar\/sa-hittar-du-till-sierra-nevada\/","title":{"rendered":"S\u00e5 hittar du till Sierra Nevada"},"content":{"rendered":"<p> Fr\u00e5n kusten kan du n\u00e5 sydsidan av vilda vackra Sierra Nevada antingen via Motril eller Granada. Vi valde nybyggda motorv\u00e4gen N-340\/E-15 fram till La Herradura. H\u00e4rifr\u00e5n \u00e4r det n\u00e5gra kilometer smal v\u00e4g genom samh\u00e4llet Almu\u00f1ecar fram till nybyggda A-44 mot Granada.<br \/>\nDu forts\u00e4tter mot Granada och passerar en v\u00e4ldig vattendamm, Embalse de B\u00e9znar, och efter en stund ser du v\u00e4gskylten Lanjar\u00f3n. Du forts\u00e4tter p\u00e5 A-348, vid Orgiva tar du in p\u00e5 A-4129 med v\u00e4gvisare mot Capileira och Bubi\u00f3n.<\/p>\n<p>K\u00f6r ca 14 km genom Bubi\u00f3n och Capileira. V\u00e4gen \u00e4r f\u00f6rst asfalterad, sedan blir det grusv\u00e4g och du forts\u00e4tter genom tallskog fram till Hoya del Portillo d\u00e4r v\u00e4gen \u00e4r sp\u00e4rrad med en bom. I Hoya del Portillo finns en stor parkeringsplats och information. Viktiga prylar att ta med dig \u2013 men packa l\u00e4tt!<br \/>\nEtt par dagar i den sydspanska fj\u00e4llv\u00e4rlden kan bjuda p\u00e5 st\u00e4ndiga v\u00e4xlingar. I augusti \u00e4r oftast v\u00e4dret stabilt men p\u00e5 grund av den h\u00f6ga h\u00f6jden, n\u00e4rheten till Medelhavet och Gibraltar sund kan v\u00e4dret snabbt skifta med h\u00e4ftiga sn\u00f6fall, hagelskurar och starka vindar. V\u00e4ldiga \u00e5skv\u00e4der kan uppkomma under v\u00e5r och sommar framf\u00f6r allt. Kolla v\u00e4derrapporten!<br \/>\nI ryggs\u00e4cken ska finnas extra kl\u00e4der, ett par skor f\u00f6r ombyte, ficklampa, f\u00f6rsta hj\u00e4lpen-l\u00e5da, vatten (tv\u00e5 liter per dag), kolhydratp\u00e5fyllning och n\u00e5gra konserver (tonfisk). N\u00e5gra energibars \u00e4r utm\u00e4rkt att stoppa ned. Solen \u00e4r stark p\u00e5 3.000 meters h\u00f6jd varf\u00f6r solskyddsfaktor, sk\u00e4rmm\u00f6ssa och solglas\u00f6gon rekommenderas.<br \/>\nI augusti l\u00e5g temperaturen p\u00e5 n\u00e4ra 40 grader i Granada, men p\u00e5 toppen av Mulhacen var det knappt tio grader. Byxor och extra tr\u00f6ja \u00e5kte snabbt p\u00e5.<br \/>\nVid informationen i Hoya del Portillo finns kartor \u00f6ver omr\u00e5det som du f\u00e5r gratis eller s\u00e5 k\u00f6per du en st\u00f6rre karta i n\u00e5gon v\u00e4lsorterad aff\u00e4r i Capileira. Och h\u00e5ll dig till vandringslederna.<br \/>\nDet finns v\u00e4xter i Sierra Nevada som \u00e4r giftiga. H\u00e4r finns \u00e4ven en art av huggormen som \u00e4r mycket giftig. Att bli biten av den i vildmarken \u00e4r h\u00f6gst ol\u00e4mpligt.<br \/>\nVid n\u00f6dsituationer ring 112, Guardia Civil 062. I \u00f6vrigt g\u00e4ller sunt f\u00f6rnuft. <\/p>\n","protected":false},"excerpt":{"rendered":"<p>Fr\u00e5n kusten kan du n\u00e5 sydsidan av vilda vackra Sierra Nevada antingen via Motril eller Granada. Vi valde nybyggda motorv\u00e4gen N-340\/E-15 fram till La Herradura. H\u00e4rifr\u00e5n \u00e4r det n\u00e5gra kilometer smal v\u00e4g genom samh\u00e4llet Almu\u00f1ecar fram till nybyggda A-44 mot Granada. Du forts\u00e4tter mot Granada och passerar en v\u00e4ldig vattendamm, Embalse de B\u00e9znar, och efter [&hellip;]<\/p>\n","protected":false},"author":8,"featured_media":2594,"comment_status":"open","ping_status":"open","sticky":false,"template":"","format":"standard","meta":{"_et_pb_use_builder":"","_et_pb_old_content":"","_et_gb_content_width":"","footnotes":""},"categories":[396,4],"tags":[],"class_list":["post-2593","post","type-post","status-publish","format-standard","has-post-thumbnail","hentry","category-arkiv-artiklar","category-artiklar"],"yoast_head":"<!-- This site is optimized with the Yoast SEO Premium plugin v26.2 (Yoast SEO v27.4) - https:\/\/yoast.com\/product\/yoast-seo-premium-wordpress\/ -->\n<title>S\u00e5 hittar du till Sierra Nevada - Svenska Magasinet<\/title>\n<meta name=\"robots\" content=\"noindex, follow, max-snippet:-1, max-image-preview:large, max-video-preview:-1\" \/>\n<meta property=\"og:locale\" content=\"sv_SE\" \/>\n<meta property=\"og:type\" content=\"article\" \/>\n<meta property=\"og:title\" content=\"S\u00e5 hittar du till Sierra Nevada\" \/>\n<meta property=\"og:description\" content=\"Fr\u00e5n kusten kan du n\u00e5 sydsidan av vilda vackra Sierra Nevada antingen via Motril eller Granada. Vi valde nybyggda motorv\u00e4gen N-340\/E-15 fram till La Herradura. H\u00e4rifr\u00e5n \u00e4r det n\u00e5gra kilometer smal v\u00e4g genom samh\u00e4llet Almu\u00f1ecar fram till nybyggda A-44 mot Granada. Du forts\u00e4tter mot Granada och passerar en v\u00e4ldig vattendamm, Embalse de B\u00e9znar, och efter [&hellip;]\" \/>\n<meta property=\"og:url\" content=\"https:\/\/lightweb.dev\/l\/svm-temp\/artiklar\/sa-hittar-du-till-sierra-nevada\/\" \/>\n<meta property=\"og:site_name\" content=\"Svenska Magasinet\" \/>\n<meta property=\"article:publisher\" content=\"https:\/\/www.facebook.com\/svenskamagasinet\" \/>\n<meta property=\"article:published_time\" content=\"2008-09-08T22:00:00+00:00\" \/>\n<meta property=\"og:image\" content=\"https:\/\/lightweb.dev\/l\/svm-temp\/wp-content\/uploads\/2022\/04\/s-hittar-du-till-sierra-nevada.png\" \/>\n\t<meta property=\"og:image:width\" content=\"280\" \/>\n\t<meta property=\"og:image:height\" content=\"419\" \/>\n\t<meta property=\"og:image:type\" content=\"image\/png\" \/>\n<meta name=\"author\" content=\"Redaktionen SvM\" \/>\n<meta name=\"twitter:card\" content=\"summary_large_image\" \/>\n<meta name=\"twitter:creator\" content=\"@SvenskaMagasine\" \/>\n<meta name=\"twitter:site\" content=\"@SvenskaMagasine\" \/>\n<script type=\"application\/ld+json\" class=\"yoast-schema-graph\">{\"@context\":\"https:\\\/\\\/schema.org\",\"@graph\":[{\"@type\":\"Article\",\"@id\":\"https:\\\/\\\/lightweb.dev\\\/l\\\/svm-temp\\\/artiklar\\\/sa-hittar-du-till-sierra-nevada\\\/#article\",\"isPartOf\":{\"@id\":\"https:\\\/\\\/lightweb.dev\\\/l\\\/svm-temp\\\/artiklar\\\/sa-hittar-du-till-sierra-nevada\\\/\"},\"author\":{\"name\":\"Redaktionen SvM\",\"@id\":\"https:\\\/\\\/lightweb.dev\\\/l\\\/svm-temp\\\/#\\\/schema\\\/person\\\/206a3bda5b607b0c25e1749191e4d837\"},\"headline\":\"S\u00e5 hittar du till Sierra Nevada\",\"datePublished\":\"2008-09-08T22:00:00+00:00\",\"mainEntityOfPage\":{\"@id\":\"https:\\\/\\\/lightweb.dev\\\/l\\\/svm-temp\\\/artiklar\\\/sa-hittar-du-till-sierra-nevada\\\/\"},\"wordCount\":406,\"commentCount\":0,\"publisher\":{\"@id\":\"https:\\\/\\\/lightweb.dev\\\/l\\\/svm-temp\\\/#organization\"},\"image\":{\"@id\":\"https:\\\/\\\/lightweb.dev\\\/l\\\/svm-temp\\\/artiklar\\\/sa-hittar-du-till-sierra-nevada\\\/#primaryimage\"},\"thumbnailUrl\":\"https:\\\/\\\/lightweb.dev\\\/l\\\/svm-temp\\\/wp-content\\\/uploads\\\/2022\\\/04\\\/s-hittar-du-till-sierra-nevada.png\",\"articleSection\":[\"Arkiv\",\"Artiklar\"],\"inLanguage\":\"sv-SE\"},{\"@type\":\"WebPage\",\"@id\":\"https:\\\/\\\/lightweb.dev\\\/l\\\/svm-temp\\\/artiklar\\\/sa-hittar-du-till-sierra-nevada\\\/\",\"url\":\"https:\\\/\\\/lightweb.dev\\\/l\\\/svm-temp\\\/artiklar\\\/sa-hittar-du-till-sierra-nevada\\\/\",\"name\":\"S\u00e5 hittar du till Sierra Nevada - Svenska Magasinet\",\"isPartOf\":{\"@id\":\"https:\\\/\\\/lightweb.dev\\\/l\\\/svm-temp\\\/#website\"},\"primaryImageOfPage\":{\"@id\":\"https:\\\/\\\/lightweb.dev\\\/l\\\/svm-temp\\\/artiklar\\\/sa-hittar-du-till-sierra-nevada\\\/#primaryimage\"},\"image\":{\"@id\":\"https:\\\/\\\/lightweb.dev\\\/l\\\/svm-temp\\\/artiklar\\\/sa-hittar-du-till-sierra-nevada\\\/#primaryimage\"},\"thumbnailUrl\":\"https:\\\/\\\/lightweb.dev\\\/l\\\/svm-temp\\\/wp-content\\\/uploads\\\/2022\\\/04\\\/s-hittar-du-till-sierra-nevada.png\",\"datePublished\":\"2008-09-08T22:00:00+00:00\",\"breadcrumb\":{\"@id\":\"https:\\\/\\\/lightweb.dev\\\/l\\\/svm-temp\\\/artiklar\\\/sa-hittar-du-till-sierra-nevada\\\/#breadcrumb\"},\"inLanguage\":\"sv-SE\",\"potentialAction\":[{\"@type\":\"ReadAction\",\"target\":[\"https:\\\/\\\/lightweb.dev\\\/l\\\/svm-temp\\\/artiklar\\\/sa-hittar-du-till-sierra-nevada\\\/\"]}]},{\"@type\":\"ImageObject\",\"inLanguage\":\"sv-SE\",\"@id\":\"https:\\\/\\\/lightweb.dev\\\/l\\\/svm-temp\\\/artiklar\\\/sa-hittar-du-till-sierra-nevada\\\/#primaryimage\",\"url\":\"https:\\\/\\\/lightweb.dev\\\/l\\\/svm-temp\\\/wp-content\\\/uploads\\\/2022\\\/04\\\/s-hittar-du-till-sierra-nevada.png\",\"contentUrl\":\"https:\\\/\\\/lightweb.dev\\\/l\\\/svm-temp\\\/wp-content\\\/uploads\\\/2022\\\/04\\\/s-hittar-du-till-sierra-nevada.png\",\"width\":280,\"height\":419},{\"@type\":\"BreadcrumbList\",\"@id\":\"https:\\\/\\\/lightweb.dev\\\/l\\\/svm-temp\\\/artiklar\\\/sa-hittar-du-till-sierra-nevada\\\/#breadcrumb\",\"itemListElement\":[{\"@type\":\"ListItem\",\"position\":1,\"name\":\"Hem\",\"item\":\"https:\\\/\\\/lightweb.dev\\\/l\\\/svm-temp\\\/\"},{\"@type\":\"ListItem\",\"position\":2,\"name\":\"S\u00e5 hittar du till Sierra Nevada\"}]},{\"@type\":\"WebSite\",\"@id\":\"https:\\\/\\\/lightweb.dev\\\/l\\\/svm-temp\\\/#website\",\"url\":\"https:\\\/\\\/lightweb.dev\\\/l\\\/svm-temp\\\/\",\"name\":\"Svenska Magasinet\",\"description\":\"Dina Spanska nyheter p&aring; Svenska\",\"publisher\":{\"@id\":\"https:\\\/\\\/lightweb.dev\\\/l\\\/svm-temp\\\/#organization\"},\"potentialAction\":[{\"@type\":\"SearchAction\",\"target\":{\"@type\":\"EntryPoint\",\"urlTemplate\":\"https:\\\/\\\/lightweb.dev\\\/l\\\/svm-temp\\\/?s={search_term_string}\"},\"query-input\":{\"@type\":\"PropertyValueSpecification\",\"valueRequired\":true,\"valueName\":\"search_term_string\"}}],\"inLanguage\":\"sv-SE\"},{\"@type\":\"Organization\",\"@id\":\"https:\\\/\\\/lightweb.dev\\\/l\\\/svm-temp\\\/#organization\",\"name\":\"Melkerson y Nott SL\",\"alternateName\":\"Svenska Magasinet\",\"url\":\"https:\\\/\\\/lightweb.dev\\\/l\\\/svm-temp\\\/\",\"logo\":{\"@type\":\"ImageObject\",\"inLanguage\":\"sv-SE\",\"@id\":\"https:\\\/\\\/lightweb.dev\\\/l\\\/svm-temp\\\/#\\\/schema\\\/logo\\\/image\\\/\",\"url\":\"https:\\\/\\\/lightweb.dev\\\/l\\\/svm-temp\\\/wp-content\\\/uploads\\\/2025\\\/02\\\/SvM-logo-Xtra-Centrerad-SVART.png\",\"contentUrl\":\"https:\\\/\\\/lightweb.dev\\\/l\\\/svm-temp\\\/wp-content\\\/uploads\\\/2025\\\/02\\\/SvM-logo-Xtra-Centrerad-SVART.png\",\"width\":300,\"height\":99,\"caption\":\"Melkerson y Nott SL\"},\"image\":{\"@id\":\"https:\\\/\\\/lightweb.dev\\\/l\\\/svm-temp\\\/#\\\/schema\\\/logo\\\/image\\\/\"},\"sameAs\":[\"https:\\\/\\\/www.facebook.com\\\/svenskamagasinet\",\"https:\\\/\\\/x.com\\\/SvenskaMagasine\"]},{\"@type\":\"Person\",\"@id\":\"https:\\\/\\\/lightweb.dev\\\/l\\\/svm-temp\\\/#\\\/schema\\\/person\\\/206a3bda5b607b0c25e1749191e4d837\",\"name\":\"Redaktionen SvM\",\"description\":\"Redaktionen\",\"sameAs\":[\"https:\\\/\\\/lightweb.dev\\\/l\\\/svm-temp\"],\"url\":\"https:\\\/\\\/lightweb.dev\\\/l\\\/svm-temp\\\/reporter\\\/redaktionen\\\/\"}]}<\/script>\n<!-- \/ Yoast SEO Premium plugin. -->","yoast_head_json":{"title":"S\u00e5 hittar du till Sierra Nevada - Svenska Magasinet","robots":{"index":"noindex","follow":"follow","max-snippet":"max-snippet:-1","max-image-preview":"max-image-preview:large","max-video-preview":"max-video-preview:-1"},"og_locale":"sv_SE","og_type":"article","og_title":"S\u00e5 hittar du till Sierra Nevada","og_description":"Fr\u00e5n kusten kan du n\u00e5 sydsidan av vilda vackra Sierra Nevada antingen via Motril eller Granada. Vi valde nybyggda motorv\u00e4gen N-340\/E-15 fram till La Herradura. H\u00e4rifr\u00e5n \u00e4r det n\u00e5gra kilometer smal v\u00e4g genom samh\u00e4llet Almu\u00f1ecar fram till nybyggda A-44 mot Granada. Du forts\u00e4tter mot Granada och passerar en v\u00e4ldig vattendamm, Embalse de B\u00e9znar, och efter [&hellip;]","og_url":"https:\/\/lightweb.dev\/l\/svm-temp\/artiklar\/sa-hittar-du-till-sierra-nevada\/","og_site_name":"Svenska Magasinet","article_publisher":"https:\/\/www.facebook.com\/svenskamagasinet","article_published_time":"2008-09-08T22:00:00+00:00","og_image":[{"width":280,"height":419,"url":"https:\/\/lightweb.dev\/l\/svm-temp\/wp-content\/uploads\/2022\/04\/s-hittar-du-till-sierra-nevada.png","type":"image\/png"}],"author":"Redaktionen SvM","twitter_card":"summary_large_image","twitter_creator":"@SvenskaMagasine","twitter_site":"@SvenskaMagasine","schema":{"@context":"https:\/\/schema.org","@graph":[{"@type":"Article","@id":"https:\/\/lightweb.dev\/l\/svm-temp\/artiklar\/sa-hittar-du-till-sierra-nevada\/#article","isPartOf":{"@id":"https:\/\/lightweb.dev\/l\/svm-temp\/artiklar\/sa-hittar-du-till-sierra-nevada\/"},"author":{"name":"Redaktionen SvM","@id":"https:\/\/lightweb.dev\/l\/svm-temp\/#\/schema\/person\/206a3bda5b607b0c25e1749191e4d837"},"headline":"S\u00e5 hittar du till Sierra Nevada","datePublished":"2008-09-08T22:00:00+00:00","mainEntityOfPage":{"@id":"https:\/\/lightweb.dev\/l\/svm-temp\/artiklar\/sa-hittar-du-till-sierra-nevada\/"},"wordCount":406,"commentCount":0,"publisher":{"@id":"https:\/\/lightweb.dev\/l\/svm-temp\/#organization"},"image":{"@id":"https:\/\/lightweb.dev\/l\/svm-temp\/artiklar\/sa-hittar-du-till-sierra-nevada\/#primaryimage"},"thumbnailUrl":"https:\/\/lightweb.dev\/l\/svm-temp\/wp-content\/uploads\/2022\/04\/s-hittar-du-till-sierra-nevada.png","articleSection":["Arkiv","Artiklar"],"inLanguage":"sv-SE"},{"@type":"WebPage","@id":"https:\/\/lightweb.dev\/l\/svm-temp\/artiklar\/sa-hittar-du-till-sierra-nevada\/","url":"https:\/\/lightweb.dev\/l\/svm-temp\/artiklar\/sa-hittar-du-till-sierra-nevada\/","name":"S\u00e5 hittar du till Sierra Nevada - Svenska Magasinet","isPartOf":{"@id":"https:\/\/lightweb.dev\/l\/svm-temp\/#website"},"primaryImageOfPage":{"@id":"https:\/\/lightweb.dev\/l\/svm-temp\/artiklar\/sa-hittar-du-till-sierra-nevada\/#primaryimage"},"image":{"@id":"https:\/\/lightweb.dev\/l\/svm-temp\/artiklar\/sa-hittar-du-till-sierra-nevada\/#primaryimage"},"thumbnailUrl":"https:\/\/lightweb.dev\/l\/svm-temp\/wp-content\/uploads\/2022\/04\/s-hittar-du-till-sierra-nevada.png","datePublished":"2008-09-08T22:00:00+00:00","breadcrumb":{"@id":"https:\/\/lightweb.dev\/l\/svm-temp\/artiklar\/sa-hittar-du-till-sierra-nevada\/#breadcrumb"},"inLanguage":"sv-SE","potentialAction":[{"@type":"ReadAction","target":["https:\/\/lightweb.dev\/l\/svm-temp\/artiklar\/sa-hittar-du-till-sierra-nevada\/"]}]},{"@type":"ImageObject","inLanguage":"sv-SE","@id":"https:\/\/lightweb.dev\/l\/svm-temp\/artiklar\/sa-hittar-du-till-sierra-nevada\/#primaryimage","url":"https:\/\/lightweb.dev\/l\/svm-temp\/wp-content\/uploads\/2022\/04\/s-hittar-du-till-sierra-nevada.png","contentUrl":"https:\/\/lightweb.dev\/l\/svm-temp\/wp-content\/uploads\/2022\/04\/s-hittar-du-till-sierra-nevada.png","width":280,"height":419},{"@type":"BreadcrumbList","@id":"https:\/\/lightweb.dev\/l\/svm-temp\/artiklar\/sa-hittar-du-till-sierra-nevada\/#breadcrumb","itemListElement":[{"@type":"ListItem","position":1,"name":"Hem","item":"https:\/\/lightweb.dev\/l\/svm-temp\/"},{"@type":"ListItem","position":2,"name":"S\u00e5 hittar du till Sierra Nevada"}]},{"@type":"WebSite","@id":"https:\/\/lightweb.dev\/l\/svm-temp\/#website","url":"https:\/\/lightweb.dev\/l\/svm-temp\/","name":"Svenska Magasinet","description":"Dina Spanska nyheter p&aring; Svenska","publisher":{"@id":"https:\/\/lightweb.dev\/l\/svm-temp\/#organization"},"potentialAction":[{"@type":"SearchAction","target":{"@type":"EntryPoint","urlTemplate":"https:\/\/lightweb.dev\/l\/svm-temp\/?s={search_term_string}"},"query-input":{"@type":"PropertyValueSpecification","valueRequired":true,"valueName":"search_term_string"}}],"inLanguage":"sv-SE"},{"@type":"Organization","@id":"https:\/\/lightweb.dev\/l\/svm-temp\/#organization","name":"Melkerson y Nott SL","alternateName":"Svenska Magasinet","url":"https:\/\/lightweb.dev\/l\/svm-temp\/","logo":{"@type":"ImageObject","inLanguage":"sv-SE","@id":"https:\/\/lightweb.dev\/l\/svm-temp\/#\/schema\/logo\/image\/","url":"https:\/\/lightweb.dev\/l\/svm-temp\/wp-content\/uploads\/2025\/02\/SvM-logo-Xtra-Centrerad-SVART.png","contentUrl":"https:\/\/lightweb.dev\/l\/svm-temp\/wp-content\/uploads\/2025\/02\/SvM-logo-Xtra-Centrerad-SVART.png","width":300,"height":99,"caption":"Melkerson y Nott SL"},"image":{"@id":"https:\/\/lightweb.dev\/l\/svm-temp\/#\/schema\/logo\/image\/"},"sameAs":["https:\/\/www.facebook.com\/svenskamagasinet","https:\/\/x.com\/SvenskaMagasine"]},{"@type":"Person","@id":"https:\/\/lightweb.dev\/l\/svm-temp\/#\/schema\/person\/206a3bda5b607b0c25e1749191e4d837","name":"Redaktionen SvM","description":"Redaktionen","sameAs":["https:\/\/lightweb.dev\/l\/svm-temp"],"url":"https:\/\/lightweb.dev\/l\/svm-temp\/reporter\/redaktionen\/"}]}},"_links":{"self":[{"href":"https:\/\/lightweb.dev\/l\/svm-temp\/wp-json\/wp\/v2\/posts\/2593","targetHints":{"allow":["GET"]}}],"collection":[{"href":"https:\/\/lightweb.dev\/l\/svm-temp\/wp-json\/wp\/v2\/posts"}],"about":[{"href":"https:\/\/lightweb.dev\/l\/svm-temp\/wp-json\/wp\/v2\/types\/post"}],"author":[{"embeddable":true,"href":"https:\/\/lightweb.dev\/l\/svm-temp\/wp-json\/wp\/v2\/users\/8"}],"replies":[{"embeddable":true,"href":"https:\/\/lightweb.dev\/l\/svm-temp\/wp-json\/wp\/v2\/comments?post=2593"}],"version-history":[{"count":0,"href":"https:\/\/lightweb.dev\/l\/svm-temp\/wp-json\/wp\/v2\/posts\/2593\/revisions"}],"wp:featuredmedia":[{"embeddable":true,"href":"https:\/\/lightweb.dev\/l\/svm-temp\/wp-json\/wp\/v2\/media\/2594"}],"wp:attachment":[{"href":"https:\/\/lightweb.dev\/l\/svm-temp\/wp-json\/wp\/v2\/media?parent=2593"}],"wp:term":[{"taxonomy":"category","embeddable":true,"href":"https:\/\/lightweb.dev\/l\/svm-temp\/wp-json\/wp\/v2\/categories?post=2593"},{"taxonomy":"post_tag","embeddable":true,"href":"https:\/\/lightweb.dev\/l\/svm-temp\/wp-json\/wp\/v2\/tags?post=2593"}],"curies":[{"name":"wp","href":"https:\/\/api.w.org\/{rel}","templated":true}]}}