{"id":2595,"date":"2008-09-09T00:00:00","date_gmt":"2008-09-08T22:00:00","guid":{"rendered":"https:\/\/lightweb.dev\/l\/svm-temp\/sparpaket-infors-och-skolan-soker-ny-rektor\/"},"modified":"2008-09-09T00:00:00","modified_gmt":"2008-09-08T22:00:00","slug":"sparpaket-infors-och-skolan-soker-ny-rektor","status":"publish","type":"post","link":"https:\/\/lightweb.dev\/l\/svm-temp\/artiklar\/sparpaket-infors-och-skolan-soker-ny-rektor\/","title":{"rendered":"Sparpaket inf\u00f6rs &#8211; och skolan s\u00f6ker ny rektor"},"content":{"rendered":"<p> Nu s\u00f6ker Svenska skolan i Fuengirola efter en ny f\u00f6reningschef och rektor. Rektorstj\u00e4nsten \u00e4r utannonserad p\u00e5 Skolverkets hemsida och p\u00e5 platsbanken vid Arbetsf\u00f6rmedlingen. Ans\u00f6kningstiden l\u00f6per ut den 1 oktober.  Det skulle inte vara n\u00e5gon skr\u00e4ll om nuvarande tillf\u00f6rordnade rektorn H\u00e5kan Rodling blir f\u00f6reningschef och rektor Av Ola Josefsson<\/p>\n<p>Svenska skolan i Fuengirola s\u00f6ker en erfaren rektor med pedagogisk h\u00f6gskoleutbildning och dokumenterade kunskaper och erfarenhet som chef och ledare. Personen ska ha ett grundl\u00e4ggande ekonomiskt kunnande, erfarenhet av budgetarbete samt kunskap om utbildningssystemet inom f\u00f6rskola, grundskola och gymnasieskola.<\/p>\n<p>Spr\u00e5kkunskaper<br \/>\nKommunikationen var bristf\u00e4llig tidigare mellan rektorn och den spansktalande personalen p\u00e5 skolan. Nu ska det bli \u00e4ndring p\u00e5 det. Enligt annonsen p\u00e5 skolverket.se ses erfarenhet av utlandstj\u00e4nstg\u00f6ring, goda spr\u00e5kkunskaper i spanska och det spanska samh\u00e4llet som en extra merit.<br \/>\n-Det \u00e4r klart att det \u00e4r en extra merit om den nye rektorn kan spanska och har en inblick i det spanska samh\u00e4llet, s\u00e4ger Tomas Karlsson, styrelsens ordf\u00f6rande.<\/p>\n<p>Sparpaket<br \/>\nF\u00f6reningschefen\/rektorn har det \u00f6vergripandet ansvaret f\u00f6r s\u00e5v\u00e4l det pedagogiska arbetet som f\u00f6r ekonomi, administration och personal. Ekonomin \u00e4r h\u00e5rt anstr\u00e4ngd varf\u00f6r skolan inf\u00f6r sparpaket. Nu ska det bli slut med vidlyftiga representationer.<br \/>\n-Fr\u00e5n nu g\u00e4ller stenh\u00e5rd koll p\u00e5 ekonomin, r\u00e4kna med spar\u00e5tg\u00e4rder inom vissa omr\u00e5den.<br \/>\nSvenska skolan i Fuengirola d\u00e4r drygt 200 elever \u00e4r inskrivna intar m\u00e5ls\u00e4ttning att i f\u00f6rsta hand vara till f\u00f6r de f\u00f6r\u00e4ldrar med barn som bor p\u00e5 Costa del Sol.<br \/>\n-Vi m\u00e5ste se \u00f6ver vilken skola vi vill ha. Vi m\u00e5ste ta h\u00e4nsyn till dem som bor h\u00e4r. Skolan \u00e4r ju i f\u00f6rsta hand till f\u00f6r dem.<\/p>\n<p>Spricka<br \/>\nDen nya styrelsen arbetar h\u00e5rt p\u00e5 att \u00f6verbrygga den spricka som uppstod mellan den f\u00f6rra skolledningen och m\u00e5nga f\u00f6r\u00e4ldrar.<br \/>\n-Alla ska k\u00e4nna sig v\u00e4lkomna till kusten och Svenska skolan i Fuengirola. Jag hoppas att vi har l\u00e4rt oss n\u00e5got av tidigare h\u00e4ndelser.<br \/>\nDen tidigare rektorn och skolledningen lade mycket kraft och tid p\u00e5 g\u00e4ststudenter. Men dessa g\u00e5r p\u00e5 skolan endast en eller tv\u00e5 terminer. Samtidigt drivs skolan sedan 1969 av en privat f\u00f6r\u00e4ldraf\u00f6rening enligt spanska f\u00f6reningsstadgar. Bakom f\u00f6reningen st\u00e5r f\u00f6r\u00e4ldrar som lever och bor p\u00e5 Costa del Sol.<br \/>\nRent ekonomiskt \u00e4r g\u00e4ststudenter ett viktigt kugghjul i verksamheten d\u00e5 det genererar pengar till skolan. I forts\u00e4ttningen ska skolan r\u00e4tta mun efter mats\u00e4cken och \u00e4ven om g\u00e4ststudenterna blir en naturlig del av skolan \u00e4r den i f\u00f6rsta hand en skola f\u00f6r de f\u00f6r\u00e4ldrar med barn som bor p\u00e5 Costa del Sol. G\u00e4ststudenterna kommer p\u00e5 k\u00f6pet.<br \/>\n-G\u00e4ststudenter \u00e4r viktigt, de f\u00f6r med sig influenser fr\u00e5n Sverige.<\/p>\n<p>Svenska skolan i Torrevieja har bytt namn till Skandinaviska skolan. Kan det bli aktuellt f\u00f6r er?<br \/>\n-Det har vi aldrig diskuterat. S\u00e5 det \u00e4r inte aktuellt just f\u00f6r tillf\u00e4llet.<\/p>\n<p>\u00c4r det Avenida de Acapulco i Los Boliches som g\u00e4ller i forts\u00e4ttningen?<br \/>\n-Vi har kontrakt till och med 2009. Vi har n\u00e5gra andra alternativ vi tittar p\u00e5, men ingenting \u00e4r klart.<\/p>\n<p>Hur \u00e4r det med vissa tillst\u00e5nd, \u00e4r alla papper i ordning?<br \/>\n-Alla papper och tillst\u00e5nd ska vara i ordning och skolan f\u00f6ljer spanska och svenska normer. S\u00e5 ska det vara, s\u00e4ger Tomas Karlsson, styrelsens ordf\u00f6rande.<br \/>\nRektorstj\u00e4nsten m\u00e5ste utannonseras. S\u00e5 \u00e4r g\u00e5ngen. Men det skulle inte vara n\u00e5gon \u00f6verraskning om H\u00e5kan Rodling, just nu tillf\u00f6rordnad rektor, bli ordinarie rektor fr\u00e5n \u00e5rsskiftet. Han \u00e4r omtyckt och har en stor erfarenhet av skolarbetet p\u00e5 Fuengirolaskolan. <\/p>\n","protected":false},"excerpt":{"rendered":"<p>Nu s\u00f6ker Svenska skolan i Fuengirola efter en ny f\u00f6reningschef och rektor. Rektorstj\u00e4nsten \u00e4r utannonserad p\u00e5 Skolverkets hemsida och p\u00e5 platsbanken vid Arbetsf\u00f6rmedlingen. Ans\u00f6kningstiden l\u00f6per ut den 1 oktober. Det skulle inte vara n\u00e5gon skr\u00e4ll om nuvarande tillf\u00f6rordnade rektorn H\u00e5kan Rodling blir f\u00f6reningschef och rektor Av Ola Josefsson Svenska skolan i Fuengirola s\u00f6ker en erfaren [&hellip;]<\/p>\n","protected":false},"author":8,"featured_media":2596,"comment_status":"open","ping_status":"open","sticky":false,"template":"","format":"standard","meta":{"_et_pb_use_builder":"","_et_pb_old_content":"","_et_gb_content_width":"","footnotes":""},"categories":[396,4],"tags":[],"class_list":["post-2595","post","type-post","status-publish","format-standard","has-post-thumbnail","hentry","category-arkiv-artiklar","category-artiklar"],"yoast_head":"<!-- This site is optimized with the Yoast SEO Premium plugin v26.2 (Yoast SEO v27.4) - https:\/\/yoast.com\/product\/yoast-seo-premium-wordpress\/ -->\n<title>Sparpaket inf\u00f6rs - och skolan s\u00f6ker ny rektor - Svenska Magasinet<\/title>\n<meta name=\"robots\" content=\"noindex, follow, max-snippet:-1, max-image-preview:large, max-video-preview:-1\" \/>\n<meta property=\"og:locale\" content=\"sv_SE\" \/>\n<meta property=\"og:type\" content=\"article\" \/>\n<meta property=\"og:title\" content=\"Sparpaket inf\u00f6rs - och skolan s\u00f6ker ny rektor\" \/>\n<meta property=\"og:description\" content=\"Nu s\u00f6ker Svenska skolan i Fuengirola efter en ny f\u00f6reningschef och rektor. Rektorstj\u00e4nsten \u00e4r utannonserad p\u00e5 Skolverkets hemsida och p\u00e5 platsbanken vid Arbetsf\u00f6rmedlingen. Ans\u00f6kningstiden l\u00f6per ut den 1 oktober. Det skulle inte vara n\u00e5gon skr\u00e4ll om nuvarande tillf\u00f6rordnade rektorn H\u00e5kan Rodling blir f\u00f6reningschef och rektor Av Ola Josefsson Svenska skolan i Fuengirola s\u00f6ker en erfaren [&hellip;]\" \/>\n<meta property=\"og:url\" content=\"https:\/\/lightweb.dev\/l\/svm-temp\/artiklar\/sparpaket-infors-och-skolan-soker-ny-rektor\/\" \/>\n<meta property=\"og:site_name\" content=\"Svenska Magasinet\" \/>\n<meta property=\"article:publisher\" content=\"https:\/\/www.facebook.com\/svenskamagasinet\" \/>\n<meta property=\"article:published_time\" content=\"2008-09-08T22:00:00+00:00\" \/>\n<meta property=\"og:image\" content=\"https:\/\/lightweb.dev\/l\/svm-temp\/wp-content\/uploads\/2022\/04\/sparpaket-infrs-och-skolan-sker-ny-rektor.png\" \/>\n\t<meta property=\"og:image:width\" content=\"299\" \/>\n\t<meta property=\"og:image:height\" content=\"200\" \/>\n\t<meta property=\"og:image:type\" content=\"image\/png\" \/>\n<meta name=\"author\" content=\"Redaktionen SvM\" \/>\n<meta name=\"twitter:card\" content=\"summary_large_image\" \/>\n<meta name=\"twitter:creator\" content=\"@SvenskaMagasine\" \/>\n<meta name=\"twitter:site\" content=\"@SvenskaMagasine\" \/>\n<script type=\"application\/ld+json\" class=\"yoast-schema-graph\">{\"@context\":\"https:\\\/\\\/schema.org\",\"@graph\":[{\"@type\":\"Article\",\"@id\":\"https:\\\/\\\/lightweb.dev\\\/l\\\/svm-temp\\\/artiklar\\\/sparpaket-infors-och-skolan-soker-ny-rektor\\\/#article\",\"isPartOf\":{\"@id\":\"https:\\\/\\\/lightweb.dev\\\/l\\\/svm-temp\\\/artiklar\\\/sparpaket-infors-och-skolan-soker-ny-rektor\\\/\"},\"author\":{\"name\":\"Redaktionen SvM\",\"@id\":\"https:\\\/\\\/lightweb.dev\\\/l\\\/svm-temp\\\/#\\\/schema\\\/person\\\/206a3bda5b607b0c25e1749191e4d837\"},\"headline\":\"Sparpaket inf\u00f6rs &#8211; och skolan s\u00f6ker ny rektor\",\"datePublished\":\"2008-09-08T22:00:00+00:00\",\"mainEntityOfPage\":{\"@id\":\"https:\\\/\\\/lightweb.dev\\\/l\\\/svm-temp\\\/artiklar\\\/sparpaket-infors-och-skolan-soker-ny-rektor\\\/\"},\"wordCount\":656,\"commentCount\":0,\"publisher\":{\"@id\":\"https:\\\/\\\/lightweb.dev\\\/l\\\/svm-temp\\\/#organization\"},\"image\":{\"@id\":\"https:\\\/\\\/lightweb.dev\\\/l\\\/svm-temp\\\/artiklar\\\/sparpaket-infors-och-skolan-soker-ny-rektor\\\/#primaryimage\"},\"thumbnailUrl\":\"https:\\\/\\\/lightweb.dev\\\/l\\\/svm-temp\\\/wp-content\\\/uploads\\\/2022\\\/04\\\/sparpaket-infrs-och-skolan-sker-ny-rektor.png\",\"articleSection\":[\"Arkiv\",\"Artiklar\"],\"inLanguage\":\"sv-SE\"},{\"@type\":\"WebPage\",\"@id\":\"https:\\\/\\\/lightweb.dev\\\/l\\\/svm-temp\\\/artiklar\\\/sparpaket-infors-och-skolan-soker-ny-rektor\\\/\",\"url\":\"https:\\\/\\\/lightweb.dev\\\/l\\\/svm-temp\\\/artiklar\\\/sparpaket-infors-och-skolan-soker-ny-rektor\\\/\",\"name\":\"Sparpaket inf\u00f6rs - och skolan s\u00f6ker ny rektor - Svenska Magasinet\",\"isPartOf\":{\"@id\":\"https:\\\/\\\/lightweb.dev\\\/l\\\/svm-temp\\\/#website\"},\"primaryImageOfPage\":{\"@id\":\"https:\\\/\\\/lightweb.dev\\\/l\\\/svm-temp\\\/artiklar\\\/sparpaket-infors-och-skolan-soker-ny-rektor\\\/#primaryimage\"},\"image\":{\"@id\":\"https:\\\/\\\/lightweb.dev\\\/l\\\/svm-temp\\\/artiklar\\\/sparpaket-infors-och-skolan-soker-ny-rektor\\\/#primaryimage\"},\"thumbnailUrl\":\"https:\\\/\\\/lightweb.dev\\\/l\\\/svm-temp\\\/wp-content\\\/uploads\\\/2022\\\/04\\\/sparpaket-infrs-och-skolan-sker-ny-rektor.png\",\"datePublished\":\"2008-09-08T22:00:00+00:00\",\"breadcrumb\":{\"@id\":\"https:\\\/\\\/lightweb.dev\\\/l\\\/svm-temp\\\/artiklar\\\/sparpaket-infors-och-skolan-soker-ny-rektor\\\/#breadcrumb\"},\"inLanguage\":\"sv-SE\",\"potentialAction\":[{\"@type\":\"ReadAction\",\"target\":[\"https:\\\/\\\/lightweb.dev\\\/l\\\/svm-temp\\\/artiklar\\\/sparpaket-infors-och-skolan-soker-ny-rektor\\\/\"]}]},{\"@type\":\"ImageObject\",\"inLanguage\":\"sv-SE\",\"@id\":\"https:\\\/\\\/lightweb.dev\\\/l\\\/svm-temp\\\/artiklar\\\/sparpaket-infors-och-skolan-soker-ny-rektor\\\/#primaryimage\",\"url\":\"https:\\\/\\\/lightweb.dev\\\/l\\\/svm-temp\\\/wp-content\\\/uploads\\\/2022\\\/04\\\/sparpaket-infrs-och-skolan-sker-ny-rektor.png\",\"contentUrl\":\"https:\\\/\\\/lightweb.dev\\\/l\\\/svm-temp\\\/wp-content\\\/uploads\\\/2022\\\/04\\\/sparpaket-infrs-och-skolan-sker-ny-rektor.png\",\"width\":299,\"height\":200},{\"@type\":\"BreadcrumbList\",\"@id\":\"https:\\\/\\\/lightweb.dev\\\/l\\\/svm-temp\\\/artiklar\\\/sparpaket-infors-och-skolan-soker-ny-rektor\\\/#breadcrumb\",\"itemListElement\":[{\"@type\":\"ListItem\",\"position\":1,\"name\":\"Hem\",\"item\":\"https:\\\/\\\/lightweb.dev\\\/l\\\/svm-temp\\\/\"},{\"@type\":\"ListItem\",\"position\":2,\"name\":\"Sparpaket inf\u00f6rs &#8211; och skolan s\u00f6ker ny rektor\"}]},{\"@type\":\"WebSite\",\"@id\":\"https:\\\/\\\/lightweb.dev\\\/l\\\/svm-temp\\\/#website\",\"url\":\"https:\\\/\\\/lightweb.dev\\\/l\\\/svm-temp\\\/\",\"name\":\"Svenska Magasinet\",\"description\":\"Dina Spanska nyheter p&aring; Svenska\",\"publisher\":{\"@id\":\"https:\\\/\\\/lightweb.dev\\\/l\\\/svm-temp\\\/#organization\"},\"potentialAction\":[{\"@type\":\"SearchAction\",\"target\":{\"@type\":\"EntryPoint\",\"urlTemplate\":\"https:\\\/\\\/lightweb.dev\\\/l\\\/svm-temp\\\/?s={search_term_string}\"},\"query-input\":{\"@type\":\"PropertyValueSpecification\",\"valueRequired\":true,\"valueName\":\"search_term_string\"}}],\"inLanguage\":\"sv-SE\"},{\"@type\":\"Organization\",\"@id\":\"https:\\\/\\\/lightweb.dev\\\/l\\\/svm-temp\\\/#organization\",\"name\":\"Melkerson y Nott SL\",\"alternateName\":\"Svenska Magasinet\",\"url\":\"https:\\\/\\\/lightweb.dev\\\/l\\\/svm-temp\\\/\",\"logo\":{\"@type\":\"ImageObject\",\"inLanguage\":\"sv-SE\",\"@id\":\"https:\\\/\\\/lightweb.dev\\\/l\\\/svm-temp\\\/#\\\/schema\\\/logo\\\/image\\\/\",\"url\":\"https:\\\/\\\/lightweb.dev\\\/l\\\/svm-temp\\\/wp-content\\\/uploads\\\/2025\\\/02\\\/SvM-logo-Xtra-Centrerad-SVART.png\",\"contentUrl\":\"https:\\\/\\\/lightweb.dev\\\/l\\\/svm-temp\\\/wp-content\\\/uploads\\\/2025\\\/02\\\/SvM-logo-Xtra-Centrerad-SVART.png\",\"width\":300,\"height\":99,\"caption\":\"Melkerson y Nott SL\"},\"image\":{\"@id\":\"https:\\\/\\\/lightweb.dev\\\/l\\\/svm-temp\\\/#\\\/schema\\\/logo\\\/image\\\/\"},\"sameAs\":[\"https:\\\/\\\/www.facebook.com\\\/svenskamagasinet\",\"https:\\\/\\\/x.com\\\/SvenskaMagasine\"]},{\"@type\":\"Person\",\"@id\":\"https:\\\/\\\/lightweb.dev\\\/l\\\/svm-temp\\\/#\\\/schema\\\/person\\\/206a3bda5b607b0c25e1749191e4d837\",\"name\":\"Redaktionen SvM\",\"description\":\"Redaktionen\",\"sameAs\":[\"https:\\\/\\\/lightweb.dev\\\/l\\\/svm-temp\"],\"url\":\"https:\\\/\\\/lightweb.dev\\\/l\\\/svm-temp\\\/reporter\\\/redaktionen\\\/\"}]}<\/script>\n<!-- \/ Yoast SEO Premium plugin. -->","yoast_head_json":{"title":"Sparpaket inf\u00f6rs - och skolan s\u00f6ker ny rektor - Svenska Magasinet","robots":{"index":"noindex","follow":"follow","max-snippet":"max-snippet:-1","max-image-preview":"max-image-preview:large","max-video-preview":"max-video-preview:-1"},"og_locale":"sv_SE","og_type":"article","og_title":"Sparpaket inf\u00f6rs - och skolan s\u00f6ker ny rektor","og_description":"Nu s\u00f6ker Svenska skolan i Fuengirola efter en ny f\u00f6reningschef och rektor. Rektorstj\u00e4nsten \u00e4r utannonserad p\u00e5 Skolverkets hemsida och p\u00e5 platsbanken vid Arbetsf\u00f6rmedlingen. Ans\u00f6kningstiden l\u00f6per ut den 1 oktober. Det skulle inte vara n\u00e5gon skr\u00e4ll om nuvarande tillf\u00f6rordnade rektorn H\u00e5kan Rodling blir f\u00f6reningschef och rektor Av Ola Josefsson Svenska skolan i Fuengirola s\u00f6ker en erfaren [&hellip;]","og_url":"https:\/\/lightweb.dev\/l\/svm-temp\/artiklar\/sparpaket-infors-och-skolan-soker-ny-rektor\/","og_site_name":"Svenska Magasinet","article_publisher":"https:\/\/www.facebook.com\/svenskamagasinet","article_published_time":"2008-09-08T22:00:00+00:00","og_image":[{"width":299,"height":200,"url":"https:\/\/lightweb.dev\/l\/svm-temp\/wp-content\/uploads\/2022\/04\/sparpaket-infrs-och-skolan-sker-ny-rektor.png","type":"image\/png"}],"author":"Redaktionen SvM","twitter_card":"summary_large_image","twitter_creator":"@SvenskaMagasine","twitter_site":"@SvenskaMagasine","schema":{"@context":"https:\/\/schema.org","@graph":[{"@type":"Article","@id":"https:\/\/lightweb.dev\/l\/svm-temp\/artiklar\/sparpaket-infors-och-skolan-soker-ny-rektor\/#article","isPartOf":{"@id":"https:\/\/lightweb.dev\/l\/svm-temp\/artiklar\/sparpaket-infors-och-skolan-soker-ny-rektor\/"},"author":{"name":"Redaktionen SvM","@id":"https:\/\/lightweb.dev\/l\/svm-temp\/#\/schema\/person\/206a3bda5b607b0c25e1749191e4d837"},"headline":"Sparpaket inf\u00f6rs &#8211; och skolan s\u00f6ker ny rektor","datePublished":"2008-09-08T22:00:00+00:00","mainEntityOfPage":{"@id":"https:\/\/lightweb.dev\/l\/svm-temp\/artiklar\/sparpaket-infors-och-skolan-soker-ny-rektor\/"},"wordCount":656,"commentCount":0,"publisher":{"@id":"https:\/\/lightweb.dev\/l\/svm-temp\/#organization"},"image":{"@id":"https:\/\/lightweb.dev\/l\/svm-temp\/artiklar\/sparpaket-infors-och-skolan-soker-ny-rektor\/#primaryimage"},"thumbnailUrl":"https:\/\/lightweb.dev\/l\/svm-temp\/wp-content\/uploads\/2022\/04\/sparpaket-infrs-och-skolan-sker-ny-rektor.png","articleSection":["Arkiv","Artiklar"],"inLanguage":"sv-SE"},{"@type":"WebPage","@id":"https:\/\/lightweb.dev\/l\/svm-temp\/artiklar\/sparpaket-infors-och-skolan-soker-ny-rektor\/","url":"https:\/\/lightweb.dev\/l\/svm-temp\/artiklar\/sparpaket-infors-och-skolan-soker-ny-rektor\/","name":"Sparpaket inf\u00f6rs - och skolan s\u00f6ker ny rektor - Svenska Magasinet","isPartOf":{"@id":"https:\/\/lightweb.dev\/l\/svm-temp\/#website"},"primaryImageOfPage":{"@id":"https:\/\/lightweb.dev\/l\/svm-temp\/artiklar\/sparpaket-infors-och-skolan-soker-ny-rektor\/#primaryimage"},"image":{"@id":"https:\/\/lightweb.dev\/l\/svm-temp\/artiklar\/sparpaket-infors-och-skolan-soker-ny-rektor\/#primaryimage"},"thumbnailUrl":"https:\/\/lightweb.dev\/l\/svm-temp\/wp-content\/uploads\/2022\/04\/sparpaket-infrs-och-skolan-sker-ny-rektor.png","datePublished":"2008-09-08T22:00:00+00:00","breadcrumb":{"@id":"https:\/\/lightweb.dev\/l\/svm-temp\/artiklar\/sparpaket-infors-och-skolan-soker-ny-rektor\/#breadcrumb"},"inLanguage":"sv-SE","potentialAction":[{"@type":"ReadAction","target":["https:\/\/lightweb.dev\/l\/svm-temp\/artiklar\/sparpaket-infors-och-skolan-soker-ny-rektor\/"]}]},{"@type":"ImageObject","inLanguage":"sv-SE","@id":"https:\/\/lightweb.dev\/l\/svm-temp\/artiklar\/sparpaket-infors-och-skolan-soker-ny-rektor\/#primaryimage","url":"https:\/\/lightweb.dev\/l\/svm-temp\/wp-content\/uploads\/2022\/04\/sparpaket-infrs-och-skolan-sker-ny-rektor.png","contentUrl":"https:\/\/lightweb.dev\/l\/svm-temp\/wp-content\/uploads\/2022\/04\/sparpaket-infrs-och-skolan-sker-ny-rektor.png","width":299,"height":200},{"@type":"BreadcrumbList","@id":"https:\/\/lightweb.dev\/l\/svm-temp\/artiklar\/sparpaket-infors-och-skolan-soker-ny-rektor\/#breadcrumb","itemListElement":[{"@type":"ListItem","position":1,"name":"Hem","item":"https:\/\/lightweb.dev\/l\/svm-temp\/"},{"@type":"ListItem","position":2,"name":"Sparpaket inf\u00f6rs &#8211; och skolan s\u00f6ker ny rektor"}]},{"@type":"WebSite","@id":"https:\/\/lightweb.dev\/l\/svm-temp\/#website","url":"https:\/\/lightweb.dev\/l\/svm-temp\/","name":"Svenska Magasinet","description":"Dina Spanska nyheter p&aring; Svenska","publisher":{"@id":"https:\/\/lightweb.dev\/l\/svm-temp\/#organization"},"potentialAction":[{"@type":"SearchAction","target":{"@type":"EntryPoint","urlTemplate":"https:\/\/lightweb.dev\/l\/svm-temp\/?s={search_term_string}"},"query-input":{"@type":"PropertyValueSpecification","valueRequired":true,"valueName":"search_term_string"}}],"inLanguage":"sv-SE"},{"@type":"Organization","@id":"https:\/\/lightweb.dev\/l\/svm-temp\/#organization","name":"Melkerson y Nott SL","alternateName":"Svenska Magasinet","url":"https:\/\/lightweb.dev\/l\/svm-temp\/","logo":{"@type":"ImageObject","inLanguage":"sv-SE","@id":"https:\/\/lightweb.dev\/l\/svm-temp\/#\/schema\/logo\/image\/","url":"https:\/\/lightweb.dev\/l\/svm-temp\/wp-content\/uploads\/2025\/02\/SvM-logo-Xtra-Centrerad-SVART.png","contentUrl":"https:\/\/lightweb.dev\/l\/svm-temp\/wp-content\/uploads\/2025\/02\/SvM-logo-Xtra-Centrerad-SVART.png","width":300,"height":99,"caption":"Melkerson y Nott SL"},"image":{"@id":"https:\/\/lightweb.dev\/l\/svm-temp\/#\/schema\/logo\/image\/"},"sameAs":["https:\/\/www.facebook.com\/svenskamagasinet","https:\/\/x.com\/SvenskaMagasine"]},{"@type":"Person","@id":"https:\/\/lightweb.dev\/l\/svm-temp\/#\/schema\/person\/206a3bda5b607b0c25e1749191e4d837","name":"Redaktionen SvM","description":"Redaktionen","sameAs":["https:\/\/lightweb.dev\/l\/svm-temp"],"url":"https:\/\/lightweb.dev\/l\/svm-temp\/reporter\/redaktionen\/"}]}},"_links":{"self":[{"href":"https:\/\/lightweb.dev\/l\/svm-temp\/wp-json\/wp\/v2\/posts\/2595","targetHints":{"allow":["GET"]}}],"collection":[{"href":"https:\/\/lightweb.dev\/l\/svm-temp\/wp-json\/wp\/v2\/posts"}],"about":[{"href":"https:\/\/lightweb.dev\/l\/svm-temp\/wp-json\/wp\/v2\/types\/post"}],"author":[{"embeddable":true,"href":"https:\/\/lightweb.dev\/l\/svm-temp\/wp-json\/wp\/v2\/users\/8"}],"replies":[{"embeddable":true,"href":"https:\/\/lightweb.dev\/l\/svm-temp\/wp-json\/wp\/v2\/comments?post=2595"}],"version-history":[{"count":0,"href":"https:\/\/lightweb.dev\/l\/svm-temp\/wp-json\/wp\/v2\/posts\/2595\/revisions"}],"wp:featuredmedia":[{"embeddable":true,"href":"https:\/\/lightweb.dev\/l\/svm-temp\/wp-json\/wp\/v2\/media\/2596"}],"wp:attachment":[{"href":"https:\/\/lightweb.dev\/l\/svm-temp\/wp-json\/wp\/v2\/media?parent=2595"}],"wp:term":[{"taxonomy":"category","embeddable":true,"href":"https:\/\/lightweb.dev\/l\/svm-temp\/wp-json\/wp\/v2\/categories?post=2595"},{"taxonomy":"post_tag","embeddable":true,"href":"https:\/\/lightweb.dev\/l\/svm-temp\/wp-json\/wp\/v2\/tags?post=2595"}],"curies":[{"name":"wp","href":"https:\/\/api.w.org\/{rel}","templated":true}]}}