{"id":2597,"date":"2008-09-08T00:00:00","date_gmt":"2008-09-07T22:00:00","guid":{"rendered":"https:\/\/lightweb.dev\/l\/svm-temp\/advokatspalten-equity-release-fordel-eller-risk\/"},"modified":"2008-09-08T00:00:00","modified_gmt":"2008-09-07T22:00:00","slug":"advokatspalten-equity-release-fordel-eller-risk","status":"publish","type":"post","link":"https:\/\/lightweb.dev\/l\/svm-temp\/artiklar\/advokatspalten-equity-release-fordel-eller-risk\/","title":{"rendered":"Advokatspalten: Equity release \u2013 f\u00f6rdel eller risk?"},"content":{"rendered":"<p> Idag befinner sig m\u00e5nga utl\u00e4nningar i Spanien i en m\u00e4rklig situation: \u00c5 ena sidan kan de inte, med sina ekonomiska medel, kompensera den betydande \u00f6kningen av levnadskostnaderna i Spanien, eftersom deras pension inte har \u00f6kat p\u00e5 ett proportionellt s\u00e4tt. \u00c5 andra sidan disponerar de en viktig \u00e4godel ett boende, vars v\u00e4rde har g\u00e5tt upp mycket under de senaste \u00e5ren. Detta v\u00e4rde kan man dessv\u00e4rre inte tillgodog\u00f6ra sig, eftersom det \u00e4r bundet till bostaden. Det handlar om ett \u201dd\u00f6tt\u201d kapital, som dessutom kan leda till en betydande ekonomisk utgift f\u00f6r de icke residenta vid eventuell tidpunkt f\u00f6r arv. \u201dEquity Release\u201d- verkar vara l\u00f6sningen p\u00e5 detta problem. Man kan dra f\u00f6rdel av detta kapital: Equity (kapital) Release (att frig\u00f6ra, befria, s\u00e4tta i disposition), betyder att frig\u00f6ra ett kapital till en persons f\u00f6rdel genom en finansiell operation.<br \/>\nDet brukar intervenera fyra parter i en \u201dEquity Release\u201d-operation:<br \/>\n&#8211; Bostadsinnehavaren<br \/>\n&#8211; Agenten eller den \u201dekonomiska r\u00e5dgivare\u201d, som ocks\u00e5 brukar vara av utl\u00e4ndskt ursprung, f\u00f6retr\u00e4desvis ifr\u00e5n samma nationalitet som bostadsinnehavaren.<br \/>\n&#8211; En bank som har sitt s\u00e4te i ett skatteparadis<br \/>\n&#8211; Ett f\u00f6rs\u00e4kringsbolag som har sitt s\u00e4te i ett skatteparadis.<\/p>\n<p>Den ekonomiska r\u00e5dgivaren kontaktar bostadsinnehavaren och \u00f6vertygar denne om att han beh\u00f6ver mer pengar f\u00f6r att kunna bibeh\u00e5lla eller f\u00f6rb\u00e4ttra sin levnadsstandard. Man skriver under ett hypotek p\u00e5 bostaden med en utl\u00e4ndsk bank p\u00e5 ett spanskt notariat. Kapitalet fr\u00e5n krediten investeras direkt i en investeringsfond, optioner, etc. Det \u00e4r endast en liten summa (5-10 %), som utbetalas direkt till bostadsinnehavaren, f\u00f6r att denna skall f\u00e5 likviditet (\u201dreleased capital\u201d, frigjort kapital). Resten av pengarna \u00f6verf\u00f6rs direkt till investeraren som har sitt s\u00e4te i ett skatteparadis, t. ex Luxemburg.<\/p>\n<p>Bostadsinnehavaren utlovas att denna operation troligen kommer att inneb\u00e4ra f\u00f6rdelar f\u00f6r honom:<br \/>\n&#8211; Omedelbar disposition av en del av det frigjorda kapitalet.<br \/>\n&#8211; Insparande av arvsskatt vid d\u00f6dsfall, beroende p\u00e5 att det viktigaste v\u00e4rdet av arvet, fastigheten, \u00e4r beskattat av ett hypotek.<br \/>\n&#8211; En till\u00e4ggsinkomst till f\u00f6ljd av att fonden b\u00f6r generera en vinst som \u00e4r st\u00f6rre \u00e4n vad r\u00e4ntorna p\u00e5 hypoteket \u00e4r.<\/p>\n<p>Till en b\u00f6rjan verkar allt vara bra och \u00e4garen kan njuta av det frigjorda kapitalet (released capital), fram tills det att han uppt\u00e4cker att han inte erh\u00e5ller den extravinst som hade utlovats. I st\u00e4llet erh\u00e5ller han ett brev, d\u00e4r man f\u00f6rklarar f\u00f6r honom, att olyckligtvis och p.g.a situationen av den ekonomiska utvecklingen, har inte fonden genererat den f\u00f6rv\u00e4ntade vinsten. Tv\u00e4rtom har fonden f\u00f6rlorat i v\u00e4rde, vilket leder till att hypoteksr\u00e4ntorna inte kan betalas.<\/p>\n<p>Eftersom detta \u00e4r en s\u00e5 pass omfattande fr\u00e5ga, kommer vi att forts\u00e4tta att besvara den ytterligare i n\u00e4sta nummer av Svenska Magasinet. Denna fr\u00e5ga \u00e4r besvarad av advokater p\u00e5 IURA:s advokatbyr\u00e5. De kommer att besvara fr\u00e5gor i f\u00f6ljande nummer. Ni \u00e4r v\u00e4lkomna att skicka fr\u00e5gor till: ulrica@iura.es. <\/p>\n","protected":false},"excerpt":{"rendered":"<p>Idag befinner sig m\u00e5nga utl\u00e4nningar i Spanien i en m\u00e4rklig situation: \u00c5 ena sidan kan de inte, med sina ekonomiska medel, kompensera den betydande \u00f6kningen av levnadskostnaderna i Spanien, eftersom deras pension inte har \u00f6kat p\u00e5 ett proportionellt s\u00e4tt. \u00c5 andra sidan disponerar de en viktig \u00e4godel ett boende, vars v\u00e4rde har g\u00e5tt upp mycket [&hellip;]<\/p>\n","protected":false},"author":8,"featured_media":0,"comment_status":"open","ping_status":"open","sticky":false,"template":"","format":"standard","meta":{"_et_pb_use_builder":"","_et_pb_old_content":"","_et_gb_content_width":"","footnotes":""},"categories":[396,4],"tags":[],"class_list":["post-2597","post","type-post","status-publish","format-standard","hentry","category-arkiv-artiklar","category-artiklar"],"yoast_head":"<!-- This site is optimized with the Yoast SEO Premium plugin v26.2 (Yoast SEO v27.4) - https:\/\/yoast.com\/product\/yoast-seo-premium-wordpress\/ -->\n<title>Advokatspalten: Equity release \u2013 f\u00f6rdel eller risk? - Svenska Magasinet<\/title>\n<meta name=\"robots\" content=\"noindex, follow, max-snippet:-1, max-image-preview:large, max-video-preview:-1\" \/>\n<meta property=\"og:locale\" content=\"sv_SE\" \/>\n<meta property=\"og:type\" content=\"article\" \/>\n<meta property=\"og:title\" content=\"Advokatspalten: Equity release \u2013 f\u00f6rdel eller risk?\" \/>\n<meta property=\"og:description\" content=\"Idag befinner sig m\u00e5nga utl\u00e4nningar i Spanien i en m\u00e4rklig situation: \u00c5 ena sidan kan de inte, med sina ekonomiska medel, kompensera den betydande \u00f6kningen av levnadskostnaderna i Spanien, eftersom deras pension inte har \u00f6kat p\u00e5 ett proportionellt s\u00e4tt. \u00c5 andra sidan disponerar de en viktig \u00e4godel ett boende, vars v\u00e4rde har g\u00e5tt upp mycket [&hellip;]\" \/>\n<meta property=\"og:url\" content=\"https:\/\/lightweb.dev\/l\/svm-temp\/artiklar\/advokatspalten-equity-release-fordel-eller-risk\/\" \/>\n<meta property=\"og:site_name\" content=\"Svenska Magasinet\" \/>\n<meta property=\"article:publisher\" content=\"https:\/\/www.facebook.com\/svenskamagasinet\" \/>\n<meta property=\"article:published_time\" content=\"2008-09-07T22:00:00+00:00\" \/>\n<meta name=\"author\" content=\"Redaktionen SvM\" \/>\n<meta name=\"twitter:card\" content=\"summary_large_image\" \/>\n<meta name=\"twitter:creator\" content=\"@SvenskaMagasine\" \/>\n<meta name=\"twitter:site\" content=\"@SvenskaMagasine\" \/>\n<script type=\"application\/ld+json\" class=\"yoast-schema-graph\">{\"@context\":\"https:\\\/\\\/schema.org\",\"@graph\":[{\"@type\":\"Article\",\"@id\":\"https:\\\/\\\/lightweb.dev\\\/l\\\/svm-temp\\\/artiklar\\\/advokatspalten-equity-release-fordel-eller-risk\\\/#article\",\"isPartOf\":{\"@id\":\"https:\\\/\\\/lightweb.dev\\\/l\\\/svm-temp\\\/artiklar\\\/advokatspalten-equity-release-fordel-eller-risk\\\/\"},\"author\":{\"name\":\"Redaktionen SvM\",\"@id\":\"https:\\\/\\\/lightweb.dev\\\/l\\\/svm-temp\\\/#\\\/schema\\\/person\\\/206a3bda5b607b0c25e1749191e4d837\"},\"headline\":\"Advokatspalten: Equity release \u2013 f\u00f6rdel eller risk?\",\"datePublished\":\"2008-09-07T22:00:00+00:00\",\"mainEntityOfPage\":{\"@id\":\"https:\\\/\\\/lightweb.dev\\\/l\\\/svm-temp\\\/artiklar\\\/advokatspalten-equity-release-fordel-eller-risk\\\/\"},\"wordCount\":535,\"commentCount\":0,\"publisher\":{\"@id\":\"https:\\\/\\\/lightweb.dev\\\/l\\\/svm-temp\\\/#organization\"},\"articleSection\":[\"Arkiv\",\"Artiklar\"],\"inLanguage\":\"sv-SE\"},{\"@type\":\"WebPage\",\"@id\":\"https:\\\/\\\/lightweb.dev\\\/l\\\/svm-temp\\\/artiklar\\\/advokatspalten-equity-release-fordel-eller-risk\\\/\",\"url\":\"https:\\\/\\\/lightweb.dev\\\/l\\\/svm-temp\\\/artiklar\\\/advokatspalten-equity-release-fordel-eller-risk\\\/\",\"name\":\"Advokatspalten: Equity release \u2013 f\u00f6rdel eller risk? - Svenska Magasinet\",\"isPartOf\":{\"@id\":\"https:\\\/\\\/lightweb.dev\\\/l\\\/svm-temp\\\/#website\"},\"datePublished\":\"2008-09-07T22:00:00+00:00\",\"breadcrumb\":{\"@id\":\"https:\\\/\\\/lightweb.dev\\\/l\\\/svm-temp\\\/artiklar\\\/advokatspalten-equity-release-fordel-eller-risk\\\/#breadcrumb\"},\"inLanguage\":\"sv-SE\",\"potentialAction\":[{\"@type\":\"ReadAction\",\"target\":[\"https:\\\/\\\/lightweb.dev\\\/l\\\/svm-temp\\\/artiklar\\\/advokatspalten-equity-release-fordel-eller-risk\\\/\"]}]},{\"@type\":\"BreadcrumbList\",\"@id\":\"https:\\\/\\\/lightweb.dev\\\/l\\\/svm-temp\\\/artiklar\\\/advokatspalten-equity-release-fordel-eller-risk\\\/#breadcrumb\",\"itemListElement\":[{\"@type\":\"ListItem\",\"position\":1,\"name\":\"Hem\",\"item\":\"https:\\\/\\\/lightweb.dev\\\/l\\\/svm-temp\\\/\"},{\"@type\":\"ListItem\",\"position\":2,\"name\":\"Advokatspalten: Equity release \u2013 f\u00f6rdel eller risk?\"}]},{\"@type\":\"WebSite\",\"@id\":\"https:\\\/\\\/lightweb.dev\\\/l\\\/svm-temp\\\/#website\",\"url\":\"https:\\\/\\\/lightweb.dev\\\/l\\\/svm-temp\\\/\",\"name\":\"Svenska Magasinet\",\"description\":\"Dina Spanska nyheter p&aring; Svenska\",\"publisher\":{\"@id\":\"https:\\\/\\\/lightweb.dev\\\/l\\\/svm-temp\\\/#organization\"},\"potentialAction\":[{\"@type\":\"SearchAction\",\"target\":{\"@type\":\"EntryPoint\",\"urlTemplate\":\"https:\\\/\\\/lightweb.dev\\\/l\\\/svm-temp\\\/?s={search_term_string}\"},\"query-input\":{\"@type\":\"PropertyValueSpecification\",\"valueRequired\":true,\"valueName\":\"search_term_string\"}}],\"inLanguage\":\"sv-SE\"},{\"@type\":\"Organization\",\"@id\":\"https:\\\/\\\/lightweb.dev\\\/l\\\/svm-temp\\\/#organization\",\"name\":\"Melkerson y Nott SL\",\"alternateName\":\"Svenska Magasinet\",\"url\":\"https:\\\/\\\/lightweb.dev\\\/l\\\/svm-temp\\\/\",\"logo\":{\"@type\":\"ImageObject\",\"inLanguage\":\"sv-SE\",\"@id\":\"https:\\\/\\\/lightweb.dev\\\/l\\\/svm-temp\\\/#\\\/schema\\\/logo\\\/image\\\/\",\"url\":\"https:\\\/\\\/lightweb.dev\\\/l\\\/svm-temp\\\/wp-content\\\/uploads\\\/2025\\\/02\\\/SvM-logo-Xtra-Centrerad-SVART.png\",\"contentUrl\":\"https:\\\/\\\/lightweb.dev\\\/l\\\/svm-temp\\\/wp-content\\\/uploads\\\/2025\\\/02\\\/SvM-logo-Xtra-Centrerad-SVART.png\",\"width\":300,\"height\":99,\"caption\":\"Melkerson y Nott SL\"},\"image\":{\"@id\":\"https:\\\/\\\/lightweb.dev\\\/l\\\/svm-temp\\\/#\\\/schema\\\/logo\\\/image\\\/\"},\"sameAs\":[\"https:\\\/\\\/www.facebook.com\\\/svenskamagasinet\",\"https:\\\/\\\/x.com\\\/SvenskaMagasine\"]},{\"@type\":\"Person\",\"@id\":\"https:\\\/\\\/lightweb.dev\\\/l\\\/svm-temp\\\/#\\\/schema\\\/person\\\/206a3bda5b607b0c25e1749191e4d837\",\"name\":\"Redaktionen SvM\",\"description\":\"Redaktionen\",\"sameAs\":[\"https:\\\/\\\/lightweb.dev\\\/l\\\/svm-temp\"],\"url\":\"https:\\\/\\\/lightweb.dev\\\/l\\\/svm-temp\\\/reporter\\\/redaktionen\\\/\"}]}<\/script>\n<!-- \/ Yoast SEO Premium plugin. -->","yoast_head_json":{"title":"Advokatspalten: Equity release \u2013 f\u00f6rdel eller risk? - Svenska Magasinet","robots":{"index":"noindex","follow":"follow","max-snippet":"max-snippet:-1","max-image-preview":"max-image-preview:large","max-video-preview":"max-video-preview:-1"},"og_locale":"sv_SE","og_type":"article","og_title":"Advokatspalten: Equity release \u2013 f\u00f6rdel eller risk?","og_description":"Idag befinner sig m\u00e5nga utl\u00e4nningar i Spanien i en m\u00e4rklig situation: \u00c5 ena sidan kan de inte, med sina ekonomiska medel, kompensera den betydande \u00f6kningen av levnadskostnaderna i Spanien, eftersom deras pension inte har \u00f6kat p\u00e5 ett proportionellt s\u00e4tt. \u00c5 andra sidan disponerar de en viktig \u00e4godel ett boende, vars v\u00e4rde har g\u00e5tt upp mycket [&hellip;]","og_url":"https:\/\/lightweb.dev\/l\/svm-temp\/artiklar\/advokatspalten-equity-release-fordel-eller-risk\/","og_site_name":"Svenska Magasinet","article_publisher":"https:\/\/www.facebook.com\/svenskamagasinet","article_published_time":"2008-09-07T22:00:00+00:00","author":"Redaktionen SvM","twitter_card":"summary_large_image","twitter_creator":"@SvenskaMagasine","twitter_site":"@SvenskaMagasine","schema":{"@context":"https:\/\/schema.org","@graph":[{"@type":"Article","@id":"https:\/\/lightweb.dev\/l\/svm-temp\/artiklar\/advokatspalten-equity-release-fordel-eller-risk\/#article","isPartOf":{"@id":"https:\/\/lightweb.dev\/l\/svm-temp\/artiklar\/advokatspalten-equity-release-fordel-eller-risk\/"},"author":{"name":"Redaktionen SvM","@id":"https:\/\/lightweb.dev\/l\/svm-temp\/#\/schema\/person\/206a3bda5b607b0c25e1749191e4d837"},"headline":"Advokatspalten: Equity release \u2013 f\u00f6rdel eller risk?","datePublished":"2008-09-07T22:00:00+00:00","mainEntityOfPage":{"@id":"https:\/\/lightweb.dev\/l\/svm-temp\/artiklar\/advokatspalten-equity-release-fordel-eller-risk\/"},"wordCount":535,"commentCount":0,"publisher":{"@id":"https:\/\/lightweb.dev\/l\/svm-temp\/#organization"},"articleSection":["Arkiv","Artiklar"],"inLanguage":"sv-SE"},{"@type":"WebPage","@id":"https:\/\/lightweb.dev\/l\/svm-temp\/artiklar\/advokatspalten-equity-release-fordel-eller-risk\/","url":"https:\/\/lightweb.dev\/l\/svm-temp\/artiklar\/advokatspalten-equity-release-fordel-eller-risk\/","name":"Advokatspalten: Equity release \u2013 f\u00f6rdel eller risk? - Svenska Magasinet","isPartOf":{"@id":"https:\/\/lightweb.dev\/l\/svm-temp\/#website"},"datePublished":"2008-09-07T22:00:00+00:00","breadcrumb":{"@id":"https:\/\/lightweb.dev\/l\/svm-temp\/artiklar\/advokatspalten-equity-release-fordel-eller-risk\/#breadcrumb"},"inLanguage":"sv-SE","potentialAction":[{"@type":"ReadAction","target":["https:\/\/lightweb.dev\/l\/svm-temp\/artiklar\/advokatspalten-equity-release-fordel-eller-risk\/"]}]},{"@type":"BreadcrumbList","@id":"https:\/\/lightweb.dev\/l\/svm-temp\/artiklar\/advokatspalten-equity-release-fordel-eller-risk\/#breadcrumb","itemListElement":[{"@type":"ListItem","position":1,"name":"Hem","item":"https:\/\/lightweb.dev\/l\/svm-temp\/"},{"@type":"ListItem","position":2,"name":"Advokatspalten: Equity release \u2013 f\u00f6rdel eller risk?"}]},{"@type":"WebSite","@id":"https:\/\/lightweb.dev\/l\/svm-temp\/#website","url":"https:\/\/lightweb.dev\/l\/svm-temp\/","name":"Svenska Magasinet","description":"Dina Spanska nyheter p&aring; Svenska","publisher":{"@id":"https:\/\/lightweb.dev\/l\/svm-temp\/#organization"},"potentialAction":[{"@type":"SearchAction","target":{"@type":"EntryPoint","urlTemplate":"https:\/\/lightweb.dev\/l\/svm-temp\/?s={search_term_string}"},"query-input":{"@type":"PropertyValueSpecification","valueRequired":true,"valueName":"search_term_string"}}],"inLanguage":"sv-SE"},{"@type":"Organization","@id":"https:\/\/lightweb.dev\/l\/svm-temp\/#organization","name":"Melkerson y Nott SL","alternateName":"Svenska Magasinet","url":"https:\/\/lightweb.dev\/l\/svm-temp\/","logo":{"@type":"ImageObject","inLanguage":"sv-SE","@id":"https:\/\/lightweb.dev\/l\/svm-temp\/#\/schema\/logo\/image\/","url":"https:\/\/lightweb.dev\/l\/svm-temp\/wp-content\/uploads\/2025\/02\/SvM-logo-Xtra-Centrerad-SVART.png","contentUrl":"https:\/\/lightweb.dev\/l\/svm-temp\/wp-content\/uploads\/2025\/02\/SvM-logo-Xtra-Centrerad-SVART.png","width":300,"height":99,"caption":"Melkerson y Nott SL"},"image":{"@id":"https:\/\/lightweb.dev\/l\/svm-temp\/#\/schema\/logo\/image\/"},"sameAs":["https:\/\/www.facebook.com\/svenskamagasinet","https:\/\/x.com\/SvenskaMagasine"]},{"@type":"Person","@id":"https:\/\/lightweb.dev\/l\/svm-temp\/#\/schema\/person\/206a3bda5b607b0c25e1749191e4d837","name":"Redaktionen SvM","description":"Redaktionen","sameAs":["https:\/\/lightweb.dev\/l\/svm-temp"],"url":"https:\/\/lightweb.dev\/l\/svm-temp\/reporter\/redaktionen\/"}]}},"_links":{"self":[{"href":"https:\/\/lightweb.dev\/l\/svm-temp\/wp-json\/wp\/v2\/posts\/2597","targetHints":{"allow":["GET"]}}],"collection":[{"href":"https:\/\/lightweb.dev\/l\/svm-temp\/wp-json\/wp\/v2\/posts"}],"about":[{"href":"https:\/\/lightweb.dev\/l\/svm-temp\/wp-json\/wp\/v2\/types\/post"}],"author":[{"embeddable":true,"href":"https:\/\/lightweb.dev\/l\/svm-temp\/wp-json\/wp\/v2\/users\/8"}],"replies":[{"embeddable":true,"href":"https:\/\/lightweb.dev\/l\/svm-temp\/wp-json\/wp\/v2\/comments?post=2597"}],"version-history":[{"count":0,"href":"https:\/\/lightweb.dev\/l\/svm-temp\/wp-json\/wp\/v2\/posts\/2597\/revisions"}],"wp:attachment":[{"href":"https:\/\/lightweb.dev\/l\/svm-temp\/wp-json\/wp\/v2\/media?parent=2597"}],"wp:term":[{"taxonomy":"category","embeddable":true,"href":"https:\/\/lightweb.dev\/l\/svm-temp\/wp-json\/wp\/v2\/categories?post=2597"},{"taxonomy":"post_tag","embeddable":true,"href":"https:\/\/lightweb.dev\/l\/svm-temp\/wp-json\/wp\/v2\/tags?post=2597"}],"curies":[{"name":"wp","href":"https:\/\/api.w.org\/{rel}","templated":true}]}}