{"id":2598,"date":"2008-09-08T00:00:00","date_gmt":"2008-09-07T22:00:00","guid":{"rendered":"https:\/\/lightweb.dev\/l\/svm-temp\/48-000-spanska-tonaringar-riskerar-halsoproblem-av-haschrokning\/"},"modified":"2008-09-08T00:00:00","modified_gmt":"2008-09-07T22:00:00","slug":"48-000-spanska-tonaringar-riskerar-halsoproblem-av-haschrokning","status":"publish","type":"post","link":"https:\/\/lightweb.dev\/l\/svm-temp\/artiklar\/48-000-spanska-tonaringar-riskerar-halsoproblem-av-haschrokning\/","title":{"rendered":"48.000 spanska ton\u00e5ringar riskerar h\u00e4lsoproblem av haschr\u00f6kning"},"content":{"rendered":"<p> Cannabis och kokain \u00e4r tillsammans med alkohol de popul\u00e4raste drogerna bland spanjorer, b\u00e5de unga och \u00e4ldre. 48.400 ton\u00e5ringar mellan 14-18 \u00e5r visar dock tecken p\u00e5 en stor risk att fastna i cannabismissbruk. De visar symptom som minnesluckor, d\u00e5lig prestation i skolan, fr\u00e5nvaro, kontinuerliga br\u00e5k och diskussioner och till och med psykotiska utbrott. Cannabis orsakar dessutom m\u00e5nga trafikolyckor Av Elin Petersson<\/p>\n<p>I den spanska rapporten om droger och drogmissbruk fr\u00e5n 2007 kan man inte uppt\u00e4cka n\u00e5gra st\u00f6rre skillnader fr\u00e5n f\u00f6reg\u00e5ende \u00e5r, dock \u00e4r en del av informationen mycket oroande, skriver dagstidningen ABC.<br \/>\nCannabis \u00e4r den popul\u00e4raste drogen, men det \u00e4r allt f\u00e4rre som provar det n\u00e5gon g\u00e5ng ibland. D\u00e4remot \u00f6kar gruppen som r\u00f6ker cannabis dagligen fr\u00e5n 1,5 procent av befolkningen 2003 till 2 procent i fjol.<\/p>\n<p>S\u00f6ker akutv\u00e5rd<br \/>\nTv\u00e5 av tio av spanska ungdomar mellan 14-18 \u00e5r erk\u00e4nner att de r\u00f6kt cannabis under den senaste m\u00e5naden, och medel\u00e5ldern f\u00f6r att b\u00f6rja med cannabis ligger p\u00e5 14 \u00e5r. Rapporten pekar p\u00e5 att det \u00e4r allt fler som s\u00f6ker akutv\u00e5rd i samband med att ha anv\u00e4nt cannabis.<br \/>\nUnder \u00e5r 2005 var 27,9 procent av de drogrelaterade fallen som kommit i kontakt med akutv\u00e5rden relaterade till cannabiskonsumtion. Det \u00e4r dock fortfarande kokain som kr\u00e4ver mest uppm\u00e4rksamhet fr\u00e5n sjukv\u00e5rden. Mer \u00e4n h\u00e4lften av de drogrelaterade fall som kommer i kontakt med akutv\u00e5rd h\u00e4rr\u00f6r fr\u00e5n kokainkonsumtion, p\u00e5 tredje plats kommer heroin.<\/p>\n<p>Rehab<br \/>\nUnder de senaste \u00e5tta \u00e5ren har antalet rehabilitationsprogram f\u00f6r att bli av med cannabismissbruk fyrdubblats. 1996 var det 1.300 personer som genomgick den h\u00e4r typen av terapi, under 2004 var det 5.500 personer.<br \/>\nDen spanska drograpporten fr\u00e5n 2007 visar en mindre uppg\u00e5ng f\u00f6r heroinmissbruk, vilket \u00e4r alarmerande efter flera \u00e5r med en konstant nedg\u00e5ng av denna typ av drogmissbrukare. Orsaken \u00e4r antagligen att det idag finns modernare s\u00e4tt att inta drogen, numera kan man \u00e4ven r\u00f6ka heroin och inte bara injicera som tidigare.<br \/>\nKokainmissbruket verkar ha planat ut, det \u00e4r allt f\u00e4rre ungdomar mellan 14-18 \u00e5r som konsumerar kokain (7,2 % under 2004, 4,1 % under 2006) och det finns tecken p\u00e5 att kokainmissbruket har planat ut \u00e4ven hos vuxna.<\/p>\n<p>F\u00f6rstag\u00e5ngskonsumenter<br \/>\nMedel\u00e5ldern f\u00f6r det f\u00f6rsta m\u00f6tet med olika droger varierar, men det \u00e4r tobak och alkohol som har de yngsta f\u00f6rstag\u00e5ngskonsumenterna. P\u00e5 tredje plats kommer cannabis (18,3 \u00e5r) och p\u00e5 fj\u00e4rde plats amfetaminer (19,2 \u00e5r). Det \u00e4r m\u00e4nnen som konsumerar mest droger, f\u00f6rutom n\u00e4r det g\u00e4ller lugnande medel och s\u00f6mntabletter, d\u00e4r kvinnorna har h\u00f6gre konsumtion.<br \/>\nDet \u00e4r anm\u00e4rkningsv\u00e4rt att notera att unga kvinnor mellan 14-18 \u00e5r dricker mer alkohol \u00e4n killarna i samma \u00e5lder, 76,3 procent mot 73,4 procent. Det \u00e4r ocks\u00e5 fler ungdomar som anv\u00e4nder hallcinogener \u00e4n extasi och amfetamin. N\u00e4stan 89 procent av befolkningen mellan 15-64 \u00e5r anser att skolundervisning kring drogmissbruket \u00e4r det b\u00e4sta s\u00e4ttet att bek\u00e4mpa det drogproblem som Spanien brottas med idag. 21,4 procent f\u00f6respr\u00e5kar legalisering av alla droger som l\u00f6sningen till landets drogproblem.<\/p>\n<p>F\u00e4rre r\u00f6kare<br \/>\nGenerellt kan man konstatera att det \u00e4r allt f\u00e4rre spanjorer som r\u00f6ker, framf\u00f6r allt bland ungdomar och m\u00e4n mellan 35-64 \u00e5r. Alkoholkonsumtionen \u00e4r stabil, men det blir mer vanligt med rej\u00e4la berusningar och alkoholf\u00f6rgiftningar hos yngre som dricker f\u00f6r mycket vid ett och samma tillf\u00e4lle.<br \/>\nL\u00e4s hela rapporten p\u00e5: www.pnsd.msc.es . <\/p>\n","protected":false},"excerpt":{"rendered":"<p>Cannabis och kokain \u00e4r tillsammans med alkohol de popul\u00e4raste drogerna bland spanjorer, b\u00e5de unga och \u00e4ldre. 48.400 ton\u00e5ringar mellan 14-18 \u00e5r visar dock tecken p\u00e5 en stor risk att fastna i cannabismissbruk. De visar symptom som minnesluckor, d\u00e5lig prestation i skolan, fr\u00e5nvaro, kontinuerliga br\u00e5k och diskussioner och till och med psykotiska utbrott. Cannabis orsakar dessutom [&hellip;]<\/p>\n","protected":false},"author":8,"featured_media":2599,"comment_status":"open","ping_status":"open","sticky":false,"template":"","format":"standard","meta":{"_et_pb_use_builder":"","_et_pb_old_content":"","_et_gb_content_width":"","footnotes":""},"categories":[396,4],"tags":[],"class_list":["post-2598","post","type-post","status-publish","format-standard","has-post-thumbnail","hentry","category-arkiv-artiklar","category-artiklar"],"yoast_head":"<!-- This site is optimized with the Yoast SEO Premium plugin v26.2 (Yoast SEO v27.4) - https:\/\/yoast.com\/product\/yoast-seo-premium-wordpress\/ -->\n<title>48.000 spanska ton\u00e5ringar riskerar h\u00e4lsoproblem av haschr\u00f6kning - Svenska Magasinet<\/title>\n<meta name=\"robots\" content=\"noindex, follow, max-snippet:-1, max-image-preview:large, max-video-preview:-1\" \/>\n<meta property=\"og:locale\" content=\"sv_SE\" \/>\n<meta property=\"og:type\" content=\"article\" \/>\n<meta property=\"og:title\" content=\"48.000 spanska ton\u00e5ringar riskerar h\u00e4lsoproblem av haschr\u00f6kning\" \/>\n<meta property=\"og:description\" content=\"Cannabis och kokain \u00e4r tillsammans med alkohol de popul\u00e4raste drogerna bland spanjorer, b\u00e5de unga och \u00e4ldre. 48.400 ton\u00e5ringar mellan 14-18 \u00e5r visar dock tecken p\u00e5 en stor risk att fastna i cannabismissbruk. De visar symptom som minnesluckor, d\u00e5lig prestation i skolan, fr\u00e5nvaro, kontinuerliga br\u00e5k och diskussioner och till och med psykotiska utbrott. Cannabis orsakar dessutom [&hellip;]\" \/>\n<meta property=\"og:url\" content=\"https:\/\/lightweb.dev\/l\/svm-temp\/artiklar\/48-000-spanska-tonaringar-riskerar-halsoproblem-av-haschrokning\/\" \/>\n<meta property=\"og:site_name\" content=\"Svenska Magasinet\" \/>\n<meta property=\"article:publisher\" content=\"https:\/\/www.facebook.com\/svenskamagasinet\" \/>\n<meta property=\"article:published_time\" content=\"2008-09-07T22:00:00+00:00\" \/>\n<meta property=\"og:image\" content=\"https:\/\/lightweb.dev\/l\/svm-temp\/wp-content\/uploads\/2022\/04\/48-000-spanska-tonringar-riskerar-hlsoproblem-av-haschrkning.png\" \/>\n\t<meta property=\"og:image:width\" content=\"280\" \/>\n\t<meta property=\"og:image:height\" content=\"236\" \/>\n\t<meta property=\"og:image:type\" content=\"image\/png\" \/>\n<meta name=\"author\" content=\"Redaktionen SvM\" \/>\n<meta name=\"twitter:card\" content=\"summary_large_image\" \/>\n<meta name=\"twitter:creator\" content=\"@SvenskaMagasine\" \/>\n<meta name=\"twitter:site\" content=\"@SvenskaMagasine\" \/>\n<script type=\"application\/ld+json\" class=\"yoast-schema-graph\">{\"@context\":\"https:\\\/\\\/schema.org\",\"@graph\":[{\"@type\":\"Article\",\"@id\":\"https:\\\/\\\/lightweb.dev\\\/l\\\/svm-temp\\\/artiklar\\\/48-000-spanska-tonaringar-riskerar-halsoproblem-av-haschrokning\\\/#article\",\"isPartOf\":{\"@id\":\"https:\\\/\\\/lightweb.dev\\\/l\\\/svm-temp\\\/artiklar\\\/48-000-spanska-tonaringar-riskerar-halsoproblem-av-haschrokning\\\/\"},\"author\":{\"name\":\"Redaktionen SvM\",\"@id\":\"https:\\\/\\\/lightweb.dev\\\/l\\\/svm-temp\\\/#\\\/schema\\\/person\\\/206a3bda5b607b0c25e1749191e4d837\"},\"headline\":\"48.000 spanska ton\u00e5ringar riskerar h\u00e4lsoproblem av haschr\u00f6kning\",\"datePublished\":\"2008-09-07T22:00:00+00:00\",\"mainEntityOfPage\":{\"@id\":\"https:\\\/\\\/lightweb.dev\\\/l\\\/svm-temp\\\/artiklar\\\/48-000-spanska-tonaringar-riskerar-halsoproblem-av-haschrokning\\\/\"},\"wordCount\":602,\"commentCount\":0,\"publisher\":{\"@id\":\"https:\\\/\\\/lightweb.dev\\\/l\\\/svm-temp\\\/#organization\"},\"image\":{\"@id\":\"https:\\\/\\\/lightweb.dev\\\/l\\\/svm-temp\\\/artiklar\\\/48-000-spanska-tonaringar-riskerar-halsoproblem-av-haschrokning\\\/#primaryimage\"},\"thumbnailUrl\":\"https:\\\/\\\/lightweb.dev\\\/l\\\/svm-temp\\\/wp-content\\\/uploads\\\/2022\\\/04\\\/48-000-spanska-tonringar-riskerar-hlsoproblem-av-haschrkning.png\",\"articleSection\":[\"Arkiv\",\"Artiklar\"],\"inLanguage\":\"sv-SE\"},{\"@type\":\"WebPage\",\"@id\":\"https:\\\/\\\/lightweb.dev\\\/l\\\/svm-temp\\\/artiklar\\\/48-000-spanska-tonaringar-riskerar-halsoproblem-av-haschrokning\\\/\",\"url\":\"https:\\\/\\\/lightweb.dev\\\/l\\\/svm-temp\\\/artiklar\\\/48-000-spanska-tonaringar-riskerar-halsoproblem-av-haschrokning\\\/\",\"name\":\"48.000 spanska ton\u00e5ringar riskerar h\u00e4lsoproblem av haschr\u00f6kning - Svenska Magasinet\",\"isPartOf\":{\"@id\":\"https:\\\/\\\/lightweb.dev\\\/l\\\/svm-temp\\\/#website\"},\"primaryImageOfPage\":{\"@id\":\"https:\\\/\\\/lightweb.dev\\\/l\\\/svm-temp\\\/artiklar\\\/48-000-spanska-tonaringar-riskerar-halsoproblem-av-haschrokning\\\/#primaryimage\"},\"image\":{\"@id\":\"https:\\\/\\\/lightweb.dev\\\/l\\\/svm-temp\\\/artiklar\\\/48-000-spanska-tonaringar-riskerar-halsoproblem-av-haschrokning\\\/#primaryimage\"},\"thumbnailUrl\":\"https:\\\/\\\/lightweb.dev\\\/l\\\/svm-temp\\\/wp-content\\\/uploads\\\/2022\\\/04\\\/48-000-spanska-tonringar-riskerar-hlsoproblem-av-haschrkning.png\",\"datePublished\":\"2008-09-07T22:00:00+00:00\",\"breadcrumb\":{\"@id\":\"https:\\\/\\\/lightweb.dev\\\/l\\\/svm-temp\\\/artiklar\\\/48-000-spanska-tonaringar-riskerar-halsoproblem-av-haschrokning\\\/#breadcrumb\"},\"inLanguage\":\"sv-SE\",\"potentialAction\":[{\"@type\":\"ReadAction\",\"target\":[\"https:\\\/\\\/lightweb.dev\\\/l\\\/svm-temp\\\/artiklar\\\/48-000-spanska-tonaringar-riskerar-halsoproblem-av-haschrokning\\\/\"]}]},{\"@type\":\"ImageObject\",\"inLanguage\":\"sv-SE\",\"@id\":\"https:\\\/\\\/lightweb.dev\\\/l\\\/svm-temp\\\/artiklar\\\/48-000-spanska-tonaringar-riskerar-halsoproblem-av-haschrokning\\\/#primaryimage\",\"url\":\"https:\\\/\\\/lightweb.dev\\\/l\\\/svm-temp\\\/wp-content\\\/uploads\\\/2022\\\/04\\\/48-000-spanska-tonringar-riskerar-hlsoproblem-av-haschrkning.png\",\"contentUrl\":\"https:\\\/\\\/lightweb.dev\\\/l\\\/svm-temp\\\/wp-content\\\/uploads\\\/2022\\\/04\\\/48-000-spanska-tonringar-riskerar-hlsoproblem-av-haschrkning.png\",\"width\":280,\"height\":236},{\"@type\":\"BreadcrumbList\",\"@id\":\"https:\\\/\\\/lightweb.dev\\\/l\\\/svm-temp\\\/artiklar\\\/48-000-spanska-tonaringar-riskerar-halsoproblem-av-haschrokning\\\/#breadcrumb\",\"itemListElement\":[{\"@type\":\"ListItem\",\"position\":1,\"name\":\"Hem\",\"item\":\"https:\\\/\\\/lightweb.dev\\\/l\\\/svm-temp\\\/\"},{\"@type\":\"ListItem\",\"position\":2,\"name\":\"48.000 spanska ton\u00e5ringar riskerar h\u00e4lsoproblem av haschr\u00f6kning\"}]},{\"@type\":\"WebSite\",\"@id\":\"https:\\\/\\\/lightweb.dev\\\/l\\\/svm-temp\\\/#website\",\"url\":\"https:\\\/\\\/lightweb.dev\\\/l\\\/svm-temp\\\/\",\"name\":\"Svenska Magasinet\",\"description\":\"Dina Spanska nyheter p&aring; Svenska\",\"publisher\":{\"@id\":\"https:\\\/\\\/lightweb.dev\\\/l\\\/svm-temp\\\/#organization\"},\"potentialAction\":[{\"@type\":\"SearchAction\",\"target\":{\"@type\":\"EntryPoint\",\"urlTemplate\":\"https:\\\/\\\/lightweb.dev\\\/l\\\/svm-temp\\\/?s={search_term_string}\"},\"query-input\":{\"@type\":\"PropertyValueSpecification\",\"valueRequired\":true,\"valueName\":\"search_term_string\"}}],\"inLanguage\":\"sv-SE\"},{\"@type\":\"Organization\",\"@id\":\"https:\\\/\\\/lightweb.dev\\\/l\\\/svm-temp\\\/#organization\",\"name\":\"Melkerson y Nott SL\",\"alternateName\":\"Svenska Magasinet\",\"url\":\"https:\\\/\\\/lightweb.dev\\\/l\\\/svm-temp\\\/\",\"logo\":{\"@type\":\"ImageObject\",\"inLanguage\":\"sv-SE\",\"@id\":\"https:\\\/\\\/lightweb.dev\\\/l\\\/svm-temp\\\/#\\\/schema\\\/logo\\\/image\\\/\",\"url\":\"https:\\\/\\\/lightweb.dev\\\/l\\\/svm-temp\\\/wp-content\\\/uploads\\\/2025\\\/02\\\/SvM-logo-Xtra-Centrerad-SVART.png\",\"contentUrl\":\"https:\\\/\\\/lightweb.dev\\\/l\\\/svm-temp\\\/wp-content\\\/uploads\\\/2025\\\/02\\\/SvM-logo-Xtra-Centrerad-SVART.png\",\"width\":300,\"height\":99,\"caption\":\"Melkerson y Nott SL\"},\"image\":{\"@id\":\"https:\\\/\\\/lightweb.dev\\\/l\\\/svm-temp\\\/#\\\/schema\\\/logo\\\/image\\\/\"},\"sameAs\":[\"https:\\\/\\\/www.facebook.com\\\/svenskamagasinet\",\"https:\\\/\\\/x.com\\\/SvenskaMagasine\"]},{\"@type\":\"Person\",\"@id\":\"https:\\\/\\\/lightweb.dev\\\/l\\\/svm-temp\\\/#\\\/schema\\\/person\\\/206a3bda5b607b0c25e1749191e4d837\",\"name\":\"Redaktionen SvM\",\"description\":\"Redaktionen\",\"sameAs\":[\"https:\\\/\\\/lightweb.dev\\\/l\\\/svm-temp\"],\"url\":\"https:\\\/\\\/lightweb.dev\\\/l\\\/svm-temp\\\/reporter\\\/redaktionen\\\/\"}]}<\/script>\n<!-- \/ Yoast SEO Premium plugin. -->","yoast_head_json":{"title":"48.000 spanska ton\u00e5ringar riskerar h\u00e4lsoproblem av haschr\u00f6kning - Svenska Magasinet","robots":{"index":"noindex","follow":"follow","max-snippet":"max-snippet:-1","max-image-preview":"max-image-preview:large","max-video-preview":"max-video-preview:-1"},"og_locale":"sv_SE","og_type":"article","og_title":"48.000 spanska ton\u00e5ringar riskerar h\u00e4lsoproblem av haschr\u00f6kning","og_description":"Cannabis och kokain \u00e4r tillsammans med alkohol de popul\u00e4raste drogerna bland spanjorer, b\u00e5de unga och \u00e4ldre. 48.400 ton\u00e5ringar mellan 14-18 \u00e5r visar dock tecken p\u00e5 en stor risk att fastna i cannabismissbruk. De visar symptom som minnesluckor, d\u00e5lig prestation i skolan, fr\u00e5nvaro, kontinuerliga br\u00e5k och diskussioner och till och med psykotiska utbrott. Cannabis orsakar dessutom [&hellip;]","og_url":"https:\/\/lightweb.dev\/l\/svm-temp\/artiklar\/48-000-spanska-tonaringar-riskerar-halsoproblem-av-haschrokning\/","og_site_name":"Svenska Magasinet","article_publisher":"https:\/\/www.facebook.com\/svenskamagasinet","article_published_time":"2008-09-07T22:00:00+00:00","og_image":[{"width":280,"height":236,"url":"https:\/\/lightweb.dev\/l\/svm-temp\/wp-content\/uploads\/2022\/04\/48-000-spanska-tonringar-riskerar-hlsoproblem-av-haschrkning.png","type":"image\/png"}],"author":"Redaktionen SvM","twitter_card":"summary_large_image","twitter_creator":"@SvenskaMagasine","twitter_site":"@SvenskaMagasine","schema":{"@context":"https:\/\/schema.org","@graph":[{"@type":"Article","@id":"https:\/\/lightweb.dev\/l\/svm-temp\/artiklar\/48-000-spanska-tonaringar-riskerar-halsoproblem-av-haschrokning\/#article","isPartOf":{"@id":"https:\/\/lightweb.dev\/l\/svm-temp\/artiklar\/48-000-spanska-tonaringar-riskerar-halsoproblem-av-haschrokning\/"},"author":{"name":"Redaktionen SvM","@id":"https:\/\/lightweb.dev\/l\/svm-temp\/#\/schema\/person\/206a3bda5b607b0c25e1749191e4d837"},"headline":"48.000 spanska ton\u00e5ringar riskerar h\u00e4lsoproblem av haschr\u00f6kning","datePublished":"2008-09-07T22:00:00+00:00","mainEntityOfPage":{"@id":"https:\/\/lightweb.dev\/l\/svm-temp\/artiklar\/48-000-spanska-tonaringar-riskerar-halsoproblem-av-haschrokning\/"},"wordCount":602,"commentCount":0,"publisher":{"@id":"https:\/\/lightweb.dev\/l\/svm-temp\/#organization"},"image":{"@id":"https:\/\/lightweb.dev\/l\/svm-temp\/artiklar\/48-000-spanska-tonaringar-riskerar-halsoproblem-av-haschrokning\/#primaryimage"},"thumbnailUrl":"https:\/\/lightweb.dev\/l\/svm-temp\/wp-content\/uploads\/2022\/04\/48-000-spanska-tonringar-riskerar-hlsoproblem-av-haschrkning.png","articleSection":["Arkiv","Artiklar"],"inLanguage":"sv-SE"},{"@type":"WebPage","@id":"https:\/\/lightweb.dev\/l\/svm-temp\/artiklar\/48-000-spanska-tonaringar-riskerar-halsoproblem-av-haschrokning\/","url":"https:\/\/lightweb.dev\/l\/svm-temp\/artiklar\/48-000-spanska-tonaringar-riskerar-halsoproblem-av-haschrokning\/","name":"48.000 spanska ton\u00e5ringar riskerar h\u00e4lsoproblem av haschr\u00f6kning - Svenska Magasinet","isPartOf":{"@id":"https:\/\/lightweb.dev\/l\/svm-temp\/#website"},"primaryImageOfPage":{"@id":"https:\/\/lightweb.dev\/l\/svm-temp\/artiklar\/48-000-spanska-tonaringar-riskerar-halsoproblem-av-haschrokning\/#primaryimage"},"image":{"@id":"https:\/\/lightweb.dev\/l\/svm-temp\/artiklar\/48-000-spanska-tonaringar-riskerar-halsoproblem-av-haschrokning\/#primaryimage"},"thumbnailUrl":"https:\/\/lightweb.dev\/l\/svm-temp\/wp-content\/uploads\/2022\/04\/48-000-spanska-tonringar-riskerar-hlsoproblem-av-haschrkning.png","datePublished":"2008-09-07T22:00:00+00:00","breadcrumb":{"@id":"https:\/\/lightweb.dev\/l\/svm-temp\/artiklar\/48-000-spanska-tonaringar-riskerar-halsoproblem-av-haschrokning\/#breadcrumb"},"inLanguage":"sv-SE","potentialAction":[{"@type":"ReadAction","target":["https:\/\/lightweb.dev\/l\/svm-temp\/artiklar\/48-000-spanska-tonaringar-riskerar-halsoproblem-av-haschrokning\/"]}]},{"@type":"ImageObject","inLanguage":"sv-SE","@id":"https:\/\/lightweb.dev\/l\/svm-temp\/artiklar\/48-000-spanska-tonaringar-riskerar-halsoproblem-av-haschrokning\/#primaryimage","url":"https:\/\/lightweb.dev\/l\/svm-temp\/wp-content\/uploads\/2022\/04\/48-000-spanska-tonringar-riskerar-hlsoproblem-av-haschrkning.png","contentUrl":"https:\/\/lightweb.dev\/l\/svm-temp\/wp-content\/uploads\/2022\/04\/48-000-spanska-tonringar-riskerar-hlsoproblem-av-haschrkning.png","width":280,"height":236},{"@type":"BreadcrumbList","@id":"https:\/\/lightweb.dev\/l\/svm-temp\/artiklar\/48-000-spanska-tonaringar-riskerar-halsoproblem-av-haschrokning\/#breadcrumb","itemListElement":[{"@type":"ListItem","position":1,"name":"Hem","item":"https:\/\/lightweb.dev\/l\/svm-temp\/"},{"@type":"ListItem","position":2,"name":"48.000 spanska ton\u00e5ringar riskerar h\u00e4lsoproblem av haschr\u00f6kning"}]},{"@type":"WebSite","@id":"https:\/\/lightweb.dev\/l\/svm-temp\/#website","url":"https:\/\/lightweb.dev\/l\/svm-temp\/","name":"Svenska Magasinet","description":"Dina Spanska nyheter p&aring; Svenska","publisher":{"@id":"https:\/\/lightweb.dev\/l\/svm-temp\/#organization"},"potentialAction":[{"@type":"SearchAction","target":{"@type":"EntryPoint","urlTemplate":"https:\/\/lightweb.dev\/l\/svm-temp\/?s={search_term_string}"},"query-input":{"@type":"PropertyValueSpecification","valueRequired":true,"valueName":"search_term_string"}}],"inLanguage":"sv-SE"},{"@type":"Organization","@id":"https:\/\/lightweb.dev\/l\/svm-temp\/#organization","name":"Melkerson y Nott SL","alternateName":"Svenska Magasinet","url":"https:\/\/lightweb.dev\/l\/svm-temp\/","logo":{"@type":"ImageObject","inLanguage":"sv-SE","@id":"https:\/\/lightweb.dev\/l\/svm-temp\/#\/schema\/logo\/image\/","url":"https:\/\/lightweb.dev\/l\/svm-temp\/wp-content\/uploads\/2025\/02\/SvM-logo-Xtra-Centrerad-SVART.png","contentUrl":"https:\/\/lightweb.dev\/l\/svm-temp\/wp-content\/uploads\/2025\/02\/SvM-logo-Xtra-Centrerad-SVART.png","width":300,"height":99,"caption":"Melkerson y Nott SL"},"image":{"@id":"https:\/\/lightweb.dev\/l\/svm-temp\/#\/schema\/logo\/image\/"},"sameAs":["https:\/\/www.facebook.com\/svenskamagasinet","https:\/\/x.com\/SvenskaMagasine"]},{"@type":"Person","@id":"https:\/\/lightweb.dev\/l\/svm-temp\/#\/schema\/person\/206a3bda5b607b0c25e1749191e4d837","name":"Redaktionen SvM","description":"Redaktionen","sameAs":["https:\/\/lightweb.dev\/l\/svm-temp"],"url":"https:\/\/lightweb.dev\/l\/svm-temp\/reporter\/redaktionen\/"}]}},"_links":{"self":[{"href":"https:\/\/lightweb.dev\/l\/svm-temp\/wp-json\/wp\/v2\/posts\/2598","targetHints":{"allow":["GET"]}}],"collection":[{"href":"https:\/\/lightweb.dev\/l\/svm-temp\/wp-json\/wp\/v2\/posts"}],"about":[{"href":"https:\/\/lightweb.dev\/l\/svm-temp\/wp-json\/wp\/v2\/types\/post"}],"author":[{"embeddable":true,"href":"https:\/\/lightweb.dev\/l\/svm-temp\/wp-json\/wp\/v2\/users\/8"}],"replies":[{"embeddable":true,"href":"https:\/\/lightweb.dev\/l\/svm-temp\/wp-json\/wp\/v2\/comments?post=2598"}],"version-history":[{"count":0,"href":"https:\/\/lightweb.dev\/l\/svm-temp\/wp-json\/wp\/v2\/posts\/2598\/revisions"}],"wp:featuredmedia":[{"embeddable":true,"href":"https:\/\/lightweb.dev\/l\/svm-temp\/wp-json\/wp\/v2\/media\/2599"}],"wp:attachment":[{"href":"https:\/\/lightweb.dev\/l\/svm-temp\/wp-json\/wp\/v2\/media?parent=2598"}],"wp:term":[{"taxonomy":"category","embeddable":true,"href":"https:\/\/lightweb.dev\/l\/svm-temp\/wp-json\/wp\/v2\/categories?post=2598"},{"taxonomy":"post_tag","embeddable":true,"href":"https:\/\/lightweb.dev\/l\/svm-temp\/wp-json\/wp\/v2\/tags?post=2598"}],"curies":[{"name":"wp","href":"https:\/\/api.w.org\/{rel}","templated":true}]}}