{"id":2602,"date":"2008-09-08T00:00:00","date_gmt":"2008-09-07T22:00:00","guid":{"rendered":"https:\/\/lightweb.dev\/l\/svm-temp\/en-traff-i-skidliften-sa-fick-harriet-jobb-i-sotogrande\/"},"modified":"2008-09-08T00:00:00","modified_gmt":"2008-09-07T22:00:00","slug":"en-traff-i-skidliften-sa-fick-harriet-jobb-i-sotogrande","status":"publish","type":"post","link":"https:\/\/lightweb.dev\/l\/svm-temp\/artiklar\/en-traff-i-skidliften-sa-fick-harriet-jobb-i-sotogrande\/","title":{"rendered":"En tr\u00e4ff i skidliften \u2013 s\u00e5 fick Harriet jobb i Sotogrande"},"content":{"rendered":"<p> P\u00e5 h\u00e4stpolo tr\u00e4ffar man m\u00e5nga trevliga m\u00e4nniskor s\u00e5 det blir polomatcher flera g\u00e5nger i veckan under sommaren, s\u00e4ger Harriet E. H\u00f6gstr\u00f6m Boije, svensk m\u00e4klare i Sotogrande sedan slutet av 1970-talet. Av Ola Josefsson<\/p>\n<p>Hennes mammas morbror var med i Stockholm n\u00e4r Sveriges huvudstad fick arrangera h\u00e4stt\u00e4vlingarna vid sommar-OS 1956. Stockholm fick ryttarspelen d\u00e5 OS gick i Melbourne men p\u00e5 grund av karant\u00e4nbest\u00e4mmelserna fick Stockholm h\u00e4stt\u00e4vlingarna.<br \/>\nHon kan sitt Sotogrande p\u00e5 sina fem fingrar och guidar Svenska Magasinets on tour-team i omr\u00e5det.<br \/>\nN\u00e5got golfspel har det aldrig blivit f\u00f6r Harriet. I st\u00e4llet har det kommit att handla om h\u00e4stsport och alpin skid\u00e5kning. Jo, du l\u00e4ste r\u00e4tt. I en skidlift i Sierra Nevada fick hon n\u00e4mligen erbjudandet om att b\u00f6rja jobba som m\u00e4klare i Sotogrande\u2026<br \/>\nHarriet E. H\u00f6gstr\u00f6m Boije ber\u00e4ttar:<br \/>\n\u201dJag tr\u00e4ffade en spanjor i liften som fr\u00e5gade ut mig om allt. Nu ska du lyssna, sa han, och s\u00e5 erbj\u00f6d han mig ett arbete i Sotogrande. Var ligger det, sa jag. Senare reste jag till Madrid och s\u00f6kte upp honom och erbj\u00f6d mig att ta jobbet. S\u00e5 jag kom till Sotogrande 1977, 23 \u00e5r gamal\u201d.<\/p>\n<p>Dopningskontrollant<br \/>\nVintern tillbringade hon i Granada och sommaren i Sotogrande. Skid\u00e5kning ligger henne varmt om hj\u00e4rtat och hon kom till den sydspanska skidorten redan 1975. Sotogrande k\u00e4ndes lite \u00f6dsligt vintertid, b\u00e4ttre fart i Sierra Nevada d\u00e4r Harriet fick uppdraget att ing\u00e5 i dopningkommitt\u00e9n n\u00e4r alpina v\u00e4ldscupen kom p\u00e5 bes\u00f6k.<br \/>\n-Jobbade i dopningskontrollen och vi kastade lott om vilka som skulle kontrolleras, minns Harriet.<\/p>\n<p>Ultimatum<br \/>\nMen hennes uppdragsgivare gillade inte hennes utflykter till Sierra Nevada och satte ett ultimatum: Reser du dit igen s\u00e5 har du inget jobb kvar. Harriet stannade i 14 \u00e5r innan det blev ett kort avbr\u00e4ck som headhunter f\u00f6r ett franskt multinationellt f\u00f6retag som skulle bygga vid Marbella. Efter bara ett \u00e5r d\u00e4r var hon tillbaka i Sotogrande och startade eget med kontor i hamnen.<br \/>\n-Nu arbetar jag hemifr\u00e5n med kontoret i bostaden. Jag jobbar som \u00f6vers\u00e4ttare och har ett stort kontaktn\u00e4t med hantverkare.<br \/>\nFr\u00e5n bostaden har hon en fantastisk utsikt mot Medelhavet, Guadiarofloden, hamnen och vackra strandklubbar. Hon tvekar inte en sekund n\u00e4r hon betygs\u00e4tter Sotogrande som kustens p\u00e4rla. <\/p>\n","protected":false},"excerpt":{"rendered":"<p>P\u00e5 h\u00e4stpolo tr\u00e4ffar man m\u00e5nga trevliga m\u00e4nniskor s\u00e5 det blir polomatcher flera g\u00e5nger i veckan under sommaren, s\u00e4ger Harriet E. H\u00f6gstr\u00f6m Boije, svensk m\u00e4klare i Sotogrande sedan slutet av 1970-talet. Av Ola Josefsson Hennes mammas morbror var med i Stockholm n\u00e4r Sveriges huvudstad fick arrangera h\u00e4stt\u00e4vlingarna vid sommar-OS 1956. Stockholm fick ryttarspelen d\u00e5 OS gick [&hellip;]<\/p>\n","protected":false},"author":8,"featured_media":2603,"comment_status":"open","ping_status":"open","sticky":false,"template":"","format":"standard","meta":{"_et_pb_use_builder":"","_et_pb_old_content":"","_et_gb_content_width":"","footnotes":""},"categories":[396,4],"tags":[],"class_list":["post-2602","post","type-post","status-publish","format-standard","has-post-thumbnail","hentry","category-arkiv-artiklar","category-artiklar"],"yoast_head":"<!-- This site is optimized with the Yoast SEO Premium plugin v26.2 (Yoast SEO v27.4) - https:\/\/yoast.com\/product\/yoast-seo-premium-wordpress\/ -->\n<title>En tr\u00e4ff i skidliften \u2013 s\u00e5 fick Harriet jobb i Sotogrande - Svenska Magasinet<\/title>\n<meta name=\"robots\" content=\"noindex, follow, max-snippet:-1, max-image-preview:large, max-video-preview:-1\" \/>\n<meta property=\"og:locale\" content=\"sv_SE\" \/>\n<meta property=\"og:type\" content=\"article\" \/>\n<meta property=\"og:title\" content=\"En tr\u00e4ff i skidliften \u2013 s\u00e5 fick Harriet jobb i Sotogrande\" \/>\n<meta property=\"og:description\" content=\"P\u00e5 h\u00e4stpolo tr\u00e4ffar man m\u00e5nga trevliga m\u00e4nniskor s\u00e5 det blir polomatcher flera g\u00e5nger i veckan under sommaren, s\u00e4ger Harriet E. H\u00f6gstr\u00f6m Boije, svensk m\u00e4klare i Sotogrande sedan slutet av 1970-talet. Av Ola Josefsson Hennes mammas morbror var med i Stockholm n\u00e4r Sveriges huvudstad fick arrangera h\u00e4stt\u00e4vlingarna vid sommar-OS 1956. Stockholm fick ryttarspelen d\u00e5 OS gick [&hellip;]\" \/>\n<meta property=\"og:url\" content=\"https:\/\/lightweb.dev\/l\/svm-temp\/artiklar\/en-traff-i-skidliften-sa-fick-harriet-jobb-i-sotogrande\/\" \/>\n<meta property=\"og:site_name\" content=\"Svenska Magasinet\" \/>\n<meta property=\"article:publisher\" content=\"https:\/\/www.facebook.com\/svenskamagasinet\" \/>\n<meta property=\"article:published_time\" content=\"2008-09-07T22:00:00+00:00\" \/>\n<meta property=\"og:image\" content=\"https:\/\/lightweb.dev\/l\/svm-temp\/wp-content\/uploads\/2022\/04\/en-trff-i-skidliften-s-fick-harriet-jobb-i-sotogrande.png\" \/>\n\t<meta property=\"og:image:width\" content=\"299\" \/>\n\t<meta property=\"og:image:height\" content=\"200\" \/>\n\t<meta property=\"og:image:type\" content=\"image\/png\" \/>\n<meta name=\"author\" content=\"Redaktionen SvM\" \/>\n<meta name=\"twitter:card\" content=\"summary_large_image\" \/>\n<meta name=\"twitter:creator\" content=\"@SvenskaMagasine\" \/>\n<meta name=\"twitter:site\" content=\"@SvenskaMagasine\" \/>\n<script type=\"application\/ld+json\" class=\"yoast-schema-graph\">{\"@context\":\"https:\\\/\\\/schema.org\",\"@graph\":[{\"@type\":\"Article\",\"@id\":\"https:\\\/\\\/lightweb.dev\\\/l\\\/svm-temp\\\/artiklar\\\/en-traff-i-skidliften-sa-fick-harriet-jobb-i-sotogrande\\\/#article\",\"isPartOf\":{\"@id\":\"https:\\\/\\\/lightweb.dev\\\/l\\\/svm-temp\\\/artiklar\\\/en-traff-i-skidliften-sa-fick-harriet-jobb-i-sotogrande\\\/\"},\"author\":{\"name\":\"Redaktionen SvM\",\"@id\":\"https:\\\/\\\/lightweb.dev\\\/l\\\/svm-temp\\\/#\\\/schema\\\/person\\\/206a3bda5b607b0c25e1749191e4d837\"},\"headline\":\"En tr\u00e4ff i skidliften \u2013 s\u00e5 fick Harriet jobb i Sotogrande\",\"datePublished\":\"2008-09-07T22:00:00+00:00\",\"mainEntityOfPage\":{\"@id\":\"https:\\\/\\\/lightweb.dev\\\/l\\\/svm-temp\\\/artiklar\\\/en-traff-i-skidliften-sa-fick-harriet-jobb-i-sotogrande\\\/\"},\"wordCount\":418,\"commentCount\":0,\"publisher\":{\"@id\":\"https:\\\/\\\/lightweb.dev\\\/l\\\/svm-temp\\\/#organization\"},\"image\":{\"@id\":\"https:\\\/\\\/lightweb.dev\\\/l\\\/svm-temp\\\/artiklar\\\/en-traff-i-skidliften-sa-fick-harriet-jobb-i-sotogrande\\\/#primaryimage\"},\"thumbnailUrl\":\"https:\\\/\\\/lightweb.dev\\\/l\\\/svm-temp\\\/wp-content\\\/uploads\\\/2022\\\/04\\\/en-trff-i-skidliften-s-fick-harriet-jobb-i-sotogrande.png\",\"articleSection\":[\"Arkiv\",\"Artiklar\"],\"inLanguage\":\"sv-SE\"},{\"@type\":\"WebPage\",\"@id\":\"https:\\\/\\\/lightweb.dev\\\/l\\\/svm-temp\\\/artiklar\\\/en-traff-i-skidliften-sa-fick-harriet-jobb-i-sotogrande\\\/\",\"url\":\"https:\\\/\\\/lightweb.dev\\\/l\\\/svm-temp\\\/artiklar\\\/en-traff-i-skidliften-sa-fick-harriet-jobb-i-sotogrande\\\/\",\"name\":\"En tr\u00e4ff i skidliften \u2013 s\u00e5 fick Harriet jobb i Sotogrande - Svenska Magasinet\",\"isPartOf\":{\"@id\":\"https:\\\/\\\/lightweb.dev\\\/l\\\/svm-temp\\\/#website\"},\"primaryImageOfPage\":{\"@id\":\"https:\\\/\\\/lightweb.dev\\\/l\\\/svm-temp\\\/artiklar\\\/en-traff-i-skidliften-sa-fick-harriet-jobb-i-sotogrande\\\/#primaryimage\"},\"image\":{\"@id\":\"https:\\\/\\\/lightweb.dev\\\/l\\\/svm-temp\\\/artiklar\\\/en-traff-i-skidliften-sa-fick-harriet-jobb-i-sotogrande\\\/#primaryimage\"},\"thumbnailUrl\":\"https:\\\/\\\/lightweb.dev\\\/l\\\/svm-temp\\\/wp-content\\\/uploads\\\/2022\\\/04\\\/en-trff-i-skidliften-s-fick-harriet-jobb-i-sotogrande.png\",\"datePublished\":\"2008-09-07T22:00:00+00:00\",\"breadcrumb\":{\"@id\":\"https:\\\/\\\/lightweb.dev\\\/l\\\/svm-temp\\\/artiklar\\\/en-traff-i-skidliften-sa-fick-harriet-jobb-i-sotogrande\\\/#breadcrumb\"},\"inLanguage\":\"sv-SE\",\"potentialAction\":[{\"@type\":\"ReadAction\",\"target\":[\"https:\\\/\\\/lightweb.dev\\\/l\\\/svm-temp\\\/artiklar\\\/en-traff-i-skidliften-sa-fick-harriet-jobb-i-sotogrande\\\/\"]}]},{\"@type\":\"ImageObject\",\"inLanguage\":\"sv-SE\",\"@id\":\"https:\\\/\\\/lightweb.dev\\\/l\\\/svm-temp\\\/artiklar\\\/en-traff-i-skidliften-sa-fick-harriet-jobb-i-sotogrande\\\/#primaryimage\",\"url\":\"https:\\\/\\\/lightweb.dev\\\/l\\\/svm-temp\\\/wp-content\\\/uploads\\\/2022\\\/04\\\/en-trff-i-skidliften-s-fick-harriet-jobb-i-sotogrande.png\",\"contentUrl\":\"https:\\\/\\\/lightweb.dev\\\/l\\\/svm-temp\\\/wp-content\\\/uploads\\\/2022\\\/04\\\/en-trff-i-skidliften-s-fick-harriet-jobb-i-sotogrande.png\",\"width\":299,\"height\":200},{\"@type\":\"BreadcrumbList\",\"@id\":\"https:\\\/\\\/lightweb.dev\\\/l\\\/svm-temp\\\/artiklar\\\/en-traff-i-skidliften-sa-fick-harriet-jobb-i-sotogrande\\\/#breadcrumb\",\"itemListElement\":[{\"@type\":\"ListItem\",\"position\":1,\"name\":\"Hem\",\"item\":\"https:\\\/\\\/lightweb.dev\\\/l\\\/svm-temp\\\/\"},{\"@type\":\"ListItem\",\"position\":2,\"name\":\"En tr\u00e4ff i skidliften \u2013 s\u00e5 fick Harriet jobb i Sotogrande\"}]},{\"@type\":\"WebSite\",\"@id\":\"https:\\\/\\\/lightweb.dev\\\/l\\\/svm-temp\\\/#website\",\"url\":\"https:\\\/\\\/lightweb.dev\\\/l\\\/svm-temp\\\/\",\"name\":\"Svenska Magasinet\",\"description\":\"Dina Spanska nyheter p&aring; Svenska\",\"publisher\":{\"@id\":\"https:\\\/\\\/lightweb.dev\\\/l\\\/svm-temp\\\/#organization\"},\"potentialAction\":[{\"@type\":\"SearchAction\",\"target\":{\"@type\":\"EntryPoint\",\"urlTemplate\":\"https:\\\/\\\/lightweb.dev\\\/l\\\/svm-temp\\\/?s={search_term_string}\"},\"query-input\":{\"@type\":\"PropertyValueSpecification\",\"valueRequired\":true,\"valueName\":\"search_term_string\"}}],\"inLanguage\":\"sv-SE\"},{\"@type\":\"Organization\",\"@id\":\"https:\\\/\\\/lightweb.dev\\\/l\\\/svm-temp\\\/#organization\",\"name\":\"Melkerson y Nott SL\",\"alternateName\":\"Svenska Magasinet\",\"url\":\"https:\\\/\\\/lightweb.dev\\\/l\\\/svm-temp\\\/\",\"logo\":{\"@type\":\"ImageObject\",\"inLanguage\":\"sv-SE\",\"@id\":\"https:\\\/\\\/lightweb.dev\\\/l\\\/svm-temp\\\/#\\\/schema\\\/logo\\\/image\\\/\",\"url\":\"https:\\\/\\\/lightweb.dev\\\/l\\\/svm-temp\\\/wp-content\\\/uploads\\\/2025\\\/02\\\/SvM-logo-Xtra-Centrerad-SVART.png\",\"contentUrl\":\"https:\\\/\\\/lightweb.dev\\\/l\\\/svm-temp\\\/wp-content\\\/uploads\\\/2025\\\/02\\\/SvM-logo-Xtra-Centrerad-SVART.png\",\"width\":300,\"height\":99,\"caption\":\"Melkerson y Nott SL\"},\"image\":{\"@id\":\"https:\\\/\\\/lightweb.dev\\\/l\\\/svm-temp\\\/#\\\/schema\\\/logo\\\/image\\\/\"},\"sameAs\":[\"https:\\\/\\\/www.facebook.com\\\/svenskamagasinet\",\"https:\\\/\\\/x.com\\\/SvenskaMagasine\"]},{\"@type\":\"Person\",\"@id\":\"https:\\\/\\\/lightweb.dev\\\/l\\\/svm-temp\\\/#\\\/schema\\\/person\\\/206a3bda5b607b0c25e1749191e4d837\",\"name\":\"Redaktionen SvM\",\"description\":\"Redaktionen\",\"sameAs\":[\"https:\\\/\\\/lightweb.dev\\\/l\\\/svm-temp\"],\"url\":\"https:\\\/\\\/lightweb.dev\\\/l\\\/svm-temp\\\/reporter\\\/redaktionen\\\/\"}]}<\/script>\n<!-- \/ Yoast SEO Premium plugin. -->","yoast_head_json":{"title":"En tr\u00e4ff i skidliften \u2013 s\u00e5 fick Harriet jobb i Sotogrande - Svenska Magasinet","robots":{"index":"noindex","follow":"follow","max-snippet":"max-snippet:-1","max-image-preview":"max-image-preview:large","max-video-preview":"max-video-preview:-1"},"og_locale":"sv_SE","og_type":"article","og_title":"En tr\u00e4ff i skidliften \u2013 s\u00e5 fick Harriet jobb i Sotogrande","og_description":"P\u00e5 h\u00e4stpolo tr\u00e4ffar man m\u00e5nga trevliga m\u00e4nniskor s\u00e5 det blir polomatcher flera g\u00e5nger i veckan under sommaren, s\u00e4ger Harriet E. H\u00f6gstr\u00f6m Boije, svensk m\u00e4klare i Sotogrande sedan slutet av 1970-talet. Av Ola Josefsson Hennes mammas morbror var med i Stockholm n\u00e4r Sveriges huvudstad fick arrangera h\u00e4stt\u00e4vlingarna vid sommar-OS 1956. Stockholm fick ryttarspelen d\u00e5 OS gick [&hellip;]","og_url":"https:\/\/lightweb.dev\/l\/svm-temp\/artiklar\/en-traff-i-skidliften-sa-fick-harriet-jobb-i-sotogrande\/","og_site_name":"Svenska Magasinet","article_publisher":"https:\/\/www.facebook.com\/svenskamagasinet","article_published_time":"2008-09-07T22:00:00+00:00","og_image":[{"width":299,"height":200,"url":"https:\/\/lightweb.dev\/l\/svm-temp\/wp-content\/uploads\/2022\/04\/en-trff-i-skidliften-s-fick-harriet-jobb-i-sotogrande.png","type":"image\/png"}],"author":"Redaktionen SvM","twitter_card":"summary_large_image","twitter_creator":"@SvenskaMagasine","twitter_site":"@SvenskaMagasine","schema":{"@context":"https:\/\/schema.org","@graph":[{"@type":"Article","@id":"https:\/\/lightweb.dev\/l\/svm-temp\/artiklar\/en-traff-i-skidliften-sa-fick-harriet-jobb-i-sotogrande\/#article","isPartOf":{"@id":"https:\/\/lightweb.dev\/l\/svm-temp\/artiklar\/en-traff-i-skidliften-sa-fick-harriet-jobb-i-sotogrande\/"},"author":{"name":"Redaktionen SvM","@id":"https:\/\/lightweb.dev\/l\/svm-temp\/#\/schema\/person\/206a3bda5b607b0c25e1749191e4d837"},"headline":"En tr\u00e4ff i skidliften \u2013 s\u00e5 fick Harriet jobb i Sotogrande","datePublished":"2008-09-07T22:00:00+00:00","mainEntityOfPage":{"@id":"https:\/\/lightweb.dev\/l\/svm-temp\/artiklar\/en-traff-i-skidliften-sa-fick-harriet-jobb-i-sotogrande\/"},"wordCount":418,"commentCount":0,"publisher":{"@id":"https:\/\/lightweb.dev\/l\/svm-temp\/#organization"},"image":{"@id":"https:\/\/lightweb.dev\/l\/svm-temp\/artiklar\/en-traff-i-skidliften-sa-fick-harriet-jobb-i-sotogrande\/#primaryimage"},"thumbnailUrl":"https:\/\/lightweb.dev\/l\/svm-temp\/wp-content\/uploads\/2022\/04\/en-trff-i-skidliften-s-fick-harriet-jobb-i-sotogrande.png","articleSection":["Arkiv","Artiklar"],"inLanguage":"sv-SE"},{"@type":"WebPage","@id":"https:\/\/lightweb.dev\/l\/svm-temp\/artiklar\/en-traff-i-skidliften-sa-fick-harriet-jobb-i-sotogrande\/","url":"https:\/\/lightweb.dev\/l\/svm-temp\/artiklar\/en-traff-i-skidliften-sa-fick-harriet-jobb-i-sotogrande\/","name":"En tr\u00e4ff i skidliften \u2013 s\u00e5 fick Harriet jobb i Sotogrande - Svenska Magasinet","isPartOf":{"@id":"https:\/\/lightweb.dev\/l\/svm-temp\/#website"},"primaryImageOfPage":{"@id":"https:\/\/lightweb.dev\/l\/svm-temp\/artiklar\/en-traff-i-skidliften-sa-fick-harriet-jobb-i-sotogrande\/#primaryimage"},"image":{"@id":"https:\/\/lightweb.dev\/l\/svm-temp\/artiklar\/en-traff-i-skidliften-sa-fick-harriet-jobb-i-sotogrande\/#primaryimage"},"thumbnailUrl":"https:\/\/lightweb.dev\/l\/svm-temp\/wp-content\/uploads\/2022\/04\/en-trff-i-skidliften-s-fick-harriet-jobb-i-sotogrande.png","datePublished":"2008-09-07T22:00:00+00:00","breadcrumb":{"@id":"https:\/\/lightweb.dev\/l\/svm-temp\/artiklar\/en-traff-i-skidliften-sa-fick-harriet-jobb-i-sotogrande\/#breadcrumb"},"inLanguage":"sv-SE","potentialAction":[{"@type":"ReadAction","target":["https:\/\/lightweb.dev\/l\/svm-temp\/artiklar\/en-traff-i-skidliften-sa-fick-harriet-jobb-i-sotogrande\/"]}]},{"@type":"ImageObject","inLanguage":"sv-SE","@id":"https:\/\/lightweb.dev\/l\/svm-temp\/artiklar\/en-traff-i-skidliften-sa-fick-harriet-jobb-i-sotogrande\/#primaryimage","url":"https:\/\/lightweb.dev\/l\/svm-temp\/wp-content\/uploads\/2022\/04\/en-trff-i-skidliften-s-fick-harriet-jobb-i-sotogrande.png","contentUrl":"https:\/\/lightweb.dev\/l\/svm-temp\/wp-content\/uploads\/2022\/04\/en-trff-i-skidliften-s-fick-harriet-jobb-i-sotogrande.png","width":299,"height":200},{"@type":"BreadcrumbList","@id":"https:\/\/lightweb.dev\/l\/svm-temp\/artiklar\/en-traff-i-skidliften-sa-fick-harriet-jobb-i-sotogrande\/#breadcrumb","itemListElement":[{"@type":"ListItem","position":1,"name":"Hem","item":"https:\/\/lightweb.dev\/l\/svm-temp\/"},{"@type":"ListItem","position":2,"name":"En tr\u00e4ff i skidliften \u2013 s\u00e5 fick Harriet jobb i Sotogrande"}]},{"@type":"WebSite","@id":"https:\/\/lightweb.dev\/l\/svm-temp\/#website","url":"https:\/\/lightweb.dev\/l\/svm-temp\/","name":"Svenska Magasinet","description":"Dina Spanska nyheter p&aring; Svenska","publisher":{"@id":"https:\/\/lightweb.dev\/l\/svm-temp\/#organization"},"potentialAction":[{"@type":"SearchAction","target":{"@type":"EntryPoint","urlTemplate":"https:\/\/lightweb.dev\/l\/svm-temp\/?s={search_term_string}"},"query-input":{"@type":"PropertyValueSpecification","valueRequired":true,"valueName":"search_term_string"}}],"inLanguage":"sv-SE"},{"@type":"Organization","@id":"https:\/\/lightweb.dev\/l\/svm-temp\/#organization","name":"Melkerson y Nott SL","alternateName":"Svenska Magasinet","url":"https:\/\/lightweb.dev\/l\/svm-temp\/","logo":{"@type":"ImageObject","inLanguage":"sv-SE","@id":"https:\/\/lightweb.dev\/l\/svm-temp\/#\/schema\/logo\/image\/","url":"https:\/\/lightweb.dev\/l\/svm-temp\/wp-content\/uploads\/2025\/02\/SvM-logo-Xtra-Centrerad-SVART.png","contentUrl":"https:\/\/lightweb.dev\/l\/svm-temp\/wp-content\/uploads\/2025\/02\/SvM-logo-Xtra-Centrerad-SVART.png","width":300,"height":99,"caption":"Melkerson y Nott SL"},"image":{"@id":"https:\/\/lightweb.dev\/l\/svm-temp\/#\/schema\/logo\/image\/"},"sameAs":["https:\/\/www.facebook.com\/svenskamagasinet","https:\/\/x.com\/SvenskaMagasine"]},{"@type":"Person","@id":"https:\/\/lightweb.dev\/l\/svm-temp\/#\/schema\/person\/206a3bda5b607b0c25e1749191e4d837","name":"Redaktionen SvM","description":"Redaktionen","sameAs":["https:\/\/lightweb.dev\/l\/svm-temp"],"url":"https:\/\/lightweb.dev\/l\/svm-temp\/reporter\/redaktionen\/"}]}},"_links":{"self":[{"href":"https:\/\/lightweb.dev\/l\/svm-temp\/wp-json\/wp\/v2\/posts\/2602","targetHints":{"allow":["GET"]}}],"collection":[{"href":"https:\/\/lightweb.dev\/l\/svm-temp\/wp-json\/wp\/v2\/posts"}],"about":[{"href":"https:\/\/lightweb.dev\/l\/svm-temp\/wp-json\/wp\/v2\/types\/post"}],"author":[{"embeddable":true,"href":"https:\/\/lightweb.dev\/l\/svm-temp\/wp-json\/wp\/v2\/users\/8"}],"replies":[{"embeddable":true,"href":"https:\/\/lightweb.dev\/l\/svm-temp\/wp-json\/wp\/v2\/comments?post=2602"}],"version-history":[{"count":0,"href":"https:\/\/lightweb.dev\/l\/svm-temp\/wp-json\/wp\/v2\/posts\/2602\/revisions"}],"wp:featuredmedia":[{"embeddable":true,"href":"https:\/\/lightweb.dev\/l\/svm-temp\/wp-json\/wp\/v2\/media\/2603"}],"wp:attachment":[{"href":"https:\/\/lightweb.dev\/l\/svm-temp\/wp-json\/wp\/v2\/media?parent=2602"}],"wp:term":[{"taxonomy":"category","embeddable":true,"href":"https:\/\/lightweb.dev\/l\/svm-temp\/wp-json\/wp\/v2\/categories?post=2602"},{"taxonomy":"post_tag","embeddable":true,"href":"https:\/\/lightweb.dev\/l\/svm-temp\/wp-json\/wp\/v2\/tags?post=2602"}],"curies":[{"name":"wp","href":"https:\/\/api.w.org\/{rel}","templated":true}]}}