{"id":2604,"date":"2008-09-08T00:00:00","date_gmt":"2008-09-07T22:00:00","guid":{"rendered":"https:\/\/lightweb.dev\/l\/svm-temp\/svenska-specialister-i-kosmetisk-tandvard\/"},"modified":"2008-09-08T00:00:00","modified_gmt":"2008-09-07T22:00:00","slug":"svenska-specialister-i-kosmetisk-tandvard","status":"publish","type":"post","link":"https:\/\/lightweb.dev\/l\/svm-temp\/artiklar\/svenska-specialister-i-kosmetisk-tandvard\/","title":{"rendered":"Svenska specialister i kosmetisk tandv\u00e5rd"},"content":{"rendered":"<p> Det svenska n\u00e4ringslivet i San Roque kommun \u00e4r inte s\u00e5 utbrett. Men vi hittar The Dentists, en svensk\u00e4gd tandl\u00e4karklinik som funnits i fyra \u00e5r och med ett v\u00e4lk\u00e4nt gr\u00f6nt \u00e4pple som logo. Kliniken ligger i Galer\u00edas Paniagua och kliniken har \u00e4ven en filial i Bena Vista Centro Comercial i Estepona kommun Av Ola Josefsson<\/p>\n<p>Det \u00e4r fr\u00e4mst kosmetisk estetisk tandv\u00e5rd som erbjuds och The Dentists \u00e4r medlemmar i The American Academy of Cosmetic Dentistry. Det betyder att de regelbundet bes\u00f6ker evenemang och f\u00f6rel\u00e4sningar i USA f\u00f6r att h\u00e5lla sig uppdaterade kring utvecklingen av kosmetisk tandv\u00e5rd.<br \/>\nF\u00f6r att komma s\u00e5 l\u00e5ngt \u00e4r det en l\u00e5ng process som p\u00e5g\u00e5r i fem m\u00e5nader. Bara 380 tandl\u00e4kare i hela v\u00e4rlden har lyckats komma in i s\u00e4llskapet. The Dentists har samarbete med ett laboratorium i Sverige som ocks\u00e5 \u00e4r medlemmar i The American Academy of Cosmetic Dentistry.<\/p>\n<p>Ut\u00f6ka<br \/>\nP\u00e5 mottagningen i Sotogrande finns det specialister som klarar allt fr\u00e5n sm\u00e5 ingrepp till st\u00f6rre som exempelvis implantat. F\u00f6rutom Lotta Kure och Anders Friman finns h\u00e4r Annika Skoglund och Wojtek Maroszek.<br \/>\nNu ska vi ut\u00f6ka genom att bygga ut \u201dsmilanalysrummet\u201d, det vill s\u00e4ga behandlingsrummet och labbet, ber\u00e4ttare Anders Friman och Bo Kure, del\u00e4gare i The Dentists.<\/p>\n<p>\u201dSmilanalys\u201d<br \/>\nEtt bes\u00f6k hos The Dentists b\u00f6rjar oftast med en \u201dsmilanalys\u201d, som Anders Friman sj\u00e4lv uttrycker det. Efter panoramar\u00f6ntgen g\u00f6rs en studiemodell och med hj\u00e4lp av foto h\u00e5lls en genomg\u00e5ng med patienten \u00f6ver vilket arbete som beh\u00f6vs utf\u00f6ras.<br \/>\n-Vi bygger upp en modell och visar den f\u00f6r patienten och informerar om hur vi ska g\u00e5 till v\u00e4ga. M\u00e5nga har synpunkter p\u00e5 hur de vill se ut s\u00e5 vi m\u00e5ste lyssna p\u00e5 kunden. Vi g\u00f6r en prototyp som visar hur det kan se ut n\u00e4r det \u00e4r klart, f\u00f6rklarar Anders Friman.<\/p>\n<p>S\u00f6ker kvalitet<br \/>\nN\u00e4stan 85 procent av kunderna \u00e4r britter, f\u00f6rutom irl\u00e4ndare, tyskar och skandinaver. N\u00e5gra av kunderna flyger in fr\u00e5n utlandet f\u00f6r att f\u00e5 kosmetisk tandv\u00e5rd p\u00e5 den svenska kliniken i Sotogrande.<br \/>\n-Kunder som \u00e4r intresserade av god tandv\u00e5rd s\u00f6ker kvalitet och kan resa l\u00e5ngt f\u00f6r att f\u00e5 det.<br \/>\nP\u00e5 The Dentists finns tandreglerare och \u00e4r det ytterligare n\u00e5got omr\u00e5de som f\u00f6retaget t\u00e4nker satsa p\u00e5 i framtiden \u00e4r det att ut\u00f6ka med en barntandl\u00e4kare.<\/p>\n<p>Hj\u00e4lpverksamhet<br \/>\nAnders Friman och Lotta Kure har varit kolleger sedan de gick p\u00e5 tandl\u00e4karh\u00f6gskolan 1986. De har \u00e4ven rent socialt bedrivit hj\u00e4lpverksamhet p\u00e5 barnhem i Kambodja 2005 vilket gett m\u00e5nga underbara minnen fr\u00e5n tacksamma barn. De har sedan skickat utrustning till en ny klinik i Kambodja som drivs av studenter som har sista \u00e5ret kvar p\u00e5 utbildningen.<br \/>\nP\u00e5 kliniken i Sotogrande arrangeras \u00e4ven konstutst\u00e4llningar d\u00e4r konstverk av Axel Lind och Lars Persson varit uppskattade inslag med hundratals bes\u00f6kare.<br \/>\nUnder sommaren 2008 har dessutom Anders och Lotta satt upp ett sportigt m\u00e5l:<br \/>\n-Det finns fina l\u00f6pstigar i Sotogrande-omr\u00e5det och vi satsar p\u00e5 Liding\u00f6loppet i september, s\u00e4ger Anders Friman som tar p\u00e5 sig l\u00f6parskorna efter jobbet och springa hem till huset i Torreguadiaro. <\/p>\n","protected":false},"excerpt":{"rendered":"<p>Det svenska n\u00e4ringslivet i San Roque kommun \u00e4r inte s\u00e5 utbrett. Men vi hittar The Dentists, en svensk\u00e4gd tandl\u00e4karklinik som funnits i fyra \u00e5r och med ett v\u00e4lk\u00e4nt gr\u00f6nt \u00e4pple som logo. Kliniken ligger i Galer\u00edas Paniagua och kliniken har \u00e4ven en filial i Bena Vista Centro Comercial i Estepona kommun Av Ola Josefsson Det [&hellip;]<\/p>\n","protected":false},"author":8,"featured_media":2605,"comment_status":"open","ping_status":"open","sticky":false,"template":"","format":"standard","meta":{"_et_pb_use_builder":"","_et_pb_old_content":"","_et_gb_content_width":"","footnotes":""},"categories":[396,4],"tags":[],"class_list":["post-2604","post","type-post","status-publish","format-standard","has-post-thumbnail","hentry","category-arkiv-artiklar","category-artiklar"],"yoast_head":"<!-- This site is optimized with the Yoast SEO Premium plugin v26.2 (Yoast SEO v27.4) - https:\/\/yoast.com\/product\/yoast-seo-premium-wordpress\/ -->\n<title>Svenska specialister i kosmetisk tandv\u00e5rd - Svenska Magasinet<\/title>\n<meta name=\"robots\" content=\"noindex, follow, max-snippet:-1, max-image-preview:large, max-video-preview:-1\" \/>\n<meta property=\"og:locale\" content=\"sv_SE\" \/>\n<meta property=\"og:type\" content=\"article\" \/>\n<meta property=\"og:title\" content=\"Svenska specialister i kosmetisk tandv\u00e5rd\" \/>\n<meta property=\"og:description\" content=\"Det svenska n\u00e4ringslivet i San Roque kommun \u00e4r inte s\u00e5 utbrett. Men vi hittar The Dentists, en svensk\u00e4gd tandl\u00e4karklinik som funnits i fyra \u00e5r och med ett v\u00e4lk\u00e4nt gr\u00f6nt \u00e4pple som logo. Kliniken ligger i Galer\u00edas Paniagua och kliniken har \u00e4ven en filial i Bena Vista Centro Comercial i Estepona kommun Av Ola Josefsson Det [&hellip;]\" \/>\n<meta property=\"og:url\" content=\"https:\/\/lightweb.dev\/l\/svm-temp\/artiklar\/svenska-specialister-i-kosmetisk-tandvard\/\" \/>\n<meta property=\"og:site_name\" content=\"Svenska Magasinet\" \/>\n<meta property=\"article:publisher\" content=\"https:\/\/www.facebook.com\/svenskamagasinet\" \/>\n<meta property=\"article:published_time\" content=\"2008-09-07T22:00:00+00:00\" \/>\n<meta property=\"og:image\" content=\"https:\/\/lightweb.dev\/l\/svm-temp\/wp-content\/uploads\/2022\/04\/svenska-specialister-i-kosmetisk-tandvrd.png\" \/>\n\t<meta property=\"og:image:width\" content=\"280\" \/>\n\t<meta property=\"og:image:height\" content=\"210\" \/>\n\t<meta property=\"og:image:type\" content=\"image\/png\" \/>\n<meta name=\"author\" content=\"Redaktionen SvM\" \/>\n<meta name=\"twitter:card\" content=\"summary_large_image\" \/>\n<meta name=\"twitter:creator\" content=\"@SvenskaMagasine\" \/>\n<meta name=\"twitter:site\" content=\"@SvenskaMagasine\" \/>\n<script type=\"application\/ld+json\" class=\"yoast-schema-graph\">{\"@context\":\"https:\\\/\\\/schema.org\",\"@graph\":[{\"@type\":\"Article\",\"@id\":\"https:\\\/\\\/lightweb.dev\\\/l\\\/svm-temp\\\/artiklar\\\/svenska-specialister-i-kosmetisk-tandvard\\\/#article\",\"isPartOf\":{\"@id\":\"https:\\\/\\\/lightweb.dev\\\/l\\\/svm-temp\\\/artiklar\\\/svenska-specialister-i-kosmetisk-tandvard\\\/\"},\"author\":{\"name\":\"Redaktionen SvM\",\"@id\":\"https:\\\/\\\/lightweb.dev\\\/l\\\/svm-temp\\\/#\\\/schema\\\/person\\\/206a3bda5b607b0c25e1749191e4d837\"},\"headline\":\"Svenska specialister i kosmetisk tandv\u00e5rd\",\"datePublished\":\"2008-09-07T22:00:00+00:00\",\"mainEntityOfPage\":{\"@id\":\"https:\\\/\\\/lightweb.dev\\\/l\\\/svm-temp\\\/artiklar\\\/svenska-specialister-i-kosmetisk-tandvard\\\/\"},\"wordCount\":568,\"commentCount\":0,\"publisher\":{\"@id\":\"https:\\\/\\\/lightweb.dev\\\/l\\\/svm-temp\\\/#organization\"},\"image\":{\"@id\":\"https:\\\/\\\/lightweb.dev\\\/l\\\/svm-temp\\\/artiklar\\\/svenska-specialister-i-kosmetisk-tandvard\\\/#primaryimage\"},\"thumbnailUrl\":\"https:\\\/\\\/lightweb.dev\\\/l\\\/svm-temp\\\/wp-content\\\/uploads\\\/2022\\\/04\\\/svenska-specialister-i-kosmetisk-tandvrd.png\",\"articleSection\":[\"Arkiv\",\"Artiklar\"],\"inLanguage\":\"sv-SE\"},{\"@type\":\"WebPage\",\"@id\":\"https:\\\/\\\/lightweb.dev\\\/l\\\/svm-temp\\\/artiklar\\\/svenska-specialister-i-kosmetisk-tandvard\\\/\",\"url\":\"https:\\\/\\\/lightweb.dev\\\/l\\\/svm-temp\\\/artiklar\\\/svenska-specialister-i-kosmetisk-tandvard\\\/\",\"name\":\"Svenska specialister i kosmetisk tandv\u00e5rd - Svenska Magasinet\",\"isPartOf\":{\"@id\":\"https:\\\/\\\/lightweb.dev\\\/l\\\/svm-temp\\\/#website\"},\"primaryImageOfPage\":{\"@id\":\"https:\\\/\\\/lightweb.dev\\\/l\\\/svm-temp\\\/artiklar\\\/svenska-specialister-i-kosmetisk-tandvard\\\/#primaryimage\"},\"image\":{\"@id\":\"https:\\\/\\\/lightweb.dev\\\/l\\\/svm-temp\\\/artiklar\\\/svenska-specialister-i-kosmetisk-tandvard\\\/#primaryimage\"},\"thumbnailUrl\":\"https:\\\/\\\/lightweb.dev\\\/l\\\/svm-temp\\\/wp-content\\\/uploads\\\/2022\\\/04\\\/svenska-specialister-i-kosmetisk-tandvrd.png\",\"datePublished\":\"2008-09-07T22:00:00+00:00\",\"breadcrumb\":{\"@id\":\"https:\\\/\\\/lightweb.dev\\\/l\\\/svm-temp\\\/artiklar\\\/svenska-specialister-i-kosmetisk-tandvard\\\/#breadcrumb\"},\"inLanguage\":\"sv-SE\",\"potentialAction\":[{\"@type\":\"ReadAction\",\"target\":[\"https:\\\/\\\/lightweb.dev\\\/l\\\/svm-temp\\\/artiklar\\\/svenska-specialister-i-kosmetisk-tandvard\\\/\"]}]},{\"@type\":\"ImageObject\",\"inLanguage\":\"sv-SE\",\"@id\":\"https:\\\/\\\/lightweb.dev\\\/l\\\/svm-temp\\\/artiklar\\\/svenska-specialister-i-kosmetisk-tandvard\\\/#primaryimage\",\"url\":\"https:\\\/\\\/lightweb.dev\\\/l\\\/svm-temp\\\/wp-content\\\/uploads\\\/2022\\\/04\\\/svenska-specialister-i-kosmetisk-tandvrd.png\",\"contentUrl\":\"https:\\\/\\\/lightweb.dev\\\/l\\\/svm-temp\\\/wp-content\\\/uploads\\\/2022\\\/04\\\/svenska-specialister-i-kosmetisk-tandvrd.png\",\"width\":280,\"height\":210},{\"@type\":\"BreadcrumbList\",\"@id\":\"https:\\\/\\\/lightweb.dev\\\/l\\\/svm-temp\\\/artiklar\\\/svenska-specialister-i-kosmetisk-tandvard\\\/#breadcrumb\",\"itemListElement\":[{\"@type\":\"ListItem\",\"position\":1,\"name\":\"Hem\",\"item\":\"https:\\\/\\\/lightweb.dev\\\/l\\\/svm-temp\\\/\"},{\"@type\":\"ListItem\",\"position\":2,\"name\":\"Svenska specialister i kosmetisk tandv\u00e5rd\"}]},{\"@type\":\"WebSite\",\"@id\":\"https:\\\/\\\/lightweb.dev\\\/l\\\/svm-temp\\\/#website\",\"url\":\"https:\\\/\\\/lightweb.dev\\\/l\\\/svm-temp\\\/\",\"name\":\"Svenska Magasinet\",\"description\":\"Dina Spanska nyheter p&aring; Svenska\",\"publisher\":{\"@id\":\"https:\\\/\\\/lightweb.dev\\\/l\\\/svm-temp\\\/#organization\"},\"potentialAction\":[{\"@type\":\"SearchAction\",\"target\":{\"@type\":\"EntryPoint\",\"urlTemplate\":\"https:\\\/\\\/lightweb.dev\\\/l\\\/svm-temp\\\/?s={search_term_string}\"},\"query-input\":{\"@type\":\"PropertyValueSpecification\",\"valueRequired\":true,\"valueName\":\"search_term_string\"}}],\"inLanguage\":\"sv-SE\"},{\"@type\":\"Organization\",\"@id\":\"https:\\\/\\\/lightweb.dev\\\/l\\\/svm-temp\\\/#organization\",\"name\":\"Melkerson y Nott SL\",\"alternateName\":\"Svenska Magasinet\",\"url\":\"https:\\\/\\\/lightweb.dev\\\/l\\\/svm-temp\\\/\",\"logo\":{\"@type\":\"ImageObject\",\"inLanguage\":\"sv-SE\",\"@id\":\"https:\\\/\\\/lightweb.dev\\\/l\\\/svm-temp\\\/#\\\/schema\\\/logo\\\/image\\\/\",\"url\":\"https:\\\/\\\/lightweb.dev\\\/l\\\/svm-temp\\\/wp-content\\\/uploads\\\/2025\\\/02\\\/SvM-logo-Xtra-Centrerad-SVART.png\",\"contentUrl\":\"https:\\\/\\\/lightweb.dev\\\/l\\\/svm-temp\\\/wp-content\\\/uploads\\\/2025\\\/02\\\/SvM-logo-Xtra-Centrerad-SVART.png\",\"width\":300,\"height\":99,\"caption\":\"Melkerson y Nott SL\"},\"image\":{\"@id\":\"https:\\\/\\\/lightweb.dev\\\/l\\\/svm-temp\\\/#\\\/schema\\\/logo\\\/image\\\/\"},\"sameAs\":[\"https:\\\/\\\/www.facebook.com\\\/svenskamagasinet\",\"https:\\\/\\\/x.com\\\/SvenskaMagasine\"]},{\"@type\":\"Person\",\"@id\":\"https:\\\/\\\/lightweb.dev\\\/l\\\/svm-temp\\\/#\\\/schema\\\/person\\\/206a3bda5b607b0c25e1749191e4d837\",\"name\":\"Redaktionen SvM\",\"description\":\"Redaktionen\",\"sameAs\":[\"https:\\\/\\\/lightweb.dev\\\/l\\\/svm-temp\"],\"url\":\"https:\\\/\\\/lightweb.dev\\\/l\\\/svm-temp\\\/reporter\\\/redaktionen\\\/\"}]}<\/script>\n<!-- \/ Yoast SEO Premium plugin. -->","yoast_head_json":{"title":"Svenska specialister i kosmetisk tandv\u00e5rd - Svenska Magasinet","robots":{"index":"noindex","follow":"follow","max-snippet":"max-snippet:-1","max-image-preview":"max-image-preview:large","max-video-preview":"max-video-preview:-1"},"og_locale":"sv_SE","og_type":"article","og_title":"Svenska specialister i kosmetisk tandv\u00e5rd","og_description":"Det svenska n\u00e4ringslivet i San Roque kommun \u00e4r inte s\u00e5 utbrett. Men vi hittar The Dentists, en svensk\u00e4gd tandl\u00e4karklinik som funnits i fyra \u00e5r och med ett v\u00e4lk\u00e4nt gr\u00f6nt \u00e4pple som logo. Kliniken ligger i Galer\u00edas Paniagua och kliniken har \u00e4ven en filial i Bena Vista Centro Comercial i Estepona kommun Av Ola Josefsson Det [&hellip;]","og_url":"https:\/\/lightweb.dev\/l\/svm-temp\/artiklar\/svenska-specialister-i-kosmetisk-tandvard\/","og_site_name":"Svenska Magasinet","article_publisher":"https:\/\/www.facebook.com\/svenskamagasinet","article_published_time":"2008-09-07T22:00:00+00:00","og_image":[{"width":280,"height":210,"url":"https:\/\/lightweb.dev\/l\/svm-temp\/wp-content\/uploads\/2022\/04\/svenska-specialister-i-kosmetisk-tandvrd.png","type":"image\/png"}],"author":"Redaktionen SvM","twitter_card":"summary_large_image","twitter_creator":"@SvenskaMagasine","twitter_site":"@SvenskaMagasine","schema":{"@context":"https:\/\/schema.org","@graph":[{"@type":"Article","@id":"https:\/\/lightweb.dev\/l\/svm-temp\/artiklar\/svenska-specialister-i-kosmetisk-tandvard\/#article","isPartOf":{"@id":"https:\/\/lightweb.dev\/l\/svm-temp\/artiklar\/svenska-specialister-i-kosmetisk-tandvard\/"},"author":{"name":"Redaktionen SvM","@id":"https:\/\/lightweb.dev\/l\/svm-temp\/#\/schema\/person\/206a3bda5b607b0c25e1749191e4d837"},"headline":"Svenska specialister i kosmetisk tandv\u00e5rd","datePublished":"2008-09-07T22:00:00+00:00","mainEntityOfPage":{"@id":"https:\/\/lightweb.dev\/l\/svm-temp\/artiklar\/svenska-specialister-i-kosmetisk-tandvard\/"},"wordCount":568,"commentCount":0,"publisher":{"@id":"https:\/\/lightweb.dev\/l\/svm-temp\/#organization"},"image":{"@id":"https:\/\/lightweb.dev\/l\/svm-temp\/artiklar\/svenska-specialister-i-kosmetisk-tandvard\/#primaryimage"},"thumbnailUrl":"https:\/\/lightweb.dev\/l\/svm-temp\/wp-content\/uploads\/2022\/04\/svenska-specialister-i-kosmetisk-tandvrd.png","articleSection":["Arkiv","Artiklar"],"inLanguage":"sv-SE"},{"@type":"WebPage","@id":"https:\/\/lightweb.dev\/l\/svm-temp\/artiklar\/svenska-specialister-i-kosmetisk-tandvard\/","url":"https:\/\/lightweb.dev\/l\/svm-temp\/artiklar\/svenska-specialister-i-kosmetisk-tandvard\/","name":"Svenska specialister i kosmetisk tandv\u00e5rd - Svenska Magasinet","isPartOf":{"@id":"https:\/\/lightweb.dev\/l\/svm-temp\/#website"},"primaryImageOfPage":{"@id":"https:\/\/lightweb.dev\/l\/svm-temp\/artiklar\/svenska-specialister-i-kosmetisk-tandvard\/#primaryimage"},"image":{"@id":"https:\/\/lightweb.dev\/l\/svm-temp\/artiklar\/svenska-specialister-i-kosmetisk-tandvard\/#primaryimage"},"thumbnailUrl":"https:\/\/lightweb.dev\/l\/svm-temp\/wp-content\/uploads\/2022\/04\/svenska-specialister-i-kosmetisk-tandvrd.png","datePublished":"2008-09-07T22:00:00+00:00","breadcrumb":{"@id":"https:\/\/lightweb.dev\/l\/svm-temp\/artiklar\/svenska-specialister-i-kosmetisk-tandvard\/#breadcrumb"},"inLanguage":"sv-SE","potentialAction":[{"@type":"ReadAction","target":["https:\/\/lightweb.dev\/l\/svm-temp\/artiklar\/svenska-specialister-i-kosmetisk-tandvard\/"]}]},{"@type":"ImageObject","inLanguage":"sv-SE","@id":"https:\/\/lightweb.dev\/l\/svm-temp\/artiklar\/svenska-specialister-i-kosmetisk-tandvard\/#primaryimage","url":"https:\/\/lightweb.dev\/l\/svm-temp\/wp-content\/uploads\/2022\/04\/svenska-specialister-i-kosmetisk-tandvrd.png","contentUrl":"https:\/\/lightweb.dev\/l\/svm-temp\/wp-content\/uploads\/2022\/04\/svenska-specialister-i-kosmetisk-tandvrd.png","width":280,"height":210},{"@type":"BreadcrumbList","@id":"https:\/\/lightweb.dev\/l\/svm-temp\/artiklar\/svenska-specialister-i-kosmetisk-tandvard\/#breadcrumb","itemListElement":[{"@type":"ListItem","position":1,"name":"Hem","item":"https:\/\/lightweb.dev\/l\/svm-temp\/"},{"@type":"ListItem","position":2,"name":"Svenska specialister i kosmetisk tandv\u00e5rd"}]},{"@type":"WebSite","@id":"https:\/\/lightweb.dev\/l\/svm-temp\/#website","url":"https:\/\/lightweb.dev\/l\/svm-temp\/","name":"Svenska Magasinet","description":"Dina Spanska nyheter p&aring; Svenska","publisher":{"@id":"https:\/\/lightweb.dev\/l\/svm-temp\/#organization"},"potentialAction":[{"@type":"SearchAction","target":{"@type":"EntryPoint","urlTemplate":"https:\/\/lightweb.dev\/l\/svm-temp\/?s={search_term_string}"},"query-input":{"@type":"PropertyValueSpecification","valueRequired":true,"valueName":"search_term_string"}}],"inLanguage":"sv-SE"},{"@type":"Organization","@id":"https:\/\/lightweb.dev\/l\/svm-temp\/#organization","name":"Melkerson y Nott SL","alternateName":"Svenska Magasinet","url":"https:\/\/lightweb.dev\/l\/svm-temp\/","logo":{"@type":"ImageObject","inLanguage":"sv-SE","@id":"https:\/\/lightweb.dev\/l\/svm-temp\/#\/schema\/logo\/image\/","url":"https:\/\/lightweb.dev\/l\/svm-temp\/wp-content\/uploads\/2025\/02\/SvM-logo-Xtra-Centrerad-SVART.png","contentUrl":"https:\/\/lightweb.dev\/l\/svm-temp\/wp-content\/uploads\/2025\/02\/SvM-logo-Xtra-Centrerad-SVART.png","width":300,"height":99,"caption":"Melkerson y Nott SL"},"image":{"@id":"https:\/\/lightweb.dev\/l\/svm-temp\/#\/schema\/logo\/image\/"},"sameAs":["https:\/\/www.facebook.com\/svenskamagasinet","https:\/\/x.com\/SvenskaMagasine"]},{"@type":"Person","@id":"https:\/\/lightweb.dev\/l\/svm-temp\/#\/schema\/person\/206a3bda5b607b0c25e1749191e4d837","name":"Redaktionen SvM","description":"Redaktionen","sameAs":["https:\/\/lightweb.dev\/l\/svm-temp"],"url":"https:\/\/lightweb.dev\/l\/svm-temp\/reporter\/redaktionen\/"}]}},"_links":{"self":[{"href":"https:\/\/lightweb.dev\/l\/svm-temp\/wp-json\/wp\/v2\/posts\/2604","targetHints":{"allow":["GET"]}}],"collection":[{"href":"https:\/\/lightweb.dev\/l\/svm-temp\/wp-json\/wp\/v2\/posts"}],"about":[{"href":"https:\/\/lightweb.dev\/l\/svm-temp\/wp-json\/wp\/v2\/types\/post"}],"author":[{"embeddable":true,"href":"https:\/\/lightweb.dev\/l\/svm-temp\/wp-json\/wp\/v2\/users\/8"}],"replies":[{"embeddable":true,"href":"https:\/\/lightweb.dev\/l\/svm-temp\/wp-json\/wp\/v2\/comments?post=2604"}],"version-history":[{"count":0,"href":"https:\/\/lightweb.dev\/l\/svm-temp\/wp-json\/wp\/v2\/posts\/2604\/revisions"}],"wp:featuredmedia":[{"embeddable":true,"href":"https:\/\/lightweb.dev\/l\/svm-temp\/wp-json\/wp\/v2\/media\/2605"}],"wp:attachment":[{"href":"https:\/\/lightweb.dev\/l\/svm-temp\/wp-json\/wp\/v2\/media?parent=2604"}],"wp:term":[{"taxonomy":"category","embeddable":true,"href":"https:\/\/lightweb.dev\/l\/svm-temp\/wp-json\/wp\/v2\/categories?post=2604"},{"taxonomy":"post_tag","embeddable":true,"href":"https:\/\/lightweb.dev\/l\/svm-temp\/wp-json\/wp\/v2\/tags?post=2604"}],"curies":[{"name":"wp","href":"https:\/\/api.w.org\/{rel}","templated":true}]}}