{"id":2615,"date":"2008-06-24T00:00:00","date_gmt":"2008-06-23T22:00:00","guid":{"rendered":"https:\/\/lightweb.dev\/l\/svm-temp\/det-nya-andalusien-overvintringsparadis-for-svenskar-i-over-30-ar\/"},"modified":"2008-06-24T00:00:00","modified_gmt":"2008-06-23T22:00:00","slug":"det-nya-andalusien-overvintringsparadis-for-svenskar-i-over-30-ar","status":"publish","type":"post","link":"https:\/\/lightweb.dev\/l\/svm-temp\/artiklar\/det-nya-andalusien-overvintringsparadis-for-svenskar-i-over-30-ar\/","title":{"rendered":"\u201dDet nya Andalusien\u201d \u2013 \u00f6vervintringsparadis f\u00f6r svenskar i \u00f6ver 30 \u00e5r"},"content":{"rendered":"<p> Det mest svenskt\u00e4ta omr\u00e5det p\u00e5 Solkusten har det st\u00f6ddiga namnet Nueva Andalucia, \u201ddet nya Andalusien\u201d. H\u00e4r skulle det nya moderna Andalucia byggas, det blev en idyllisk semesterort f\u00f6r \u00f6vervintrande svenskar Av Ola Josefsson<\/p>\n<p>Fr\u00e5n b\u00f6rjan var Nueva Andalucia billigt precis som Spanien i \u00f6vrigt. Antalet m\u00e4klarf\u00f6retag var f\u00e5 och kunde r\u00e4knas p\u00e5 ena handens fingrar. P\u00e5 1970-talet fanns det ett 40-tal radhus kring Aloha. I \u00f6vrigt var Nueva Andalucia ett obebyggt omr\u00e5de med enstaka villor.<br \/>\nGolf- och fastigbranschen har sedan 1970-talet varit den hetaste verksamheten i omr\u00e5det. Kring Centro Comercial Plaza tr\u00e4ngs m\u00e4klarf\u00f6retagen och h\u00e4r ligger svensk\u00e4gda Andalucia Development som var bland de f\u00f6rsta som flyttade in n\u00e4r k\u00f6pcentret stod klart. Sedan f\u00f6ljde branschkollegan Wasa som \u00f6ppnade 1982.<\/p>\n<p>Jos\u00e9 Ban\u00fas<br \/>\nI anslutning till Nueva Andalucia ligger fritidshamnen Puerto Banus, namn efter Jos\u00e9 Ban\u00fas som \u00e4r k\u00e4nd f\u00f6r mycket. Framf\u00f6r allt f\u00f6r att det var han som byggde mest och flitigast p\u00e5 Francos gravmonument utanf\u00f6r Madrid.<br \/>\nMycket av det som byggdes fr\u00e5n b\u00f6rjan bar Jos\u00e9 Ban\u00fas signum. Det var han som \u00e4gde marken, det var han som \u00e4gde byggbolagen. Se\u00f1or Ban\u00fas stod bakom Las Brisas golfbana, fritidshamnen plus mycket annat i Nueva Andalucia. Namnet kommer av att golfbanan Las Brisas tidigare gick under namnet \u201dClub de Golf Nueva Andalucia\u201d. Golfbanan bytte namn och Nueva Andalucia blev i st\u00e4llet ett av Solkustens finaste bostadsomr\u00e5de.<\/p>\n<p>Nybyggare<br \/>\nKjell Hessedahl fr\u00e5n V\u00e4sterbotten och \u00c5sele och som sedan startade Andalucia Development har tidigare ber\u00e4ttat i Svenska Magasinet hur det var som nybyggare i Nueva Andalucia.<br \/>\n\u201dDet var en handfull m\u00e4klarfirmor i omr\u00e5det n\u00e4r jag kom. 1974 kostade en bostad med tv\u00e5 sovrum 36.000 kronor, tre sovrum gick f\u00f6r 42.000 kronor\u201d. Det var innan marknaden blev fartblind och priserna trissades upp \u00e4r v\u00e4l b\u00e4st att till\u00e4gga.<\/p>\n<p>La Campana<br \/>\nNueva Andalucia ger ett idylliskt intryck. H\u00f6ghusen \u00e4r l\u00e4ttr\u00e4knade medan villakvarteren \u00e4r desto fler. Befolkningen \u00e4r internationell. \u201dDet nya Andalusien\u201d har utvecklats i en gynnsam takt. I \u00f6ver 25 \u00e5r har svenskar vallf\u00e4rdat till Nueva Andalucia mycket p\u00e5 grund av att omr\u00e5det har ett svenskt eller skandinaviskt n\u00e4ringsliv som f\u00f6renklar tillvaron.<br \/>\nDe f\u00f6rsta slog sig ned i La Campana-kvarteren. Inf\u00f6rselreglerna i hur mycket pengar man fick ta in i Spanien st\u00e4mde med priset p\u00e5 l\u00e4genheterna i La Campana. Kvarteren kom att domineras av svenskar tidigt.<\/p>\n<p>Dragpl\u00e5ster<br \/>\nDet finns flera gemensamma n\u00e4mnare varf\u00f6r svenskar har valt Nueva Andalucia. En av dem \u00e4r mer framtr\u00e4dande \u00e4n de \u00f6vriga, n\u00e4mligen golfen. Det b\u00f6rjade med golfsemester, fortsatte med bostadsk\u00f6p och flytt till Spanien.<br \/>\nGolfen \u00e4r ett dragpl\u00e5ster. Nueva Andalucia \u00e4r en tummelplats f\u00f6r svenska golfspelare. Navet i svenskhjulet \u00e4r Los Naranjos. En annan poppisbana \u00e4r Las Brisas d\u00e4r hockeystj\u00e4rnan Peter Forsberg har sitt hus. Aloha och La Quinta \u00e4r andra banor som drar svenska golfare till sig. Otaliga husaff\u00e4rer har gjorts upp p\u00e5 golfbanan. M\u00e5nga m\u00e4klare koncentrerar sig p\u00e5 golfspelare. <\/p>\n","protected":false},"excerpt":{"rendered":"<p>Det mest svenskt\u00e4ta omr\u00e5det p\u00e5 Solkusten har det st\u00f6ddiga namnet Nueva Andalucia, \u201ddet nya Andalusien\u201d. H\u00e4r skulle det nya moderna Andalucia byggas, det blev en idyllisk semesterort f\u00f6r \u00f6vervintrande svenskar Av Ola Josefsson Fr\u00e5n b\u00f6rjan var Nueva Andalucia billigt precis som Spanien i \u00f6vrigt. Antalet m\u00e4klarf\u00f6retag var f\u00e5 och kunde r\u00e4knas p\u00e5 ena handens fingrar. [&hellip;]<\/p>\n","protected":false},"author":8,"featured_media":2616,"comment_status":"open","ping_status":"open","sticky":false,"template":"","format":"standard","meta":{"_et_pb_use_builder":"","_et_pb_old_content":"","_et_gb_content_width":"","footnotes":""},"categories":[396,4],"tags":[],"class_list":["post-2615","post","type-post","status-publish","format-standard","has-post-thumbnail","hentry","category-arkiv-artiklar","category-artiklar"],"yoast_head":"<!-- This site is optimized with the Yoast SEO Premium plugin v26.2 (Yoast SEO v27.4) - https:\/\/yoast.com\/product\/yoast-seo-premium-wordpress\/ -->\n<title>\u201dDet nya Andalusien\u201d \u2013 \u00f6vervintringsparadis f\u00f6r svenskar i \u00f6ver 30 \u00e5r - Svenska Magasinet<\/title>\n<meta name=\"robots\" content=\"noindex, follow, max-snippet:-1, max-image-preview:large, max-video-preview:-1\" \/>\n<meta property=\"og:locale\" content=\"sv_SE\" \/>\n<meta property=\"og:type\" content=\"article\" \/>\n<meta property=\"og:title\" content=\"\u201dDet nya Andalusien\u201d \u2013 \u00f6vervintringsparadis f\u00f6r svenskar i \u00f6ver 30 \u00e5r\" \/>\n<meta property=\"og:description\" content=\"Det mest svenskt\u00e4ta omr\u00e5det p\u00e5 Solkusten har det st\u00f6ddiga namnet Nueva Andalucia, \u201ddet nya Andalusien\u201d. H\u00e4r skulle det nya moderna Andalucia byggas, det blev en idyllisk semesterort f\u00f6r \u00f6vervintrande svenskar Av Ola Josefsson Fr\u00e5n b\u00f6rjan var Nueva Andalucia billigt precis som Spanien i \u00f6vrigt. Antalet m\u00e4klarf\u00f6retag var f\u00e5 och kunde r\u00e4knas p\u00e5 ena handens fingrar. [&hellip;]\" \/>\n<meta property=\"og:url\" content=\"https:\/\/lightweb.dev\/l\/svm-temp\/artiklar\/det-nya-andalusien-overvintringsparadis-for-svenskar-i-over-30-ar\/\" \/>\n<meta property=\"og:site_name\" content=\"Svenska Magasinet\" \/>\n<meta property=\"article:publisher\" content=\"https:\/\/www.facebook.com\/svenskamagasinet\" \/>\n<meta property=\"article:published_time\" content=\"2008-06-23T22:00:00+00:00\" \/>\n<meta property=\"og:image\" content=\"https:\/\/lightweb.dev\/l\/svm-temp\/wp-content\/uploads\/2022\/04\/det-nya-andalusien-vervintringsparadis-fr-svenskar-i-ver-30-r.png\" \/>\n\t<meta property=\"og:image:width\" content=\"280\" \/>\n\t<meta property=\"og:image:height\" content=\"210\" \/>\n\t<meta property=\"og:image:type\" content=\"image\/png\" \/>\n<meta name=\"author\" content=\"Redaktionen SvM\" \/>\n<meta name=\"twitter:card\" content=\"summary_large_image\" \/>\n<meta name=\"twitter:creator\" content=\"@SvenskaMagasine\" \/>\n<meta name=\"twitter:site\" content=\"@SvenskaMagasine\" \/>\n<script type=\"application\/ld+json\" class=\"yoast-schema-graph\">{\"@context\":\"https:\\\/\\\/schema.org\",\"@graph\":[{\"@type\":\"Article\",\"@id\":\"https:\\\/\\\/lightweb.dev\\\/l\\\/svm-temp\\\/artiklar\\\/det-nya-andalusien-overvintringsparadis-for-svenskar-i-over-30-ar\\\/#article\",\"isPartOf\":{\"@id\":\"https:\\\/\\\/lightweb.dev\\\/l\\\/svm-temp\\\/artiklar\\\/det-nya-andalusien-overvintringsparadis-for-svenskar-i-over-30-ar\\\/\"},\"author\":{\"name\":\"Redaktionen SvM\",\"@id\":\"https:\\\/\\\/lightweb.dev\\\/l\\\/svm-temp\\\/#\\\/schema\\\/person\\\/206a3bda5b607b0c25e1749191e4d837\"},\"headline\":\"\u201dDet nya Andalusien\u201d \u2013 \u00f6vervintringsparadis f\u00f6r svenskar i \u00f6ver 30 \u00e5r\",\"datePublished\":\"2008-06-23T22:00:00+00:00\",\"mainEntityOfPage\":{\"@id\":\"https:\\\/\\\/lightweb.dev\\\/l\\\/svm-temp\\\/artiklar\\\/det-nya-andalusien-overvintringsparadis-for-svenskar-i-over-30-ar\\\/\"},\"wordCount\":542,\"commentCount\":0,\"publisher\":{\"@id\":\"https:\\\/\\\/lightweb.dev\\\/l\\\/svm-temp\\\/#organization\"},\"image\":{\"@id\":\"https:\\\/\\\/lightweb.dev\\\/l\\\/svm-temp\\\/artiklar\\\/det-nya-andalusien-overvintringsparadis-for-svenskar-i-over-30-ar\\\/#primaryimage\"},\"thumbnailUrl\":\"https:\\\/\\\/lightweb.dev\\\/l\\\/svm-temp\\\/wp-content\\\/uploads\\\/2022\\\/04\\\/det-nya-andalusien-vervintringsparadis-fr-svenskar-i-ver-30-r.png\",\"articleSection\":[\"Arkiv\",\"Artiklar\"],\"inLanguage\":\"sv-SE\"},{\"@type\":\"WebPage\",\"@id\":\"https:\\\/\\\/lightweb.dev\\\/l\\\/svm-temp\\\/artiklar\\\/det-nya-andalusien-overvintringsparadis-for-svenskar-i-over-30-ar\\\/\",\"url\":\"https:\\\/\\\/lightweb.dev\\\/l\\\/svm-temp\\\/artiklar\\\/det-nya-andalusien-overvintringsparadis-for-svenskar-i-over-30-ar\\\/\",\"name\":\"\u201dDet nya Andalusien\u201d \u2013 \u00f6vervintringsparadis f\u00f6r svenskar i \u00f6ver 30 \u00e5r - Svenska Magasinet\",\"isPartOf\":{\"@id\":\"https:\\\/\\\/lightweb.dev\\\/l\\\/svm-temp\\\/#website\"},\"primaryImageOfPage\":{\"@id\":\"https:\\\/\\\/lightweb.dev\\\/l\\\/svm-temp\\\/artiklar\\\/det-nya-andalusien-overvintringsparadis-for-svenskar-i-over-30-ar\\\/#primaryimage\"},\"image\":{\"@id\":\"https:\\\/\\\/lightweb.dev\\\/l\\\/svm-temp\\\/artiklar\\\/det-nya-andalusien-overvintringsparadis-for-svenskar-i-over-30-ar\\\/#primaryimage\"},\"thumbnailUrl\":\"https:\\\/\\\/lightweb.dev\\\/l\\\/svm-temp\\\/wp-content\\\/uploads\\\/2022\\\/04\\\/det-nya-andalusien-vervintringsparadis-fr-svenskar-i-ver-30-r.png\",\"datePublished\":\"2008-06-23T22:00:00+00:00\",\"breadcrumb\":{\"@id\":\"https:\\\/\\\/lightweb.dev\\\/l\\\/svm-temp\\\/artiklar\\\/det-nya-andalusien-overvintringsparadis-for-svenskar-i-over-30-ar\\\/#breadcrumb\"},\"inLanguage\":\"sv-SE\",\"potentialAction\":[{\"@type\":\"ReadAction\",\"target\":[\"https:\\\/\\\/lightweb.dev\\\/l\\\/svm-temp\\\/artiklar\\\/det-nya-andalusien-overvintringsparadis-for-svenskar-i-over-30-ar\\\/\"]}]},{\"@type\":\"ImageObject\",\"inLanguage\":\"sv-SE\",\"@id\":\"https:\\\/\\\/lightweb.dev\\\/l\\\/svm-temp\\\/artiklar\\\/det-nya-andalusien-overvintringsparadis-for-svenskar-i-over-30-ar\\\/#primaryimage\",\"url\":\"https:\\\/\\\/lightweb.dev\\\/l\\\/svm-temp\\\/wp-content\\\/uploads\\\/2022\\\/04\\\/det-nya-andalusien-vervintringsparadis-fr-svenskar-i-ver-30-r.png\",\"contentUrl\":\"https:\\\/\\\/lightweb.dev\\\/l\\\/svm-temp\\\/wp-content\\\/uploads\\\/2022\\\/04\\\/det-nya-andalusien-vervintringsparadis-fr-svenskar-i-ver-30-r.png\",\"width\":280,\"height\":210},{\"@type\":\"BreadcrumbList\",\"@id\":\"https:\\\/\\\/lightweb.dev\\\/l\\\/svm-temp\\\/artiklar\\\/det-nya-andalusien-overvintringsparadis-for-svenskar-i-over-30-ar\\\/#breadcrumb\",\"itemListElement\":[{\"@type\":\"ListItem\",\"position\":1,\"name\":\"Hem\",\"item\":\"https:\\\/\\\/lightweb.dev\\\/l\\\/svm-temp\\\/\"},{\"@type\":\"ListItem\",\"position\":2,\"name\":\"\u201dDet nya Andalusien\u201d \u2013 \u00f6vervintringsparadis f\u00f6r svenskar i \u00f6ver 30 \u00e5r\"}]},{\"@type\":\"WebSite\",\"@id\":\"https:\\\/\\\/lightweb.dev\\\/l\\\/svm-temp\\\/#website\",\"url\":\"https:\\\/\\\/lightweb.dev\\\/l\\\/svm-temp\\\/\",\"name\":\"Svenska Magasinet\",\"description\":\"Dina Spanska nyheter p&aring; Svenska\",\"publisher\":{\"@id\":\"https:\\\/\\\/lightweb.dev\\\/l\\\/svm-temp\\\/#organization\"},\"potentialAction\":[{\"@type\":\"SearchAction\",\"target\":{\"@type\":\"EntryPoint\",\"urlTemplate\":\"https:\\\/\\\/lightweb.dev\\\/l\\\/svm-temp\\\/?s={search_term_string}\"},\"query-input\":{\"@type\":\"PropertyValueSpecification\",\"valueRequired\":true,\"valueName\":\"search_term_string\"}}],\"inLanguage\":\"sv-SE\"},{\"@type\":\"Organization\",\"@id\":\"https:\\\/\\\/lightweb.dev\\\/l\\\/svm-temp\\\/#organization\",\"name\":\"Melkerson y Nott SL\",\"alternateName\":\"Svenska Magasinet\",\"url\":\"https:\\\/\\\/lightweb.dev\\\/l\\\/svm-temp\\\/\",\"logo\":{\"@type\":\"ImageObject\",\"inLanguage\":\"sv-SE\",\"@id\":\"https:\\\/\\\/lightweb.dev\\\/l\\\/svm-temp\\\/#\\\/schema\\\/logo\\\/image\\\/\",\"url\":\"https:\\\/\\\/lightweb.dev\\\/l\\\/svm-temp\\\/wp-content\\\/uploads\\\/2025\\\/02\\\/SvM-logo-Xtra-Centrerad-SVART.png\",\"contentUrl\":\"https:\\\/\\\/lightweb.dev\\\/l\\\/svm-temp\\\/wp-content\\\/uploads\\\/2025\\\/02\\\/SvM-logo-Xtra-Centrerad-SVART.png\",\"width\":300,\"height\":99,\"caption\":\"Melkerson y Nott SL\"},\"image\":{\"@id\":\"https:\\\/\\\/lightweb.dev\\\/l\\\/svm-temp\\\/#\\\/schema\\\/logo\\\/image\\\/\"},\"sameAs\":[\"https:\\\/\\\/www.facebook.com\\\/svenskamagasinet\",\"https:\\\/\\\/x.com\\\/SvenskaMagasine\"]},{\"@type\":\"Person\",\"@id\":\"https:\\\/\\\/lightweb.dev\\\/l\\\/svm-temp\\\/#\\\/schema\\\/person\\\/206a3bda5b607b0c25e1749191e4d837\",\"name\":\"Redaktionen SvM\",\"description\":\"Redaktionen\",\"sameAs\":[\"https:\\\/\\\/lightweb.dev\\\/l\\\/svm-temp\"],\"url\":\"https:\\\/\\\/lightweb.dev\\\/l\\\/svm-temp\\\/reporter\\\/redaktionen\\\/\"}]}<\/script>\n<!-- \/ Yoast SEO Premium plugin. -->","yoast_head_json":{"title":"\u201dDet nya Andalusien\u201d \u2013 \u00f6vervintringsparadis f\u00f6r svenskar i \u00f6ver 30 \u00e5r - Svenska Magasinet","robots":{"index":"noindex","follow":"follow","max-snippet":"max-snippet:-1","max-image-preview":"max-image-preview:large","max-video-preview":"max-video-preview:-1"},"og_locale":"sv_SE","og_type":"article","og_title":"\u201dDet nya Andalusien\u201d \u2013 \u00f6vervintringsparadis f\u00f6r svenskar i \u00f6ver 30 \u00e5r","og_description":"Det mest svenskt\u00e4ta omr\u00e5det p\u00e5 Solkusten har det st\u00f6ddiga namnet Nueva Andalucia, \u201ddet nya Andalusien\u201d. H\u00e4r skulle det nya moderna Andalucia byggas, det blev en idyllisk semesterort f\u00f6r \u00f6vervintrande svenskar Av Ola Josefsson Fr\u00e5n b\u00f6rjan var Nueva Andalucia billigt precis som Spanien i \u00f6vrigt. Antalet m\u00e4klarf\u00f6retag var f\u00e5 och kunde r\u00e4knas p\u00e5 ena handens fingrar. [&hellip;]","og_url":"https:\/\/lightweb.dev\/l\/svm-temp\/artiklar\/det-nya-andalusien-overvintringsparadis-for-svenskar-i-over-30-ar\/","og_site_name":"Svenska Magasinet","article_publisher":"https:\/\/www.facebook.com\/svenskamagasinet","article_published_time":"2008-06-23T22:00:00+00:00","og_image":[{"width":280,"height":210,"url":"https:\/\/lightweb.dev\/l\/svm-temp\/wp-content\/uploads\/2022\/04\/det-nya-andalusien-vervintringsparadis-fr-svenskar-i-ver-30-r.png","type":"image\/png"}],"author":"Redaktionen SvM","twitter_card":"summary_large_image","twitter_creator":"@SvenskaMagasine","twitter_site":"@SvenskaMagasine","schema":{"@context":"https:\/\/schema.org","@graph":[{"@type":"Article","@id":"https:\/\/lightweb.dev\/l\/svm-temp\/artiklar\/det-nya-andalusien-overvintringsparadis-for-svenskar-i-over-30-ar\/#article","isPartOf":{"@id":"https:\/\/lightweb.dev\/l\/svm-temp\/artiklar\/det-nya-andalusien-overvintringsparadis-for-svenskar-i-over-30-ar\/"},"author":{"name":"Redaktionen SvM","@id":"https:\/\/lightweb.dev\/l\/svm-temp\/#\/schema\/person\/206a3bda5b607b0c25e1749191e4d837"},"headline":"\u201dDet nya Andalusien\u201d \u2013 \u00f6vervintringsparadis f\u00f6r svenskar i \u00f6ver 30 \u00e5r","datePublished":"2008-06-23T22:00:00+00:00","mainEntityOfPage":{"@id":"https:\/\/lightweb.dev\/l\/svm-temp\/artiklar\/det-nya-andalusien-overvintringsparadis-for-svenskar-i-over-30-ar\/"},"wordCount":542,"commentCount":0,"publisher":{"@id":"https:\/\/lightweb.dev\/l\/svm-temp\/#organization"},"image":{"@id":"https:\/\/lightweb.dev\/l\/svm-temp\/artiklar\/det-nya-andalusien-overvintringsparadis-for-svenskar-i-over-30-ar\/#primaryimage"},"thumbnailUrl":"https:\/\/lightweb.dev\/l\/svm-temp\/wp-content\/uploads\/2022\/04\/det-nya-andalusien-vervintringsparadis-fr-svenskar-i-ver-30-r.png","articleSection":["Arkiv","Artiklar"],"inLanguage":"sv-SE"},{"@type":"WebPage","@id":"https:\/\/lightweb.dev\/l\/svm-temp\/artiklar\/det-nya-andalusien-overvintringsparadis-for-svenskar-i-over-30-ar\/","url":"https:\/\/lightweb.dev\/l\/svm-temp\/artiklar\/det-nya-andalusien-overvintringsparadis-for-svenskar-i-over-30-ar\/","name":"\u201dDet nya Andalusien\u201d \u2013 \u00f6vervintringsparadis f\u00f6r svenskar i \u00f6ver 30 \u00e5r - Svenska Magasinet","isPartOf":{"@id":"https:\/\/lightweb.dev\/l\/svm-temp\/#website"},"primaryImageOfPage":{"@id":"https:\/\/lightweb.dev\/l\/svm-temp\/artiklar\/det-nya-andalusien-overvintringsparadis-for-svenskar-i-over-30-ar\/#primaryimage"},"image":{"@id":"https:\/\/lightweb.dev\/l\/svm-temp\/artiklar\/det-nya-andalusien-overvintringsparadis-for-svenskar-i-over-30-ar\/#primaryimage"},"thumbnailUrl":"https:\/\/lightweb.dev\/l\/svm-temp\/wp-content\/uploads\/2022\/04\/det-nya-andalusien-vervintringsparadis-fr-svenskar-i-ver-30-r.png","datePublished":"2008-06-23T22:00:00+00:00","breadcrumb":{"@id":"https:\/\/lightweb.dev\/l\/svm-temp\/artiklar\/det-nya-andalusien-overvintringsparadis-for-svenskar-i-over-30-ar\/#breadcrumb"},"inLanguage":"sv-SE","potentialAction":[{"@type":"ReadAction","target":["https:\/\/lightweb.dev\/l\/svm-temp\/artiklar\/det-nya-andalusien-overvintringsparadis-for-svenskar-i-over-30-ar\/"]}]},{"@type":"ImageObject","inLanguage":"sv-SE","@id":"https:\/\/lightweb.dev\/l\/svm-temp\/artiklar\/det-nya-andalusien-overvintringsparadis-for-svenskar-i-over-30-ar\/#primaryimage","url":"https:\/\/lightweb.dev\/l\/svm-temp\/wp-content\/uploads\/2022\/04\/det-nya-andalusien-vervintringsparadis-fr-svenskar-i-ver-30-r.png","contentUrl":"https:\/\/lightweb.dev\/l\/svm-temp\/wp-content\/uploads\/2022\/04\/det-nya-andalusien-vervintringsparadis-fr-svenskar-i-ver-30-r.png","width":280,"height":210},{"@type":"BreadcrumbList","@id":"https:\/\/lightweb.dev\/l\/svm-temp\/artiklar\/det-nya-andalusien-overvintringsparadis-for-svenskar-i-over-30-ar\/#breadcrumb","itemListElement":[{"@type":"ListItem","position":1,"name":"Hem","item":"https:\/\/lightweb.dev\/l\/svm-temp\/"},{"@type":"ListItem","position":2,"name":"\u201dDet nya Andalusien\u201d \u2013 \u00f6vervintringsparadis f\u00f6r svenskar i \u00f6ver 30 \u00e5r"}]},{"@type":"WebSite","@id":"https:\/\/lightweb.dev\/l\/svm-temp\/#website","url":"https:\/\/lightweb.dev\/l\/svm-temp\/","name":"Svenska Magasinet","description":"Dina Spanska nyheter p&aring; Svenska","publisher":{"@id":"https:\/\/lightweb.dev\/l\/svm-temp\/#organization"},"potentialAction":[{"@type":"SearchAction","target":{"@type":"EntryPoint","urlTemplate":"https:\/\/lightweb.dev\/l\/svm-temp\/?s={search_term_string}"},"query-input":{"@type":"PropertyValueSpecification","valueRequired":true,"valueName":"search_term_string"}}],"inLanguage":"sv-SE"},{"@type":"Organization","@id":"https:\/\/lightweb.dev\/l\/svm-temp\/#organization","name":"Melkerson y Nott SL","alternateName":"Svenska Magasinet","url":"https:\/\/lightweb.dev\/l\/svm-temp\/","logo":{"@type":"ImageObject","inLanguage":"sv-SE","@id":"https:\/\/lightweb.dev\/l\/svm-temp\/#\/schema\/logo\/image\/","url":"https:\/\/lightweb.dev\/l\/svm-temp\/wp-content\/uploads\/2025\/02\/SvM-logo-Xtra-Centrerad-SVART.png","contentUrl":"https:\/\/lightweb.dev\/l\/svm-temp\/wp-content\/uploads\/2025\/02\/SvM-logo-Xtra-Centrerad-SVART.png","width":300,"height":99,"caption":"Melkerson y Nott SL"},"image":{"@id":"https:\/\/lightweb.dev\/l\/svm-temp\/#\/schema\/logo\/image\/"},"sameAs":["https:\/\/www.facebook.com\/svenskamagasinet","https:\/\/x.com\/SvenskaMagasine"]},{"@type":"Person","@id":"https:\/\/lightweb.dev\/l\/svm-temp\/#\/schema\/person\/206a3bda5b607b0c25e1749191e4d837","name":"Redaktionen SvM","description":"Redaktionen","sameAs":["https:\/\/lightweb.dev\/l\/svm-temp"],"url":"https:\/\/lightweb.dev\/l\/svm-temp\/reporter\/redaktionen\/"}]}},"_links":{"self":[{"href":"https:\/\/lightweb.dev\/l\/svm-temp\/wp-json\/wp\/v2\/posts\/2615","targetHints":{"allow":["GET"]}}],"collection":[{"href":"https:\/\/lightweb.dev\/l\/svm-temp\/wp-json\/wp\/v2\/posts"}],"about":[{"href":"https:\/\/lightweb.dev\/l\/svm-temp\/wp-json\/wp\/v2\/types\/post"}],"author":[{"embeddable":true,"href":"https:\/\/lightweb.dev\/l\/svm-temp\/wp-json\/wp\/v2\/users\/8"}],"replies":[{"embeddable":true,"href":"https:\/\/lightweb.dev\/l\/svm-temp\/wp-json\/wp\/v2\/comments?post=2615"}],"version-history":[{"count":0,"href":"https:\/\/lightweb.dev\/l\/svm-temp\/wp-json\/wp\/v2\/posts\/2615\/revisions"}],"wp:featuredmedia":[{"embeddable":true,"href":"https:\/\/lightweb.dev\/l\/svm-temp\/wp-json\/wp\/v2\/media\/2616"}],"wp:attachment":[{"href":"https:\/\/lightweb.dev\/l\/svm-temp\/wp-json\/wp\/v2\/media?parent=2615"}],"wp:term":[{"taxonomy":"category","embeddable":true,"href":"https:\/\/lightweb.dev\/l\/svm-temp\/wp-json\/wp\/v2\/categories?post=2615"},{"taxonomy":"post_tag","embeddable":true,"href":"https:\/\/lightweb.dev\/l\/svm-temp\/wp-json\/wp\/v2\/tags?post=2615"}],"curies":[{"name":"wp","href":"https:\/\/api.w.org\/{rel}","templated":true}]}}