{"id":2617,"date":"2008-06-24T00:00:00","date_gmt":"2008-06-23T22:00:00","guid":{"rendered":"https:\/\/lightweb.dev\/l\/svm-temp\/halla-dar-axel-karlsson-uppvuxen-pa-costa-del-sol-numera-pa-grennaskolan\/"},"modified":"2008-06-24T00:00:00","modified_gmt":"2008-06-23T22:00:00","slug":"halla-dar-axel-karlsson-uppvuxen-pa-costa-del-sol-numera-pa-grennaskolan","status":"publish","type":"post","link":"https:\/\/lightweb.dev\/l\/svm-temp\/artiklar\/halla-dar-axel-karlsson-uppvuxen-pa-costa-del-sol-numera-pa-grennaskolan\/","title":{"rendered":"Hall\u00e5 d\u00e4r! Axel Karlsson &#8211; uppvuxen p\u00e5 Costa del Sol numera p\u00e5 Grennaskolan"},"content":{"rendered":"<p> Axel Karlsson, 18 \u00e5r, \u00e4r uppvuxen p\u00e5 Solkusten. Han gick p\u00e5 St. Antonys i Mijas kommun och tre \u00e5r i Sotograndes internationella skola. Ifjol flyttade Axel till Sverige f\u00f6r att g\u00e5 p\u00e5 Grennaskolan som \u00e4r ett av Sveriges tre riksinternat Av Ola Josefsson<\/p>\n<p>Hur g\u00e5r det p\u00e5 Grennaskolan?<br \/>\n-Jag trivs v\u00e4ldigt bra. \u00d6nskar att jag hade gjort detta tidigare. Jag var lite tr\u00f6tt p\u00e5 Spanien, m\u00e5nga kompisar flyttade hem och jag ville bo i mitt eget land. Nu bor jag p\u00e5 internatet tillsammans med 150 elever, ytterligare 70 bor utanf\u00f6r skolan. N\u00e5gon \u00e5terflytt till Spanien \u00e4r inte aktuellt.<\/p>\n<p>Vad saknar du med Spanien?<br \/>\n-I Sverige \u00e4r allt ordning och reda, men det kan bli lite f\u00f6r mycket. Ibland \u00e4r det sk\u00f6nt med en mer avslappnad livsstil som i Spanien. Jag saknar min familj och de av mina kompisar som \u00e4r kvar p\u00e5 Solkusten.<\/p>\n<p>Hur var det att flytta hemifr\u00e5n?<br \/>\n-Sp\u00e4nnande men jag k\u00e4nde ingen r\u00e4dsla. I min klass p\u00e5 den engelska linjen g\u00e5r elever fr\u00e5n hela v\u00e4rlden. Alla \u00e4r nyfikna p\u00e5 varandra, hur vi har vuxit upp och under vilka f\u00f6rh\u00e5llanden.<\/p>\n<p>Hur ser en vanlig skoldag?<br \/>\n-Frukost vid halv nio, skolan startar klockan 9 sedan f\u00f6ljer ett antal lektioner p\u00e5 rad. Under middagsrasten p\u00e5 en till tv\u00e5 timmar g\u00e5r jag till elevhemmet. Sedan blir det ytterligare n\u00e5gon eller n\u00e5gra lektioner. Sedan har vi ett arbetsrum d\u00e4r vi kan fr\u00e5ga l\u00e4raren om v\u00e5ra studier. Under en dag har jag fem, sex timmars lektionstid. Mycket av lektionstiden \u00e4r individuell.<br \/>\n-F\u00f6rsta \u00e5ret var inte s\u00e5 mycket l\u00e4xor, det blir mer i h\u00f6st. Spanska, geografi och biologi \u00e4r \u00e4mnen jag satsar extra mycket p\u00e5 och hoppas f\u00e5 h\u00f6ga po\u00e4ng i.<\/p>\n<p>Vad g\u00f6r du p\u00e5 fritiden?<br \/>\n-Spelar fotboll och badminton och s\u00e5 styrketr\u00e4nar jag en hel del.<\/p>\n<p>Beskriv Gr\u00e4nna?<br \/>\n-En liten lugn sm\u00e5stad med bra och h\u00e4rliga m\u00e4nniskor. Det \u00e4r en perfekt stad, har kanske inte allt men tillr\u00e4ckligt.<br \/>\n-I V\u00e4ttern som alltid \u00e4r kall ligger Visings\u00f6, en vacker \u00f6 med rikt kulturliv och historia. Det \u00e4r v\u00e4ldigt fint och mycket att se. P\u00e5 vintern \u00e5ker vi ibland till J\u00f6nk\u00f6ping f\u00f6r att se p\u00e5 Elitserien i ishockey. Mitt favoritlag \u00e4r Skellefte\u00e5 AIK.<\/p>\n<p>Har det blivit m\u00e5nga polkagrisar?<br \/>\n-Jag \u00e4ter det aldrig. Inv\u00e5narna i Gr\u00e4nna tycks aldrig k\u00f6pa det. Det \u00e4r bara turister p\u00e5 genomresa som stannar till och k\u00f6per polkagris.<\/p>\n<p>Vad v\u00e4ntar i den n\u00e4rmaste framtiden?<br \/>\n-Det blir tv\u00e5 \u00e5r till i Gr\u00e4nna sedan hoppas jag kunna resa till Australien. Jag har h\u00f6rt s\u00e5 mycket positivt om det landet om naturen och m\u00e4nniskorna. T\u00e4nker ta det lugnt n\u00e5got \u00e5r, ta dykarexamen och ta n\u00e5got servicejobb.<\/p>\n<p>Lycka till!<br \/>\n-Tack, Ola. <\/p>\n","protected":false},"excerpt":{"rendered":"<p>Axel Karlsson, 18 \u00e5r, \u00e4r uppvuxen p\u00e5 Solkusten. Han gick p\u00e5 St. Antonys i Mijas kommun och tre \u00e5r i Sotograndes internationella skola. Ifjol flyttade Axel till Sverige f\u00f6r att g\u00e5 p\u00e5 Grennaskolan som \u00e4r ett av Sveriges tre riksinternat Av Ola Josefsson Hur g\u00e5r det p\u00e5 Grennaskolan? -Jag trivs v\u00e4ldigt bra. \u00d6nskar att jag [&hellip;]<\/p>\n","protected":false},"author":8,"featured_media":2618,"comment_status":"open","ping_status":"open","sticky":false,"template":"","format":"standard","meta":{"_et_pb_use_builder":"","_et_pb_old_content":"","_et_gb_content_width":"","footnotes":""},"categories":[396,4],"tags":[],"class_list":["post-2617","post","type-post","status-publish","format-standard","has-post-thumbnail","hentry","category-arkiv-artiklar","category-artiklar"],"yoast_head":"<!-- This site is optimized with the Yoast SEO Premium plugin v26.2 (Yoast SEO v27.4) - https:\/\/yoast.com\/product\/yoast-seo-premium-wordpress\/ -->\n<title>Hall\u00e5 d\u00e4r! Axel Karlsson - uppvuxen p\u00e5 Costa del Sol numera p\u00e5 Grennaskolan - Svenska Magasinet<\/title>\n<meta name=\"robots\" content=\"noindex, follow, max-snippet:-1, max-image-preview:large, max-video-preview:-1\" \/>\n<meta property=\"og:locale\" content=\"sv_SE\" \/>\n<meta property=\"og:type\" content=\"article\" \/>\n<meta property=\"og:title\" content=\"Hall\u00e5 d\u00e4r! Axel Karlsson - uppvuxen p\u00e5 Costa del Sol numera p\u00e5 Grennaskolan\" \/>\n<meta property=\"og:description\" content=\"Axel Karlsson, 18 \u00e5r, \u00e4r uppvuxen p\u00e5 Solkusten. Han gick p\u00e5 St. Antonys i Mijas kommun och tre \u00e5r i Sotograndes internationella skola. Ifjol flyttade Axel till Sverige f\u00f6r att g\u00e5 p\u00e5 Grennaskolan som \u00e4r ett av Sveriges tre riksinternat Av Ola Josefsson Hur g\u00e5r det p\u00e5 Grennaskolan? -Jag trivs v\u00e4ldigt bra. \u00d6nskar att jag [&hellip;]\" \/>\n<meta property=\"og:url\" content=\"https:\/\/lightweb.dev\/l\/svm-temp\/artiklar\/halla-dar-axel-karlsson-uppvuxen-pa-costa-del-sol-numera-pa-grennaskolan\/\" \/>\n<meta property=\"og:site_name\" content=\"Svenska Magasinet\" \/>\n<meta property=\"article:publisher\" content=\"https:\/\/www.facebook.com\/svenskamagasinet\" \/>\n<meta property=\"article:published_time\" content=\"2008-06-23T22:00:00+00:00\" \/>\n<meta property=\"og:image\" content=\"https:\/\/lightweb.dev\/l\/svm-temp\/wp-content\/uploads\/2022\/04\/hall-dr-axel-karlsson-uppvuxen-p-costa-del-sol-numera-p-grennaskolan.png\" \/>\n\t<meta property=\"og:image:width\" content=\"299\" \/>\n\t<meta property=\"og:image:height\" content=\"200\" \/>\n\t<meta property=\"og:image:type\" content=\"image\/png\" \/>\n<meta name=\"author\" content=\"Redaktionen SvM\" \/>\n<meta name=\"twitter:card\" content=\"summary_large_image\" \/>\n<meta name=\"twitter:creator\" content=\"@SvenskaMagasine\" \/>\n<meta name=\"twitter:site\" content=\"@SvenskaMagasine\" \/>\n<script type=\"application\/ld+json\" class=\"yoast-schema-graph\">{\"@context\":\"https:\\\/\\\/schema.org\",\"@graph\":[{\"@type\":\"Article\",\"@id\":\"https:\\\/\\\/lightweb.dev\\\/l\\\/svm-temp\\\/artiklar\\\/halla-dar-axel-karlsson-uppvuxen-pa-costa-del-sol-numera-pa-grennaskolan\\\/#article\",\"isPartOf\":{\"@id\":\"https:\\\/\\\/lightweb.dev\\\/l\\\/svm-temp\\\/artiklar\\\/halla-dar-axel-karlsson-uppvuxen-pa-costa-del-sol-numera-pa-grennaskolan\\\/\"},\"author\":{\"name\":\"Redaktionen SvM\",\"@id\":\"https:\\\/\\\/lightweb.dev\\\/l\\\/svm-temp\\\/#\\\/schema\\\/person\\\/206a3bda5b607b0c25e1749191e4d837\"},\"headline\":\"Hall\u00e5 d\u00e4r! Axel Karlsson &#8211; uppvuxen p\u00e5 Costa del Sol numera p\u00e5 Grennaskolan\",\"datePublished\":\"2008-06-23T22:00:00+00:00\",\"mainEntityOfPage\":{\"@id\":\"https:\\\/\\\/lightweb.dev\\\/l\\\/svm-temp\\\/artiklar\\\/halla-dar-axel-karlsson-uppvuxen-pa-costa-del-sol-numera-pa-grennaskolan\\\/\"},\"wordCount\":499,\"commentCount\":0,\"publisher\":{\"@id\":\"https:\\\/\\\/lightweb.dev\\\/l\\\/svm-temp\\\/#organization\"},\"image\":{\"@id\":\"https:\\\/\\\/lightweb.dev\\\/l\\\/svm-temp\\\/artiklar\\\/halla-dar-axel-karlsson-uppvuxen-pa-costa-del-sol-numera-pa-grennaskolan\\\/#primaryimage\"},\"thumbnailUrl\":\"https:\\\/\\\/lightweb.dev\\\/l\\\/svm-temp\\\/wp-content\\\/uploads\\\/2022\\\/04\\\/hall-dr-axel-karlsson-uppvuxen-p-costa-del-sol-numera-p-grennaskolan.png\",\"articleSection\":[\"Arkiv\",\"Artiklar\"],\"inLanguage\":\"sv-SE\"},{\"@type\":\"WebPage\",\"@id\":\"https:\\\/\\\/lightweb.dev\\\/l\\\/svm-temp\\\/artiklar\\\/halla-dar-axel-karlsson-uppvuxen-pa-costa-del-sol-numera-pa-grennaskolan\\\/\",\"url\":\"https:\\\/\\\/lightweb.dev\\\/l\\\/svm-temp\\\/artiklar\\\/halla-dar-axel-karlsson-uppvuxen-pa-costa-del-sol-numera-pa-grennaskolan\\\/\",\"name\":\"Hall\u00e5 d\u00e4r! Axel Karlsson - uppvuxen p\u00e5 Costa del Sol numera p\u00e5 Grennaskolan - Svenska Magasinet\",\"isPartOf\":{\"@id\":\"https:\\\/\\\/lightweb.dev\\\/l\\\/svm-temp\\\/#website\"},\"primaryImageOfPage\":{\"@id\":\"https:\\\/\\\/lightweb.dev\\\/l\\\/svm-temp\\\/artiklar\\\/halla-dar-axel-karlsson-uppvuxen-pa-costa-del-sol-numera-pa-grennaskolan\\\/#primaryimage\"},\"image\":{\"@id\":\"https:\\\/\\\/lightweb.dev\\\/l\\\/svm-temp\\\/artiklar\\\/halla-dar-axel-karlsson-uppvuxen-pa-costa-del-sol-numera-pa-grennaskolan\\\/#primaryimage\"},\"thumbnailUrl\":\"https:\\\/\\\/lightweb.dev\\\/l\\\/svm-temp\\\/wp-content\\\/uploads\\\/2022\\\/04\\\/hall-dr-axel-karlsson-uppvuxen-p-costa-del-sol-numera-p-grennaskolan.png\",\"datePublished\":\"2008-06-23T22:00:00+00:00\",\"breadcrumb\":{\"@id\":\"https:\\\/\\\/lightweb.dev\\\/l\\\/svm-temp\\\/artiklar\\\/halla-dar-axel-karlsson-uppvuxen-pa-costa-del-sol-numera-pa-grennaskolan\\\/#breadcrumb\"},\"inLanguage\":\"sv-SE\",\"potentialAction\":[{\"@type\":\"ReadAction\",\"target\":[\"https:\\\/\\\/lightweb.dev\\\/l\\\/svm-temp\\\/artiklar\\\/halla-dar-axel-karlsson-uppvuxen-pa-costa-del-sol-numera-pa-grennaskolan\\\/\"]}]},{\"@type\":\"ImageObject\",\"inLanguage\":\"sv-SE\",\"@id\":\"https:\\\/\\\/lightweb.dev\\\/l\\\/svm-temp\\\/artiklar\\\/halla-dar-axel-karlsson-uppvuxen-pa-costa-del-sol-numera-pa-grennaskolan\\\/#primaryimage\",\"url\":\"https:\\\/\\\/lightweb.dev\\\/l\\\/svm-temp\\\/wp-content\\\/uploads\\\/2022\\\/04\\\/hall-dr-axel-karlsson-uppvuxen-p-costa-del-sol-numera-p-grennaskolan.png\",\"contentUrl\":\"https:\\\/\\\/lightweb.dev\\\/l\\\/svm-temp\\\/wp-content\\\/uploads\\\/2022\\\/04\\\/hall-dr-axel-karlsson-uppvuxen-p-costa-del-sol-numera-p-grennaskolan.png\",\"width\":299,\"height\":200},{\"@type\":\"BreadcrumbList\",\"@id\":\"https:\\\/\\\/lightweb.dev\\\/l\\\/svm-temp\\\/artiklar\\\/halla-dar-axel-karlsson-uppvuxen-pa-costa-del-sol-numera-pa-grennaskolan\\\/#breadcrumb\",\"itemListElement\":[{\"@type\":\"ListItem\",\"position\":1,\"name\":\"Hem\",\"item\":\"https:\\\/\\\/lightweb.dev\\\/l\\\/svm-temp\\\/\"},{\"@type\":\"ListItem\",\"position\":2,\"name\":\"Hall\u00e5 d\u00e4r! Axel Karlsson &#8211; uppvuxen p\u00e5 Costa del Sol numera p\u00e5 Grennaskolan\"}]},{\"@type\":\"WebSite\",\"@id\":\"https:\\\/\\\/lightweb.dev\\\/l\\\/svm-temp\\\/#website\",\"url\":\"https:\\\/\\\/lightweb.dev\\\/l\\\/svm-temp\\\/\",\"name\":\"Svenska Magasinet\",\"description\":\"Dina Spanska nyheter p&aring; Svenska\",\"publisher\":{\"@id\":\"https:\\\/\\\/lightweb.dev\\\/l\\\/svm-temp\\\/#organization\"},\"potentialAction\":[{\"@type\":\"SearchAction\",\"target\":{\"@type\":\"EntryPoint\",\"urlTemplate\":\"https:\\\/\\\/lightweb.dev\\\/l\\\/svm-temp\\\/?s={search_term_string}\"},\"query-input\":{\"@type\":\"PropertyValueSpecification\",\"valueRequired\":true,\"valueName\":\"search_term_string\"}}],\"inLanguage\":\"sv-SE\"},{\"@type\":\"Organization\",\"@id\":\"https:\\\/\\\/lightweb.dev\\\/l\\\/svm-temp\\\/#organization\",\"name\":\"Melkerson y Nott SL\",\"alternateName\":\"Svenska Magasinet\",\"url\":\"https:\\\/\\\/lightweb.dev\\\/l\\\/svm-temp\\\/\",\"logo\":{\"@type\":\"ImageObject\",\"inLanguage\":\"sv-SE\",\"@id\":\"https:\\\/\\\/lightweb.dev\\\/l\\\/svm-temp\\\/#\\\/schema\\\/logo\\\/image\\\/\",\"url\":\"https:\\\/\\\/lightweb.dev\\\/l\\\/svm-temp\\\/wp-content\\\/uploads\\\/2025\\\/02\\\/SvM-logo-Xtra-Centrerad-SVART.png\",\"contentUrl\":\"https:\\\/\\\/lightweb.dev\\\/l\\\/svm-temp\\\/wp-content\\\/uploads\\\/2025\\\/02\\\/SvM-logo-Xtra-Centrerad-SVART.png\",\"width\":300,\"height\":99,\"caption\":\"Melkerson y Nott SL\"},\"image\":{\"@id\":\"https:\\\/\\\/lightweb.dev\\\/l\\\/svm-temp\\\/#\\\/schema\\\/logo\\\/image\\\/\"},\"sameAs\":[\"https:\\\/\\\/www.facebook.com\\\/svenskamagasinet\",\"https:\\\/\\\/x.com\\\/SvenskaMagasine\"]},{\"@type\":\"Person\",\"@id\":\"https:\\\/\\\/lightweb.dev\\\/l\\\/svm-temp\\\/#\\\/schema\\\/person\\\/206a3bda5b607b0c25e1749191e4d837\",\"name\":\"Redaktionen SvM\",\"description\":\"Redaktionen\",\"sameAs\":[\"https:\\\/\\\/lightweb.dev\\\/l\\\/svm-temp\"],\"url\":\"https:\\\/\\\/lightweb.dev\\\/l\\\/svm-temp\\\/reporter\\\/redaktionen\\\/\"}]}<\/script>\n<!-- \/ Yoast SEO Premium plugin. -->","yoast_head_json":{"title":"Hall\u00e5 d\u00e4r! Axel Karlsson - uppvuxen p\u00e5 Costa del Sol numera p\u00e5 Grennaskolan - Svenska Magasinet","robots":{"index":"noindex","follow":"follow","max-snippet":"max-snippet:-1","max-image-preview":"max-image-preview:large","max-video-preview":"max-video-preview:-1"},"og_locale":"sv_SE","og_type":"article","og_title":"Hall\u00e5 d\u00e4r! Axel Karlsson - uppvuxen p\u00e5 Costa del Sol numera p\u00e5 Grennaskolan","og_description":"Axel Karlsson, 18 \u00e5r, \u00e4r uppvuxen p\u00e5 Solkusten. Han gick p\u00e5 St. Antonys i Mijas kommun och tre \u00e5r i Sotograndes internationella skola. Ifjol flyttade Axel till Sverige f\u00f6r att g\u00e5 p\u00e5 Grennaskolan som \u00e4r ett av Sveriges tre riksinternat Av Ola Josefsson Hur g\u00e5r det p\u00e5 Grennaskolan? -Jag trivs v\u00e4ldigt bra. \u00d6nskar att jag [&hellip;]","og_url":"https:\/\/lightweb.dev\/l\/svm-temp\/artiklar\/halla-dar-axel-karlsson-uppvuxen-pa-costa-del-sol-numera-pa-grennaskolan\/","og_site_name":"Svenska Magasinet","article_publisher":"https:\/\/www.facebook.com\/svenskamagasinet","article_published_time":"2008-06-23T22:00:00+00:00","og_image":[{"width":299,"height":200,"url":"https:\/\/lightweb.dev\/l\/svm-temp\/wp-content\/uploads\/2022\/04\/hall-dr-axel-karlsson-uppvuxen-p-costa-del-sol-numera-p-grennaskolan.png","type":"image\/png"}],"author":"Redaktionen SvM","twitter_card":"summary_large_image","twitter_creator":"@SvenskaMagasine","twitter_site":"@SvenskaMagasine","schema":{"@context":"https:\/\/schema.org","@graph":[{"@type":"Article","@id":"https:\/\/lightweb.dev\/l\/svm-temp\/artiklar\/halla-dar-axel-karlsson-uppvuxen-pa-costa-del-sol-numera-pa-grennaskolan\/#article","isPartOf":{"@id":"https:\/\/lightweb.dev\/l\/svm-temp\/artiklar\/halla-dar-axel-karlsson-uppvuxen-pa-costa-del-sol-numera-pa-grennaskolan\/"},"author":{"name":"Redaktionen SvM","@id":"https:\/\/lightweb.dev\/l\/svm-temp\/#\/schema\/person\/206a3bda5b607b0c25e1749191e4d837"},"headline":"Hall\u00e5 d\u00e4r! Axel Karlsson &#8211; uppvuxen p\u00e5 Costa del Sol numera p\u00e5 Grennaskolan","datePublished":"2008-06-23T22:00:00+00:00","mainEntityOfPage":{"@id":"https:\/\/lightweb.dev\/l\/svm-temp\/artiklar\/halla-dar-axel-karlsson-uppvuxen-pa-costa-del-sol-numera-pa-grennaskolan\/"},"wordCount":499,"commentCount":0,"publisher":{"@id":"https:\/\/lightweb.dev\/l\/svm-temp\/#organization"},"image":{"@id":"https:\/\/lightweb.dev\/l\/svm-temp\/artiklar\/halla-dar-axel-karlsson-uppvuxen-pa-costa-del-sol-numera-pa-grennaskolan\/#primaryimage"},"thumbnailUrl":"https:\/\/lightweb.dev\/l\/svm-temp\/wp-content\/uploads\/2022\/04\/hall-dr-axel-karlsson-uppvuxen-p-costa-del-sol-numera-p-grennaskolan.png","articleSection":["Arkiv","Artiklar"],"inLanguage":"sv-SE"},{"@type":"WebPage","@id":"https:\/\/lightweb.dev\/l\/svm-temp\/artiklar\/halla-dar-axel-karlsson-uppvuxen-pa-costa-del-sol-numera-pa-grennaskolan\/","url":"https:\/\/lightweb.dev\/l\/svm-temp\/artiklar\/halla-dar-axel-karlsson-uppvuxen-pa-costa-del-sol-numera-pa-grennaskolan\/","name":"Hall\u00e5 d\u00e4r! Axel Karlsson - uppvuxen p\u00e5 Costa del Sol numera p\u00e5 Grennaskolan - Svenska Magasinet","isPartOf":{"@id":"https:\/\/lightweb.dev\/l\/svm-temp\/#website"},"primaryImageOfPage":{"@id":"https:\/\/lightweb.dev\/l\/svm-temp\/artiklar\/halla-dar-axel-karlsson-uppvuxen-pa-costa-del-sol-numera-pa-grennaskolan\/#primaryimage"},"image":{"@id":"https:\/\/lightweb.dev\/l\/svm-temp\/artiklar\/halla-dar-axel-karlsson-uppvuxen-pa-costa-del-sol-numera-pa-grennaskolan\/#primaryimage"},"thumbnailUrl":"https:\/\/lightweb.dev\/l\/svm-temp\/wp-content\/uploads\/2022\/04\/hall-dr-axel-karlsson-uppvuxen-p-costa-del-sol-numera-p-grennaskolan.png","datePublished":"2008-06-23T22:00:00+00:00","breadcrumb":{"@id":"https:\/\/lightweb.dev\/l\/svm-temp\/artiklar\/halla-dar-axel-karlsson-uppvuxen-pa-costa-del-sol-numera-pa-grennaskolan\/#breadcrumb"},"inLanguage":"sv-SE","potentialAction":[{"@type":"ReadAction","target":["https:\/\/lightweb.dev\/l\/svm-temp\/artiklar\/halla-dar-axel-karlsson-uppvuxen-pa-costa-del-sol-numera-pa-grennaskolan\/"]}]},{"@type":"ImageObject","inLanguage":"sv-SE","@id":"https:\/\/lightweb.dev\/l\/svm-temp\/artiklar\/halla-dar-axel-karlsson-uppvuxen-pa-costa-del-sol-numera-pa-grennaskolan\/#primaryimage","url":"https:\/\/lightweb.dev\/l\/svm-temp\/wp-content\/uploads\/2022\/04\/hall-dr-axel-karlsson-uppvuxen-p-costa-del-sol-numera-p-grennaskolan.png","contentUrl":"https:\/\/lightweb.dev\/l\/svm-temp\/wp-content\/uploads\/2022\/04\/hall-dr-axel-karlsson-uppvuxen-p-costa-del-sol-numera-p-grennaskolan.png","width":299,"height":200},{"@type":"BreadcrumbList","@id":"https:\/\/lightweb.dev\/l\/svm-temp\/artiklar\/halla-dar-axel-karlsson-uppvuxen-pa-costa-del-sol-numera-pa-grennaskolan\/#breadcrumb","itemListElement":[{"@type":"ListItem","position":1,"name":"Hem","item":"https:\/\/lightweb.dev\/l\/svm-temp\/"},{"@type":"ListItem","position":2,"name":"Hall\u00e5 d\u00e4r! Axel Karlsson &#8211; uppvuxen p\u00e5 Costa del Sol numera p\u00e5 Grennaskolan"}]},{"@type":"WebSite","@id":"https:\/\/lightweb.dev\/l\/svm-temp\/#website","url":"https:\/\/lightweb.dev\/l\/svm-temp\/","name":"Svenska Magasinet","description":"Dina Spanska nyheter p&aring; Svenska","publisher":{"@id":"https:\/\/lightweb.dev\/l\/svm-temp\/#organization"},"potentialAction":[{"@type":"SearchAction","target":{"@type":"EntryPoint","urlTemplate":"https:\/\/lightweb.dev\/l\/svm-temp\/?s={search_term_string}"},"query-input":{"@type":"PropertyValueSpecification","valueRequired":true,"valueName":"search_term_string"}}],"inLanguage":"sv-SE"},{"@type":"Organization","@id":"https:\/\/lightweb.dev\/l\/svm-temp\/#organization","name":"Melkerson y Nott SL","alternateName":"Svenska Magasinet","url":"https:\/\/lightweb.dev\/l\/svm-temp\/","logo":{"@type":"ImageObject","inLanguage":"sv-SE","@id":"https:\/\/lightweb.dev\/l\/svm-temp\/#\/schema\/logo\/image\/","url":"https:\/\/lightweb.dev\/l\/svm-temp\/wp-content\/uploads\/2025\/02\/SvM-logo-Xtra-Centrerad-SVART.png","contentUrl":"https:\/\/lightweb.dev\/l\/svm-temp\/wp-content\/uploads\/2025\/02\/SvM-logo-Xtra-Centrerad-SVART.png","width":300,"height":99,"caption":"Melkerson y Nott SL"},"image":{"@id":"https:\/\/lightweb.dev\/l\/svm-temp\/#\/schema\/logo\/image\/"},"sameAs":["https:\/\/www.facebook.com\/svenskamagasinet","https:\/\/x.com\/SvenskaMagasine"]},{"@type":"Person","@id":"https:\/\/lightweb.dev\/l\/svm-temp\/#\/schema\/person\/206a3bda5b607b0c25e1749191e4d837","name":"Redaktionen SvM","description":"Redaktionen","sameAs":["https:\/\/lightweb.dev\/l\/svm-temp"],"url":"https:\/\/lightweb.dev\/l\/svm-temp\/reporter\/redaktionen\/"}]}},"_links":{"self":[{"href":"https:\/\/lightweb.dev\/l\/svm-temp\/wp-json\/wp\/v2\/posts\/2617","targetHints":{"allow":["GET"]}}],"collection":[{"href":"https:\/\/lightweb.dev\/l\/svm-temp\/wp-json\/wp\/v2\/posts"}],"about":[{"href":"https:\/\/lightweb.dev\/l\/svm-temp\/wp-json\/wp\/v2\/types\/post"}],"author":[{"embeddable":true,"href":"https:\/\/lightweb.dev\/l\/svm-temp\/wp-json\/wp\/v2\/users\/8"}],"replies":[{"embeddable":true,"href":"https:\/\/lightweb.dev\/l\/svm-temp\/wp-json\/wp\/v2\/comments?post=2617"}],"version-history":[{"count":0,"href":"https:\/\/lightweb.dev\/l\/svm-temp\/wp-json\/wp\/v2\/posts\/2617\/revisions"}],"wp:featuredmedia":[{"embeddable":true,"href":"https:\/\/lightweb.dev\/l\/svm-temp\/wp-json\/wp\/v2\/media\/2618"}],"wp:attachment":[{"href":"https:\/\/lightweb.dev\/l\/svm-temp\/wp-json\/wp\/v2\/media?parent=2617"}],"wp:term":[{"taxonomy":"category","embeddable":true,"href":"https:\/\/lightweb.dev\/l\/svm-temp\/wp-json\/wp\/v2\/categories?post=2617"},{"taxonomy":"post_tag","embeddable":true,"href":"https:\/\/lightweb.dev\/l\/svm-temp\/wp-json\/wp\/v2\/tags?post=2617"}],"curies":[{"name":"wp","href":"https:\/\/api.w.org\/{rel}","templated":true}]}}