{"id":2621,"date":"2008-06-24T00:00:00","date_gmt":"2008-06-23T22:00:00","guid":{"rendered":"https:\/\/lightweb.dev\/l\/svm-temp\/spanien-just-nu-operation-astapa-i-estepona\/"},"modified":"2008-06-24T00:00:00","modified_gmt":"2008-06-23T22:00:00","slug":"spanien-just-nu-operation-astapa-i-estepona","status":"publish","type":"post","link":"https:\/\/lightweb.dev\/l\/svm-temp\/artiklar\/spanien-just-nu-operation-astapa-i-estepona\/","title":{"rendered":"Spanien just nu \u2013 operation \u201dAstapa\u201d i Estepona"},"content":{"rendered":"<p> Ballena Blanca, Malaya, Troya, Hidalgo och Astapa. Nej, det \u00e4r inte titlar p\u00e5 n\u00e5gra sommarpl\u00e5gor till hits som spelas i spansk radio i sommar. Det \u00e4r namn p\u00e5 polisens operationer mot korruptionen i Spanien sedan mars 2005. M\u00e5nga experter menar att korruptionen \u00e4r en betydligt sv\u00e5rare och mer komplicerad uppgift \u00e4n kampen mot ETA. Den syns \u00f6ver hela landet och byter hela tiden skepnad Av Ola Josefsson<\/p>\n<p>I juni gjorde nationalpolisens enhet mot den organiserade brottsligheten (Udyco) en insats mot den ryska maffian i Spanien. Operationen g\u00e5r under namnet \u201dTroika\u201d. Bara n\u00e5gra dagar senare g\u00f6r samma polisenhet ett stort ingripande mot Esteponas kommunalpolitiker operationen g\u00e5r under namnet \u201dAstapa\u201d. Borgm\u00e4stare Antonio Barrientos f\u00f6rdes ut ur kommunhuset f\u00f6rst klockan halv sex p\u00e5 morgonen efter 14 timmars genomg\u00e5ng och beslagtagning av material.<\/p>\n<p>Vapenhandel, droger, cigarettsmuggling, gangstermord, tv\u00e4ttning av svarta pengar, listan kan g\u00f6ras hur l\u00e5ng som helst. Eller som i vintras n\u00e4r tv\u00e5 m\u00e4n p\u00e5 en motorcykel \u00f6ppnade eld mot en man p\u00e5 Calle Camilo Jos\u00e9 Cela i Marbella som senare avled, en h\u00e4ndelse h\u00e4mtad ur den v\u00e4rsta maffiafilm. Att gangsterorganisationer \u00e4r etablerade p\u00e5 kusten sedan l\u00e4nge r\u00e5der det ingen tvekan om. Och ber\u00e4ttelserna kring m\u00e4rkliga h\u00e4ndelser \u00e4r m\u00e5nga.<\/p>\n<p>F\u00f6r ett tag sedan fick jag h\u00f6ra om en pizzabagare som var f\u00f6rsvunnen. En efterlysning gick ut. Efter n\u00e5gra dagar fick polisen tips om mannens bil. I bagageluckan l\u00e5g pizzabagaren d\u00f6d. Ryktet sade att g\u00e4rningsmannen hade karvat ut den d\u00f6de mannens hj\u00e4rta och placerat en mikrofon p\u00e5 st\u00e4llet. Jag skriver \u201drykte\u201d f\u00f6r jag har inte f\u00e5tt det bekr\u00e4ftat helt.<\/p>\n<p>I den undre v\u00e4rlden sprids rykten och information snabbt som den friskaste Tarifa-vinden. Vilket \u00e4r meningen. N\u00e4r en pizzabagare \u00e4r m\u00f6rdad, att hans hj\u00e4rta \u00e4r utbytt mot en mikrofon, ska tj\u00e4na som en varning till ligor och andra medlemmar av den organiserade brottsligheten p\u00e5 Solkusten hur det g\u00e5r n\u00e4r man tjallar.<\/p>\n<p>Den organiserade brottsligheten kallas s\u00e5 f\u00f6r att den \u00e4r organiserad. Den f\u00f6rgrenar sig \u00f6verallt till korrupta politiker, poliser, tj\u00e4nstem\u00e4n f\u00f6r att information ska l\u00e4cka ut och varna.<\/p>\n<p>Efter tv\u00e5 \u00e5rs intensiv spaning slog antikorruptionsenheten tillsammans med stats\u00e5klagare Baltasar Garz\u00f3n till mot det som man tror \u00e4r ryska maffian i Spanien. Operationen g\u00e5r under namnet \u201dTroika\u201d och ett 20-tal personer plockades in fr\u00e5n fr\u00e4mst Mallorca, Madrid, Costa Blanca och Costa del Sol. De gripna h\u00e4rstammar fr\u00e5n Sankt Petersburg och Moskva.<\/p>\n<p>Bankkonton sp\u00e4rrades, lyxvillor, konst, lyx\u00e5k och mycket annat beslagtogs. Det genomf\u00f6rdes \u00e4ven husrannsakningar mot flera f\u00f6retag och advokatbyr\u00e5er i ett antal st\u00e4der. P\u00e5 Solkusten greps personer i Marbella och Frigiliana, d\u00e4ribland den som uppfattas som nummer tv\u00e5 i den maffialiknande organisationen. Enligt uppgifter i ABC \u00e4r det bara toppen p\u00e5 ett isberg.<\/p>\n<p>Bara n\u00e5gra dagar senare g\u00f6r 200 polism\u00e4n ett stort tillslag mot Esteponas kommunhus plus 38 husrannsakningar. Borgm\u00e4stare Antonio Barrientos, fyra kommunalr\u00e5d, flera h\u00f6gre tj\u00e4nstem\u00e4n p\u00e5 kommunen, d\u00e4ribland statsarkitekten, flera f\u00f6retagsledare inom byggsektorn och \u00e5tminstone tv\u00e5 advokater grips. Uppgifterna var i skrivande stund knapph\u00e4ndiga, men i spanska medier talas det om svarta pengar som har betalats ut till ansvariga p\u00e5 kommunen av f\u00f6retag i utbyte mot m\u00f6jlighet att k\u00f6pa mark f\u00f6r bebyggelse l\u00e5ngt under marknadsv\u00e4rdet.<\/p>\n<p>Manilva, Marbella, Murcia och nu Estepona. Enligt V\u00e4rldsbanken kostar korruptionen i v\u00e4rlden hisnande 7.320 miljarder kronor varje \u00e5r. Den leder till fattigdom och f\u00e5r samh\u00e4llen att erodera &#8211; s\u00e5v\u00e4l politiskt och ekonomiskt som socialt.<\/p>\n<p>Det som h\u00e4nder i Spanien b\u00f6r allts\u00e5 tas p\u00e5 st\u00f6rsta allvar, inte bara hos regionalregeringen Junta de Andalucia eller den spanska centralregeringen. Den organiserade brottsligheten \u00e4r gr\u00e4nsl\u00f6s i den gr\u00e4nsl\u00f6sa Europeiska Unionen. <\/p>\n","protected":false},"excerpt":{"rendered":"<p>Ballena Blanca, Malaya, Troya, Hidalgo och Astapa. Nej, det \u00e4r inte titlar p\u00e5 n\u00e5gra sommarpl\u00e5gor till hits som spelas i spansk radio i sommar. Det \u00e4r namn p\u00e5 polisens operationer mot korruptionen i Spanien sedan mars 2005. M\u00e5nga experter menar att korruptionen \u00e4r en betydligt sv\u00e5rare och mer komplicerad uppgift \u00e4n kampen mot ETA. Den [&hellip;]<\/p>\n","protected":false},"author":8,"featured_media":2622,"comment_status":"open","ping_status":"open","sticky":false,"template":"","format":"standard","meta":{"_et_pb_use_builder":"","_et_pb_old_content":"","_et_gb_content_width":"","footnotes":""},"categories":[4,36],"tags":[],"class_list":["post-2621","post","type-post","status-publish","format-standard","has-post-thumbnail","hentry","category-artiklar","category-spanien-just-nu"],"yoast_head":"<!-- This site is optimized with the Yoast SEO Premium plugin v26.2 (Yoast SEO v27.4) - https:\/\/yoast.com\/product\/yoast-seo-premium-wordpress\/ -->\n<title>Spanien just nu \u2013 operation \u201dAstapa\u201d i Estepona - Svenska Magasinet<\/title>\n<meta name=\"robots\" content=\"noindex, follow, max-snippet:-1, max-image-preview:large, max-video-preview:-1\" \/>\n<meta property=\"og:locale\" content=\"sv_SE\" \/>\n<meta property=\"og:type\" content=\"article\" \/>\n<meta property=\"og:title\" content=\"Spanien just nu \u2013 operation \u201dAstapa\u201d i Estepona\" \/>\n<meta property=\"og:description\" content=\"Ballena Blanca, Malaya, Troya, Hidalgo och Astapa. Nej, det \u00e4r inte titlar p\u00e5 n\u00e5gra sommarpl\u00e5gor till hits som spelas i spansk radio i sommar. Det \u00e4r namn p\u00e5 polisens operationer mot korruptionen i Spanien sedan mars 2005. M\u00e5nga experter menar att korruptionen \u00e4r en betydligt sv\u00e5rare och mer komplicerad uppgift \u00e4n kampen mot ETA. Den [&hellip;]\" \/>\n<meta property=\"og:url\" content=\"https:\/\/lightweb.dev\/l\/svm-temp\/artiklar\/spanien-just-nu-operation-astapa-i-estepona\/\" \/>\n<meta property=\"og:site_name\" content=\"Svenska Magasinet\" \/>\n<meta property=\"article:publisher\" content=\"https:\/\/www.facebook.com\/svenskamagasinet\" \/>\n<meta property=\"article:published_time\" content=\"2008-06-23T22:00:00+00:00\" \/>\n<meta property=\"og:image\" content=\"https:\/\/lightweb.dev\/l\/svm-temp\/wp-content\/uploads\/2022\/04\/spanien-just-nu-operation-astapa-i-estepona.png\" \/>\n\t<meta property=\"og:image:width\" content=\"280\" \/>\n\t<meta property=\"og:image:height\" content=\"210\" \/>\n\t<meta property=\"og:image:type\" content=\"image\/png\" \/>\n<meta name=\"author\" content=\"Redaktionen SvM\" \/>\n<meta name=\"twitter:card\" content=\"summary_large_image\" \/>\n<meta name=\"twitter:creator\" content=\"@SvenskaMagasine\" \/>\n<meta name=\"twitter:site\" content=\"@SvenskaMagasine\" \/>\n<script type=\"application\/ld+json\" class=\"yoast-schema-graph\">{\"@context\":\"https:\\\/\\\/schema.org\",\"@graph\":[{\"@type\":\"Article\",\"@id\":\"https:\\\/\\\/lightweb.dev\\\/l\\\/svm-temp\\\/artiklar\\\/spanien-just-nu-operation-astapa-i-estepona\\\/#article\",\"isPartOf\":{\"@id\":\"https:\\\/\\\/lightweb.dev\\\/l\\\/svm-temp\\\/artiklar\\\/spanien-just-nu-operation-astapa-i-estepona\\\/\"},\"author\":{\"name\":\"Redaktionen SvM\",\"@id\":\"https:\\\/\\\/lightweb.dev\\\/l\\\/svm-temp\\\/#\\\/schema\\\/person\\\/206a3bda5b607b0c25e1749191e4d837\"},\"headline\":\"Spanien just nu \u2013 operation \u201dAstapa\u201d i Estepona\",\"datePublished\":\"2008-06-23T22:00:00+00:00\",\"mainEntityOfPage\":{\"@id\":\"https:\\\/\\\/lightweb.dev\\\/l\\\/svm-temp\\\/artiklar\\\/spanien-just-nu-operation-astapa-i-estepona\\\/\"},\"wordCount\":675,\"commentCount\":0,\"publisher\":{\"@id\":\"https:\\\/\\\/lightweb.dev\\\/l\\\/svm-temp\\\/#organization\"},\"image\":{\"@id\":\"https:\\\/\\\/lightweb.dev\\\/l\\\/svm-temp\\\/artiklar\\\/spanien-just-nu-operation-astapa-i-estepona\\\/#primaryimage\"},\"thumbnailUrl\":\"https:\\\/\\\/lightweb.dev\\\/l\\\/svm-temp\\\/wp-content\\\/uploads\\\/2022\\\/04\\\/spanien-just-nu-operation-astapa-i-estepona.png\",\"articleSection\":[\"Artiklar\",\"Spanien just nu\"],\"inLanguage\":\"sv-SE\"},{\"@type\":\"WebPage\",\"@id\":\"https:\\\/\\\/lightweb.dev\\\/l\\\/svm-temp\\\/artiklar\\\/spanien-just-nu-operation-astapa-i-estepona\\\/\",\"url\":\"https:\\\/\\\/lightweb.dev\\\/l\\\/svm-temp\\\/artiklar\\\/spanien-just-nu-operation-astapa-i-estepona\\\/\",\"name\":\"Spanien just nu \u2013 operation \u201dAstapa\u201d i Estepona - Svenska Magasinet\",\"isPartOf\":{\"@id\":\"https:\\\/\\\/lightweb.dev\\\/l\\\/svm-temp\\\/#website\"},\"primaryImageOfPage\":{\"@id\":\"https:\\\/\\\/lightweb.dev\\\/l\\\/svm-temp\\\/artiklar\\\/spanien-just-nu-operation-astapa-i-estepona\\\/#primaryimage\"},\"image\":{\"@id\":\"https:\\\/\\\/lightweb.dev\\\/l\\\/svm-temp\\\/artiklar\\\/spanien-just-nu-operation-astapa-i-estepona\\\/#primaryimage\"},\"thumbnailUrl\":\"https:\\\/\\\/lightweb.dev\\\/l\\\/svm-temp\\\/wp-content\\\/uploads\\\/2022\\\/04\\\/spanien-just-nu-operation-astapa-i-estepona.png\",\"datePublished\":\"2008-06-23T22:00:00+00:00\",\"breadcrumb\":{\"@id\":\"https:\\\/\\\/lightweb.dev\\\/l\\\/svm-temp\\\/artiklar\\\/spanien-just-nu-operation-astapa-i-estepona\\\/#breadcrumb\"},\"inLanguage\":\"sv-SE\",\"potentialAction\":[{\"@type\":\"ReadAction\",\"target\":[\"https:\\\/\\\/lightweb.dev\\\/l\\\/svm-temp\\\/artiklar\\\/spanien-just-nu-operation-astapa-i-estepona\\\/\"]}]},{\"@type\":\"ImageObject\",\"inLanguage\":\"sv-SE\",\"@id\":\"https:\\\/\\\/lightweb.dev\\\/l\\\/svm-temp\\\/artiklar\\\/spanien-just-nu-operation-astapa-i-estepona\\\/#primaryimage\",\"url\":\"https:\\\/\\\/lightweb.dev\\\/l\\\/svm-temp\\\/wp-content\\\/uploads\\\/2022\\\/04\\\/spanien-just-nu-operation-astapa-i-estepona.png\",\"contentUrl\":\"https:\\\/\\\/lightweb.dev\\\/l\\\/svm-temp\\\/wp-content\\\/uploads\\\/2022\\\/04\\\/spanien-just-nu-operation-astapa-i-estepona.png\",\"width\":280,\"height\":210},{\"@type\":\"BreadcrumbList\",\"@id\":\"https:\\\/\\\/lightweb.dev\\\/l\\\/svm-temp\\\/artiklar\\\/spanien-just-nu-operation-astapa-i-estepona\\\/#breadcrumb\",\"itemListElement\":[{\"@type\":\"ListItem\",\"position\":1,\"name\":\"Hem\",\"item\":\"https:\\\/\\\/lightweb.dev\\\/l\\\/svm-temp\\\/\"},{\"@type\":\"ListItem\",\"position\":2,\"name\":\"Spanien just nu \u2013 operation \u201dAstapa\u201d i Estepona\"}]},{\"@type\":\"WebSite\",\"@id\":\"https:\\\/\\\/lightweb.dev\\\/l\\\/svm-temp\\\/#website\",\"url\":\"https:\\\/\\\/lightweb.dev\\\/l\\\/svm-temp\\\/\",\"name\":\"Svenska Magasinet\",\"description\":\"Dina Spanska nyheter p&aring; Svenska\",\"publisher\":{\"@id\":\"https:\\\/\\\/lightweb.dev\\\/l\\\/svm-temp\\\/#organization\"},\"potentialAction\":[{\"@type\":\"SearchAction\",\"target\":{\"@type\":\"EntryPoint\",\"urlTemplate\":\"https:\\\/\\\/lightweb.dev\\\/l\\\/svm-temp\\\/?s={search_term_string}\"},\"query-input\":{\"@type\":\"PropertyValueSpecification\",\"valueRequired\":true,\"valueName\":\"search_term_string\"}}],\"inLanguage\":\"sv-SE\"},{\"@type\":\"Organization\",\"@id\":\"https:\\\/\\\/lightweb.dev\\\/l\\\/svm-temp\\\/#organization\",\"name\":\"Melkerson y Nott SL\",\"alternateName\":\"Svenska Magasinet\",\"url\":\"https:\\\/\\\/lightweb.dev\\\/l\\\/svm-temp\\\/\",\"logo\":{\"@type\":\"ImageObject\",\"inLanguage\":\"sv-SE\",\"@id\":\"https:\\\/\\\/lightweb.dev\\\/l\\\/svm-temp\\\/#\\\/schema\\\/logo\\\/image\\\/\",\"url\":\"https:\\\/\\\/lightweb.dev\\\/l\\\/svm-temp\\\/wp-content\\\/uploads\\\/2025\\\/02\\\/SvM-logo-Xtra-Centrerad-SVART.png\",\"contentUrl\":\"https:\\\/\\\/lightweb.dev\\\/l\\\/svm-temp\\\/wp-content\\\/uploads\\\/2025\\\/02\\\/SvM-logo-Xtra-Centrerad-SVART.png\",\"width\":300,\"height\":99,\"caption\":\"Melkerson y Nott SL\"},\"image\":{\"@id\":\"https:\\\/\\\/lightweb.dev\\\/l\\\/svm-temp\\\/#\\\/schema\\\/logo\\\/image\\\/\"},\"sameAs\":[\"https:\\\/\\\/www.facebook.com\\\/svenskamagasinet\",\"https:\\\/\\\/x.com\\\/SvenskaMagasine\"]},{\"@type\":\"Person\",\"@id\":\"https:\\\/\\\/lightweb.dev\\\/l\\\/svm-temp\\\/#\\\/schema\\\/person\\\/206a3bda5b607b0c25e1749191e4d837\",\"name\":\"Redaktionen SvM\",\"description\":\"Redaktionen\",\"sameAs\":[\"https:\\\/\\\/lightweb.dev\\\/l\\\/svm-temp\"],\"url\":\"https:\\\/\\\/lightweb.dev\\\/l\\\/svm-temp\\\/reporter\\\/redaktionen\\\/\"}]}<\/script>\n<!-- \/ Yoast SEO Premium plugin. -->","yoast_head_json":{"title":"Spanien just nu \u2013 operation \u201dAstapa\u201d i Estepona - Svenska Magasinet","robots":{"index":"noindex","follow":"follow","max-snippet":"max-snippet:-1","max-image-preview":"max-image-preview:large","max-video-preview":"max-video-preview:-1"},"og_locale":"sv_SE","og_type":"article","og_title":"Spanien just nu \u2013 operation \u201dAstapa\u201d i Estepona","og_description":"Ballena Blanca, Malaya, Troya, Hidalgo och Astapa. Nej, det \u00e4r inte titlar p\u00e5 n\u00e5gra sommarpl\u00e5gor till hits som spelas i spansk radio i sommar. Det \u00e4r namn p\u00e5 polisens operationer mot korruptionen i Spanien sedan mars 2005. M\u00e5nga experter menar att korruptionen \u00e4r en betydligt sv\u00e5rare och mer komplicerad uppgift \u00e4n kampen mot ETA. Den [&hellip;]","og_url":"https:\/\/lightweb.dev\/l\/svm-temp\/artiklar\/spanien-just-nu-operation-astapa-i-estepona\/","og_site_name":"Svenska Magasinet","article_publisher":"https:\/\/www.facebook.com\/svenskamagasinet","article_published_time":"2008-06-23T22:00:00+00:00","og_image":[{"width":280,"height":210,"url":"https:\/\/lightweb.dev\/l\/svm-temp\/wp-content\/uploads\/2022\/04\/spanien-just-nu-operation-astapa-i-estepona.png","type":"image\/png"}],"author":"Redaktionen SvM","twitter_card":"summary_large_image","twitter_creator":"@SvenskaMagasine","twitter_site":"@SvenskaMagasine","schema":{"@context":"https:\/\/schema.org","@graph":[{"@type":"Article","@id":"https:\/\/lightweb.dev\/l\/svm-temp\/artiklar\/spanien-just-nu-operation-astapa-i-estepona\/#article","isPartOf":{"@id":"https:\/\/lightweb.dev\/l\/svm-temp\/artiklar\/spanien-just-nu-operation-astapa-i-estepona\/"},"author":{"name":"Redaktionen SvM","@id":"https:\/\/lightweb.dev\/l\/svm-temp\/#\/schema\/person\/206a3bda5b607b0c25e1749191e4d837"},"headline":"Spanien just nu \u2013 operation \u201dAstapa\u201d i Estepona","datePublished":"2008-06-23T22:00:00+00:00","mainEntityOfPage":{"@id":"https:\/\/lightweb.dev\/l\/svm-temp\/artiklar\/spanien-just-nu-operation-astapa-i-estepona\/"},"wordCount":675,"commentCount":0,"publisher":{"@id":"https:\/\/lightweb.dev\/l\/svm-temp\/#organization"},"image":{"@id":"https:\/\/lightweb.dev\/l\/svm-temp\/artiklar\/spanien-just-nu-operation-astapa-i-estepona\/#primaryimage"},"thumbnailUrl":"https:\/\/lightweb.dev\/l\/svm-temp\/wp-content\/uploads\/2022\/04\/spanien-just-nu-operation-astapa-i-estepona.png","articleSection":["Artiklar","Spanien just nu"],"inLanguage":"sv-SE"},{"@type":"WebPage","@id":"https:\/\/lightweb.dev\/l\/svm-temp\/artiklar\/spanien-just-nu-operation-astapa-i-estepona\/","url":"https:\/\/lightweb.dev\/l\/svm-temp\/artiklar\/spanien-just-nu-operation-astapa-i-estepona\/","name":"Spanien just nu \u2013 operation \u201dAstapa\u201d i Estepona - Svenska Magasinet","isPartOf":{"@id":"https:\/\/lightweb.dev\/l\/svm-temp\/#website"},"primaryImageOfPage":{"@id":"https:\/\/lightweb.dev\/l\/svm-temp\/artiklar\/spanien-just-nu-operation-astapa-i-estepona\/#primaryimage"},"image":{"@id":"https:\/\/lightweb.dev\/l\/svm-temp\/artiklar\/spanien-just-nu-operation-astapa-i-estepona\/#primaryimage"},"thumbnailUrl":"https:\/\/lightweb.dev\/l\/svm-temp\/wp-content\/uploads\/2022\/04\/spanien-just-nu-operation-astapa-i-estepona.png","datePublished":"2008-06-23T22:00:00+00:00","breadcrumb":{"@id":"https:\/\/lightweb.dev\/l\/svm-temp\/artiklar\/spanien-just-nu-operation-astapa-i-estepona\/#breadcrumb"},"inLanguage":"sv-SE","potentialAction":[{"@type":"ReadAction","target":["https:\/\/lightweb.dev\/l\/svm-temp\/artiklar\/spanien-just-nu-operation-astapa-i-estepona\/"]}]},{"@type":"ImageObject","inLanguage":"sv-SE","@id":"https:\/\/lightweb.dev\/l\/svm-temp\/artiklar\/spanien-just-nu-operation-astapa-i-estepona\/#primaryimage","url":"https:\/\/lightweb.dev\/l\/svm-temp\/wp-content\/uploads\/2022\/04\/spanien-just-nu-operation-astapa-i-estepona.png","contentUrl":"https:\/\/lightweb.dev\/l\/svm-temp\/wp-content\/uploads\/2022\/04\/spanien-just-nu-operation-astapa-i-estepona.png","width":280,"height":210},{"@type":"BreadcrumbList","@id":"https:\/\/lightweb.dev\/l\/svm-temp\/artiklar\/spanien-just-nu-operation-astapa-i-estepona\/#breadcrumb","itemListElement":[{"@type":"ListItem","position":1,"name":"Hem","item":"https:\/\/lightweb.dev\/l\/svm-temp\/"},{"@type":"ListItem","position":2,"name":"Spanien just nu \u2013 operation \u201dAstapa\u201d i Estepona"}]},{"@type":"WebSite","@id":"https:\/\/lightweb.dev\/l\/svm-temp\/#website","url":"https:\/\/lightweb.dev\/l\/svm-temp\/","name":"Svenska Magasinet","description":"Dina Spanska nyheter p&aring; Svenska","publisher":{"@id":"https:\/\/lightweb.dev\/l\/svm-temp\/#organization"},"potentialAction":[{"@type":"SearchAction","target":{"@type":"EntryPoint","urlTemplate":"https:\/\/lightweb.dev\/l\/svm-temp\/?s={search_term_string}"},"query-input":{"@type":"PropertyValueSpecification","valueRequired":true,"valueName":"search_term_string"}}],"inLanguage":"sv-SE"},{"@type":"Organization","@id":"https:\/\/lightweb.dev\/l\/svm-temp\/#organization","name":"Melkerson y Nott SL","alternateName":"Svenska Magasinet","url":"https:\/\/lightweb.dev\/l\/svm-temp\/","logo":{"@type":"ImageObject","inLanguage":"sv-SE","@id":"https:\/\/lightweb.dev\/l\/svm-temp\/#\/schema\/logo\/image\/","url":"https:\/\/lightweb.dev\/l\/svm-temp\/wp-content\/uploads\/2025\/02\/SvM-logo-Xtra-Centrerad-SVART.png","contentUrl":"https:\/\/lightweb.dev\/l\/svm-temp\/wp-content\/uploads\/2025\/02\/SvM-logo-Xtra-Centrerad-SVART.png","width":300,"height":99,"caption":"Melkerson y Nott SL"},"image":{"@id":"https:\/\/lightweb.dev\/l\/svm-temp\/#\/schema\/logo\/image\/"},"sameAs":["https:\/\/www.facebook.com\/svenskamagasinet","https:\/\/x.com\/SvenskaMagasine"]},{"@type":"Person","@id":"https:\/\/lightweb.dev\/l\/svm-temp\/#\/schema\/person\/206a3bda5b607b0c25e1749191e4d837","name":"Redaktionen SvM","description":"Redaktionen","sameAs":["https:\/\/lightweb.dev\/l\/svm-temp"],"url":"https:\/\/lightweb.dev\/l\/svm-temp\/reporter\/redaktionen\/"}]}},"_links":{"self":[{"href":"https:\/\/lightweb.dev\/l\/svm-temp\/wp-json\/wp\/v2\/posts\/2621","targetHints":{"allow":["GET"]}}],"collection":[{"href":"https:\/\/lightweb.dev\/l\/svm-temp\/wp-json\/wp\/v2\/posts"}],"about":[{"href":"https:\/\/lightweb.dev\/l\/svm-temp\/wp-json\/wp\/v2\/types\/post"}],"author":[{"embeddable":true,"href":"https:\/\/lightweb.dev\/l\/svm-temp\/wp-json\/wp\/v2\/users\/8"}],"replies":[{"embeddable":true,"href":"https:\/\/lightweb.dev\/l\/svm-temp\/wp-json\/wp\/v2\/comments?post=2621"}],"version-history":[{"count":0,"href":"https:\/\/lightweb.dev\/l\/svm-temp\/wp-json\/wp\/v2\/posts\/2621\/revisions"}],"wp:featuredmedia":[{"embeddable":true,"href":"https:\/\/lightweb.dev\/l\/svm-temp\/wp-json\/wp\/v2\/media\/2622"}],"wp:attachment":[{"href":"https:\/\/lightweb.dev\/l\/svm-temp\/wp-json\/wp\/v2\/media?parent=2621"}],"wp:term":[{"taxonomy":"category","embeddable":true,"href":"https:\/\/lightweb.dev\/l\/svm-temp\/wp-json\/wp\/v2\/categories?post=2621"},{"taxonomy":"post_tag","embeddable":true,"href":"https:\/\/lightweb.dev\/l\/svm-temp\/wp-json\/wp\/v2\/tags?post=2621"}],"curies":[{"name":"wp","href":"https:\/\/api.w.org\/{rel}","templated":true}]}}