{"id":2627,"date":"2008-06-24T00:00:00","date_gmt":"2008-06-23T22:00:00","guid":{"rendered":"https:\/\/lightweb.dev\/l\/svm-temp\/svensk-jarnvagssatsning-smapotatis-jamfort-med-spaniens\/"},"modified":"2008-06-24T00:00:00","modified_gmt":"2008-06-23T22:00:00","slug":"svensk-jarnvagssatsning-smapotatis-jamfort-med-spaniens","status":"publish","type":"post","link":"https:\/\/lightweb.dev\/l\/svm-temp\/artiklar\/svensk-jarnvagssatsning-smapotatis-jamfort-med-spaniens\/","title":{"rendered":"Svensk j\u00e4rnv\u00e4gssatsning sm\u00e5potatis j\u00e4mf\u00f6rt med Spaniens"},"content":{"rendered":"<p> Spanien k\u00f6r i h\u00f6g hastighet och \u00e4r ett f\u00f6reg\u00e5ngsland n\u00e4r det g\u00e4ller h\u00f6ghastighetst\u00e5g. Det s\u00e4ger Gunnar Sibbmark, VD f\u00f6r lobbyorganisationen Europakorridoren. I somras talade han p\u00e5 Solkusten i samband med en konferens i M\u00e1laga kring milj\u00f6m\u00e4ssiga h\u00e5llbara transporter Av Ola Josefsson<\/p>\n<p>-Mitt bes\u00f6k i Spanien st\u00e4rker bara mina intryck sedan tidigare. Hur viktigt det \u00e4r ur milj\u00f6synpunkt att binda ihop t\u00e4tbefolkade omr\u00e5den med h\u00f6ghastighetst\u00e5g, s\u00e4ger Gunnar Sibbmark efter att rest med h\u00f6ghastighetst\u00e5get mellan Madrid och M\u00e1laga i \u00f6ver 300 km\/t.<br \/>\nSvante Jonsson, konferensansvarig f\u00f6r den f\u00f6rsta AndaluScandinavian Conference on Sustainable Transports, Travel och Tourism var mycket n\u00f6jd med m\u00f6tet i M\u00e1laga.<br \/>\n-Redan f\u00f6re konferensen var det s\u00e4rskilt tillfredsst\u00e4llande att p\u00e5 h\u00f6ghastighetst\u00e5get mellan Madrid och M\u00e1laga med den svenska delegationen f\u00e5 se och h\u00f6ra Europakorridorens VD och SIKA:s generaldirekt\u00f6r Kjell Dahlstr\u00f6m i intensivt samspr\u00e5k i 300 km\/t, och \u00e4nd\u00e5 komma in p\u00e5 samma sp\u00e5r\u2026<\/p>\n<p>Skillnad<br \/>\nGunnar Sibbmark imponeras \u00f6ver den spanska satsningen. Den svenska satsningen \u00e4r sm\u00e5potatis j\u00e4mf\u00f6rt med det som Spanien g\u00f6r.<br \/>\n-Det som Spanien satsar i euro, motsvarande siffra satsar Sverige, men i svenska kronor, det \u00e4r en v\u00e4sentlig skillnad.<br \/>\nN\u00e4r Sverige satsar 100 miljarder kronor till 2015 satsar Spanien \u00f6ver 100 miljarder euro till 2015.<br \/>\n-Anders Borg och Alliansen menar att det finns andra s\u00e4tt i att f\u00f6rb\u00e4ttra milj\u00f6n \u00e4n t\u00e5g, exempelvis att satsa i andra l\u00e4nder f\u00f6r att minska utsl\u00e4ppen d\u00e4r.<\/p>\n<p>H\u00e5llbara transporter<br \/>\nAtt inf\u00f6ra h\u00f6gre skatter och milj\u00f6avgifter p\u00e5 resandet i Sverige h\u00e4mmar bara utvecklingen, menar Gunnar Sibbmark. Det blir dyrare vilket g\u00f6r att resandet minskar och det i sin tur h\u00e4mmar landets utveckling.<br \/>\n-H\u00e4r borde det i st\u00e4llet satsas p\u00e5 milj\u00f6m\u00e4ssiga h\u00e5llbara transporter s\u00e5 att t\u00e4tbefolkade omr\u00e5den i Sverige knyts ihop med snabba och effektiva transporter n\u00e5got som \u00e4ven godstrafiken skulle gynnas av.<br \/>\nLastbilstransporterna \u00f6kar i Sverige vilket betyder st\u00f6rre utsl\u00e4pp. I Sverige i dag f\u00e5r godst\u00e5gen inv\u00e4nta persont\u00e5gen som prioriteras.<br \/>\n-Med G\u00f6talandsbanan och Europabanan skulle godst\u00e5gen f\u00e5 \u00f6kad kapacitet p\u00e5 det gamla j\u00e4rnv\u00e4gsn\u00e4tet. Det \u00e4r en mycket positiv effekt som skulle gynna milj\u00f6n, infrastrukturen och ekonomin.<\/p>\n<p>Vind i ryggen<br \/>\nF\u00f6respr\u00e5kare f\u00f6r h\u00f6ghastighetst\u00e5gets utbyggnad i Sverige har vind i ryggen, menar Gunnar Sibbmark som tror sig f\u00e5 st\u00f6d fr\u00e5n oppositionen.<br \/>\n-N\u00e4r den nya propositionen l\u00e4ggs fram i h\u00f6st kommer oppositionen f\u00f6rhoppningsvis att s\u00e4ga att det satsas f\u00f6r lite p\u00e5 infrastruktur. \u00c4r det n\u00e5got som det inte ska sparas p\u00e5 s\u00e5 \u00e4r det omsorg, skola och infrastruktur.<br \/>\nG\u00f6talandsbanan ska st\u00e5 f\u00e4rdig till 2020 och Europabanan till 2025. Gunnar Sibbmark vill se lite spansk gl\u00f6d s\u00e5 att man st\u00e4ller krav p\u00e5 att projekten skulle vara klara redan till 2020.<br \/>\n-Vi har en \u00f6verklagningsprincip i Sverige som g\u00f6r att det tar tid. Men jag \u00e4r optimistisk, s\u00e4ger Gunnar Sibbmark.<\/p>\n<p>Puerto Seco<br \/>\nEtt annat sp\u00e4nnande projekt ur spansk synvinkel som dryftades vid konferensen i M\u00e1laga var presentation av El Puerto Seco (Torra hamnen), en stor godsterminal som byggs strax v\u00e4ster om Antequera.<br \/>\n-Det \u00e4r ett s\u00e5 kallat PPP-projekt (Private-Public Partnership). I M\u00e1laga tr\u00e4ffades representanter f\u00f6r Puerto Seco och representanter f\u00f6r spanska banverket Adif och Malaga hamn samt general\u00acsekreteraren f\u00f6r FERRMED, s\u00e4ger Svante Jonsson, f\u00f6rbindelseofficer i M\u00e1laga.<br \/>\nFotnot. I Svenska Magasinet i februari ber\u00e4ttade vi om Ferrmed, en Brysselbaserad lobbyorganisation som arbetar p\u00e5 att eliminera olika slags hinder f\u00f6r optimerad j\u00e4rnv\u00e4gstransport av gods. I f\u00f6rsta hand handlar det om en j\u00e4rnv\u00e4gsaxel mellan Algeciras och Stockholm. <\/p>\n","protected":false},"excerpt":{"rendered":"<p>Spanien k\u00f6r i h\u00f6g hastighet och \u00e4r ett f\u00f6reg\u00e5ngsland n\u00e4r det g\u00e4ller h\u00f6ghastighetst\u00e5g. Det s\u00e4ger Gunnar Sibbmark, VD f\u00f6r lobbyorganisationen Europakorridoren. I somras talade han p\u00e5 Solkusten i samband med en konferens i M\u00e1laga kring milj\u00f6m\u00e4ssiga h\u00e5llbara transporter Av Ola Josefsson -Mitt bes\u00f6k i Spanien st\u00e4rker bara mina intryck sedan tidigare. Hur viktigt det \u00e4r [&hellip;]<\/p>\n","protected":false},"author":8,"featured_media":2628,"comment_status":"open","ping_status":"open","sticky":false,"template":"","format":"standard","meta":{"_et_pb_use_builder":"","_et_pb_old_content":"","_et_gb_content_width":"","footnotes":""},"categories":[396,4],"tags":[],"class_list":["post-2627","post","type-post","status-publish","format-standard","has-post-thumbnail","hentry","category-arkiv-artiklar","category-artiklar"],"yoast_head":"<!-- This site is optimized with the Yoast SEO Premium plugin v26.2 (Yoast SEO v27.4) - https:\/\/yoast.com\/product\/yoast-seo-premium-wordpress\/ -->\n<title>Svensk j\u00e4rnv\u00e4gssatsning sm\u00e5potatis j\u00e4mf\u00f6rt med Spaniens - Svenska Magasinet<\/title>\n<meta name=\"robots\" content=\"noindex, follow, max-snippet:-1, max-image-preview:large, max-video-preview:-1\" \/>\n<meta property=\"og:locale\" content=\"sv_SE\" \/>\n<meta property=\"og:type\" content=\"article\" \/>\n<meta property=\"og:title\" content=\"Svensk j\u00e4rnv\u00e4gssatsning sm\u00e5potatis j\u00e4mf\u00f6rt med Spaniens\" \/>\n<meta property=\"og:description\" content=\"Spanien k\u00f6r i h\u00f6g hastighet och \u00e4r ett f\u00f6reg\u00e5ngsland n\u00e4r det g\u00e4ller h\u00f6ghastighetst\u00e5g. Det s\u00e4ger Gunnar Sibbmark, VD f\u00f6r lobbyorganisationen Europakorridoren. I somras talade han p\u00e5 Solkusten i samband med en konferens i M\u00e1laga kring milj\u00f6m\u00e4ssiga h\u00e5llbara transporter Av Ola Josefsson -Mitt bes\u00f6k i Spanien st\u00e4rker bara mina intryck sedan tidigare. Hur viktigt det \u00e4r [&hellip;]\" \/>\n<meta property=\"og:url\" content=\"https:\/\/lightweb.dev\/l\/svm-temp\/artiklar\/svensk-jarnvagssatsning-smapotatis-jamfort-med-spaniens\/\" \/>\n<meta property=\"og:site_name\" content=\"Svenska Magasinet\" \/>\n<meta property=\"article:publisher\" content=\"https:\/\/www.facebook.com\/svenskamagasinet\" \/>\n<meta property=\"article:published_time\" content=\"2008-06-23T22:00:00+00:00\" \/>\n<meta property=\"og:image\" content=\"https:\/\/lightweb.dev\/l\/svm-temp\/wp-content\/uploads\/2022\/04\/svensk-jrnvgssatsning-smpotatis-jmfrt-med-spaniens.png\" \/>\n\t<meta property=\"og:image:width\" content=\"299\" \/>\n\t<meta property=\"og:image:height\" content=\"200\" \/>\n\t<meta property=\"og:image:type\" content=\"image\/png\" \/>\n<meta name=\"author\" content=\"Redaktionen SvM\" \/>\n<meta name=\"twitter:card\" content=\"summary_large_image\" \/>\n<meta name=\"twitter:creator\" content=\"@SvenskaMagasine\" \/>\n<meta name=\"twitter:site\" content=\"@SvenskaMagasine\" \/>\n<script type=\"application\/ld+json\" class=\"yoast-schema-graph\">{\"@context\":\"https:\\\/\\\/schema.org\",\"@graph\":[{\"@type\":\"Article\",\"@id\":\"https:\\\/\\\/lightweb.dev\\\/l\\\/svm-temp\\\/artiklar\\\/svensk-jarnvagssatsning-smapotatis-jamfort-med-spaniens\\\/#article\",\"isPartOf\":{\"@id\":\"https:\\\/\\\/lightweb.dev\\\/l\\\/svm-temp\\\/artiklar\\\/svensk-jarnvagssatsning-smapotatis-jamfort-med-spaniens\\\/\"},\"author\":{\"name\":\"Redaktionen SvM\",\"@id\":\"https:\\\/\\\/lightweb.dev\\\/l\\\/svm-temp\\\/#\\\/schema\\\/person\\\/206a3bda5b607b0c25e1749191e4d837\"},\"headline\":\"Svensk j\u00e4rnv\u00e4gssatsning sm\u00e5potatis j\u00e4mf\u00f6rt med Spaniens\",\"datePublished\":\"2008-06-23T22:00:00+00:00\",\"mainEntityOfPage\":{\"@id\":\"https:\\\/\\\/lightweb.dev\\\/l\\\/svm-temp\\\/artiklar\\\/svensk-jarnvagssatsning-smapotatis-jamfort-med-spaniens\\\/\"},\"wordCount\":672,\"commentCount\":0,\"publisher\":{\"@id\":\"https:\\\/\\\/lightweb.dev\\\/l\\\/svm-temp\\\/#organization\"},\"image\":{\"@id\":\"https:\\\/\\\/lightweb.dev\\\/l\\\/svm-temp\\\/artiklar\\\/svensk-jarnvagssatsning-smapotatis-jamfort-med-spaniens\\\/#primaryimage\"},\"thumbnailUrl\":\"https:\\\/\\\/lightweb.dev\\\/l\\\/svm-temp\\\/wp-content\\\/uploads\\\/2022\\\/04\\\/svensk-jrnvgssatsning-smpotatis-jmfrt-med-spaniens.png\",\"articleSection\":[\"Arkiv\",\"Artiklar\"],\"inLanguage\":\"sv-SE\"},{\"@type\":\"WebPage\",\"@id\":\"https:\\\/\\\/lightweb.dev\\\/l\\\/svm-temp\\\/artiklar\\\/svensk-jarnvagssatsning-smapotatis-jamfort-med-spaniens\\\/\",\"url\":\"https:\\\/\\\/lightweb.dev\\\/l\\\/svm-temp\\\/artiklar\\\/svensk-jarnvagssatsning-smapotatis-jamfort-med-spaniens\\\/\",\"name\":\"Svensk j\u00e4rnv\u00e4gssatsning sm\u00e5potatis j\u00e4mf\u00f6rt med Spaniens - Svenska Magasinet\",\"isPartOf\":{\"@id\":\"https:\\\/\\\/lightweb.dev\\\/l\\\/svm-temp\\\/#website\"},\"primaryImageOfPage\":{\"@id\":\"https:\\\/\\\/lightweb.dev\\\/l\\\/svm-temp\\\/artiklar\\\/svensk-jarnvagssatsning-smapotatis-jamfort-med-spaniens\\\/#primaryimage\"},\"image\":{\"@id\":\"https:\\\/\\\/lightweb.dev\\\/l\\\/svm-temp\\\/artiklar\\\/svensk-jarnvagssatsning-smapotatis-jamfort-med-spaniens\\\/#primaryimage\"},\"thumbnailUrl\":\"https:\\\/\\\/lightweb.dev\\\/l\\\/svm-temp\\\/wp-content\\\/uploads\\\/2022\\\/04\\\/svensk-jrnvgssatsning-smpotatis-jmfrt-med-spaniens.png\",\"datePublished\":\"2008-06-23T22:00:00+00:00\",\"breadcrumb\":{\"@id\":\"https:\\\/\\\/lightweb.dev\\\/l\\\/svm-temp\\\/artiklar\\\/svensk-jarnvagssatsning-smapotatis-jamfort-med-spaniens\\\/#breadcrumb\"},\"inLanguage\":\"sv-SE\",\"potentialAction\":[{\"@type\":\"ReadAction\",\"target\":[\"https:\\\/\\\/lightweb.dev\\\/l\\\/svm-temp\\\/artiklar\\\/svensk-jarnvagssatsning-smapotatis-jamfort-med-spaniens\\\/\"]}]},{\"@type\":\"ImageObject\",\"inLanguage\":\"sv-SE\",\"@id\":\"https:\\\/\\\/lightweb.dev\\\/l\\\/svm-temp\\\/artiklar\\\/svensk-jarnvagssatsning-smapotatis-jamfort-med-spaniens\\\/#primaryimage\",\"url\":\"https:\\\/\\\/lightweb.dev\\\/l\\\/svm-temp\\\/wp-content\\\/uploads\\\/2022\\\/04\\\/svensk-jrnvgssatsning-smpotatis-jmfrt-med-spaniens.png\",\"contentUrl\":\"https:\\\/\\\/lightweb.dev\\\/l\\\/svm-temp\\\/wp-content\\\/uploads\\\/2022\\\/04\\\/svensk-jrnvgssatsning-smpotatis-jmfrt-med-spaniens.png\",\"width\":299,\"height\":200},{\"@type\":\"BreadcrumbList\",\"@id\":\"https:\\\/\\\/lightweb.dev\\\/l\\\/svm-temp\\\/artiklar\\\/svensk-jarnvagssatsning-smapotatis-jamfort-med-spaniens\\\/#breadcrumb\",\"itemListElement\":[{\"@type\":\"ListItem\",\"position\":1,\"name\":\"Hem\",\"item\":\"https:\\\/\\\/lightweb.dev\\\/l\\\/svm-temp\\\/\"},{\"@type\":\"ListItem\",\"position\":2,\"name\":\"Svensk j\u00e4rnv\u00e4gssatsning sm\u00e5potatis j\u00e4mf\u00f6rt med Spaniens\"}]},{\"@type\":\"WebSite\",\"@id\":\"https:\\\/\\\/lightweb.dev\\\/l\\\/svm-temp\\\/#website\",\"url\":\"https:\\\/\\\/lightweb.dev\\\/l\\\/svm-temp\\\/\",\"name\":\"Svenska Magasinet\",\"description\":\"Dina Spanska nyheter p&aring; Svenska\",\"publisher\":{\"@id\":\"https:\\\/\\\/lightweb.dev\\\/l\\\/svm-temp\\\/#organization\"},\"potentialAction\":[{\"@type\":\"SearchAction\",\"target\":{\"@type\":\"EntryPoint\",\"urlTemplate\":\"https:\\\/\\\/lightweb.dev\\\/l\\\/svm-temp\\\/?s={search_term_string}\"},\"query-input\":{\"@type\":\"PropertyValueSpecification\",\"valueRequired\":true,\"valueName\":\"search_term_string\"}}],\"inLanguage\":\"sv-SE\"},{\"@type\":\"Organization\",\"@id\":\"https:\\\/\\\/lightweb.dev\\\/l\\\/svm-temp\\\/#organization\",\"name\":\"Melkerson y Nott SL\",\"alternateName\":\"Svenska Magasinet\",\"url\":\"https:\\\/\\\/lightweb.dev\\\/l\\\/svm-temp\\\/\",\"logo\":{\"@type\":\"ImageObject\",\"inLanguage\":\"sv-SE\",\"@id\":\"https:\\\/\\\/lightweb.dev\\\/l\\\/svm-temp\\\/#\\\/schema\\\/logo\\\/image\\\/\",\"url\":\"https:\\\/\\\/lightweb.dev\\\/l\\\/svm-temp\\\/wp-content\\\/uploads\\\/2025\\\/02\\\/SvM-logo-Xtra-Centrerad-SVART.png\",\"contentUrl\":\"https:\\\/\\\/lightweb.dev\\\/l\\\/svm-temp\\\/wp-content\\\/uploads\\\/2025\\\/02\\\/SvM-logo-Xtra-Centrerad-SVART.png\",\"width\":300,\"height\":99,\"caption\":\"Melkerson y Nott SL\"},\"image\":{\"@id\":\"https:\\\/\\\/lightweb.dev\\\/l\\\/svm-temp\\\/#\\\/schema\\\/logo\\\/image\\\/\"},\"sameAs\":[\"https:\\\/\\\/www.facebook.com\\\/svenskamagasinet\",\"https:\\\/\\\/x.com\\\/SvenskaMagasine\"]},{\"@type\":\"Person\",\"@id\":\"https:\\\/\\\/lightweb.dev\\\/l\\\/svm-temp\\\/#\\\/schema\\\/person\\\/206a3bda5b607b0c25e1749191e4d837\",\"name\":\"Redaktionen SvM\",\"description\":\"Redaktionen\",\"sameAs\":[\"https:\\\/\\\/lightweb.dev\\\/l\\\/svm-temp\"],\"url\":\"https:\\\/\\\/lightweb.dev\\\/l\\\/svm-temp\\\/reporter\\\/redaktionen\\\/\"}]}<\/script>\n<!-- \/ Yoast SEO Premium plugin. -->","yoast_head_json":{"title":"Svensk j\u00e4rnv\u00e4gssatsning sm\u00e5potatis j\u00e4mf\u00f6rt med Spaniens - Svenska Magasinet","robots":{"index":"noindex","follow":"follow","max-snippet":"max-snippet:-1","max-image-preview":"max-image-preview:large","max-video-preview":"max-video-preview:-1"},"og_locale":"sv_SE","og_type":"article","og_title":"Svensk j\u00e4rnv\u00e4gssatsning sm\u00e5potatis j\u00e4mf\u00f6rt med Spaniens","og_description":"Spanien k\u00f6r i h\u00f6g hastighet och \u00e4r ett f\u00f6reg\u00e5ngsland n\u00e4r det g\u00e4ller h\u00f6ghastighetst\u00e5g. Det s\u00e4ger Gunnar Sibbmark, VD f\u00f6r lobbyorganisationen Europakorridoren. I somras talade han p\u00e5 Solkusten i samband med en konferens i M\u00e1laga kring milj\u00f6m\u00e4ssiga h\u00e5llbara transporter Av Ola Josefsson -Mitt bes\u00f6k i Spanien st\u00e4rker bara mina intryck sedan tidigare. Hur viktigt det \u00e4r [&hellip;]","og_url":"https:\/\/lightweb.dev\/l\/svm-temp\/artiklar\/svensk-jarnvagssatsning-smapotatis-jamfort-med-spaniens\/","og_site_name":"Svenska Magasinet","article_publisher":"https:\/\/www.facebook.com\/svenskamagasinet","article_published_time":"2008-06-23T22:00:00+00:00","og_image":[{"width":299,"height":200,"url":"https:\/\/lightweb.dev\/l\/svm-temp\/wp-content\/uploads\/2022\/04\/svensk-jrnvgssatsning-smpotatis-jmfrt-med-spaniens.png","type":"image\/png"}],"author":"Redaktionen SvM","twitter_card":"summary_large_image","twitter_creator":"@SvenskaMagasine","twitter_site":"@SvenskaMagasine","schema":{"@context":"https:\/\/schema.org","@graph":[{"@type":"Article","@id":"https:\/\/lightweb.dev\/l\/svm-temp\/artiklar\/svensk-jarnvagssatsning-smapotatis-jamfort-med-spaniens\/#article","isPartOf":{"@id":"https:\/\/lightweb.dev\/l\/svm-temp\/artiklar\/svensk-jarnvagssatsning-smapotatis-jamfort-med-spaniens\/"},"author":{"name":"Redaktionen SvM","@id":"https:\/\/lightweb.dev\/l\/svm-temp\/#\/schema\/person\/206a3bda5b607b0c25e1749191e4d837"},"headline":"Svensk j\u00e4rnv\u00e4gssatsning sm\u00e5potatis j\u00e4mf\u00f6rt med Spaniens","datePublished":"2008-06-23T22:00:00+00:00","mainEntityOfPage":{"@id":"https:\/\/lightweb.dev\/l\/svm-temp\/artiklar\/svensk-jarnvagssatsning-smapotatis-jamfort-med-spaniens\/"},"wordCount":672,"commentCount":0,"publisher":{"@id":"https:\/\/lightweb.dev\/l\/svm-temp\/#organization"},"image":{"@id":"https:\/\/lightweb.dev\/l\/svm-temp\/artiklar\/svensk-jarnvagssatsning-smapotatis-jamfort-med-spaniens\/#primaryimage"},"thumbnailUrl":"https:\/\/lightweb.dev\/l\/svm-temp\/wp-content\/uploads\/2022\/04\/svensk-jrnvgssatsning-smpotatis-jmfrt-med-spaniens.png","articleSection":["Arkiv","Artiklar"],"inLanguage":"sv-SE"},{"@type":"WebPage","@id":"https:\/\/lightweb.dev\/l\/svm-temp\/artiklar\/svensk-jarnvagssatsning-smapotatis-jamfort-med-spaniens\/","url":"https:\/\/lightweb.dev\/l\/svm-temp\/artiklar\/svensk-jarnvagssatsning-smapotatis-jamfort-med-spaniens\/","name":"Svensk j\u00e4rnv\u00e4gssatsning sm\u00e5potatis j\u00e4mf\u00f6rt med Spaniens - Svenska Magasinet","isPartOf":{"@id":"https:\/\/lightweb.dev\/l\/svm-temp\/#website"},"primaryImageOfPage":{"@id":"https:\/\/lightweb.dev\/l\/svm-temp\/artiklar\/svensk-jarnvagssatsning-smapotatis-jamfort-med-spaniens\/#primaryimage"},"image":{"@id":"https:\/\/lightweb.dev\/l\/svm-temp\/artiklar\/svensk-jarnvagssatsning-smapotatis-jamfort-med-spaniens\/#primaryimage"},"thumbnailUrl":"https:\/\/lightweb.dev\/l\/svm-temp\/wp-content\/uploads\/2022\/04\/svensk-jrnvgssatsning-smpotatis-jmfrt-med-spaniens.png","datePublished":"2008-06-23T22:00:00+00:00","breadcrumb":{"@id":"https:\/\/lightweb.dev\/l\/svm-temp\/artiklar\/svensk-jarnvagssatsning-smapotatis-jamfort-med-spaniens\/#breadcrumb"},"inLanguage":"sv-SE","potentialAction":[{"@type":"ReadAction","target":["https:\/\/lightweb.dev\/l\/svm-temp\/artiklar\/svensk-jarnvagssatsning-smapotatis-jamfort-med-spaniens\/"]}]},{"@type":"ImageObject","inLanguage":"sv-SE","@id":"https:\/\/lightweb.dev\/l\/svm-temp\/artiklar\/svensk-jarnvagssatsning-smapotatis-jamfort-med-spaniens\/#primaryimage","url":"https:\/\/lightweb.dev\/l\/svm-temp\/wp-content\/uploads\/2022\/04\/svensk-jrnvgssatsning-smpotatis-jmfrt-med-spaniens.png","contentUrl":"https:\/\/lightweb.dev\/l\/svm-temp\/wp-content\/uploads\/2022\/04\/svensk-jrnvgssatsning-smpotatis-jmfrt-med-spaniens.png","width":299,"height":200},{"@type":"BreadcrumbList","@id":"https:\/\/lightweb.dev\/l\/svm-temp\/artiklar\/svensk-jarnvagssatsning-smapotatis-jamfort-med-spaniens\/#breadcrumb","itemListElement":[{"@type":"ListItem","position":1,"name":"Hem","item":"https:\/\/lightweb.dev\/l\/svm-temp\/"},{"@type":"ListItem","position":2,"name":"Svensk j\u00e4rnv\u00e4gssatsning sm\u00e5potatis j\u00e4mf\u00f6rt med Spaniens"}]},{"@type":"WebSite","@id":"https:\/\/lightweb.dev\/l\/svm-temp\/#website","url":"https:\/\/lightweb.dev\/l\/svm-temp\/","name":"Svenska Magasinet","description":"Dina Spanska nyheter p&aring; Svenska","publisher":{"@id":"https:\/\/lightweb.dev\/l\/svm-temp\/#organization"},"potentialAction":[{"@type":"SearchAction","target":{"@type":"EntryPoint","urlTemplate":"https:\/\/lightweb.dev\/l\/svm-temp\/?s={search_term_string}"},"query-input":{"@type":"PropertyValueSpecification","valueRequired":true,"valueName":"search_term_string"}}],"inLanguage":"sv-SE"},{"@type":"Organization","@id":"https:\/\/lightweb.dev\/l\/svm-temp\/#organization","name":"Melkerson y Nott SL","alternateName":"Svenska Magasinet","url":"https:\/\/lightweb.dev\/l\/svm-temp\/","logo":{"@type":"ImageObject","inLanguage":"sv-SE","@id":"https:\/\/lightweb.dev\/l\/svm-temp\/#\/schema\/logo\/image\/","url":"https:\/\/lightweb.dev\/l\/svm-temp\/wp-content\/uploads\/2025\/02\/SvM-logo-Xtra-Centrerad-SVART.png","contentUrl":"https:\/\/lightweb.dev\/l\/svm-temp\/wp-content\/uploads\/2025\/02\/SvM-logo-Xtra-Centrerad-SVART.png","width":300,"height":99,"caption":"Melkerson y Nott SL"},"image":{"@id":"https:\/\/lightweb.dev\/l\/svm-temp\/#\/schema\/logo\/image\/"},"sameAs":["https:\/\/www.facebook.com\/svenskamagasinet","https:\/\/x.com\/SvenskaMagasine"]},{"@type":"Person","@id":"https:\/\/lightweb.dev\/l\/svm-temp\/#\/schema\/person\/206a3bda5b607b0c25e1749191e4d837","name":"Redaktionen SvM","description":"Redaktionen","sameAs":["https:\/\/lightweb.dev\/l\/svm-temp"],"url":"https:\/\/lightweb.dev\/l\/svm-temp\/reporter\/redaktionen\/"}]}},"_links":{"self":[{"href":"https:\/\/lightweb.dev\/l\/svm-temp\/wp-json\/wp\/v2\/posts\/2627","targetHints":{"allow":["GET"]}}],"collection":[{"href":"https:\/\/lightweb.dev\/l\/svm-temp\/wp-json\/wp\/v2\/posts"}],"about":[{"href":"https:\/\/lightweb.dev\/l\/svm-temp\/wp-json\/wp\/v2\/types\/post"}],"author":[{"embeddable":true,"href":"https:\/\/lightweb.dev\/l\/svm-temp\/wp-json\/wp\/v2\/users\/8"}],"replies":[{"embeddable":true,"href":"https:\/\/lightweb.dev\/l\/svm-temp\/wp-json\/wp\/v2\/comments?post=2627"}],"version-history":[{"count":0,"href":"https:\/\/lightweb.dev\/l\/svm-temp\/wp-json\/wp\/v2\/posts\/2627\/revisions"}],"wp:featuredmedia":[{"embeddable":true,"href":"https:\/\/lightweb.dev\/l\/svm-temp\/wp-json\/wp\/v2\/media\/2628"}],"wp:attachment":[{"href":"https:\/\/lightweb.dev\/l\/svm-temp\/wp-json\/wp\/v2\/media?parent=2627"}],"wp:term":[{"taxonomy":"category","embeddable":true,"href":"https:\/\/lightweb.dev\/l\/svm-temp\/wp-json\/wp\/v2\/categories?post=2627"},{"taxonomy":"post_tag","embeddable":true,"href":"https:\/\/lightweb.dev\/l\/svm-temp\/wp-json\/wp\/v2\/tags?post=2627"}],"curies":[{"name":"wp","href":"https:\/\/api.w.org\/{rel}","templated":true}]}}