{"id":2631,"date":"2008-06-23T00:00:00","date_gmt":"2008-06-22T22:00:00","guid":{"rendered":"https:\/\/lightweb.dev\/l\/svm-temp\/sirap-ar-costa-del-sols-eget-vin\/"},"modified":"2008-06-23T00:00:00","modified_gmt":"2008-06-22T22:00:00","slug":"sirap-ar-costa-del-sols-eget-vin","status":"publish","type":"post","link":"https:\/\/lightweb.dev\/l\/svm-temp\/artiklar\/sirap-ar-costa-del-sols-eget-vin\/","title":{"rendered":"\u201dSirap\u201d \u00e4r Costa del Sols eget vin"},"content":{"rendered":"<p> M\u00e1laga var ett stort och vida exporterat s\u00f6tt vin redan \u00e5r 1047. Det s\u00f6ta M\u00e1lagavinet dracks av den moriske h\u00e4rskaren Idriss II som kallade det \u201dM\u00e1lagasirap\u201d f\u00f6r att kringg\u00e5 koranens lagar. Av Ola Josefsson<\/p>\n<p>1876 drabbades kusten av en vinlus som t\u00e4rde h\u00e5rt p\u00e5 producenterna och efter det hade vinet sv\u00e5rt att h\u00e4vda sig p\u00e5 v\u00e4rldsmarknaden. I st\u00e4llet kom sherry och J\u00e9rez att bli Sydspaniens mest dominerande vin respektive vinomr\u00e5de.<br \/>\nM\u00e1lagavinerna som l\u00e4mpar dig b\u00e4st som aperitif \u00e4r mer eller mindre s\u00f6ta, ambraf\u00e4rgade.  Finaste vinet \u00e4r M\u00e1laga-Lagrima p\u00e5 enbart sj\u00e4lvrunnen must, enligt den kompletta vinguiden En v\u00e4rld av vin fr\u00e5n Norstedts.<\/p>\n<p>Manilva<br \/>\nDe vanligaste druvorna \u00e4r Moscatel och Pedro Ximinez. Arealen p\u00e5 odlingarna har tidigare legat p\u00e5 16.000 ha men endast 3.000 \u00e4r planterade f\u00f6r tillf\u00e4llet. Det blir cirka 40.000 hl per \u00e5r. Odlingarna finns vid fr\u00e4mst C\u00f3mpeta och Manilva.<br \/>\nN\u00e5gra av de mest k\u00e4nda firmorna i M\u00e1laga \u00e4r Scholtz Hermanos som under l\u00e5ng tid var i den tyska familjs \u00e4go som grundade den 1807 och vars namn den fortfarande b\u00e4r. Idag \u00e4r \u00e4garna dock spanska. Detta \u00e4r antagligen M\u00e1lagas mest namnkunnige producent. Deras Solera 1885 \u00e4r mycket ber\u00f6md.<br \/>\nEn annan M\u00e1lagaproducerande firma \u00e4r Larios, som annars \u00e4r synonymt med Gin i Spanien. De g\u00f6r \u00e4ven en mycket elegant, m\u00f6rkt guldf\u00e4rgad Moscatel, Colmanares, i deras bodega i M\u00e1laga. Bodegan P\u00e9rez Texeira g\u00f6r M\u00e1laga L\u00e1grima, vin av de sj\u00e4lvrunna \u201dt\u00e5rarna\u201d fr\u00e5n druvklasarna, ett av de mest erk\u00e4nda.<\/p>\n<p>75 \u00e5rsjubileum<br \/>\nM\u00e1lagaorganisationen som reglerar vinmarknaden El Consejo Regulador de las Denominaciones de Origen \u00b4M\u00e1laga\u00b4 y \u00b4Sierras de M\u00e1laga firar i \u00e5r 75 \u00e5rsjubileum. Tio konstn\u00e4rers motiv kommer att pryda etiketten p\u00e5 100.000 flaskor M\u00e1lagavin. I v\u00e5ra dagar exporteras vinet fr\u00e4mst till USA, Mexiko, Tyskland, Storbritannien, Hong Kong, Kina och Japan.<\/p>\n<p>Var dricker du d\u00e5 ditt M\u00e1lagavin?<br \/>\nSvenska Magasinet rekommenderar: Casa de Guardia i M\u00e1laga, en unik vinbar med \u00f6ver 160 \u00e5r p\u00e5 nacken. Den ligger mitt p\u00e5 Alameda Principal vid den lilla gatan Pastora. St\u00e4ll dig vid bardisken, best\u00e4ll ett glas M\u00e1lagavin. <\/p>\n","protected":false},"excerpt":{"rendered":"<p>M\u00e1laga var ett stort och vida exporterat s\u00f6tt vin redan \u00e5r 1047. Det s\u00f6ta M\u00e1lagavinet dracks av den moriske h\u00e4rskaren Idriss II som kallade det \u201dM\u00e1lagasirap\u201d f\u00f6r att kringg\u00e5 koranens lagar. Av Ola Josefsson 1876 drabbades kusten av en vinlus som t\u00e4rde h\u00e5rt p\u00e5 producenterna och efter det hade vinet sv\u00e5rt att h\u00e4vda sig p\u00e5 [&hellip;]<\/p>\n","protected":false},"author":8,"featured_media":2632,"comment_status":"open","ping_status":"open","sticky":false,"template":"","format":"standard","meta":{"_et_pb_use_builder":"","_et_pb_old_content":"","_et_gb_content_width":"","footnotes":""},"categories":[4,38],"tags":[],"class_list":["post-2631","post","type-post","status-publish","format-standard","has-post-thumbnail","hentry","category-artiklar","category-mat-vin"],"yoast_head":"<!-- This site is optimized with the Yoast SEO Premium plugin v26.2 (Yoast SEO v27.4) - https:\/\/yoast.com\/product\/yoast-seo-premium-wordpress\/ -->\n<title>\u201dSirap\u201d \u00e4r Costa del Sols eget vin - Svenska Magasinet<\/title>\n<meta name=\"robots\" content=\"noindex, follow, max-snippet:-1, max-image-preview:large, max-video-preview:-1\" \/>\n<meta property=\"og:locale\" content=\"sv_SE\" \/>\n<meta property=\"og:type\" content=\"article\" \/>\n<meta property=\"og:title\" content=\"\u201dSirap\u201d \u00e4r Costa del Sols eget vin\" \/>\n<meta property=\"og:description\" content=\"M\u00e1laga var ett stort och vida exporterat s\u00f6tt vin redan \u00e5r 1047. Det s\u00f6ta M\u00e1lagavinet dracks av den moriske h\u00e4rskaren Idriss II som kallade det \u201dM\u00e1lagasirap\u201d f\u00f6r att kringg\u00e5 koranens lagar. Av Ola Josefsson 1876 drabbades kusten av en vinlus som t\u00e4rde h\u00e5rt p\u00e5 producenterna och efter det hade vinet sv\u00e5rt att h\u00e4vda sig p\u00e5 [&hellip;]\" \/>\n<meta property=\"og:url\" content=\"https:\/\/lightweb.dev\/l\/svm-temp\/artiklar\/sirap-ar-costa-del-sols-eget-vin\/\" \/>\n<meta property=\"og:site_name\" content=\"Svenska Magasinet\" \/>\n<meta property=\"article:publisher\" content=\"https:\/\/www.facebook.com\/svenskamagasinet\" \/>\n<meta property=\"article:published_time\" content=\"2008-06-22T22:00:00+00:00\" \/>\n<meta property=\"og:image\" content=\"https:\/\/lightweb.dev\/l\/svm-temp\/wp-content\/uploads\/2022\/04\/sirap-r-costa-del-sols-eget-vin.png\" \/>\n\t<meta property=\"og:image:width\" content=\"299\" \/>\n\t<meta property=\"og:image:height\" content=\"200\" \/>\n\t<meta property=\"og:image:type\" content=\"image\/png\" \/>\n<meta name=\"author\" content=\"Redaktionen SvM\" \/>\n<meta name=\"twitter:card\" content=\"summary_large_image\" \/>\n<meta name=\"twitter:creator\" content=\"@SvenskaMagasine\" \/>\n<meta name=\"twitter:site\" content=\"@SvenskaMagasine\" \/>\n<script type=\"application\/ld+json\" class=\"yoast-schema-graph\">{\"@context\":\"https:\\\/\\\/schema.org\",\"@graph\":[{\"@type\":\"Article\",\"@id\":\"https:\\\/\\\/lightweb.dev\\\/l\\\/svm-temp\\\/artiklar\\\/sirap-ar-costa-del-sols-eget-vin\\\/#article\",\"isPartOf\":{\"@id\":\"https:\\\/\\\/lightweb.dev\\\/l\\\/svm-temp\\\/artiklar\\\/sirap-ar-costa-del-sols-eget-vin\\\/\"},\"author\":{\"name\":\"Redaktionen SvM\",\"@id\":\"https:\\\/\\\/lightweb.dev\\\/l\\\/svm-temp\\\/#\\\/schema\\\/person\\\/206a3bda5b607b0c25e1749191e4d837\"},\"headline\":\"\u201dSirap\u201d \u00e4r Costa del Sols eget vin\",\"datePublished\":\"2008-06-22T22:00:00+00:00\",\"mainEntityOfPage\":{\"@id\":\"https:\\\/\\\/lightweb.dev\\\/l\\\/svm-temp\\\/artiklar\\\/sirap-ar-costa-del-sols-eget-vin\\\/\"},\"wordCount\":385,\"commentCount\":0,\"publisher\":{\"@id\":\"https:\\\/\\\/lightweb.dev\\\/l\\\/svm-temp\\\/#organization\"},\"image\":{\"@id\":\"https:\\\/\\\/lightweb.dev\\\/l\\\/svm-temp\\\/artiklar\\\/sirap-ar-costa-del-sols-eget-vin\\\/#primaryimage\"},\"thumbnailUrl\":\"https:\\\/\\\/lightweb.dev\\\/l\\\/svm-temp\\\/wp-content\\\/uploads\\\/2022\\\/04\\\/sirap-r-costa-del-sols-eget-vin.png\",\"articleSection\":[\"Artiklar\",\"Mat &amp; vin\"],\"inLanguage\":\"sv-SE\"},{\"@type\":\"WebPage\",\"@id\":\"https:\\\/\\\/lightweb.dev\\\/l\\\/svm-temp\\\/artiklar\\\/sirap-ar-costa-del-sols-eget-vin\\\/\",\"url\":\"https:\\\/\\\/lightweb.dev\\\/l\\\/svm-temp\\\/artiklar\\\/sirap-ar-costa-del-sols-eget-vin\\\/\",\"name\":\"\u201dSirap\u201d \u00e4r Costa del Sols eget vin - Svenska Magasinet\",\"isPartOf\":{\"@id\":\"https:\\\/\\\/lightweb.dev\\\/l\\\/svm-temp\\\/#website\"},\"primaryImageOfPage\":{\"@id\":\"https:\\\/\\\/lightweb.dev\\\/l\\\/svm-temp\\\/artiklar\\\/sirap-ar-costa-del-sols-eget-vin\\\/#primaryimage\"},\"image\":{\"@id\":\"https:\\\/\\\/lightweb.dev\\\/l\\\/svm-temp\\\/artiklar\\\/sirap-ar-costa-del-sols-eget-vin\\\/#primaryimage\"},\"thumbnailUrl\":\"https:\\\/\\\/lightweb.dev\\\/l\\\/svm-temp\\\/wp-content\\\/uploads\\\/2022\\\/04\\\/sirap-r-costa-del-sols-eget-vin.png\",\"datePublished\":\"2008-06-22T22:00:00+00:00\",\"breadcrumb\":{\"@id\":\"https:\\\/\\\/lightweb.dev\\\/l\\\/svm-temp\\\/artiklar\\\/sirap-ar-costa-del-sols-eget-vin\\\/#breadcrumb\"},\"inLanguage\":\"sv-SE\",\"potentialAction\":[{\"@type\":\"ReadAction\",\"target\":[\"https:\\\/\\\/lightweb.dev\\\/l\\\/svm-temp\\\/artiklar\\\/sirap-ar-costa-del-sols-eget-vin\\\/\"]}]},{\"@type\":\"ImageObject\",\"inLanguage\":\"sv-SE\",\"@id\":\"https:\\\/\\\/lightweb.dev\\\/l\\\/svm-temp\\\/artiklar\\\/sirap-ar-costa-del-sols-eget-vin\\\/#primaryimage\",\"url\":\"https:\\\/\\\/lightweb.dev\\\/l\\\/svm-temp\\\/wp-content\\\/uploads\\\/2022\\\/04\\\/sirap-r-costa-del-sols-eget-vin.png\",\"contentUrl\":\"https:\\\/\\\/lightweb.dev\\\/l\\\/svm-temp\\\/wp-content\\\/uploads\\\/2022\\\/04\\\/sirap-r-costa-del-sols-eget-vin.png\",\"width\":299,\"height\":200},{\"@type\":\"BreadcrumbList\",\"@id\":\"https:\\\/\\\/lightweb.dev\\\/l\\\/svm-temp\\\/artiklar\\\/sirap-ar-costa-del-sols-eget-vin\\\/#breadcrumb\",\"itemListElement\":[{\"@type\":\"ListItem\",\"position\":1,\"name\":\"Hem\",\"item\":\"https:\\\/\\\/lightweb.dev\\\/l\\\/svm-temp\\\/\"},{\"@type\":\"ListItem\",\"position\":2,\"name\":\"\u201dSirap\u201d \u00e4r Costa del Sols eget vin\"}]},{\"@type\":\"WebSite\",\"@id\":\"https:\\\/\\\/lightweb.dev\\\/l\\\/svm-temp\\\/#website\",\"url\":\"https:\\\/\\\/lightweb.dev\\\/l\\\/svm-temp\\\/\",\"name\":\"Svenska Magasinet\",\"description\":\"Dina Spanska nyheter p&aring; Svenska\",\"publisher\":{\"@id\":\"https:\\\/\\\/lightweb.dev\\\/l\\\/svm-temp\\\/#organization\"},\"potentialAction\":[{\"@type\":\"SearchAction\",\"target\":{\"@type\":\"EntryPoint\",\"urlTemplate\":\"https:\\\/\\\/lightweb.dev\\\/l\\\/svm-temp\\\/?s={search_term_string}\"},\"query-input\":{\"@type\":\"PropertyValueSpecification\",\"valueRequired\":true,\"valueName\":\"search_term_string\"}}],\"inLanguage\":\"sv-SE\"},{\"@type\":\"Organization\",\"@id\":\"https:\\\/\\\/lightweb.dev\\\/l\\\/svm-temp\\\/#organization\",\"name\":\"Melkerson y Nott SL\",\"alternateName\":\"Svenska Magasinet\",\"url\":\"https:\\\/\\\/lightweb.dev\\\/l\\\/svm-temp\\\/\",\"logo\":{\"@type\":\"ImageObject\",\"inLanguage\":\"sv-SE\",\"@id\":\"https:\\\/\\\/lightweb.dev\\\/l\\\/svm-temp\\\/#\\\/schema\\\/logo\\\/image\\\/\",\"url\":\"https:\\\/\\\/lightweb.dev\\\/l\\\/svm-temp\\\/wp-content\\\/uploads\\\/2025\\\/02\\\/SvM-logo-Xtra-Centrerad-SVART.png\",\"contentUrl\":\"https:\\\/\\\/lightweb.dev\\\/l\\\/svm-temp\\\/wp-content\\\/uploads\\\/2025\\\/02\\\/SvM-logo-Xtra-Centrerad-SVART.png\",\"width\":300,\"height\":99,\"caption\":\"Melkerson y Nott SL\"},\"image\":{\"@id\":\"https:\\\/\\\/lightweb.dev\\\/l\\\/svm-temp\\\/#\\\/schema\\\/logo\\\/image\\\/\"},\"sameAs\":[\"https:\\\/\\\/www.facebook.com\\\/svenskamagasinet\",\"https:\\\/\\\/x.com\\\/SvenskaMagasine\"]},{\"@type\":\"Person\",\"@id\":\"https:\\\/\\\/lightweb.dev\\\/l\\\/svm-temp\\\/#\\\/schema\\\/person\\\/206a3bda5b607b0c25e1749191e4d837\",\"name\":\"Redaktionen SvM\",\"description\":\"Redaktionen\",\"sameAs\":[\"https:\\\/\\\/lightweb.dev\\\/l\\\/svm-temp\"],\"url\":\"https:\\\/\\\/lightweb.dev\\\/l\\\/svm-temp\\\/reporter\\\/redaktionen\\\/\"}]}<\/script>\n<!-- \/ Yoast SEO Premium plugin. -->","yoast_head_json":{"title":"\u201dSirap\u201d \u00e4r Costa del Sols eget vin - Svenska Magasinet","robots":{"index":"noindex","follow":"follow","max-snippet":"max-snippet:-1","max-image-preview":"max-image-preview:large","max-video-preview":"max-video-preview:-1"},"og_locale":"sv_SE","og_type":"article","og_title":"\u201dSirap\u201d \u00e4r Costa del Sols eget vin","og_description":"M\u00e1laga var ett stort och vida exporterat s\u00f6tt vin redan \u00e5r 1047. Det s\u00f6ta M\u00e1lagavinet dracks av den moriske h\u00e4rskaren Idriss II som kallade det \u201dM\u00e1lagasirap\u201d f\u00f6r att kringg\u00e5 koranens lagar. Av Ola Josefsson 1876 drabbades kusten av en vinlus som t\u00e4rde h\u00e5rt p\u00e5 producenterna och efter det hade vinet sv\u00e5rt att h\u00e4vda sig p\u00e5 [&hellip;]","og_url":"https:\/\/lightweb.dev\/l\/svm-temp\/artiklar\/sirap-ar-costa-del-sols-eget-vin\/","og_site_name":"Svenska Magasinet","article_publisher":"https:\/\/www.facebook.com\/svenskamagasinet","article_published_time":"2008-06-22T22:00:00+00:00","og_image":[{"width":299,"height":200,"url":"https:\/\/lightweb.dev\/l\/svm-temp\/wp-content\/uploads\/2022\/04\/sirap-r-costa-del-sols-eget-vin.png","type":"image\/png"}],"author":"Redaktionen SvM","twitter_card":"summary_large_image","twitter_creator":"@SvenskaMagasine","twitter_site":"@SvenskaMagasine","schema":{"@context":"https:\/\/schema.org","@graph":[{"@type":"Article","@id":"https:\/\/lightweb.dev\/l\/svm-temp\/artiklar\/sirap-ar-costa-del-sols-eget-vin\/#article","isPartOf":{"@id":"https:\/\/lightweb.dev\/l\/svm-temp\/artiklar\/sirap-ar-costa-del-sols-eget-vin\/"},"author":{"name":"Redaktionen SvM","@id":"https:\/\/lightweb.dev\/l\/svm-temp\/#\/schema\/person\/206a3bda5b607b0c25e1749191e4d837"},"headline":"\u201dSirap\u201d \u00e4r Costa del Sols eget vin","datePublished":"2008-06-22T22:00:00+00:00","mainEntityOfPage":{"@id":"https:\/\/lightweb.dev\/l\/svm-temp\/artiklar\/sirap-ar-costa-del-sols-eget-vin\/"},"wordCount":385,"commentCount":0,"publisher":{"@id":"https:\/\/lightweb.dev\/l\/svm-temp\/#organization"},"image":{"@id":"https:\/\/lightweb.dev\/l\/svm-temp\/artiklar\/sirap-ar-costa-del-sols-eget-vin\/#primaryimage"},"thumbnailUrl":"https:\/\/lightweb.dev\/l\/svm-temp\/wp-content\/uploads\/2022\/04\/sirap-r-costa-del-sols-eget-vin.png","articleSection":["Artiklar","Mat &amp; vin"],"inLanguage":"sv-SE"},{"@type":"WebPage","@id":"https:\/\/lightweb.dev\/l\/svm-temp\/artiklar\/sirap-ar-costa-del-sols-eget-vin\/","url":"https:\/\/lightweb.dev\/l\/svm-temp\/artiklar\/sirap-ar-costa-del-sols-eget-vin\/","name":"\u201dSirap\u201d \u00e4r Costa del Sols eget vin - Svenska Magasinet","isPartOf":{"@id":"https:\/\/lightweb.dev\/l\/svm-temp\/#website"},"primaryImageOfPage":{"@id":"https:\/\/lightweb.dev\/l\/svm-temp\/artiklar\/sirap-ar-costa-del-sols-eget-vin\/#primaryimage"},"image":{"@id":"https:\/\/lightweb.dev\/l\/svm-temp\/artiklar\/sirap-ar-costa-del-sols-eget-vin\/#primaryimage"},"thumbnailUrl":"https:\/\/lightweb.dev\/l\/svm-temp\/wp-content\/uploads\/2022\/04\/sirap-r-costa-del-sols-eget-vin.png","datePublished":"2008-06-22T22:00:00+00:00","breadcrumb":{"@id":"https:\/\/lightweb.dev\/l\/svm-temp\/artiklar\/sirap-ar-costa-del-sols-eget-vin\/#breadcrumb"},"inLanguage":"sv-SE","potentialAction":[{"@type":"ReadAction","target":["https:\/\/lightweb.dev\/l\/svm-temp\/artiklar\/sirap-ar-costa-del-sols-eget-vin\/"]}]},{"@type":"ImageObject","inLanguage":"sv-SE","@id":"https:\/\/lightweb.dev\/l\/svm-temp\/artiklar\/sirap-ar-costa-del-sols-eget-vin\/#primaryimage","url":"https:\/\/lightweb.dev\/l\/svm-temp\/wp-content\/uploads\/2022\/04\/sirap-r-costa-del-sols-eget-vin.png","contentUrl":"https:\/\/lightweb.dev\/l\/svm-temp\/wp-content\/uploads\/2022\/04\/sirap-r-costa-del-sols-eget-vin.png","width":299,"height":200},{"@type":"BreadcrumbList","@id":"https:\/\/lightweb.dev\/l\/svm-temp\/artiklar\/sirap-ar-costa-del-sols-eget-vin\/#breadcrumb","itemListElement":[{"@type":"ListItem","position":1,"name":"Hem","item":"https:\/\/lightweb.dev\/l\/svm-temp\/"},{"@type":"ListItem","position":2,"name":"\u201dSirap\u201d \u00e4r Costa del Sols eget vin"}]},{"@type":"WebSite","@id":"https:\/\/lightweb.dev\/l\/svm-temp\/#website","url":"https:\/\/lightweb.dev\/l\/svm-temp\/","name":"Svenska Magasinet","description":"Dina Spanska nyheter p&aring; Svenska","publisher":{"@id":"https:\/\/lightweb.dev\/l\/svm-temp\/#organization"},"potentialAction":[{"@type":"SearchAction","target":{"@type":"EntryPoint","urlTemplate":"https:\/\/lightweb.dev\/l\/svm-temp\/?s={search_term_string}"},"query-input":{"@type":"PropertyValueSpecification","valueRequired":true,"valueName":"search_term_string"}}],"inLanguage":"sv-SE"},{"@type":"Organization","@id":"https:\/\/lightweb.dev\/l\/svm-temp\/#organization","name":"Melkerson y Nott SL","alternateName":"Svenska Magasinet","url":"https:\/\/lightweb.dev\/l\/svm-temp\/","logo":{"@type":"ImageObject","inLanguage":"sv-SE","@id":"https:\/\/lightweb.dev\/l\/svm-temp\/#\/schema\/logo\/image\/","url":"https:\/\/lightweb.dev\/l\/svm-temp\/wp-content\/uploads\/2025\/02\/SvM-logo-Xtra-Centrerad-SVART.png","contentUrl":"https:\/\/lightweb.dev\/l\/svm-temp\/wp-content\/uploads\/2025\/02\/SvM-logo-Xtra-Centrerad-SVART.png","width":300,"height":99,"caption":"Melkerson y Nott SL"},"image":{"@id":"https:\/\/lightweb.dev\/l\/svm-temp\/#\/schema\/logo\/image\/"},"sameAs":["https:\/\/www.facebook.com\/svenskamagasinet","https:\/\/x.com\/SvenskaMagasine"]},{"@type":"Person","@id":"https:\/\/lightweb.dev\/l\/svm-temp\/#\/schema\/person\/206a3bda5b607b0c25e1749191e4d837","name":"Redaktionen SvM","description":"Redaktionen","sameAs":["https:\/\/lightweb.dev\/l\/svm-temp"],"url":"https:\/\/lightweb.dev\/l\/svm-temp\/reporter\/redaktionen\/"}]}},"_links":{"self":[{"href":"https:\/\/lightweb.dev\/l\/svm-temp\/wp-json\/wp\/v2\/posts\/2631","targetHints":{"allow":["GET"]}}],"collection":[{"href":"https:\/\/lightweb.dev\/l\/svm-temp\/wp-json\/wp\/v2\/posts"}],"about":[{"href":"https:\/\/lightweb.dev\/l\/svm-temp\/wp-json\/wp\/v2\/types\/post"}],"author":[{"embeddable":true,"href":"https:\/\/lightweb.dev\/l\/svm-temp\/wp-json\/wp\/v2\/users\/8"}],"replies":[{"embeddable":true,"href":"https:\/\/lightweb.dev\/l\/svm-temp\/wp-json\/wp\/v2\/comments?post=2631"}],"version-history":[{"count":0,"href":"https:\/\/lightweb.dev\/l\/svm-temp\/wp-json\/wp\/v2\/posts\/2631\/revisions"}],"wp:featuredmedia":[{"embeddable":true,"href":"https:\/\/lightweb.dev\/l\/svm-temp\/wp-json\/wp\/v2\/media\/2632"}],"wp:attachment":[{"href":"https:\/\/lightweb.dev\/l\/svm-temp\/wp-json\/wp\/v2\/media?parent=2631"}],"wp:term":[{"taxonomy":"category","embeddable":true,"href":"https:\/\/lightweb.dev\/l\/svm-temp\/wp-json\/wp\/v2\/categories?post=2631"},{"taxonomy":"post_tag","embeddable":true,"href":"https:\/\/lightweb.dev\/l\/svm-temp\/wp-json\/wp\/v2\/tags?post=2631"}],"curies":[{"name":"wp","href":"https:\/\/api.w.org\/{rel}","templated":true}]}}