{"id":2654,"date":"2008-06-02T00:00:00","date_gmt":"2008-06-01T22:00:00","guid":{"rendered":"https:\/\/lightweb.dev\/l\/svm-temp\/kann-vindens-historiska-vingslag\/"},"modified":"2008-06-02T00:00:00","modified_gmt":"2008-06-01T22:00:00","slug":"kann-vindens-historiska-vingslag","status":"publish","type":"post","link":"https:\/\/lightweb.dev\/l\/svm-temp\/artiklar\/kann-vindens-historiska-vingslag\/","title":{"rendered":"K\u00e4nn vindens historiska vingslag"},"content":{"rendered":"<p> Vid Tarifa finns tv\u00e5 romerska l\u00e4mningar fr\u00e5n 200-talet f.v.t. Det \u00e4r Mellar\u00eda och framf\u00f6r allt Baelo Claudia som ligger precis vid kanten av den k\u00e4nda Bolonia-stranden med vit, finkornig sand Av Ola Josefsson<br \/>\nFoto Gustavo Fern\u00e1ndez<\/p>\n<p>Det arkeologiska komplexet Baelo Claudia \u00e4r av stort intresse. H\u00e4r finns ett museum bel\u00e4get i en stor byggnad med v\u00e4ldiga panoramaf\u00f6nster mot de romerska l\u00e4mningarna, l\u00e4mpligt vid d\u00e5ligt v\u00e4der. Annars kan du g\u00e5 helt fritt bland ruinerna. Alla EU-medborgare kommer in gratis.<\/p>\n<p>Fj\u00e4rde kejsaren<br \/>\nDen gamla romerska staden Baelo Claudia med gator och akvedukter har ruiner av teater, fiskindustri med insaltning, badanl\u00e4ggningar, marknadsplats och platser f\u00f6r tillbedjan. Staden byggdes f\u00f6re Kristi f\u00f6delse och hade tidigt f\u00f6rbindelse med Tanger i Nordafrika.<br \/>\nNamnet kommer av Claudius som var det romerska rikets fj\u00e4rde kejsare fr\u00e5n den 24 januari \u00e5r 41 till sin d\u00f6d 13 oktober \u00e5r 54. Enligt vissa uppgifter f\u00f6rgiftade hans fj\u00e4rde hustru honom med en svampr\u00e4tt s\u00e5 att han avled. Hans fullst\u00e4ndiga namn var egentligen Tiberius Claudius Drusus Nero Germanicus.<br \/>\nUnder kejsar Claudius styre uppf\u00f6rdes m\u00e5nga imponerande byggnadsverk och nya provinser inkorporerades. Under Claudius tid inleddes den romerska expansionen p\u00e5 de brittiska \u00f6arna.<\/p>\n<p>Betydande fiskeindustri<br \/>\nMan tror att Baelo Claudia \u00e4ven var ett administrativt centrum f\u00f6rutom att staden hade en betydande fiskindustri d\u00e4r insaltning av fisk var huvudn\u00e4ringen. H\u00e4r tillverkades n\u00e4mligen garum, ett av d\u00e5tidens f\u00f6rsta kosttillskott och en allm\u00e4nt spridd och mycket viktig smaks\u00e4ttare i det antika romerska k\u00f6ket.<br \/>\nEnligt boken Pompeji av Maja Lundgren tillverkades den kanske godaste garumen av spansk makrill. Den bereddes av fiskrens, mestadels fr\u00e5n makrill. Renset blandades med salt, vin\u00e4ger och \u00f6rter i till exempel ett lergodsk\u00e4rl och st\u00e4lldes ut i solv\u00e4rmen f\u00f6r att j\u00e4sa. Efter en tid h\u00e4llde man av den j\u00e4sta v\u00e4tskan och anv\u00e4nde den som s\u00e5s i diverse kulinariska anr\u00e4ttningar. I Baelo Claudia fanns en s\u00e5dan betydande fiskindustri.<br \/>\nUnder 200-talet blev det en ekonomisk nedg\u00e5ng, mycket beroende p\u00e5 ett jordskalv i omr\u00e5det som orsakade skador p\u00e5 staden. Staden renoverades d\u00e4refter f\u00f6r att p\u00e5 700-talet mista sin status och tillbakag\u00e5ngen var ett faktum.<\/p>\n<p>S\u00e5 hittar du till Baelo Claudia<br \/>\nF\u00f6lj riksv\u00e4g N-340 f\u00f6rbi Tarifa fram till kilometerskylten km. 70.2 d\u00e4r du tar av p\u00e5 v\u00e4g CA.P.8202. F\u00f6lj skyltarna mot Ensenada de Bolonia och Baelo. Baelo Claudia h\u00e5ller \u00f6ppet sommartid tisdagar till l\u00f6rdagar mellan klockan 10 till 20. S\u00f6ndagar 10 till 14. M\u00e5ndagar st\u00e4ngt. <\/p>\n","protected":false},"excerpt":{"rendered":"<p>Vid Tarifa finns tv\u00e5 romerska l\u00e4mningar fr\u00e5n 200-talet f.v.t. Det \u00e4r Mellar\u00eda och framf\u00f6r allt Baelo Claudia som ligger precis vid kanten av den k\u00e4nda Bolonia-stranden med vit, finkornig sand Av Ola Josefsson Foto Gustavo Fern\u00e1ndez Det arkeologiska komplexet Baelo Claudia \u00e4r av stort intresse. H\u00e4r finns ett museum bel\u00e4get i en stor byggnad med [&hellip;]<\/p>\n","protected":false},"author":8,"featured_media":2655,"comment_status":"open","ping_status":"open","sticky":false,"template":"","format":"standard","meta":{"_et_pb_use_builder":"","_et_pb_old_content":"","_et_gb_content_width":"","footnotes":""},"categories":[396,4],"tags":[],"class_list":["post-2654","post","type-post","status-publish","format-standard","has-post-thumbnail","hentry","category-arkiv-artiklar","category-artiklar"],"yoast_head":"<!-- This site is optimized with the Yoast SEO Premium plugin v26.2 (Yoast SEO v27.4) - https:\/\/yoast.com\/product\/yoast-seo-premium-wordpress\/ -->\n<title>K\u00e4nn vindens historiska vingslag - Svenska Magasinet<\/title>\n<meta name=\"robots\" content=\"noindex, follow, max-snippet:-1, max-image-preview:large, max-video-preview:-1\" \/>\n<meta property=\"og:locale\" content=\"sv_SE\" \/>\n<meta property=\"og:type\" content=\"article\" \/>\n<meta property=\"og:title\" content=\"K\u00e4nn vindens historiska vingslag\" \/>\n<meta property=\"og:description\" content=\"Vid Tarifa finns tv\u00e5 romerska l\u00e4mningar fr\u00e5n 200-talet f.v.t. Det \u00e4r Mellar\u00eda och framf\u00f6r allt Baelo Claudia som ligger precis vid kanten av den k\u00e4nda Bolonia-stranden med vit, finkornig sand Av Ola Josefsson Foto Gustavo Fern\u00e1ndez Det arkeologiska komplexet Baelo Claudia \u00e4r av stort intresse. H\u00e4r finns ett museum bel\u00e4get i en stor byggnad med [&hellip;]\" \/>\n<meta property=\"og:url\" content=\"https:\/\/lightweb.dev\/l\/svm-temp\/artiklar\/kann-vindens-historiska-vingslag\/\" \/>\n<meta property=\"og:site_name\" content=\"Svenska Magasinet\" \/>\n<meta property=\"article:publisher\" content=\"https:\/\/www.facebook.com\/svenskamagasinet\" \/>\n<meta property=\"article:published_time\" content=\"2008-06-01T22:00:00+00:00\" \/>\n<meta property=\"og:image\" content=\"https:\/\/lightweb.dev\/l\/svm-temp\/wp-content\/uploads\/2022\/04\/knn-vindens-historiska-vingslag.png\" \/>\n\t<meta property=\"og:image:width\" content=\"299\" \/>\n\t<meta property=\"og:image:height\" content=\"200\" \/>\n\t<meta property=\"og:image:type\" content=\"image\/png\" \/>\n<meta name=\"author\" content=\"Redaktionen SvM\" \/>\n<meta name=\"twitter:card\" content=\"summary_large_image\" \/>\n<meta name=\"twitter:creator\" content=\"@SvenskaMagasine\" \/>\n<meta name=\"twitter:site\" content=\"@SvenskaMagasine\" \/>\n<script type=\"application\/ld+json\" class=\"yoast-schema-graph\">{\"@context\":\"https:\\\/\\\/schema.org\",\"@graph\":[{\"@type\":\"Article\",\"@id\":\"https:\\\/\\\/lightweb.dev\\\/l\\\/svm-temp\\\/artiklar\\\/kann-vindens-historiska-vingslag\\\/#article\",\"isPartOf\":{\"@id\":\"https:\\\/\\\/lightweb.dev\\\/l\\\/svm-temp\\\/artiklar\\\/kann-vindens-historiska-vingslag\\\/\"},\"author\":{\"name\":\"Redaktionen SvM\",\"@id\":\"https:\\\/\\\/lightweb.dev\\\/l\\\/svm-temp\\\/#\\\/schema\\\/person\\\/206a3bda5b607b0c25e1749191e4d837\"},\"headline\":\"K\u00e4nn vindens historiska vingslag\",\"datePublished\":\"2008-06-01T22:00:00+00:00\",\"mainEntityOfPage\":{\"@id\":\"https:\\\/\\\/lightweb.dev\\\/l\\\/svm-temp\\\/artiklar\\\/kann-vindens-historiska-vingslag\\\/\"},\"wordCount\":454,\"commentCount\":0,\"publisher\":{\"@id\":\"https:\\\/\\\/lightweb.dev\\\/l\\\/svm-temp\\\/#organization\"},\"image\":{\"@id\":\"https:\\\/\\\/lightweb.dev\\\/l\\\/svm-temp\\\/artiklar\\\/kann-vindens-historiska-vingslag\\\/#primaryimage\"},\"thumbnailUrl\":\"https:\\\/\\\/lightweb.dev\\\/l\\\/svm-temp\\\/wp-content\\\/uploads\\\/2022\\\/04\\\/knn-vindens-historiska-vingslag.png\",\"articleSection\":[\"Arkiv\",\"Artiklar\"],\"inLanguage\":\"sv-SE\"},{\"@type\":\"WebPage\",\"@id\":\"https:\\\/\\\/lightweb.dev\\\/l\\\/svm-temp\\\/artiklar\\\/kann-vindens-historiska-vingslag\\\/\",\"url\":\"https:\\\/\\\/lightweb.dev\\\/l\\\/svm-temp\\\/artiklar\\\/kann-vindens-historiska-vingslag\\\/\",\"name\":\"K\u00e4nn vindens historiska vingslag - Svenska Magasinet\",\"isPartOf\":{\"@id\":\"https:\\\/\\\/lightweb.dev\\\/l\\\/svm-temp\\\/#website\"},\"primaryImageOfPage\":{\"@id\":\"https:\\\/\\\/lightweb.dev\\\/l\\\/svm-temp\\\/artiklar\\\/kann-vindens-historiska-vingslag\\\/#primaryimage\"},\"image\":{\"@id\":\"https:\\\/\\\/lightweb.dev\\\/l\\\/svm-temp\\\/artiklar\\\/kann-vindens-historiska-vingslag\\\/#primaryimage\"},\"thumbnailUrl\":\"https:\\\/\\\/lightweb.dev\\\/l\\\/svm-temp\\\/wp-content\\\/uploads\\\/2022\\\/04\\\/knn-vindens-historiska-vingslag.png\",\"datePublished\":\"2008-06-01T22:00:00+00:00\",\"breadcrumb\":{\"@id\":\"https:\\\/\\\/lightweb.dev\\\/l\\\/svm-temp\\\/artiklar\\\/kann-vindens-historiska-vingslag\\\/#breadcrumb\"},\"inLanguage\":\"sv-SE\",\"potentialAction\":[{\"@type\":\"ReadAction\",\"target\":[\"https:\\\/\\\/lightweb.dev\\\/l\\\/svm-temp\\\/artiklar\\\/kann-vindens-historiska-vingslag\\\/\"]}]},{\"@type\":\"ImageObject\",\"inLanguage\":\"sv-SE\",\"@id\":\"https:\\\/\\\/lightweb.dev\\\/l\\\/svm-temp\\\/artiklar\\\/kann-vindens-historiska-vingslag\\\/#primaryimage\",\"url\":\"https:\\\/\\\/lightweb.dev\\\/l\\\/svm-temp\\\/wp-content\\\/uploads\\\/2022\\\/04\\\/knn-vindens-historiska-vingslag.png\",\"contentUrl\":\"https:\\\/\\\/lightweb.dev\\\/l\\\/svm-temp\\\/wp-content\\\/uploads\\\/2022\\\/04\\\/knn-vindens-historiska-vingslag.png\",\"width\":299,\"height\":200},{\"@type\":\"BreadcrumbList\",\"@id\":\"https:\\\/\\\/lightweb.dev\\\/l\\\/svm-temp\\\/artiklar\\\/kann-vindens-historiska-vingslag\\\/#breadcrumb\",\"itemListElement\":[{\"@type\":\"ListItem\",\"position\":1,\"name\":\"Hem\",\"item\":\"https:\\\/\\\/lightweb.dev\\\/l\\\/svm-temp\\\/\"},{\"@type\":\"ListItem\",\"position\":2,\"name\":\"K\u00e4nn vindens historiska vingslag\"}]},{\"@type\":\"WebSite\",\"@id\":\"https:\\\/\\\/lightweb.dev\\\/l\\\/svm-temp\\\/#website\",\"url\":\"https:\\\/\\\/lightweb.dev\\\/l\\\/svm-temp\\\/\",\"name\":\"Svenska Magasinet\",\"description\":\"Dina Spanska nyheter p&aring; Svenska\",\"publisher\":{\"@id\":\"https:\\\/\\\/lightweb.dev\\\/l\\\/svm-temp\\\/#organization\"},\"potentialAction\":[{\"@type\":\"SearchAction\",\"target\":{\"@type\":\"EntryPoint\",\"urlTemplate\":\"https:\\\/\\\/lightweb.dev\\\/l\\\/svm-temp\\\/?s={search_term_string}\"},\"query-input\":{\"@type\":\"PropertyValueSpecification\",\"valueRequired\":true,\"valueName\":\"search_term_string\"}}],\"inLanguage\":\"sv-SE\"},{\"@type\":\"Organization\",\"@id\":\"https:\\\/\\\/lightweb.dev\\\/l\\\/svm-temp\\\/#organization\",\"name\":\"Melkerson y Nott SL\",\"alternateName\":\"Svenska Magasinet\",\"url\":\"https:\\\/\\\/lightweb.dev\\\/l\\\/svm-temp\\\/\",\"logo\":{\"@type\":\"ImageObject\",\"inLanguage\":\"sv-SE\",\"@id\":\"https:\\\/\\\/lightweb.dev\\\/l\\\/svm-temp\\\/#\\\/schema\\\/logo\\\/image\\\/\",\"url\":\"https:\\\/\\\/lightweb.dev\\\/l\\\/svm-temp\\\/wp-content\\\/uploads\\\/2025\\\/02\\\/SvM-logo-Xtra-Centrerad-SVART.png\",\"contentUrl\":\"https:\\\/\\\/lightweb.dev\\\/l\\\/svm-temp\\\/wp-content\\\/uploads\\\/2025\\\/02\\\/SvM-logo-Xtra-Centrerad-SVART.png\",\"width\":300,\"height\":99,\"caption\":\"Melkerson y Nott SL\"},\"image\":{\"@id\":\"https:\\\/\\\/lightweb.dev\\\/l\\\/svm-temp\\\/#\\\/schema\\\/logo\\\/image\\\/\"},\"sameAs\":[\"https:\\\/\\\/www.facebook.com\\\/svenskamagasinet\",\"https:\\\/\\\/x.com\\\/SvenskaMagasine\"]},{\"@type\":\"Person\",\"@id\":\"https:\\\/\\\/lightweb.dev\\\/l\\\/svm-temp\\\/#\\\/schema\\\/person\\\/206a3bda5b607b0c25e1749191e4d837\",\"name\":\"Redaktionen SvM\",\"description\":\"Redaktionen\",\"sameAs\":[\"https:\\\/\\\/lightweb.dev\\\/l\\\/svm-temp\"],\"url\":\"https:\\\/\\\/lightweb.dev\\\/l\\\/svm-temp\\\/reporter\\\/redaktionen\\\/\"}]}<\/script>\n<!-- \/ Yoast SEO Premium plugin. -->","yoast_head_json":{"title":"K\u00e4nn vindens historiska vingslag - Svenska Magasinet","robots":{"index":"noindex","follow":"follow","max-snippet":"max-snippet:-1","max-image-preview":"max-image-preview:large","max-video-preview":"max-video-preview:-1"},"og_locale":"sv_SE","og_type":"article","og_title":"K\u00e4nn vindens historiska vingslag","og_description":"Vid Tarifa finns tv\u00e5 romerska l\u00e4mningar fr\u00e5n 200-talet f.v.t. Det \u00e4r Mellar\u00eda och framf\u00f6r allt Baelo Claudia som ligger precis vid kanten av den k\u00e4nda Bolonia-stranden med vit, finkornig sand Av Ola Josefsson Foto Gustavo Fern\u00e1ndez Det arkeologiska komplexet Baelo Claudia \u00e4r av stort intresse. H\u00e4r finns ett museum bel\u00e4get i en stor byggnad med [&hellip;]","og_url":"https:\/\/lightweb.dev\/l\/svm-temp\/artiklar\/kann-vindens-historiska-vingslag\/","og_site_name":"Svenska Magasinet","article_publisher":"https:\/\/www.facebook.com\/svenskamagasinet","article_published_time":"2008-06-01T22:00:00+00:00","og_image":[{"width":299,"height":200,"url":"https:\/\/lightweb.dev\/l\/svm-temp\/wp-content\/uploads\/2022\/04\/knn-vindens-historiska-vingslag.png","type":"image\/png"}],"author":"Redaktionen SvM","twitter_card":"summary_large_image","twitter_creator":"@SvenskaMagasine","twitter_site":"@SvenskaMagasine","schema":{"@context":"https:\/\/schema.org","@graph":[{"@type":"Article","@id":"https:\/\/lightweb.dev\/l\/svm-temp\/artiklar\/kann-vindens-historiska-vingslag\/#article","isPartOf":{"@id":"https:\/\/lightweb.dev\/l\/svm-temp\/artiklar\/kann-vindens-historiska-vingslag\/"},"author":{"name":"Redaktionen SvM","@id":"https:\/\/lightweb.dev\/l\/svm-temp\/#\/schema\/person\/206a3bda5b607b0c25e1749191e4d837"},"headline":"K\u00e4nn vindens historiska vingslag","datePublished":"2008-06-01T22:00:00+00:00","mainEntityOfPage":{"@id":"https:\/\/lightweb.dev\/l\/svm-temp\/artiklar\/kann-vindens-historiska-vingslag\/"},"wordCount":454,"commentCount":0,"publisher":{"@id":"https:\/\/lightweb.dev\/l\/svm-temp\/#organization"},"image":{"@id":"https:\/\/lightweb.dev\/l\/svm-temp\/artiklar\/kann-vindens-historiska-vingslag\/#primaryimage"},"thumbnailUrl":"https:\/\/lightweb.dev\/l\/svm-temp\/wp-content\/uploads\/2022\/04\/knn-vindens-historiska-vingslag.png","articleSection":["Arkiv","Artiklar"],"inLanguage":"sv-SE"},{"@type":"WebPage","@id":"https:\/\/lightweb.dev\/l\/svm-temp\/artiklar\/kann-vindens-historiska-vingslag\/","url":"https:\/\/lightweb.dev\/l\/svm-temp\/artiklar\/kann-vindens-historiska-vingslag\/","name":"K\u00e4nn vindens historiska vingslag - Svenska Magasinet","isPartOf":{"@id":"https:\/\/lightweb.dev\/l\/svm-temp\/#website"},"primaryImageOfPage":{"@id":"https:\/\/lightweb.dev\/l\/svm-temp\/artiklar\/kann-vindens-historiska-vingslag\/#primaryimage"},"image":{"@id":"https:\/\/lightweb.dev\/l\/svm-temp\/artiklar\/kann-vindens-historiska-vingslag\/#primaryimage"},"thumbnailUrl":"https:\/\/lightweb.dev\/l\/svm-temp\/wp-content\/uploads\/2022\/04\/knn-vindens-historiska-vingslag.png","datePublished":"2008-06-01T22:00:00+00:00","breadcrumb":{"@id":"https:\/\/lightweb.dev\/l\/svm-temp\/artiklar\/kann-vindens-historiska-vingslag\/#breadcrumb"},"inLanguage":"sv-SE","potentialAction":[{"@type":"ReadAction","target":["https:\/\/lightweb.dev\/l\/svm-temp\/artiklar\/kann-vindens-historiska-vingslag\/"]}]},{"@type":"ImageObject","inLanguage":"sv-SE","@id":"https:\/\/lightweb.dev\/l\/svm-temp\/artiklar\/kann-vindens-historiska-vingslag\/#primaryimage","url":"https:\/\/lightweb.dev\/l\/svm-temp\/wp-content\/uploads\/2022\/04\/knn-vindens-historiska-vingslag.png","contentUrl":"https:\/\/lightweb.dev\/l\/svm-temp\/wp-content\/uploads\/2022\/04\/knn-vindens-historiska-vingslag.png","width":299,"height":200},{"@type":"BreadcrumbList","@id":"https:\/\/lightweb.dev\/l\/svm-temp\/artiklar\/kann-vindens-historiska-vingslag\/#breadcrumb","itemListElement":[{"@type":"ListItem","position":1,"name":"Hem","item":"https:\/\/lightweb.dev\/l\/svm-temp\/"},{"@type":"ListItem","position":2,"name":"K\u00e4nn vindens historiska vingslag"}]},{"@type":"WebSite","@id":"https:\/\/lightweb.dev\/l\/svm-temp\/#website","url":"https:\/\/lightweb.dev\/l\/svm-temp\/","name":"Svenska Magasinet","description":"Dina Spanska nyheter p&aring; Svenska","publisher":{"@id":"https:\/\/lightweb.dev\/l\/svm-temp\/#organization"},"potentialAction":[{"@type":"SearchAction","target":{"@type":"EntryPoint","urlTemplate":"https:\/\/lightweb.dev\/l\/svm-temp\/?s={search_term_string}"},"query-input":{"@type":"PropertyValueSpecification","valueRequired":true,"valueName":"search_term_string"}}],"inLanguage":"sv-SE"},{"@type":"Organization","@id":"https:\/\/lightweb.dev\/l\/svm-temp\/#organization","name":"Melkerson y Nott SL","alternateName":"Svenska Magasinet","url":"https:\/\/lightweb.dev\/l\/svm-temp\/","logo":{"@type":"ImageObject","inLanguage":"sv-SE","@id":"https:\/\/lightweb.dev\/l\/svm-temp\/#\/schema\/logo\/image\/","url":"https:\/\/lightweb.dev\/l\/svm-temp\/wp-content\/uploads\/2025\/02\/SvM-logo-Xtra-Centrerad-SVART.png","contentUrl":"https:\/\/lightweb.dev\/l\/svm-temp\/wp-content\/uploads\/2025\/02\/SvM-logo-Xtra-Centrerad-SVART.png","width":300,"height":99,"caption":"Melkerson y Nott SL"},"image":{"@id":"https:\/\/lightweb.dev\/l\/svm-temp\/#\/schema\/logo\/image\/"},"sameAs":["https:\/\/www.facebook.com\/svenskamagasinet","https:\/\/x.com\/SvenskaMagasine"]},{"@type":"Person","@id":"https:\/\/lightweb.dev\/l\/svm-temp\/#\/schema\/person\/206a3bda5b607b0c25e1749191e4d837","name":"Redaktionen SvM","description":"Redaktionen","sameAs":["https:\/\/lightweb.dev\/l\/svm-temp"],"url":"https:\/\/lightweb.dev\/l\/svm-temp\/reporter\/redaktionen\/"}]}},"_links":{"self":[{"href":"https:\/\/lightweb.dev\/l\/svm-temp\/wp-json\/wp\/v2\/posts\/2654","targetHints":{"allow":["GET"]}}],"collection":[{"href":"https:\/\/lightweb.dev\/l\/svm-temp\/wp-json\/wp\/v2\/posts"}],"about":[{"href":"https:\/\/lightweb.dev\/l\/svm-temp\/wp-json\/wp\/v2\/types\/post"}],"author":[{"embeddable":true,"href":"https:\/\/lightweb.dev\/l\/svm-temp\/wp-json\/wp\/v2\/users\/8"}],"replies":[{"embeddable":true,"href":"https:\/\/lightweb.dev\/l\/svm-temp\/wp-json\/wp\/v2\/comments?post=2654"}],"version-history":[{"count":0,"href":"https:\/\/lightweb.dev\/l\/svm-temp\/wp-json\/wp\/v2\/posts\/2654\/revisions"}],"wp:featuredmedia":[{"embeddable":true,"href":"https:\/\/lightweb.dev\/l\/svm-temp\/wp-json\/wp\/v2\/media\/2655"}],"wp:attachment":[{"href":"https:\/\/lightweb.dev\/l\/svm-temp\/wp-json\/wp\/v2\/media?parent=2654"}],"wp:term":[{"taxonomy":"category","embeddable":true,"href":"https:\/\/lightweb.dev\/l\/svm-temp\/wp-json\/wp\/v2\/categories?post=2654"},{"taxonomy":"post_tag","embeddable":true,"href":"https:\/\/lightweb.dev\/l\/svm-temp\/wp-json\/wp\/v2\/tags?post=2654"}],"curies":[{"name":"wp","href":"https:\/\/api.w.org\/{rel}","templated":true}]}}