{"id":2670,"date":"2008-06-02T00:00:00","date_gmt":"2008-06-01T22:00:00","guid":{"rendered":"https:\/\/lightweb.dev\/l\/svm-temp\/sommarmode-2008-korta-shorts-monster-och-blommigt\/"},"modified":"2008-06-02T00:00:00","modified_gmt":"2008-06-01T22:00:00","slug":"sommarmode-2008-korta-shorts-monster-och-blommigt","status":"publish","type":"post","link":"https:\/\/lightweb.dev\/l\/svm-temp\/artiklar\/sommarmode-2008-korta-shorts-monster-och-blommigt\/","title":{"rendered":"Sommarmode 2008: Korta shorts, m\u00f6nster och blommigt"},"content":{"rendered":"<p> Med f\u00f6rsommar och sommar \u00e4ndrar modet sin karakt\u00e4r. Hur ser det ut inf\u00f6r sommaren 2008? Av Petra Sundqvist<\/p>\n<p>P\u00e5 damsidan kommer det vara mycket m\u00f6nstrat, fr\u00e5n m\u00f6rka till ljusa m\u00f6nster i olika former. Framf\u00f6rallt \u00e4r det tjocka m\u00f6nster med inslag av ljusa bakgrundsf\u00e4rger som orange, gult och rosa. Framf\u00f6rallt s\u00e5 ska f\u00e4rgerna vara ljusa i synnerhet p\u00e5 toppar.<br \/>\nPlagg som f\u00f6rv\u00e4ntas bli stora \u00e4r minishortsen, g\u00e4rna med h\u00f6g midja. I jeansmodet har det varit stupr\u00f6r som varit inne ett bra tag, men nu g\u00f6r de utsv\u00e4ngda jeansen comeback, \u00e4ven med h\u00f6g midja.<br \/>\nBallongkjolar, tunikor, markerande axlar \u00e4r n\u00e5got som kommer att finnas mycket av fram\u00f6ver.<br \/>\nP\u00e5 b\u00e5de dam- och herrfronten ser vi ocks\u00e5 allt mer T-shirts med tryck. Ofta \u00e4r det ett tryck mitt p\u00e5 T-shirten eller p\u00e5 ryggen.<\/p>\n<p>Kl\u00e4nningar<br \/>\nKl\u00e4nningar i helhet har kommit tillbaka allt mer och fler anv\u00e4nder det idag. F\u00f6r n\u00e5gra \u00e5r sen var det ett kl\u00e4desplagg som h\u00f6ll p\u00e5 att trilla bort och fler anv\u00e4nde sig av linne, byxor och kjolar.<br \/>\nTill gl\u00e4dje s\u00e5 kommer detta plagg \u00e5terigen tillbaka fr\u00e5n f\u00f6rr och nu finns det p\u00e5 nytt m\u00e5nga k\u00e4nda designers som snappat upp detta. Man vill \u00e5terigen f\u00e5 inslag fr\u00e5n f\u00f6rr och d\u00e4rf\u00f6r \u00e4r kl\u00e4nningarna i sommar blommiga. Det ska vara stora blommor i olika f\u00e4rger.<\/p>\n<p>Herr<br \/>\nDet \u00e4r inte bara T-shirts med tryck som \u00e4r popul\u00e4rt utan de ska ocks\u00e5 vara urringade i olika f\u00e4rger, ofta lite seglaraktigt. Tjocka m\u00f6nster syns p\u00e5 herrsidan p\u00e5 exempelvis sommarshortsen. Shortsen kommer att vara i starka f\u00e4rger.<br \/>\nP\u00e5 cat walken ser vi just nu m\u00e4n med kavajer som blir allt tajtare. F\u00f6rr var det endast p\u00e5 fina fester som man s\u00e5g m\u00e4n i kavajer med nu har det blivit mode att ha \u00e4ven ha dem till vardags.<br \/>\nAllt fler v\u00e4ljer att k\u00f6pa kavajer. Det \u00e4r m\u00e5nga filmstj\u00e4rnor som s\u00e4ttet detta mode och v\u00e4ljer att ha kavaj i olika sammanhang.<\/p>\n<p>N\u00e5r kunden<br \/>\nDesigners vill n\u00e5 ut med k\u00e4nslan att det ska vara l\u00e4tta, h\u00e4ftiga kl\u00e4der som inspirerar m\u00e4nniskor. Det finns olika k\u00f6pare av kl\u00e4der. De som genast pr\u00f6var nya stilar och sedan har vi eftersl\u00e4ntrarna som k\u00f6per kl\u00e4derna bara f\u00f6r att andra g\u00f6r det. Det \u00e4r allts\u00e5 genom denna process som en viss modestil kommer och allt fler uppt\u00e4cker den. <\/p>\n","protected":false},"excerpt":{"rendered":"<p>Med f\u00f6rsommar och sommar \u00e4ndrar modet sin karakt\u00e4r. Hur ser det ut inf\u00f6r sommaren 2008? Av Petra Sundqvist P\u00e5 damsidan kommer det vara mycket m\u00f6nstrat, fr\u00e5n m\u00f6rka till ljusa m\u00f6nster i olika former. Framf\u00f6rallt \u00e4r det tjocka m\u00f6nster med inslag av ljusa bakgrundsf\u00e4rger som orange, gult och rosa. Framf\u00f6rallt s\u00e5 ska f\u00e4rgerna vara ljusa i [&hellip;]<\/p>\n","protected":false},"author":8,"featured_media":2671,"comment_status":"open","ping_status":"open","sticky":false,"template":"","format":"standard","meta":{"_et_pb_use_builder":"","_et_pb_old_content":"","_et_gb_content_width":"","footnotes":""},"categories":[396,4],"tags":[],"class_list":["post-2670","post","type-post","status-publish","format-standard","has-post-thumbnail","hentry","category-arkiv-artiklar","category-artiklar"],"yoast_head":"<!-- This site is optimized with the Yoast SEO Premium plugin v26.2 (Yoast SEO v27.4) - https:\/\/yoast.com\/product\/yoast-seo-premium-wordpress\/ -->\n<title>Sommarmode 2008: Korta shorts, m\u00f6nster och blommigt - Svenska Magasinet<\/title>\n<meta name=\"robots\" content=\"noindex, follow, max-snippet:-1, max-image-preview:large, max-video-preview:-1\" \/>\n<meta property=\"og:locale\" content=\"sv_SE\" \/>\n<meta property=\"og:type\" content=\"article\" \/>\n<meta property=\"og:title\" content=\"Sommarmode 2008: Korta shorts, m\u00f6nster och blommigt\" \/>\n<meta property=\"og:description\" content=\"Med f\u00f6rsommar och sommar \u00e4ndrar modet sin karakt\u00e4r. Hur ser det ut inf\u00f6r sommaren 2008? Av Petra Sundqvist P\u00e5 damsidan kommer det vara mycket m\u00f6nstrat, fr\u00e5n m\u00f6rka till ljusa m\u00f6nster i olika former. Framf\u00f6rallt \u00e4r det tjocka m\u00f6nster med inslag av ljusa bakgrundsf\u00e4rger som orange, gult och rosa. Framf\u00f6rallt s\u00e5 ska f\u00e4rgerna vara ljusa i [&hellip;]\" \/>\n<meta property=\"og:url\" content=\"https:\/\/lightweb.dev\/l\/svm-temp\/artiklar\/sommarmode-2008-korta-shorts-monster-och-blommigt\/\" \/>\n<meta property=\"og:site_name\" content=\"Svenska Magasinet\" \/>\n<meta property=\"article:publisher\" content=\"https:\/\/www.facebook.com\/svenskamagasinet\" \/>\n<meta property=\"article:published_time\" content=\"2008-06-01T22:00:00+00:00\" \/>\n<meta property=\"og:image\" content=\"https:\/\/lightweb.dev\/l\/svm-temp\/wp-content\/uploads\/2022\/04\/sommarmode-2008-korta-shorts-mnster-och-blommigt.png\" \/>\n\t<meta property=\"og:image:width\" content=\"280\" \/>\n\t<meta property=\"og:image:height\" content=\"420\" \/>\n\t<meta property=\"og:image:type\" content=\"image\/png\" \/>\n<meta name=\"author\" content=\"Redaktionen SvM\" \/>\n<meta name=\"twitter:card\" content=\"summary_large_image\" \/>\n<meta name=\"twitter:creator\" content=\"@SvenskaMagasine\" \/>\n<meta name=\"twitter:site\" content=\"@SvenskaMagasine\" \/>\n<script type=\"application\/ld+json\" class=\"yoast-schema-graph\">{\"@context\":\"https:\\\/\\\/schema.org\",\"@graph\":[{\"@type\":\"Article\",\"@id\":\"https:\\\/\\\/lightweb.dev\\\/l\\\/svm-temp\\\/artiklar\\\/sommarmode-2008-korta-shorts-monster-och-blommigt\\\/#article\",\"isPartOf\":{\"@id\":\"https:\\\/\\\/lightweb.dev\\\/l\\\/svm-temp\\\/artiklar\\\/sommarmode-2008-korta-shorts-monster-och-blommigt\\\/\"},\"author\":{\"name\":\"Redaktionen SvM\",\"@id\":\"https:\\\/\\\/lightweb.dev\\\/l\\\/svm-temp\\\/#\\\/schema\\\/person\\\/206a3bda5b607b0c25e1749191e4d837\"},\"headline\":\"Sommarmode 2008: Korta shorts, m\u00f6nster och blommigt\",\"datePublished\":\"2008-06-01T22:00:00+00:00\",\"mainEntityOfPage\":{\"@id\":\"https:\\\/\\\/lightweb.dev\\\/l\\\/svm-temp\\\/artiklar\\\/sommarmode-2008-korta-shorts-monster-och-blommigt\\\/\"},\"wordCount\":448,\"commentCount\":0,\"publisher\":{\"@id\":\"https:\\\/\\\/lightweb.dev\\\/l\\\/svm-temp\\\/#organization\"},\"image\":{\"@id\":\"https:\\\/\\\/lightweb.dev\\\/l\\\/svm-temp\\\/artiklar\\\/sommarmode-2008-korta-shorts-monster-och-blommigt\\\/#primaryimage\"},\"thumbnailUrl\":\"https:\\\/\\\/lightweb.dev\\\/l\\\/svm-temp\\\/wp-content\\\/uploads\\\/2022\\\/04\\\/sommarmode-2008-korta-shorts-mnster-och-blommigt.png\",\"articleSection\":[\"Arkiv\",\"Artiklar\"],\"inLanguage\":\"sv-SE\"},{\"@type\":\"WebPage\",\"@id\":\"https:\\\/\\\/lightweb.dev\\\/l\\\/svm-temp\\\/artiklar\\\/sommarmode-2008-korta-shorts-monster-och-blommigt\\\/\",\"url\":\"https:\\\/\\\/lightweb.dev\\\/l\\\/svm-temp\\\/artiklar\\\/sommarmode-2008-korta-shorts-monster-och-blommigt\\\/\",\"name\":\"Sommarmode 2008: Korta shorts, m\u00f6nster och blommigt - Svenska Magasinet\",\"isPartOf\":{\"@id\":\"https:\\\/\\\/lightweb.dev\\\/l\\\/svm-temp\\\/#website\"},\"primaryImageOfPage\":{\"@id\":\"https:\\\/\\\/lightweb.dev\\\/l\\\/svm-temp\\\/artiklar\\\/sommarmode-2008-korta-shorts-monster-och-blommigt\\\/#primaryimage\"},\"image\":{\"@id\":\"https:\\\/\\\/lightweb.dev\\\/l\\\/svm-temp\\\/artiklar\\\/sommarmode-2008-korta-shorts-monster-och-blommigt\\\/#primaryimage\"},\"thumbnailUrl\":\"https:\\\/\\\/lightweb.dev\\\/l\\\/svm-temp\\\/wp-content\\\/uploads\\\/2022\\\/04\\\/sommarmode-2008-korta-shorts-mnster-och-blommigt.png\",\"datePublished\":\"2008-06-01T22:00:00+00:00\",\"breadcrumb\":{\"@id\":\"https:\\\/\\\/lightweb.dev\\\/l\\\/svm-temp\\\/artiklar\\\/sommarmode-2008-korta-shorts-monster-och-blommigt\\\/#breadcrumb\"},\"inLanguage\":\"sv-SE\",\"potentialAction\":[{\"@type\":\"ReadAction\",\"target\":[\"https:\\\/\\\/lightweb.dev\\\/l\\\/svm-temp\\\/artiklar\\\/sommarmode-2008-korta-shorts-monster-och-blommigt\\\/\"]}]},{\"@type\":\"ImageObject\",\"inLanguage\":\"sv-SE\",\"@id\":\"https:\\\/\\\/lightweb.dev\\\/l\\\/svm-temp\\\/artiklar\\\/sommarmode-2008-korta-shorts-monster-och-blommigt\\\/#primaryimage\",\"url\":\"https:\\\/\\\/lightweb.dev\\\/l\\\/svm-temp\\\/wp-content\\\/uploads\\\/2022\\\/04\\\/sommarmode-2008-korta-shorts-mnster-och-blommigt.png\",\"contentUrl\":\"https:\\\/\\\/lightweb.dev\\\/l\\\/svm-temp\\\/wp-content\\\/uploads\\\/2022\\\/04\\\/sommarmode-2008-korta-shorts-mnster-och-blommigt.png\",\"width\":280,\"height\":420},{\"@type\":\"BreadcrumbList\",\"@id\":\"https:\\\/\\\/lightweb.dev\\\/l\\\/svm-temp\\\/artiklar\\\/sommarmode-2008-korta-shorts-monster-och-blommigt\\\/#breadcrumb\",\"itemListElement\":[{\"@type\":\"ListItem\",\"position\":1,\"name\":\"Hem\",\"item\":\"https:\\\/\\\/lightweb.dev\\\/l\\\/svm-temp\\\/\"},{\"@type\":\"ListItem\",\"position\":2,\"name\":\"Sommarmode 2008: Korta shorts, m\u00f6nster och blommigt\"}]},{\"@type\":\"WebSite\",\"@id\":\"https:\\\/\\\/lightweb.dev\\\/l\\\/svm-temp\\\/#website\",\"url\":\"https:\\\/\\\/lightweb.dev\\\/l\\\/svm-temp\\\/\",\"name\":\"Svenska Magasinet\",\"description\":\"Dina Spanska nyheter p&aring; Svenska\",\"publisher\":{\"@id\":\"https:\\\/\\\/lightweb.dev\\\/l\\\/svm-temp\\\/#organization\"},\"potentialAction\":[{\"@type\":\"SearchAction\",\"target\":{\"@type\":\"EntryPoint\",\"urlTemplate\":\"https:\\\/\\\/lightweb.dev\\\/l\\\/svm-temp\\\/?s={search_term_string}\"},\"query-input\":{\"@type\":\"PropertyValueSpecification\",\"valueRequired\":true,\"valueName\":\"search_term_string\"}}],\"inLanguage\":\"sv-SE\"},{\"@type\":\"Organization\",\"@id\":\"https:\\\/\\\/lightweb.dev\\\/l\\\/svm-temp\\\/#organization\",\"name\":\"Melkerson y Nott SL\",\"alternateName\":\"Svenska Magasinet\",\"url\":\"https:\\\/\\\/lightweb.dev\\\/l\\\/svm-temp\\\/\",\"logo\":{\"@type\":\"ImageObject\",\"inLanguage\":\"sv-SE\",\"@id\":\"https:\\\/\\\/lightweb.dev\\\/l\\\/svm-temp\\\/#\\\/schema\\\/logo\\\/image\\\/\",\"url\":\"https:\\\/\\\/lightweb.dev\\\/l\\\/svm-temp\\\/wp-content\\\/uploads\\\/2025\\\/02\\\/SvM-logo-Xtra-Centrerad-SVART.png\",\"contentUrl\":\"https:\\\/\\\/lightweb.dev\\\/l\\\/svm-temp\\\/wp-content\\\/uploads\\\/2025\\\/02\\\/SvM-logo-Xtra-Centrerad-SVART.png\",\"width\":300,\"height\":99,\"caption\":\"Melkerson y Nott SL\"},\"image\":{\"@id\":\"https:\\\/\\\/lightweb.dev\\\/l\\\/svm-temp\\\/#\\\/schema\\\/logo\\\/image\\\/\"},\"sameAs\":[\"https:\\\/\\\/www.facebook.com\\\/svenskamagasinet\",\"https:\\\/\\\/x.com\\\/SvenskaMagasine\"]},{\"@type\":\"Person\",\"@id\":\"https:\\\/\\\/lightweb.dev\\\/l\\\/svm-temp\\\/#\\\/schema\\\/person\\\/206a3bda5b607b0c25e1749191e4d837\",\"name\":\"Redaktionen SvM\",\"description\":\"Redaktionen\",\"sameAs\":[\"https:\\\/\\\/lightweb.dev\\\/l\\\/svm-temp\"],\"url\":\"https:\\\/\\\/lightweb.dev\\\/l\\\/svm-temp\\\/reporter\\\/redaktionen\\\/\"}]}<\/script>\n<!-- \/ Yoast SEO Premium plugin. -->","yoast_head_json":{"title":"Sommarmode 2008: Korta shorts, m\u00f6nster och blommigt - Svenska Magasinet","robots":{"index":"noindex","follow":"follow","max-snippet":"max-snippet:-1","max-image-preview":"max-image-preview:large","max-video-preview":"max-video-preview:-1"},"og_locale":"sv_SE","og_type":"article","og_title":"Sommarmode 2008: Korta shorts, m\u00f6nster och blommigt","og_description":"Med f\u00f6rsommar och sommar \u00e4ndrar modet sin karakt\u00e4r. Hur ser det ut inf\u00f6r sommaren 2008? Av Petra Sundqvist P\u00e5 damsidan kommer det vara mycket m\u00f6nstrat, fr\u00e5n m\u00f6rka till ljusa m\u00f6nster i olika former. Framf\u00f6rallt \u00e4r det tjocka m\u00f6nster med inslag av ljusa bakgrundsf\u00e4rger som orange, gult och rosa. Framf\u00f6rallt s\u00e5 ska f\u00e4rgerna vara ljusa i [&hellip;]","og_url":"https:\/\/lightweb.dev\/l\/svm-temp\/artiklar\/sommarmode-2008-korta-shorts-monster-och-blommigt\/","og_site_name":"Svenska Magasinet","article_publisher":"https:\/\/www.facebook.com\/svenskamagasinet","article_published_time":"2008-06-01T22:00:00+00:00","og_image":[{"width":280,"height":420,"url":"https:\/\/lightweb.dev\/l\/svm-temp\/wp-content\/uploads\/2022\/04\/sommarmode-2008-korta-shorts-mnster-och-blommigt.png","type":"image\/png"}],"author":"Redaktionen SvM","twitter_card":"summary_large_image","twitter_creator":"@SvenskaMagasine","twitter_site":"@SvenskaMagasine","schema":{"@context":"https:\/\/schema.org","@graph":[{"@type":"Article","@id":"https:\/\/lightweb.dev\/l\/svm-temp\/artiklar\/sommarmode-2008-korta-shorts-monster-och-blommigt\/#article","isPartOf":{"@id":"https:\/\/lightweb.dev\/l\/svm-temp\/artiklar\/sommarmode-2008-korta-shorts-monster-och-blommigt\/"},"author":{"name":"Redaktionen SvM","@id":"https:\/\/lightweb.dev\/l\/svm-temp\/#\/schema\/person\/206a3bda5b607b0c25e1749191e4d837"},"headline":"Sommarmode 2008: Korta shorts, m\u00f6nster och blommigt","datePublished":"2008-06-01T22:00:00+00:00","mainEntityOfPage":{"@id":"https:\/\/lightweb.dev\/l\/svm-temp\/artiklar\/sommarmode-2008-korta-shorts-monster-och-blommigt\/"},"wordCount":448,"commentCount":0,"publisher":{"@id":"https:\/\/lightweb.dev\/l\/svm-temp\/#organization"},"image":{"@id":"https:\/\/lightweb.dev\/l\/svm-temp\/artiklar\/sommarmode-2008-korta-shorts-monster-och-blommigt\/#primaryimage"},"thumbnailUrl":"https:\/\/lightweb.dev\/l\/svm-temp\/wp-content\/uploads\/2022\/04\/sommarmode-2008-korta-shorts-mnster-och-blommigt.png","articleSection":["Arkiv","Artiklar"],"inLanguage":"sv-SE"},{"@type":"WebPage","@id":"https:\/\/lightweb.dev\/l\/svm-temp\/artiklar\/sommarmode-2008-korta-shorts-monster-och-blommigt\/","url":"https:\/\/lightweb.dev\/l\/svm-temp\/artiklar\/sommarmode-2008-korta-shorts-monster-och-blommigt\/","name":"Sommarmode 2008: Korta shorts, m\u00f6nster och blommigt - Svenska Magasinet","isPartOf":{"@id":"https:\/\/lightweb.dev\/l\/svm-temp\/#website"},"primaryImageOfPage":{"@id":"https:\/\/lightweb.dev\/l\/svm-temp\/artiklar\/sommarmode-2008-korta-shorts-monster-och-blommigt\/#primaryimage"},"image":{"@id":"https:\/\/lightweb.dev\/l\/svm-temp\/artiklar\/sommarmode-2008-korta-shorts-monster-och-blommigt\/#primaryimage"},"thumbnailUrl":"https:\/\/lightweb.dev\/l\/svm-temp\/wp-content\/uploads\/2022\/04\/sommarmode-2008-korta-shorts-mnster-och-blommigt.png","datePublished":"2008-06-01T22:00:00+00:00","breadcrumb":{"@id":"https:\/\/lightweb.dev\/l\/svm-temp\/artiklar\/sommarmode-2008-korta-shorts-monster-och-blommigt\/#breadcrumb"},"inLanguage":"sv-SE","potentialAction":[{"@type":"ReadAction","target":["https:\/\/lightweb.dev\/l\/svm-temp\/artiklar\/sommarmode-2008-korta-shorts-monster-och-blommigt\/"]}]},{"@type":"ImageObject","inLanguage":"sv-SE","@id":"https:\/\/lightweb.dev\/l\/svm-temp\/artiklar\/sommarmode-2008-korta-shorts-monster-och-blommigt\/#primaryimage","url":"https:\/\/lightweb.dev\/l\/svm-temp\/wp-content\/uploads\/2022\/04\/sommarmode-2008-korta-shorts-mnster-och-blommigt.png","contentUrl":"https:\/\/lightweb.dev\/l\/svm-temp\/wp-content\/uploads\/2022\/04\/sommarmode-2008-korta-shorts-mnster-och-blommigt.png","width":280,"height":420},{"@type":"BreadcrumbList","@id":"https:\/\/lightweb.dev\/l\/svm-temp\/artiklar\/sommarmode-2008-korta-shorts-monster-och-blommigt\/#breadcrumb","itemListElement":[{"@type":"ListItem","position":1,"name":"Hem","item":"https:\/\/lightweb.dev\/l\/svm-temp\/"},{"@type":"ListItem","position":2,"name":"Sommarmode 2008: Korta shorts, m\u00f6nster och blommigt"}]},{"@type":"WebSite","@id":"https:\/\/lightweb.dev\/l\/svm-temp\/#website","url":"https:\/\/lightweb.dev\/l\/svm-temp\/","name":"Svenska Magasinet","description":"Dina Spanska nyheter p&aring; Svenska","publisher":{"@id":"https:\/\/lightweb.dev\/l\/svm-temp\/#organization"},"potentialAction":[{"@type":"SearchAction","target":{"@type":"EntryPoint","urlTemplate":"https:\/\/lightweb.dev\/l\/svm-temp\/?s={search_term_string}"},"query-input":{"@type":"PropertyValueSpecification","valueRequired":true,"valueName":"search_term_string"}}],"inLanguage":"sv-SE"},{"@type":"Organization","@id":"https:\/\/lightweb.dev\/l\/svm-temp\/#organization","name":"Melkerson y Nott SL","alternateName":"Svenska Magasinet","url":"https:\/\/lightweb.dev\/l\/svm-temp\/","logo":{"@type":"ImageObject","inLanguage":"sv-SE","@id":"https:\/\/lightweb.dev\/l\/svm-temp\/#\/schema\/logo\/image\/","url":"https:\/\/lightweb.dev\/l\/svm-temp\/wp-content\/uploads\/2025\/02\/SvM-logo-Xtra-Centrerad-SVART.png","contentUrl":"https:\/\/lightweb.dev\/l\/svm-temp\/wp-content\/uploads\/2025\/02\/SvM-logo-Xtra-Centrerad-SVART.png","width":300,"height":99,"caption":"Melkerson y Nott SL"},"image":{"@id":"https:\/\/lightweb.dev\/l\/svm-temp\/#\/schema\/logo\/image\/"},"sameAs":["https:\/\/www.facebook.com\/svenskamagasinet","https:\/\/x.com\/SvenskaMagasine"]},{"@type":"Person","@id":"https:\/\/lightweb.dev\/l\/svm-temp\/#\/schema\/person\/206a3bda5b607b0c25e1749191e4d837","name":"Redaktionen SvM","description":"Redaktionen","sameAs":["https:\/\/lightweb.dev\/l\/svm-temp"],"url":"https:\/\/lightweb.dev\/l\/svm-temp\/reporter\/redaktionen\/"}]}},"_links":{"self":[{"href":"https:\/\/lightweb.dev\/l\/svm-temp\/wp-json\/wp\/v2\/posts\/2670","targetHints":{"allow":["GET"]}}],"collection":[{"href":"https:\/\/lightweb.dev\/l\/svm-temp\/wp-json\/wp\/v2\/posts"}],"about":[{"href":"https:\/\/lightweb.dev\/l\/svm-temp\/wp-json\/wp\/v2\/types\/post"}],"author":[{"embeddable":true,"href":"https:\/\/lightweb.dev\/l\/svm-temp\/wp-json\/wp\/v2\/users\/8"}],"replies":[{"embeddable":true,"href":"https:\/\/lightweb.dev\/l\/svm-temp\/wp-json\/wp\/v2\/comments?post=2670"}],"version-history":[{"count":0,"href":"https:\/\/lightweb.dev\/l\/svm-temp\/wp-json\/wp\/v2\/posts\/2670\/revisions"}],"wp:featuredmedia":[{"embeddable":true,"href":"https:\/\/lightweb.dev\/l\/svm-temp\/wp-json\/wp\/v2\/media\/2671"}],"wp:attachment":[{"href":"https:\/\/lightweb.dev\/l\/svm-temp\/wp-json\/wp\/v2\/media?parent=2670"}],"wp:term":[{"taxonomy":"category","embeddable":true,"href":"https:\/\/lightweb.dev\/l\/svm-temp\/wp-json\/wp\/v2\/categories?post=2670"},{"taxonomy":"post_tag","embeddable":true,"href":"https:\/\/lightweb.dev\/l\/svm-temp\/wp-json\/wp\/v2\/tags?post=2670"}],"curies":[{"name":"wp","href":"https:\/\/api.w.org\/{rel}","templated":true}]}}